{"id":1740,"date":"2021-06-02T14:01:40","date_gmt":"2021-06-02T14:01:40","guid":{"rendered":"https:\/\/super-news.info\/de\/news-heute-izchak-herzog-zum-neuen-praesidenten-israels-gewaehlt\/"},"modified":"2021-06-02T14:01:41","modified_gmt":"2021-06-02T14:01:41","slug":"news-heute-izchak-herzog-zum-neuen-praesidenten-israels-gewaehlt","status":"publish","type":"post","link":"https:\/\/super-news.info\/de\/news-heute-izchak-herzog-zum-neuen-praesidenten-israels-gewaehlt\/","title":{"rendered":"News heute: Izchak Herzog zum neuen Pr\u00e4sidenten Israels gew\u00e4hlt"},"content":{"rendered":"<p> Die News von heute im stern-Ticker.<\/p>\n<p> Die Nachrichten zur Coronavirus-Pandemie lesen Sie hier                                <\/p>\n<p> Die News von heute im stern-Ticker:\u00a0<br \/>\n 15.47 Uhr:\u00a0Wer zahlt wie viel Steuern? Neue EU-Regeln f\u00fcr Unternehmen ab 2023<\/p>\n<p> Es soll wirken wie eine Art Pranger: Gro\u00dfe Konzerne in der Europ\u00e4ischen Union m\u00fcssen voraussichtlich ab 2023 \u00f6ffentlich machen, wie viel Steuern sie in jedem Staat zahlen. Von diesen neuen Regeln, auf die sich Vertreter der EU-Institutionen jetzt nach f\u00fcnf Jahren Streit geeinigt haben, erhoffen sich Bef\u00fcrworter einen echten Fortschritt gegen gewitzte Steuersparmodelle mancher Firmen. Aber wie viel dieses \u00f6ffentliche &#8222;Country-by-Country-Reporting&#8220; wirklich bringt, ist umstritten. Wirtschaftsvertreter sind ohnehin entsetzt.                <\/p>\n<p> 15.35 Uhr:\u00a0Einigung auf Bundespolizeigesetz: Abschiebung und bessere R\u00e4ume<\/p>\n<p> Die Bundespolizei soll sich bei vollziehbar ausreisepflichtigen Ausl\u00e4ndern in Zukunft k\u00fcnftig selbst um eine m\u00f6gliche Abschiebung k\u00fcmmern. Vorausgesetzt der Betroffene wird im Aufgabenbereich der Bundespolizei &#8211; also zum Beispiel im Grenzbereich oder an einem Bahnhof &#8211; angetroffen. Und noch eine weitere Voraussetzung sieht der ge\u00e4nderte Entwurf f\u00fcr das neue Bundespolizeigesetz vor, auf das sich Union und SPD jetzt verst\u00e4ndigt haben: die lokale Ausl\u00e4nderbeh\u00f6rde muss mit der Abschiebung einverstanden sein.                <\/p>\n<p> Nach Angaben aus Koalitionskreisen sieht der Entwurf, \u00fcber den der Bundestag am Donnerstag kommender Woche abschlie\u00dfend beraten und abstimmen will, zwar auch neue Befugnisse der Bundespolizisten zur \u00dcberwachung verschl\u00fcsselter Kommunikation mutma\u00dflicher Schleuser und Menschenh\u00e4ndler vor. Diese bleiben aber hinter dem zur\u00fcck, was sich CDU und CSU an diesem Punkt gew\u00fcnscht h\u00e4tten. SPD-Fraktionsvize Dirk Wiese sagte der Deutschen Presse-Agentur: &#8222;Die Bundespolizei bekommt bei der Quellen-Telekommunikations\u00fcberwachung die gleichen Befugnisse wie das Bundeskriminalamt.&#8220; Eine Online-Durchsuchung von Handys mit Zugriff auf gespeicherte Daten werde es aber nicht geben.<br \/>\n 15.02 Uhr: L\u00fcbcke-Untersuchungsausschuss will Abschlussbericht im Juli 2023 vorstellen<\/p>\n<p> Zwei Jahre nach dem Mord am Kasseler Regierungspr\u00e4sidenten Walter L\u00fcbcke hat der Untersuchungsausschuss im hessischen Landtag seinen weiteren Zeitplan festgelegt. Die Abgeordneten einigten sich am Jahrestag des Mordes in einer internen Sitzung\u00a0darauf, bis M\u00e4rz 2023 noch 44 Zeugen und zwei weitere Sachverst\u00e4ndige anzuh\u00f6ren, wie der Landtag mitteilte.\u00a0Der Abschlussbericht soll demnach im Juli 2023 vorgestellt werden. Im April 2023 k\u00f6nnte der Ausschuss laut Planung mit der Arbeit am Abschlussbericht beginnen, im Herbst 2023 endet inHhessen die Legislaturperiode. Auf Wunsch des Ausschusses wird der Beweisantrag von CDU, Gr\u00fcnen, SPD und FDP nicht ver\u00f6ffentlicht, um weniger prominente Zeugen auf der Liste zu sch\u00fctzen.<br \/>\n 15.02 Uhr: Neuer Werteunion-Chef nennt ihm vorgeworfene AfD-N\u00e4he &#8222;Quatsch&#8220;<\/p>\n<p> Der neue Chef der konservativen Werteunion, Max Otte, hat den Vorwurf der N\u00e4he zur AfD zur\u00fcckgewiesen. &#8222;AfD-treu ist Quatsch&#8220;, sagte Otte\u00a0im Deutschlandfunk. &#8222;Ich bin seit 30 Jahren CDU-Mitglied, habe nie an einen Parteiaustritt gedacht.&#8220; Er sei &#8222;bombenfest CDU-Mitglied&#8220;. Er halte die Abgrenzungen zu anderen Parteien f\u00fcr falsch. &#8222;Es geht um Positionen&#8220;, sagte er.\u00a0                <\/p>\n<p> Otte war am vergangenen Samstag zum Nachfolger von Alexander Mitsch als Chef der Werteunion gew\u00e4hlt worden. Mitsch war nicht mehr angetreten. Der \u00d6konom hatte in der Vergangenheit selbst \u00f6ffentlich \u00fcber seine N\u00e4he zur AfD gesprochen. 2017 sagte er der &#8222;Wirtschaftswoche&#8220;, dass er bei der Bundestagswahl die AfD w\u00e4hle. Von 2018 bis Anfang 2021 war er Vorsitzender des Kuratoriums der AfD-nahen Desiderius-Erasmus-Stiftung.<br \/>\n 13.22 Uhr: 15 Leichtverletzte bei Brand in Gef\u00e4ngnis in Kempten<\/p>\n<p> Bei einem Feuer im Gef\u00e4ngnis in Kempten sind etwa 15 Menschen leicht verletzt worden. Nach Angaben der Polizei haben H\u00e4ftlinge und Justizbesch\u00e4ftigte der Anstalt im Allg\u00e4u \u00fcberwiegend Rauchvergiftungen erlitten. Drei Menschen seien ins Krankenhaus gebracht worden. Der Brand war am Morgen in einer Zelle ausgebrochen, die Ursache f\u00fcr das Feuer war zun\u00e4chst unklar. Etwa 100 Einsatzkr\u00e4fte waren vor Ort. Die Insassen aus dem betroffenen Trakt wurden in andere Teile der Justizvollzugsanstalt verlegt.<br \/>\n 13.12 Uhr: Postdiebe sollen zehntausende Euro ergaunert haben<\/p>\n<p> In D\u00fcsseldorf sind der Polizei zwei mutma\u00dfliche Postdiebe ins Netz gegangen. Die 31 und 32 Jahre alten Tatverd\u00e4chtigen sollen per Brief versandte Bankkarten und dazugeh\u00f6rige Geheimnummern abgefangen haben und die gestohlenen Karten benutzt haben, wie die Polizei in der nordrhein-westf\u00e4lischen Hauptstadt erkl\u00e4rte. Auf diese Weise sollen sie einen Schaden von etwa 45.000 Euro verursacht haben. Bereits seit M\u00e4rz sei es vor allem in den D\u00fcsseldorfer Bezirken Oberkassel und Niederkassel zu einer Serie von Verlusten bei per Post verschickten Bankkarten gekommen. In der vergangenen Woche seien die Tatverd\u00e4chtigen schlie\u00dflich nach vorheriger Observation in Zusammenarbeit mit dem Postermittlungsdienst auf frischer Tat ertappt worden, als sie Postsendungen stehlen wollten. Sie wurden einem Haftrichter vorgef\u00fchrt und kamen in Untersuchungshaft.<br \/>\n 13.03 Uhr: EU-Kommission setzt Defizit- und Schuldenregeln auch f\u00fcr 2022 aus<\/p>\n<p> Angesichts der wirtschaftlichen Folgen der Corona-Krise setzt die EU-Kommission auch im kommenden Jahr die\u00a0Defizit- und Schuldenregeln f\u00fcr die Mitgliedstaaten aus. Die Beh\u00f6rde habe aufgrund ihrer j\u00fcngsten Konjunkturprognose entschieden, eine entsprechende Ausnahmeregelung auch 2022 anzuwenden, teilte die Kommission am Mittwoch mit. Ab 2023 w\u00fcrden die\u00a0Defizit- und Schuldenregeln dann voraussichtlich wieder eingef\u00fchrt.<br \/>\n 11.49 Uhr: Izchak\u00a0Herzog zum neuen Pr\u00e4sident Israels gew\u00e4hlt<\/p>\n<p> Inmitten einer politischen Umbruchsituation hat Israels Parlament den fr\u00fcheren Oppositionsf\u00fchrer Izchak Herzog zum Staatspr\u00e4sidenten gew\u00e4hlt. Der 60-J\u00e4hrige gewann mit 87 zu 26 Stimmen gegen die 67 Jahre alte Lehrerin und Aktivistin Miriam Peretz. Herzog \u00fcbernimmt am 9. Juli das Amt des bisherigen Pr\u00e4sidenten Reuven Rivlin. Die Wahl geschah kurz vor einer erwarteten Abl\u00f6sung des langj\u00e4hrigen rechtskonservativen Ministerpr\u00e4sidenten Benjamin Netanjahu. Herzog f\u00fchrte seit 2013 die Arbeitspartei. Sein Vater Chaim Herzog war bereits Israels Staatspr\u00e4sident. 2018 wurde er Vorsitzender der Hilfsorganisation Jewish Agency, die unter anderem f\u00fcr die Einwanderung nach\u00a0Israel\u00a0zust\u00e4ndig ist. Der Pr\u00e4sident hat in\u00a0Israel\u00a0eine vor allem repr\u00e4sentative Funktion.<br \/>\n 11.30\u00a0Uhr: Kabinett verabschiedet Pflegereform &#8211; Spahn: &#8222;Pflegekr\u00e4fte werden Jahr um Jahr mehr verdienen&#8220;<\/p>\n<p> Pflegekr\u00e4fte sollen nach langem Streit um bessere L\u00f6hne und Arbeitsbedingungen k\u00fcnftig generell nach Tarif bezahlt werden m\u00fcssen. Das sehen Gesetzespl\u00e4ne von Bundesgesundheitsminister Jens\u00a0Spahn\u00a0(CDU)\u00a0vor, die das Kabinett in Berlin auf den Weg gebracht hat. Spahn erl\u00e4uterte den Beschluss w\u00e4hrend einer Pressekonferenz in seinem Ministerium in Berlin. Dabei machte der Minister deutlich, dass er die Pflegenden derzeit &#8222;am l\u00e4ngeren Hebel&#8220; sehe, da der Bedarf steige. &#8222;Pflegekr\u00e4fte werden Jahr um Jahr mehr verdienen&#8220;, sagte Spahn, so sei derzeit der Markt und das neue Gesetz unterst\u00fctze diese Entwicklung.                <\/p>\n<p> Greifen soll dies ab September 2022. Zugleich sollen Pflegebed\u00fcrftige von immer weiter steigenden Zuzahlungen f\u00fcr die Pflege im Heim entlastet werden. Daf\u00fcr sollen sie ab Januar 2022 Zuschl\u00e4ge bekommen, die den Eigenanteil f\u00fcr die reine Pflege senken. Zur Gegenfinanzierung soll der Bund ab 2022 einen Zuschuss von j\u00e4hrlich einer Milliarde Euro f\u00fcr die Pflegeversicherung geben. Zugleich soll der Zuschlag f\u00fcr Kinderlose beim Pflegebeitrag um 0,1\u00a0Punkte auf k\u00fcnftig 0,35 Prozentpunkte angehoben werden. Damit steigt der Beitrag f\u00fcr sie von 3,3 auf 3,4 Prozent des Bruttolohns. Die Reform soll voraussichtlich noch im Juni vom Bundestag beschlossen werden.                <\/p>\n<p> Bei den Entlastungs-Zuschl\u00e4gen f\u00fcr Pflegebed\u00fcrftige gab es noch \u00c4nderungen. Der Eigenanteil f\u00fcr die reine Pflege soll damit nun schon im ersten Jahr im Heim um 5 Prozent sinken &#8211; im zweiten Jahr dann um 25 Prozent, im dritten Jahr um 45 Prozent und ab dem vierten Jahr um 70 Prozent. Zun\u00e4chst war die Entlastung ab dem zweiten Jahr geplant.<br \/>\n 10.58\u00a0Uhr: Deutsche mehrheitlich f\u00fcr einheitliche Feiertage<\/p>\n<p> Drei Viertel der deutschen Bev\u00f6lkerung sind laut einer aktuellen Umfrage daf\u00fcr, dass alle Bundesl\u00e4nder die gleiche Anzahl an Feiertagen haben. 78 Prozent der Befragten einer Yougov-Umfrage bef\u00fcrworteten dies, w\u00e4hrend 11 Prozent dies ablehnten. Das teilte das Meinungsforschungsinstitut mit. Die Zahl der gesetzlichen Feiertage liegt derzeit je nach Land und Region zwischen 10 und 12, Gemeinden in Bayern mit \u00fcberwiegend katholischer Bev\u00f6lkerung kommen sogar auf 13 Feiertage, die Menschen im Stadtgebiet Augsburg auf 14. Wie sich die Zahl angleichen k\u00f6nnte, darauf gibt die Umfrage keine klare Antwort. 27 Prozent der Deutschen m\u00f6chten demnach keinen Feiertag missen, auch wenn einer oder mehrere Feiertage ersetzt werden sollten, um zum Beispiel stattdessen einen anderen einzuf\u00fchren. 24 Prozent k\u00f6nnten am ehesten auf den Tag der Arbeit (1. Mai) verzichten. Am dritth\u00e4ufigsten wurde der Tag der Deutschen Einheit genannt (23 Prozent), gefolgt von Christi Himmelfahrt (19 Prozent). Mehrfachnennungen waren dabei m\u00f6glich.<br \/>\n 9.59 Uhr: Passanten finden Neugeborenes auf einer Wiese<\/p>\n<p> In Langenzenn im Landkreis F\u00fcrth haben Passanten am fr\u00fchen Vormittag auf einer Wiese ein neugeborenes Kind entdeckt. Der Zustand des Kindes sei &#8222;kritisch&#8220;, teilte das Polizeipr\u00e4sidium Mittelfranken in\u00a0N\u00fcrnberg\u00a0mit. Etwa eine Stunde nach dem Fund des Neugeborenen konnte die Polizei auch die Mutter des Kinds ermitteln und in ihrer Wohnung antreffen. Die Hintergr\u00fcnde f\u00fcr das Aussetzen des Babys seien noch v\u00f6llig unklar. Auch die Mutter kam vorsorglich ins Krankenhaus.<br \/>\n 9.36 Uhr:\u00a0Iran: Gro\u00dfes Marine-Schiff nach Brand im Golf gesunken<\/p>\n<p> Ein Schiff der iranischen Marine ist nach einem Brandvorfall im Persischen Golf gesunken. Das gab die iranische Marine laut Nachrichtenagentur Isna bekannt. Alle Ma\u00dfnahmen, um das Schiff &#8222;Chart&#8220; zu retten, seien in den vergangenen 20 Stunden gescheitert. Die genaue Ursache wird nach Angaben von Isna noch untersucht. Die &#8222;Chart&#8220; war eines der gr\u00f6\u00dften Marine-Schiffe des Landes und seit \u00fcber 40 Jahren im Einsatz.<br \/>\n 9.33 Uhr:\u00a0Giftgasaustritt:\u00a0Chemieunfall an \u00f6sterreichisch-bayerischer Grenze<\/p>\n<p> Nach einem Chemieunfall in einer \u00f6sterreichischen Fabrik an der Grenze zu Bayern wird ein Todesopfer bef\u00fcrchtet. Der Arbeiter konnte noch nicht geborgen werden, wie eine Sprecherin des Zellstoffwerkes Austrocel Hallein der Deutschen Presse-Agentur sagte. Nach dem Austritt von Schwefeldioxid in den Morgenstunden wurden Anwohner in Hallein aufgerufen, in Innenr\u00e4umen zu bleiben sowie Fenster und T\u00fcren zu schlie\u00dfen. Bis zum Vormittag wurde die Warnung jedoch wieder aufgehoben.<br \/>\n 9.00 Uhr:\u00a0Weltgr\u00f6\u00dfter Fleischkonzern JBS: Erholen uns von Cyberattacke<\/p>\n<p> Der von einem Cyberangriff getroffene weltgr\u00f6\u00dfte Fleischkonzern JBS meldet Fortschritte beim Hochfahren der gestoppten Werke in den USA, Australien und Kanada. &#8222;Unsere Systeme gehen wieder online&#8220;, betonte der Chef des US-Gesch\u00e4fts, Andre Nogueira, in der Nacht. In Kanada sei die Rindfleisch-Produktion bereits wieder in Betrieb, ein Gro\u00dfteil der Fabriken soll im Laufe des Tages wieder anfahren.                <\/p>\n<p> Wegen des Hacker-Angriffs mussten f\u00fcnf der gr\u00f6\u00dften Fleischfabriken in den USA vorerst stillgelegt werden, wie US-Medien unter Berufung auf Gewerkschaften und Mitarbeiter berichteten. Vom brasilianischen Konzern selbst gibt es nur wenige Details zu dem Cyberangriff. Eine Sprecherin des Wei\u00dfen Hauses sagte aber, JBS habe die US-Regierung \u00fcber eine Attacke mit Erpressungssoftware informiert, als Urheber werde eine kriminelle Gruppe aus Russland vermutet.                <\/p>\n<p> 8.55 Uhr:\u00a0Netanjahu-Gegner verhandeln unter Hochdruck f\u00fcr Regierungsbildung<\/p>\n<p> Die Gegner von Israels Ministerpr\u00e4sident Benjamin Netanjahu bem\u00fchen sich Stunden vor Ablauf einer Frist weiter um die Bildung einer Regierung. Jair Lapids Zukunftspartei und das Mitte-B\u00fcndnis Blau-Wei\u00df von Benny Gantz h\u00e4tten in der Nacht Koalitionsverhandlungen erfolgreich abgeschlossen, teilten beide Parteien am Morgen mit.                <\/p>\n<p> Lapid hat noch bis 23 Uhr deutscher Zeit die M\u00f6glichkeit, eine Regierung zu bilden. Daf\u00fcr bem\u00fcht er sich um eine Koalition mit bis zu acht Parteien, die inhaltlich weit auseinander liegen. Lapid und der Vorsitzende der ultrarechten Jamina-Partei, Naftali Bennett, hatten sich den Angaben zufolge auf eine Rotation im Amt des Regierungschefs geeinigt. Ex-Verteidigungsminister Bennett solle als erster f\u00fcr zwei Jahre Ministerpr\u00e4sident werden, Lapid solle ihn anschlie\u00dfend abl\u00f6sen.<br \/>\n 8.45 Uhr:\u00a0Franz\u00f6sische Waffenexporte im Jahr 2020 um knapp 41 Prozent zur\u00fcckgegangen<\/p>\n<p> In Frankreich sind die R\u00fcstungsexporte im vergangenen Jahr um knapp 41 Prozent zur\u00fcckgegangen. Der Auftragseingang habe im gesamten Jahr 2020 bei 4,9 Milliarden Euro gelegen, hei\u00dft es im Jahresbericht des Verteidigungsministeriums. Im Vorjahr hatte Frankreich R\u00fcstungsg\u00fcter im Wert von 8,3 Milliarden Euro ausgef\u00fchrt. Die wichtigsten Empf\u00e4ngerstaaten waren im vergangenen Jahr Saudi-Arabien, die USA und Marokko.\u00a0<br \/>\n 8.30 Uhr:\u00a0Spahn nennt Pflegereform &#8222;sauber ausfinanziert f\u00fcr die n\u00e4chsten Jahre&#8220;<\/p>\n<p> Bundesgesundheitsminister Jens Spahn (CDU) hat Kritik an der Finanzierung der heute im Bundeskabinett zur Beratung stehenden Pflegereform zur\u00fcckgewiesen. &#8222;Wir haben diese Reform dieses Pflegepakets sauber ausfinanziert f\u00fcr die n\u00e4chsten Jahre&#8220;, sagte Spahn im ZDF-&#8222;Morgenmagazin&#8220;. Dabei flie\u00dfe erstmals auch Steuergeld mit in die Finanzierung. Gleichzeitig f\u00fchre die Reform dazu, dass die Pflegekr\u00e4fte besser bezahlt werden k\u00f6nnen. Gerde im Osten Deutschland werde dies einen Unterschied machen, sagte der Minister.\u00a0                <\/p>\n<p> Spahn verteidigte dabei, dass der Gesetzentwurf f\u00fcr Kinderlose eine h\u00f6here finanzielle Beteiligung vorsieht. Ihm sei bewusst, dass dies ein sehr emotionales Thema sei. Dennoch sei dies das richtige Vorgehen. &#8222;Wer keine Kinder gro\u00df zieht, hat jedenfalls finanziell weniger Belastung als jemand, der Kinder gro\u00df zieht&#8220;, sagte er.                <\/p>\n<p> 8.10 Uhr:\u00a0Afrikanische Union setzt Mitgliedschaft Malis nach zweitem Putsch aus<\/p>\n<p> Die Afrikanische Union (AU) hat die Mitgliedschaft Malis nach dem zweiten Putsch binnen eines Jahres ausgesetzt. Mali sei &#8222;von der Teilnahme an allen Aktivit\u00e4ten der Afrikanischen Union, ihrer Organe und Institutionen suspendiert, bis die normale verfassungsm\u00e4\u00dfige Ordnung wiederhergestellt ist&#8220;, teilte der Friedens- und Sicherheitsrat der AU am Dienstagabend mit. Am Sonntag hatte bereits die Westafrikanische Wirtschaftsgemeinschaft (Ecowas) Mali vorl\u00e4ufig ausgeschlossen.\u00a0<br \/>\n 7.50\u00a0Uhr: Ex-Siemens-Chef Kaeser macht sich f\u00fcr Baerbock stark<\/p>\n<p> Ex-Siemens-Vorstandschef Joe Kaeser hat die Gr\u00fcnen-Kanzlerkandidatin Annalena Baerbock gelobt und h\u00e4lt sie f\u00fcr f\u00e4hig, eine Bundesregierung anzuf\u00fchren. &#8222;Die gr\u00f6\u00dfte Glaubw\u00fcrdigkeit f\u00fcr eine nachhaltige und langfristige Erneuerung hat sicherlich Annalena Baerbock&#8220;, sagte Kaeser der &#8222;S\u00fcddeutschen Zeitung&#8220;. &#8222;Was ihre Auffassungsgabe und Interesse betrifft, erinnert sie mich sehr an unsere heutige Bundeskanzlerin&#8220;, f\u00fcgte Kaeser hinzu. Er habe Baerbock kennengelernt als eine Person, die auf die Wirtschaft zugehe, zuh\u00f6re und sich &#8222;unglaublich schnell&#8220; auch in traditionelle Industrie-Themen einarbeite und nach wirtschaftlichen und nachhaltigen L\u00f6sungen suche.                <\/p>\n<p> 7.26 Uhr:\u00a0Mindestens zehn tote Zivilisten nach zwei Explosionen in Kabul<\/p>\n<p> In der afghanischen Hauptstadt Kabul sind bei zwei separaten Anschl\u00e4gen auf Minibusse mindestens zehn Zivilisten get\u00f6tet worden. Mindestens zw\u00f6lf weitere seien verletzt worden, teilte ein Polizeisprecher mit. Die Explosionen ereigneten sich am sp\u00e4ten Dienstagabend\u00a0in kurzer Abfolge im Westen der Stadt. Es war zun\u00e4chst unklar, wieso die Minibusse Ziel eines Angriffs waren.<br \/>\n 7.02 Uhr:\u00a0Durch Brand besch\u00e4digtes Container-Schiff vor Sri Lanka droht unterzugehen<\/p>\n<p> Ein durch einen Brand vor der K\u00fcste Sri Lankas besch\u00e4digtes Containerschiff droht zu sinken. Das teilte die Marine des Inselstaats mit, nachdem Experten einer niederl\u00e4ndischen Spezialfirma versucht hatten, das Wrack weg von der K\u00fcste zu schleppen. Zuvor hatte ein Feuer an Bord 13 Tage lang gebrannt, bevor es am Dienstag gel\u00f6scht werden konnte.\u00a0<br \/>\n 6.50 Uhr:\u00a0Forsa-Umfrage: Union wieder vorn \u2013\u00a0SPD und FDP gleichauf<\/p>\n<p> Die Union liegt einer neuen Umfrage zufolge wieder vor den Gr\u00fcnen, die FDP hat zur SPD auf Rang drei aufgeschlossen. Im neuen RTL\/ntv-Trendbarometer gewinnen CDU\/CSU einen Prozentpunkt und k\u00f6nnten aktuell mit 25 Prozent rechnen, wie aus den\u00a0 Daten des Meinungsforschungsinstituts Forsa hervorgeht. Die Gr\u00fcnen verlieren hingegen im Vergleich zur Vorwoche einen Punkt und liegen bei 24 Prozent. Die FDP gewinnt einen Punkt und ist nun gleichauf mit der SPD mit jeweils 14 Prozent. Die AfD b\u00fc\u00dft einen Prozentpunkt auf 9 Prozent ein. Die Linke w\u00fcrde 6 Prozent erreichen, wenn am Sonntag Bundestagswahl w\u00e4re.      <\/p>\n<p> WDR-Europaforum<\/p>\n<p> Scholz, Laschet und Baerbock treffen im TV aufeinander: Wer ist der gr\u00f6\u00dfte Klimasch\u00fctzer im ganzen Land? <\/p>\n<p> Video01:43<\/p>\n<p> 20.05.2021<\/p>\n<p> In der Kanzlerfrage liegt Gr\u00fcnen-Chefin Annalena Baerbock weiter vorn, ihr Vorsprung vor den Konkurrenten Armin Laschet und Olaf Scholz ist aber geschrumpft. Wenn die Deutschen ihre Kanzlerin oder ihren Kanzler direkt w\u00e4hlen k\u00f6nnten, w\u00fcrden sich derzeit 24 Prozent f\u00fcr Baerbock entscheiden &#8211; 8 Prozentpunkte weniger als vor f\u00fcnf Wochen, kurz nach ihrer Nominierung. CDU-Chef Laschet k\u00e4me aktuell auf 19 Prozent (plus ein Prozentpunkt), Vizekanzler Scholz von der SPD w\u00fcrde unver\u00e4ndert 14 Prozent erreichen. 43 Prozent der Befragten w\u00fcrden sich f\u00fcr keinen der drei entscheiden.<br \/>\n 5.16 Uhr:\u00a0Jahrhundert-Hochwasser in Brasilien: Amazonas-Fl\u00fcsse brechen Rekorde<\/p>\n<p> Die Fl\u00fcsse rund um die brasilianische Amazonas-Metropole Manaus haben nach starkem Regen Rekordst\u00e4nde erreicht und heftige \u00dcberschwemmungen verursacht. So wies der Rio Negro, der bei Manaus in den Amazonas m\u00fcndet, mit 29,98 Meter den h\u00f6chsten Wasserstand seit dem Jahr 1902 auf, wie das Nachrichtenportal &#8222;G1&#8220; am Dienstag\u00a0berichtete. Beim historischen Hochwasser von 2012 war der Fluss auf 29,97 Meter gestiegen. Die H\u00f6he f\u00fcr &#8222;ernsthafte \u00dcberschwemmung&#8220; liegt bei 29 Metern. Es wird erwartet, dass der Pegelstand weiter bis \u00fcber 30 Meter steigen d\u00fcrfte.<br \/>\n 4.55 Uhr:\u00a0Handelsstreit: China und USA nehmen erneut Kontakt auf<\/p>\n<p> Vor dem Hintergrund ihres andauernden Handelsstreits haben sich Chinas Vizepremier Liu He und die neue US-Finanzministerin Janet Yellen in einem Video-Gespr\u00e4ch ausgetauscht. Laut einer Erkl\u00e4rung des chinesischen Handelsministeriums wurden bei dem Gespr\u00e4ch &#8222;Fragen von beiderseitigem Interesse&#8220; diskutiert. Details dazu, wann beide Staaten wieder formelle Verhandlungen \u00fcber die Beilegung ihres Zollkriegs beginnen wollen, wurden nicht bekannt.<br \/>\n 3.38 Uhr:\u00a0Florida schlie\u00dft Transgender-Sch\u00fclerinnen vom M\u00e4dchen-Schulsport aus<\/p>\n<p> Der US-Bundesstaat Florida schlie\u00dft Transgender-Sch\u00fclerinnen vom M\u00e4dchen-Schulsport aus. Der republikanische Gouverneur Ron DeSantis unterzeichnete am Dienstag in einer christlichen Schule in Jacksonville ein Gesetz, wonach sich Transgender-Frauen und -M\u00e4dchen k\u00fcnftig mit Jungen im Sport an \u00f6ffentlichen Schulen messen m\u00fcssen. &#8222;Wir glauben, dass es sehr wichtig ist, dass die Integrit\u00e4t der Wettbewerbe bewahrt wird&#8220;, sagte DeSantis. &#8222;Wir halten uns an die Biologie und nicht an die Ideologie, wenn wir Sport machen.&#8220;\u00a0      <\/p>\n<p> Umstrittenes Gesetz<\/p>\n<p> &#8222;Schritt zur Fairness&#8220;: Florida verbietet Transgender-M\u00e4dchen Teilnahme am M\u00e4dchen-Schulsport <\/p>\n<p> Video00:53<\/p>\n<p> Vor 1 Stunde<\/p>\n<p> 2.01 Uhr:\u00a0Feuerwehrmann in Kalifornien erschossen &#8211; Kollege unter Verdacht<\/p>\n<p> In einer Feuerwache in Kalifornien ist ein Feuerwehrmann erschossen und ein Kollege durch Sch\u00fcsse verletzt worden. Als mutma\u00dflichen T\u00e4ter nannte die Polizei einen Mann, der zum Zeitpunkt des Verbrechens ebenfalls f\u00fcr die\u00a0Feuerwehr\u00a0im Bezirk Santa Clarita arbeitete. Die Sch\u00fcsse fielen am Dienstag in der kleinen Ortschaft Agua Dulce, rund 70 Kilometer n\u00f6rdlich von Los Angeles.                <\/p>\n<p> Nach der Tat habe der mutma\u00dfliche Sch\u00fctze sein Wohnhaus aufgesucht, sich auf dem Grundst\u00fcck verbarrikadiert und das Haus in Brand gesteckt, teilte Feuerwehrchef Daryl Osby mit. Das Geb\u00e4ude brannte v\u00f6llig ab. Auf dem Grundst\u00fcck wurde die Leiche eines Mannes mit einer Schusswunde vorgefunden. Die Ermittler gehen davon aus, dass der Sch\u00fctze Suizid beging. \u00dcber das Tatmotiv wurde zun\u00e4chst nichts unbekannt.<br \/>\n 1.36 Uhr:\u00a0Biden-Regierung setzt \u00d6lf\u00f6rder-Aktivit\u00e4ten in Alaska-Schutzgebiet aus<\/p>\n<p> Die Regierung von US-Pr\u00e4sident Joe Biden hat alle Aktivit\u00e4ten zur \u00d6l- und Gasf\u00f6rderung in einem arktischen Naturschutzgebiet in Alaska ausgesetzt. Die Suspendierung gelte bis zu einer umfassenden Analyse auf Grundlage der Umweltschutzgesetze, teilte das US-Innenministerium am Dienstag mit. Bei der Vergabe von Bohrrechten im Arctic National Wildlife Refuge im Nordosten des Bundesstaats seien rechtliche M\u00e4ngel festgestellt worden.                <\/p>\n<p> Damit stoppt die Biden-Regierung eine umstrittene Ma\u00dfnahme der Regierung seines Vorg\u00e4ngers Donald Trump, die zwei Wochen vor dem Ende ihrer Amtszeit am 20. Januar Bohrrechte \u00fcber zehn Jahre vergeben hatte. Der Demokrat Biden ordnete bereits an seinem ersten Tag im Wei\u00dfen Haus eine \u00dcberpr\u00fcfung an.<br \/>\n 0.36 Uh:\u00a0Biden ruft zur Aufarbeitung von Rassismus in US-Geschichte auf<\/p>\n<p> Auf den Tag genau 100 Jahre nach einem Massaker an Schwarzen in der Stadt Tulsa hat US-Pr\u00e4sident Joe Biden die Amerikaner zur Auseinandersetzung mit dem Rassismus in der Geschichte ihres Landes aufgerufen. &#8222;Das ist es, was gro\u00dfe Nationen tun. Sie arbeiten ihre dunklen Seiten auf&#8220;, sagte Biden am Dienstag bei einem Besuch in Tulsa im Bundesstaat Oklahoma.                <\/p>\n<p> Rassistischer Hass habe die Gesetze und die Kultur in den USA mitgepr\u00e4gt. &#8222;Wir tun uns keinen Gefallen, wenn wir so tun, als w\u00e4re das alles nie passiert und als h\u00e4tte das keine Auswirkungen auf uns heute.&#8220; Biden betonte, nach Einsch\u00e4tzung der amerikanischen Geheimdienste gehe die gr\u00f6\u00dfte Gefahr f\u00fcr die USA von rechtsextremistischem Terrorismus aus.<br \/>\n dho \/ fs<br \/>\n DPA<br \/>\n AFP<\/p>\n<p> #Themen<\/p>\n<p>\n<!--noindex--><br \/>\n<a href=\"https:\/\/www.stern.de\/panorama\/weltgeschehen\/news-heute--izchak-herzog-zum-neuen-praesidenten-israels-gewaehlt-30553270.html?utm_campaign=alle&#038;utm_medium=rss-feed&#038;utm_source=standard\" rel=\"nofollow\">Source link <\/a><br \/>\n<!--\/noindex--><\/p>\n","protected":false},"excerpt":{"rendered":"<p>Die News von heute im stern-Ticker. Die Nachrichten zur Coronavirus-Pandemie lesen Sie hier Die News von heute im stern-Ticker:\u00a0 15.47 Uhr:\u00a0Wer zahlt wie viel Steuern? Neue EU-Regeln f\u00fcr Unternehmen ab 2023 Es soll wirken wie eine Art Pranger: Gro\u00dfe Konzerne in der Europ\u00e4ischen Union m\u00fcssen voraussichtlich ab 2023 \u00f6ffentlich machen, wie viel Steuern sie in [&hellip;]<\/p>\n","protected":false},"author":1,"featured_media":1741,"comment_status":"open","ping_status":"open","sticky":false,"template":"","format":"standard","meta":{"footnotes":""},"categories":[1],"tags":[],"class_list":["post-1740","post","type-post","status-publish","format-standard","has-post-thumbnail","hentry","category-neuigkeiten"],"yoast_head":"<!-- This site is optimized with the Yoast SEO plugin v27.4 - https:\/\/yoast.com\/product\/yoast-seo-wordpress\/ -->\n<title>News heute: Izchak Herzog zum neuen Pr\u00e4sidenten Israels gew\u00e4hlt - Super News<\/title>\n<meta name=\"robots\" content=\"index, follow, max-snippet:-1, max-image-preview:large, max-video-preview:-1\" \/>\n<link rel=\"canonical\" href=\"https:\/\/super-news.info\/de\/news-heute-izchak-herzog-zum-neuen-praesidenten-israels-gewaehlt\/\" \/>\n<meta property=\"og:locale\" content=\"de_DE\" \/>\n<meta property=\"og:type\" content=\"article\" \/>\n<meta property=\"og:title\" content=\"News heute: Izchak Herzog zum neuen Pr\u00e4sidenten Israels gew\u00e4hlt - Super News\" \/>\n<meta property=\"og:description\" content=\"Die News von heute im stern-Ticker. Die Nachrichten zur Coronavirus-Pandemie lesen Sie hier Die News von heute im stern-Ticker:\u00a0 15.47 Uhr:\u00a0Wer zahlt wie viel Steuern? Neue EU-Regeln f\u00fcr Unternehmen ab 2023 Es soll wirken wie eine Art Pranger: Gro\u00dfe Konzerne in der Europ\u00e4ischen Union m\u00fcssen voraussichtlich ab 2023 \u00f6ffentlich machen, wie viel Steuern sie in [&hellip;]\" \/>\n<meta property=\"og:url\" content=\"https:\/\/super-news.info\/de\/news-heute-izchak-herzog-zum-neuen-praesidenten-israels-gewaehlt\/\" \/>\n<meta property=\"og:site_name\" content=\"Super News\" \/>\n<meta property=\"article:published_time\" content=\"2021-06-02T14:01:40+00:00\" \/>\n<meta property=\"article:modified_time\" content=\"2021-06-02T14:01:41+00:00\" \/>\n<meta property=\"og:image\" content=\"https:\/\/super-news.info\/de\/wp-content\/uploads\/sites\/13\/2021\/06\/News-heute-Izchak-Herzog-zum-neuen-Praesidenten-Israels-gewaehlt.jpg\" \/>\n\t<meta property=\"og:image:width\" content=\"1440\" \/>\n\t<meta property=\"og:image:height\" content=\"809\" \/>\n\t<meta property=\"og:image:type\" content=\"image\/jpeg\" \/>\n<meta name=\"author\" content=\"super news\" \/>\n<meta name=\"twitter:card\" content=\"summary_large_image\" \/>\n<meta name=\"twitter:label1\" content=\"Verfasst von\" \/>\n\t<meta name=\"twitter:data1\" content=\"super news\" \/>\n\t<meta name=\"twitter:label2\" content=\"Gesch\u00e4tzte Lesezeit\" \/>\n\t<meta name=\"twitter:data2\" content=\"16\u00a0Minuten\" \/>\n<script type=\"application\/ld+json\" class=\"yoast-schema-graph\">{\"@context\":\"https:\\\/\\\/schema.org\",\"@graph\":[{\"@type\":\"Article\",\"@id\":\"https:\\\/\\\/super-news.info\\\/de\\\/news-heute-izchak-herzog-zum-neuen-praesidenten-israels-gewaehlt\\\/#article\",\"isPartOf\":{\"@id\":\"https:\\\/\\\/super-news.info\\\/de\\\/news-heute-izchak-herzog-zum-neuen-praesidenten-israels-gewaehlt\\\/\"},\"author\":{\"name\":\"super news\",\"@id\":\"https:\\\/\\\/super-news.info\\\/de\\\/#\\\/schema\\\/person\\\/2b9ff946d06444e803cb306ffcfd1045\"},\"headline\":\"News heute: Izchak Herzog zum neuen Pr\u00e4sidenten Israels gew\u00e4hlt\",\"datePublished\":\"2021-06-02T14:01:40+00:00\",\"dateModified\":\"2021-06-02T14:01:41+00:00\",\"mainEntityOfPage\":{\"@id\":\"https:\\\/\\\/super-news.info\\\/de\\\/news-heute-izchak-herzog-zum-neuen-praesidenten-israels-gewaehlt\\\/\"},\"wordCount\":3234,\"commentCount\":0,\"image\":{\"@id\":\"https:\\\/\\\/super-news.info\\\/de\\\/news-heute-izchak-herzog-zum-neuen-praesidenten-israels-gewaehlt\\\/#primaryimage\"},\"thumbnailUrl\":\"https:\\\/\\\/super-news.info\\\/de\\\/wp-content\\\/uploads\\\/sites\\\/13\\\/2021\\\/06\\\/News-heute-Izchak-Herzog-zum-neuen-Praesidenten-Israels-gewaehlt.jpg\",\"articleSection\":[\"NEUIGKEITEN\"],\"inLanguage\":\"de\",\"potentialAction\":[{\"@type\":\"CommentAction\",\"name\":\"Comment\",\"target\":[\"https:\\\/\\\/super-news.info\\\/de\\\/news-heute-izchak-herzog-zum-neuen-praesidenten-israels-gewaehlt\\\/#respond\"]}]},{\"@type\":\"WebPage\",\"@id\":\"https:\\\/\\\/super-news.info\\\/de\\\/news-heute-izchak-herzog-zum-neuen-praesidenten-israels-gewaehlt\\\/\",\"url\":\"https:\\\/\\\/super-news.info\\\/de\\\/news-heute-izchak-herzog-zum-neuen-praesidenten-israels-gewaehlt\\\/\",\"name\":\"News heute: Izchak Herzog zum neuen Pr\u00e4sidenten Israels gew\u00e4hlt - Super News\",\"isPartOf\":{\"@id\":\"https:\\\/\\\/super-news.info\\\/de\\\/#website\"},\"primaryImageOfPage\":{\"@id\":\"https:\\\/\\\/super-news.info\\\/de\\\/news-heute-izchak-herzog-zum-neuen-praesidenten-israels-gewaehlt\\\/#primaryimage\"},\"image\":{\"@id\":\"https:\\\/\\\/super-news.info\\\/de\\\/news-heute-izchak-herzog-zum-neuen-praesidenten-israels-gewaehlt\\\/#primaryimage\"},\"thumbnailUrl\":\"https:\\\/\\\/super-news.info\\\/de\\\/wp-content\\\/uploads\\\/sites\\\/13\\\/2021\\\/06\\\/News-heute-Izchak-Herzog-zum-neuen-Praesidenten-Israels-gewaehlt.jpg\",\"datePublished\":\"2021-06-02T14:01:40+00:00\",\"dateModified\":\"2021-06-02T14:01:41+00:00\",\"author\":{\"@id\":\"https:\\\/\\\/super-news.info\\\/de\\\/#\\\/schema\\\/person\\\/2b9ff946d06444e803cb306ffcfd1045\"},\"breadcrumb\":{\"@id\":\"https:\\\/\\\/super-news.info\\\/de\\\/news-heute-izchak-herzog-zum-neuen-praesidenten-israels-gewaehlt\\\/#breadcrumb\"},\"inLanguage\":\"de\",\"potentialAction\":[{\"@type\":\"ReadAction\",\"target\":[\"https:\\\/\\\/super-news.info\\\/de\\\/news-heute-izchak-herzog-zum-neuen-praesidenten-israels-gewaehlt\\\/\"]}]},{\"@type\":\"ImageObject\",\"inLanguage\":\"de\",\"@id\":\"https:\\\/\\\/super-news.info\\\/de\\\/news-heute-izchak-herzog-zum-neuen-praesidenten-israels-gewaehlt\\\/#primaryimage\",\"url\":\"https:\\\/\\\/super-news.info\\\/de\\\/wp-content\\\/uploads\\\/sites\\\/13\\\/2021\\\/06\\\/News-heute-Izchak-Herzog-zum-neuen-Praesidenten-Israels-gewaehlt.jpg\",\"contentUrl\":\"https:\\\/\\\/super-news.info\\\/de\\\/wp-content\\\/uploads\\\/sites\\\/13\\\/2021\\\/06\\\/News-heute-Izchak-Herzog-zum-neuen-Praesidenten-Israels-gewaehlt.jpg\",\"width\":1440,\"height\":809,\"caption\":\"News heute: Izchak Herzog zum neuen Pr\u00e4sidenten Israels gew\u00e4hlt\"},{\"@type\":\"BreadcrumbList\",\"@id\":\"https:\\\/\\\/super-news.info\\\/de\\\/news-heute-izchak-herzog-zum-neuen-praesidenten-israels-gewaehlt\\\/#breadcrumb\",\"itemListElement\":[{\"@type\":\"ListItem\",\"position\":1,\"name\":\"Home\",\"item\":\"https:\\\/\\\/super-news.info\\\/de\\\/\"},{\"@type\":\"ListItem\",\"position\":2,\"name\":\"News heute: Izchak Herzog zum neuen Pr\u00e4sidenten Israels gew\u00e4hlt\"}]},{\"@type\":\"WebSite\",\"@id\":\"https:\\\/\\\/super-news.info\\\/de\\\/#website\",\"url\":\"https:\\\/\\\/super-news.info\\\/de\\\/\",\"name\":\"Super News\",\"description\":\"Super News Germany\",\"potentialAction\":[{\"@type\":\"SearchAction\",\"target\":{\"@type\":\"EntryPoint\",\"urlTemplate\":\"https:\\\/\\\/super-news.info\\\/de\\\/?s={search_term_string}\"},\"query-input\":{\"@type\":\"PropertyValueSpecification\",\"valueRequired\":true,\"valueName\":\"search_term_string\"}}],\"inLanguage\":\"de\"},{\"@type\":\"Person\",\"@id\":\"https:\\\/\\\/super-news.info\\\/de\\\/#\\\/schema\\\/person\\\/2b9ff946d06444e803cb306ffcfd1045\",\"name\":\"super news\",\"image\":{\"@type\":\"ImageObject\",\"inLanguage\":\"de\",\"@id\":\"https:\\\/\\\/secure.gravatar.com\\\/avatar\\\/98e0b303f300d45b2a94684c5e4dda8baa4a5e9710b579f7493c8612061d08bf?s=96&d=mm&r=g\",\"url\":\"https:\\\/\\\/secure.gravatar.com\\\/avatar\\\/98e0b303f300d45b2a94684c5e4dda8baa4a5e9710b579f7493c8612061d08bf?s=96&d=mm&r=g\",\"contentUrl\":\"https:\\\/\\\/secure.gravatar.com\\\/avatar\\\/98e0b303f300d45b2a94684c5e4dda8baa4a5e9710b579f7493c8612061d08bf?s=96&d=mm&r=g\",\"caption\":\"super news\"},\"url\":\"https:\\\/\\\/super-news.info\\\/de\\\/author\\\/manuel\\\/\"}]}<\/script>\n<!-- \/ Yoast SEO plugin. -->","yoast_head_json":{"title":"News heute: Izchak Herzog zum neuen Pr\u00e4sidenten Israels gew\u00e4hlt - Super News","robots":{"index":"index","follow":"follow","max-snippet":"max-snippet:-1","max-image-preview":"max-image-preview:large","max-video-preview":"max-video-preview:-1"},"canonical":"https:\/\/super-news.info\/de\/news-heute-izchak-herzog-zum-neuen-praesidenten-israels-gewaehlt\/","og_locale":"de_DE","og_type":"article","og_title":"News heute: Izchak Herzog zum neuen Pr\u00e4sidenten Israels gew\u00e4hlt - Super News","og_description":"Die News von heute im stern-Ticker. Die Nachrichten zur Coronavirus-Pandemie lesen Sie hier Die News von heute im stern-Ticker:\u00a0 15.47 Uhr:\u00a0Wer zahlt wie viel Steuern? Neue EU-Regeln f\u00fcr Unternehmen ab 2023 Es soll wirken wie eine Art Pranger: Gro\u00dfe Konzerne in der Europ\u00e4ischen Union m\u00fcssen voraussichtlich ab 2023 \u00f6ffentlich machen, wie viel Steuern sie in [&hellip;]","og_url":"https:\/\/super-news.info\/de\/news-heute-izchak-herzog-zum-neuen-praesidenten-israels-gewaehlt\/","og_site_name":"Super News","article_published_time":"2021-06-02T14:01:40+00:00","article_modified_time":"2021-06-02T14:01:41+00:00","og_image":[{"width":1440,"height":809,"url":"https:\/\/super-news.info\/de\/wp-content\/uploads\/sites\/13\/2021\/06\/News-heute-Izchak-Herzog-zum-neuen-Praesidenten-Israels-gewaehlt.jpg","type":"image\/jpeg"}],"author":"super news","twitter_card":"summary_large_image","twitter_misc":{"Verfasst von":"super news","Gesch\u00e4tzte Lesezeit":"16\u00a0Minuten"},"schema":{"@context":"https:\/\/schema.org","@graph":[{"@type":"Article","@id":"https:\/\/super-news.info\/de\/news-heute-izchak-herzog-zum-neuen-praesidenten-israels-gewaehlt\/#article","isPartOf":{"@id":"https:\/\/super-news.info\/de\/news-heute-izchak-herzog-zum-neuen-praesidenten-israels-gewaehlt\/"},"author":{"name":"super news","@id":"https:\/\/super-news.info\/de\/#\/schema\/person\/2b9ff946d06444e803cb306ffcfd1045"},"headline":"News heute: Izchak Herzog zum neuen Pr\u00e4sidenten Israels gew\u00e4hlt","datePublished":"2021-06-02T14:01:40+00:00","dateModified":"2021-06-02T14:01:41+00:00","mainEntityOfPage":{"@id":"https:\/\/super-news.info\/de\/news-heute-izchak-herzog-zum-neuen-praesidenten-israels-gewaehlt\/"},"wordCount":3234,"commentCount":0,"image":{"@id":"https:\/\/super-news.info\/de\/news-heute-izchak-herzog-zum-neuen-praesidenten-israels-gewaehlt\/#primaryimage"},"thumbnailUrl":"https:\/\/super-news.info\/de\/wp-content\/uploads\/sites\/13\/2021\/06\/News-heute-Izchak-Herzog-zum-neuen-Praesidenten-Israels-gewaehlt.jpg","articleSection":["NEUIGKEITEN"],"inLanguage":"de","potentialAction":[{"@type":"CommentAction","name":"Comment","target":["https:\/\/super-news.info\/de\/news-heute-izchak-herzog-zum-neuen-praesidenten-israels-gewaehlt\/#respond"]}]},{"@type":"WebPage","@id":"https:\/\/super-news.info\/de\/news-heute-izchak-herzog-zum-neuen-praesidenten-israels-gewaehlt\/","url":"https:\/\/super-news.info\/de\/news-heute-izchak-herzog-zum-neuen-praesidenten-israels-gewaehlt\/","name":"News heute: Izchak Herzog zum neuen Pr\u00e4sidenten Israels gew\u00e4hlt - Super News","isPartOf":{"@id":"https:\/\/super-news.info\/de\/#website"},"primaryImageOfPage":{"@id":"https:\/\/super-news.info\/de\/news-heute-izchak-herzog-zum-neuen-praesidenten-israels-gewaehlt\/#primaryimage"},"image":{"@id":"https:\/\/super-news.info\/de\/news-heute-izchak-herzog-zum-neuen-praesidenten-israels-gewaehlt\/#primaryimage"},"thumbnailUrl":"https:\/\/super-news.info\/de\/wp-content\/uploads\/sites\/13\/2021\/06\/News-heute-Izchak-Herzog-zum-neuen-Praesidenten-Israels-gewaehlt.jpg","datePublished":"2021-06-02T14:01:40+00:00","dateModified":"2021-06-02T14:01:41+00:00","author":{"@id":"https:\/\/super-news.info\/de\/#\/schema\/person\/2b9ff946d06444e803cb306ffcfd1045"},"breadcrumb":{"@id":"https:\/\/super-news.info\/de\/news-heute-izchak-herzog-zum-neuen-praesidenten-israels-gewaehlt\/#breadcrumb"},"inLanguage":"de","potentialAction":[{"@type":"ReadAction","target":["https:\/\/super-news.info\/de\/news-heute-izchak-herzog-zum-neuen-praesidenten-israels-gewaehlt\/"]}]},{"@type":"ImageObject","inLanguage":"de","@id":"https:\/\/super-news.info\/de\/news-heute-izchak-herzog-zum-neuen-praesidenten-israels-gewaehlt\/#primaryimage","url":"https:\/\/super-news.info\/de\/wp-content\/uploads\/sites\/13\/2021\/06\/News-heute-Izchak-Herzog-zum-neuen-Praesidenten-Israels-gewaehlt.jpg","contentUrl":"https:\/\/super-news.info\/de\/wp-content\/uploads\/sites\/13\/2021\/06\/News-heute-Izchak-Herzog-zum-neuen-Praesidenten-Israels-gewaehlt.jpg","width":1440,"height":809,"caption":"News heute: Izchak Herzog zum neuen Pr\u00e4sidenten Israels gew\u00e4hlt"},{"@type":"BreadcrumbList","@id":"https:\/\/super-news.info\/de\/news-heute-izchak-herzog-zum-neuen-praesidenten-israels-gewaehlt\/#breadcrumb","itemListElement":[{"@type":"ListItem","position":1,"name":"Home","item":"https:\/\/super-news.info\/de\/"},{"@type":"ListItem","position":2,"name":"News heute: Izchak Herzog zum neuen Pr\u00e4sidenten Israels gew\u00e4hlt"}]},{"@type":"WebSite","@id":"https:\/\/super-news.info\/de\/#website","url":"https:\/\/super-news.info\/de\/","name":"Super News","description":"Super News Germany","potentialAction":[{"@type":"SearchAction","target":{"@type":"EntryPoint","urlTemplate":"https:\/\/super-news.info\/de\/?s={search_term_string}"},"query-input":{"@type":"PropertyValueSpecification","valueRequired":true,"valueName":"search_term_string"}}],"inLanguage":"de"},{"@type":"Person","@id":"https:\/\/super-news.info\/de\/#\/schema\/person\/2b9ff946d06444e803cb306ffcfd1045","name":"super news","image":{"@type":"ImageObject","inLanguage":"de","@id":"https:\/\/secure.gravatar.com\/avatar\/98e0b303f300d45b2a94684c5e4dda8baa4a5e9710b579f7493c8612061d08bf?s=96&d=mm&r=g","url":"https:\/\/secure.gravatar.com\/avatar\/98e0b303f300d45b2a94684c5e4dda8baa4a5e9710b579f7493c8612061d08bf?s=96&d=mm&r=g","contentUrl":"https:\/\/secure.gravatar.com\/avatar\/98e0b303f300d45b2a94684c5e4dda8baa4a5e9710b579f7493c8612061d08bf?s=96&d=mm&r=g","caption":"super news"},"url":"https:\/\/super-news.info\/de\/author\/manuel\/"}]}},"_links":{"self":[{"href":"https:\/\/super-news.info\/de\/wp-json\/wp\/v2\/posts\/1740","targetHints":{"allow":["GET"]}}],"collection":[{"href":"https:\/\/super-news.info\/de\/wp-json\/wp\/v2\/posts"}],"about":[{"href":"https:\/\/super-news.info\/de\/wp-json\/wp\/v2\/types\/post"}],"author":[{"embeddable":true,"href":"https:\/\/super-news.info\/de\/wp-json\/wp\/v2\/users\/1"}],"replies":[{"embeddable":true,"href":"https:\/\/super-news.info\/de\/wp-json\/wp\/v2\/comments?post=1740"}],"version-history":[{"count":1,"href":"https:\/\/super-news.info\/de\/wp-json\/wp\/v2\/posts\/1740\/revisions"}],"predecessor-version":[{"id":1742,"href":"https:\/\/super-news.info\/de\/wp-json\/wp\/v2\/posts\/1740\/revisions\/1742"}],"wp:featuredmedia":[{"embeddable":true,"href":"https:\/\/super-news.info\/de\/wp-json\/wp\/v2\/media\/1741"}],"wp:attachment":[{"href":"https:\/\/super-news.info\/de\/wp-json\/wp\/v2\/media?parent=1740"}],"wp:term":[{"taxonomy":"category","embeddable":true,"href":"https:\/\/super-news.info\/de\/wp-json\/wp\/v2\/categories?post=1740"},{"taxonomy":"post_tag","embeddable":true,"href":"https:\/\/super-news.info\/de\/wp-json\/wp\/v2\/tags?post=1740"}],"curies":[{"name":"wp","href":"https:\/\/api.w.org\/{rel}","templated":true}]}}