{"id":1714,"date":"2021-05-28T11:46:27","date_gmt":"2021-05-28T11:46:27","guid":{"rendered":"https:\/\/super-news.info\/de\/corona-pandemie-oesterreich-lockert-weiter-ab-juli-volle-saele-und-stadien\/"},"modified":"2021-05-28T11:48:23","modified_gmt":"2021-05-28T11:48:23","slug":"corona-pandemie-oesterreich-lockert-weiter-ab-juli-volle-saele-und-stadien","status":"publish","type":"post","link":"https:\/\/super-news.info\/de\/corona-pandemie-oesterreich-lockert-weiter-ab-juli-volle-saele-und-stadien\/","title":{"rendered":"Corona-Pandemie : \u00d6sterreich lockert weiter &#8211; Ab Juli volle S\u00e4le und Stadien"},"content":{"rendered":"<p> Corona-Pandemie<br \/>\n \u00d6sterreich lockert weiter &#8211; Ab Juli volle S\u00e4le und Stadien <\/p>\n<p> Sebastian Kurz (\u00d6VP), Bundeskanzler von \u00d6sterreich, spricht bei einer Sondersitzung des Nationalrats im Parlamentsausweichquartier in der Wiener Hofburg. Foto: Herbert Neubauer\/APA\/dpa<br \/>\n \u00a9 dpa-infocom GmbH<\/p>\n<p> Eine Ank\u00fcndigung kann \u00d6sterreichs Kanzler Kurz wohl halten: Im Sommer soll trotz Corona-Pandemie wieder viel Normalit\u00e4t herrschen. Unter anderem sind volle Stadien und S\u00e4le erlaubt &#8211; unter Voraussetzungen.<\/p>\n<p> \u00d6sterreich erlaubt ab 1. Juli wieder volle Stadien, Konzerts\u00e4le und Theater &#8211; und verzichtet dabei auch auf die Maskenpflicht.                <\/p>\n<p> Die Obergrenzen f\u00fcr die Besucherzahl bei Veranstaltungen im Freien und in Geb\u00e4uden fielen dann weg, k\u00fcndigte Vizekanzler Werner Kogler (Gr\u00fcne) am Freitag in Wien an. Voraussetzung sei immer, dass die Besucher getestet, genesen oder geimpft seien. Veranstaltungen mit mehr als 500 Personen seien zudem genehmigungspflichtig. \u00abAb 1. Juli kann wieder geheiratet werden, kann wieder gefeiert werden\u00bb, sagte Kanzler Sebastian Kurz (\u00d6VP). Auch Open-Air Konzerte mit Stehpl\u00e4tzen k\u00f6nnten wieder stattfinden. W\u00e4hrend die Maskenpflicht bei Veranstaltungen wegf\u00e4llt, bleibt sie zum Beispiel in Superm\u00e4rkten und in Bussen und Bahnen bestehen.                <\/p>\n<p> Grundlage f\u00fcr alle anstehenden Lockerungen sei die insgesamt sehr erfreuliche Entwicklung sowohl bei der Zahl der Neuinfektionen mit dem Coronavirus wie auch bei der immer geringeren Belegung der Klinikbetten mit Corona-Patienten, sagte Kurz. Als weiterer Schritt werde der Platzbedarf f\u00fcr Kunden im Handel bereits ab 10. Juni von 20 auf 10 Quadratmeter pro Kunde halbiert. Die Sperrstunde werde von 22.00 Uhr auf Mitternacht verlegt, hie\u00df es. Die Sieben-Tage-Inzidenz in \u00d6sterreich liegt aktuell bei etwa 40.                <\/p>\n<p> \u00abWerden wir nicht \u00fcberm\u00fctig, bleiben wir nach wie vor vorsichtig, mahnte Kurz vor allem mit Blick auf die n\u00e4chsten Wochen. Steigende Infektionszahlen seien zwar aufgrund der \u00d6ffnungen m\u00f6glich, aber sie allein seien nicht entscheidend. \u00abRelevant f\u00fcr uns ist die Lage in den Spit\u00e4lern\u00bb, so Kurz. Hier sei aber angesichts des Impffortschritts nicht davon auszugehen, dass sich die Lage wieder zuspitze. Er sei froh, dass das Versprechen eines weitgehend normalen Sommers erf\u00fcllt werden k\u00f6nne, so der Regierungschef.                <\/p>\n<p> F\u00fcr viele Einreisende entf\u00e4llt ab 1. Juli die Pflicht, sich vor Grenz\u00fcbertritt online zu registrieren. Wer die Grenze \u00fcberquert, muss aber weiterhin getestet, genesen oder geimpft sein. Das Alter f\u00fcr die Testpflicht steigt ab 1. Juli von zehn auf zw\u00f6lf Jahre.                <\/p>\n<p> Der Tourismus l\u00e4uft angesichts der immer geringeren Einreiseh\u00fcrden nach Angaben von Tourismusministerin Elisabeth K\u00f6stinger (\u00d6VP) wieder an. In den Feriengebieten sei die Buchungslage bereits \u00fcber Pfingsten sehr gut gewesen. \u00abWir sehen in den Prognosen, dass sich das fortsetzen wird.\u00bb                <\/p>\n<p> Erleichtert \u00fcber die \u00d6ffnungen auch in der Kultur zeigte sich Kunst- und Kulturstaatssekret\u00e4rin Andrea Mayer (Gr\u00fcne). \u00abDie Kunst- und Kulturbranche hat stark unter dieser Pandemie gelitten, sie hat sich aber auch resilient und kreativ im Umgang mit der Krise gezeigt\u00bb, so die Staatssekret\u00e4rin. Die gro\u00dfen Sommerfestivals h\u00e4tten nun eine Planungsperspektive.<br \/>\n dpa<\/p>\n<p> #Themen<\/p>\n<p>\n<!--noindex--><br \/>\n<a href=\"https:\/\/www.stern.de\/politik\/ausland\/corona-pandemie--oesterreich-lockert-weiter---ab-juli-volle-saele-und-stadien--30548072.html?utm_campaign=alle&#038;utm_medium=rss-feed&#038;utm_source=standard\" rel=\"nofollow\">Source link <\/a><br \/>\n<!--\/noindex--><\/p>\n","protected":false},"excerpt":{"rendered":"<p>Corona-Pandemie \u00d6sterreich lockert weiter &#8211; Ab Juli volle S\u00e4le und Stadien Sebastian Kurz (\u00d6VP), Bundeskanzler von \u00d6sterreich, spricht bei einer Sondersitzung des Nationalrats im Parlamentsausweichquartier in der Wiener Hofburg. Foto: Herbert Neubauer\/APA\/dpa \u00a9 dpa-infocom GmbH Eine Ank\u00fcndigung kann \u00d6sterreichs Kanzler Kurz wohl halten: Im Sommer soll trotz Corona-Pandemie wieder viel Normalit\u00e4t herrschen. Unter anderem sind [&hellip;]<\/p>\n","protected":false},"author":1,"featured_media":1715,"comment_status":"open","ping_status":"open","sticky":false,"template":"","format":"standard","meta":{"footnotes":""},"categories":[1],"tags":[],"class_list":["post-1714","post","type-post","status-publish","format-standard","has-post-thumbnail","hentry","category-neuigkeiten"],"yoast_head":"<!-- This site is optimized with the Yoast SEO plugin v27.4 - https:\/\/yoast.com\/product\/yoast-seo-wordpress\/ -->\n<title>Corona-Pandemie : \u00d6sterreich lockert weiter - Ab Juli volle S\u00e4le und Stadien - Super News<\/title>\n<meta name=\"robots\" content=\"index, follow, max-snippet:-1, max-image-preview:large, max-video-preview:-1\" \/>\n<link rel=\"canonical\" href=\"https:\/\/super-news.info\/de\/corona-pandemie-oesterreich-lockert-weiter-ab-juli-volle-saele-und-stadien\/\" \/>\n<meta property=\"og:locale\" content=\"de_DE\" \/>\n<meta property=\"og:type\" content=\"article\" \/>\n<meta property=\"og:title\" content=\"Corona-Pandemie : \u00d6sterreich lockert weiter - Ab Juli volle S\u00e4le und Stadien - Super News\" \/>\n<meta property=\"og:description\" content=\"Corona-Pandemie \u00d6sterreich lockert weiter &#8211; Ab Juli volle S\u00e4le und Stadien Sebastian Kurz (\u00d6VP), Bundeskanzler von \u00d6sterreich, spricht bei einer Sondersitzung des Nationalrats im Parlamentsausweichquartier in der Wiener Hofburg. Foto: Herbert Neubauer\/APA\/dpa \u00a9 dpa-infocom GmbH Eine Ank\u00fcndigung kann \u00d6sterreichs Kanzler Kurz wohl halten: Im Sommer soll trotz Corona-Pandemie wieder viel Normalit\u00e4t herrschen. Unter anderem sind [&hellip;]\" \/>\n<meta property=\"og:url\" content=\"https:\/\/super-news.info\/de\/corona-pandemie-oesterreich-lockert-weiter-ab-juli-volle-saele-und-stadien\/\" \/>\n<meta property=\"og:site_name\" content=\"Super News\" \/>\n<meta property=\"article:published_time\" content=\"2021-05-28T11:46:27+00:00\" \/>\n<meta property=\"article:modified_time\" content=\"2021-05-28T11:48:23+00:00\" \/>\n<meta property=\"og:image\" content=\"https:\/\/super-news.info\/de\/wp-content\/uploads\/sites\/13\/2021\/05\/Corona-Pandemie-Oesterreich-lockert-weiter-Ab-Juli-volle-Saele.jpg\" \/>\n\t<meta property=\"og:image:width\" content=\"1440\" \/>\n\t<meta property=\"og:image:height\" content=\"810\" \/>\n\t<meta property=\"og:image:type\" content=\"image\/jpeg\" \/>\n<meta name=\"author\" content=\"super news\" \/>\n<meta name=\"twitter:card\" content=\"summary_large_image\" \/>\n<meta name=\"twitter:label1\" content=\"Verfasst von\" \/>\n\t<meta name=\"twitter:data1\" content=\"super news\" \/>\n\t<meta name=\"twitter:label2\" content=\"Gesch\u00e4tzte Lesezeit\" \/>\n\t<meta name=\"twitter:data2\" content=\"2\u00a0Minuten\" \/>\n<script type=\"application\/ld+json\" class=\"yoast-schema-graph\">{\"@context\":\"https:\\\/\\\/schema.org\",\"@graph\":[{\"@type\":\"Article\",\"@id\":\"https:\\\/\\\/super-news.info\\\/de\\\/corona-pandemie-oesterreich-lockert-weiter-ab-juli-volle-saele-und-stadien\\\/#article\",\"isPartOf\":{\"@id\":\"https:\\\/\\\/super-news.info\\\/de\\\/corona-pandemie-oesterreich-lockert-weiter-ab-juli-volle-saele-und-stadien\\\/\"},\"author\":{\"name\":\"super news\",\"@id\":\"https:\\\/\\\/super-news.info\\\/de\\\/#\\\/schema\\\/person\\\/2b9ff946d06444e803cb306ffcfd1045\"},\"headline\":\"Corona-Pandemie : \u00d6sterreich lockert weiter &#8211; Ab Juli volle S\u00e4le und Stadien\",\"datePublished\":\"2021-05-28T11:46:27+00:00\",\"dateModified\":\"2021-05-28T11:48:23+00:00\",\"mainEntityOfPage\":{\"@id\":\"https:\\\/\\\/super-news.info\\\/de\\\/corona-pandemie-oesterreich-lockert-weiter-ab-juli-volle-saele-und-stadien\\\/\"},\"wordCount\":493,\"commentCount\":0,\"image\":{\"@id\":\"https:\\\/\\\/super-news.info\\\/de\\\/corona-pandemie-oesterreich-lockert-weiter-ab-juli-volle-saele-und-stadien\\\/#primaryimage\"},\"thumbnailUrl\":\"https:\\\/\\\/super-news.info\\\/de\\\/wp-content\\\/uploads\\\/sites\\\/13\\\/2021\\\/05\\\/Corona-Pandemie-Oesterreich-lockert-weiter-Ab-Juli-volle-Saele.jpg\",\"articleSection\":[\"NEUIGKEITEN\"],\"inLanguage\":\"de\",\"potentialAction\":[{\"@type\":\"CommentAction\",\"name\":\"Comment\",\"target\":[\"https:\\\/\\\/super-news.info\\\/de\\\/corona-pandemie-oesterreich-lockert-weiter-ab-juli-volle-saele-und-stadien\\\/#respond\"]}]},{\"@type\":\"WebPage\",\"@id\":\"https:\\\/\\\/super-news.info\\\/de\\\/corona-pandemie-oesterreich-lockert-weiter-ab-juli-volle-saele-und-stadien\\\/\",\"url\":\"https:\\\/\\\/super-news.info\\\/de\\\/corona-pandemie-oesterreich-lockert-weiter-ab-juli-volle-saele-und-stadien\\\/\",\"name\":\"Corona-Pandemie : \u00d6sterreich lockert weiter - Ab Juli volle S\u00e4le und Stadien - Super News\",\"isPartOf\":{\"@id\":\"https:\\\/\\\/super-news.info\\\/de\\\/#website\"},\"primaryImageOfPage\":{\"@id\":\"https:\\\/\\\/super-news.info\\\/de\\\/corona-pandemie-oesterreich-lockert-weiter-ab-juli-volle-saele-und-stadien\\\/#primaryimage\"},\"image\":{\"@id\":\"https:\\\/\\\/super-news.info\\\/de\\\/corona-pandemie-oesterreich-lockert-weiter-ab-juli-volle-saele-und-stadien\\\/#primaryimage\"},\"thumbnailUrl\":\"https:\\\/\\\/super-news.info\\\/de\\\/wp-content\\\/uploads\\\/sites\\\/13\\\/2021\\\/05\\\/Corona-Pandemie-Oesterreich-lockert-weiter-Ab-Juli-volle-Saele.jpg\",\"datePublished\":\"2021-05-28T11:46:27+00:00\",\"dateModified\":\"2021-05-28T11:48:23+00:00\",\"author\":{\"@id\":\"https:\\\/\\\/super-news.info\\\/de\\\/#\\\/schema\\\/person\\\/2b9ff946d06444e803cb306ffcfd1045\"},\"breadcrumb\":{\"@id\":\"https:\\\/\\\/super-news.info\\\/de\\\/corona-pandemie-oesterreich-lockert-weiter-ab-juli-volle-saele-und-stadien\\\/#breadcrumb\"},\"inLanguage\":\"de\",\"potentialAction\":[{\"@type\":\"ReadAction\",\"target\":[\"https:\\\/\\\/super-news.info\\\/de\\\/corona-pandemie-oesterreich-lockert-weiter-ab-juli-volle-saele-und-stadien\\\/\"]}]},{\"@type\":\"ImageObject\",\"inLanguage\":\"de\",\"@id\":\"https:\\\/\\\/super-news.info\\\/de\\\/corona-pandemie-oesterreich-lockert-weiter-ab-juli-volle-saele-und-stadien\\\/#primaryimage\",\"url\":\"https:\\\/\\\/super-news.info\\\/de\\\/wp-content\\\/uploads\\\/sites\\\/13\\\/2021\\\/05\\\/Corona-Pandemie-Oesterreich-lockert-weiter-Ab-Juli-volle-Saele.jpg\",\"contentUrl\":\"https:\\\/\\\/super-news.info\\\/de\\\/wp-content\\\/uploads\\\/sites\\\/13\\\/2021\\\/05\\\/Corona-Pandemie-Oesterreich-lockert-weiter-Ab-Juli-volle-Saele.jpg\",\"width\":1440,\"height\":810,\"caption\":\"Corona-Pandemie : \u00d6sterreich lockert weiter - Ab Juli volle S\u00e4le und Stadien\"},{\"@type\":\"BreadcrumbList\",\"@id\":\"https:\\\/\\\/super-news.info\\\/de\\\/corona-pandemie-oesterreich-lockert-weiter-ab-juli-volle-saele-und-stadien\\\/#breadcrumb\",\"itemListElement\":[{\"@type\":\"ListItem\",\"position\":1,\"name\":\"Home\",\"item\":\"https:\\\/\\\/super-news.info\\\/de\\\/\"},{\"@type\":\"ListItem\",\"position\":2,\"name\":\"Corona-Pandemie : \u00d6sterreich lockert weiter &#8211; Ab Juli volle S\u00e4le und Stadien\"}]},{\"@type\":\"WebSite\",\"@id\":\"https:\\\/\\\/super-news.info\\\/de\\\/#website\",\"url\":\"https:\\\/\\\/super-news.info\\\/de\\\/\",\"name\":\"Super News\",\"description\":\"Super News Germany\",\"potentialAction\":[{\"@type\":\"SearchAction\",\"target\":{\"@type\":\"EntryPoint\",\"urlTemplate\":\"https:\\\/\\\/super-news.info\\\/de\\\/?s={search_term_string}\"},\"query-input\":{\"@type\":\"PropertyValueSpecification\",\"valueRequired\":true,\"valueName\":\"search_term_string\"}}],\"inLanguage\":\"de\"},{\"@type\":\"Person\",\"@id\":\"https:\\\/\\\/super-news.info\\\/de\\\/#\\\/schema\\\/person\\\/2b9ff946d06444e803cb306ffcfd1045\",\"name\":\"super news\",\"image\":{\"@type\":\"ImageObject\",\"inLanguage\":\"de\",\"@id\":\"https:\\\/\\\/secure.gravatar.com\\\/avatar\\\/98e0b303f300d45b2a94684c5e4dda8baa4a5e9710b579f7493c8612061d08bf?s=96&d=mm&r=g\",\"url\":\"https:\\\/\\\/secure.gravatar.com\\\/avatar\\\/98e0b303f300d45b2a94684c5e4dda8baa4a5e9710b579f7493c8612061d08bf?s=96&d=mm&r=g\",\"contentUrl\":\"https:\\\/\\\/secure.gravatar.com\\\/avatar\\\/98e0b303f300d45b2a94684c5e4dda8baa4a5e9710b579f7493c8612061d08bf?s=96&d=mm&r=g\",\"caption\":\"super news\"},\"url\":\"https:\\\/\\\/super-news.info\\\/de\\\/author\\\/manuel\\\/\"}]}<\/script>\n<!-- \/ Yoast SEO plugin. -->","yoast_head_json":{"title":"Corona-Pandemie : \u00d6sterreich lockert weiter - Ab Juli volle S\u00e4le und Stadien - Super News","robots":{"index":"index","follow":"follow","max-snippet":"max-snippet:-1","max-image-preview":"max-image-preview:large","max-video-preview":"max-video-preview:-1"},"canonical":"https:\/\/super-news.info\/de\/corona-pandemie-oesterreich-lockert-weiter-ab-juli-volle-saele-und-stadien\/","og_locale":"de_DE","og_type":"article","og_title":"Corona-Pandemie : \u00d6sterreich lockert weiter - Ab Juli volle S\u00e4le und Stadien - Super News","og_description":"Corona-Pandemie \u00d6sterreich lockert weiter &#8211; Ab Juli volle S\u00e4le und Stadien Sebastian Kurz (\u00d6VP), Bundeskanzler von \u00d6sterreich, spricht bei einer Sondersitzung des Nationalrats im Parlamentsausweichquartier in der Wiener Hofburg. Foto: Herbert Neubauer\/APA\/dpa \u00a9 dpa-infocom GmbH Eine Ank\u00fcndigung kann \u00d6sterreichs Kanzler Kurz wohl halten: Im Sommer soll trotz Corona-Pandemie wieder viel Normalit\u00e4t herrschen. Unter anderem sind [&hellip;]","og_url":"https:\/\/super-news.info\/de\/corona-pandemie-oesterreich-lockert-weiter-ab-juli-volle-saele-und-stadien\/","og_site_name":"Super News","article_published_time":"2021-05-28T11:46:27+00:00","article_modified_time":"2021-05-28T11:48:23+00:00","og_image":[{"width":1440,"height":810,"url":"https:\/\/super-news.info\/de\/wp-content\/uploads\/sites\/13\/2021\/05\/Corona-Pandemie-Oesterreich-lockert-weiter-Ab-Juli-volle-Saele.jpg","type":"image\/jpeg"}],"author":"super news","twitter_card":"summary_large_image","twitter_misc":{"Verfasst von":"super news","Gesch\u00e4tzte Lesezeit":"2\u00a0Minuten"},"schema":{"@context":"https:\/\/schema.org","@graph":[{"@type":"Article","@id":"https:\/\/super-news.info\/de\/corona-pandemie-oesterreich-lockert-weiter-ab-juli-volle-saele-und-stadien\/#article","isPartOf":{"@id":"https:\/\/super-news.info\/de\/corona-pandemie-oesterreich-lockert-weiter-ab-juli-volle-saele-und-stadien\/"},"author":{"name":"super news","@id":"https:\/\/super-news.info\/de\/#\/schema\/person\/2b9ff946d06444e803cb306ffcfd1045"},"headline":"Corona-Pandemie : \u00d6sterreich lockert weiter &#8211; Ab Juli volle S\u00e4le und Stadien","datePublished":"2021-05-28T11:46:27+00:00","dateModified":"2021-05-28T11:48:23+00:00","mainEntityOfPage":{"@id":"https:\/\/super-news.info\/de\/corona-pandemie-oesterreich-lockert-weiter-ab-juli-volle-saele-und-stadien\/"},"wordCount":493,"commentCount":0,"image":{"@id":"https:\/\/super-news.info\/de\/corona-pandemie-oesterreich-lockert-weiter-ab-juli-volle-saele-und-stadien\/#primaryimage"},"thumbnailUrl":"https:\/\/super-news.info\/de\/wp-content\/uploads\/sites\/13\/2021\/05\/Corona-Pandemie-Oesterreich-lockert-weiter-Ab-Juli-volle-Saele.jpg","articleSection":["NEUIGKEITEN"],"inLanguage":"de","potentialAction":[{"@type":"CommentAction","name":"Comment","target":["https:\/\/super-news.info\/de\/corona-pandemie-oesterreich-lockert-weiter-ab-juli-volle-saele-und-stadien\/#respond"]}]},{"@type":"WebPage","@id":"https:\/\/super-news.info\/de\/corona-pandemie-oesterreich-lockert-weiter-ab-juli-volle-saele-und-stadien\/","url":"https:\/\/super-news.info\/de\/corona-pandemie-oesterreich-lockert-weiter-ab-juli-volle-saele-und-stadien\/","name":"Corona-Pandemie : \u00d6sterreich lockert weiter - Ab Juli volle S\u00e4le und Stadien - Super News","isPartOf":{"@id":"https:\/\/super-news.info\/de\/#website"},"primaryImageOfPage":{"@id":"https:\/\/super-news.info\/de\/corona-pandemie-oesterreich-lockert-weiter-ab-juli-volle-saele-und-stadien\/#primaryimage"},"image":{"@id":"https:\/\/super-news.info\/de\/corona-pandemie-oesterreich-lockert-weiter-ab-juli-volle-saele-und-stadien\/#primaryimage"},"thumbnailUrl":"https:\/\/super-news.info\/de\/wp-content\/uploads\/sites\/13\/2021\/05\/Corona-Pandemie-Oesterreich-lockert-weiter-Ab-Juli-volle-Saele.jpg","datePublished":"2021-05-28T11:46:27+00:00","dateModified":"2021-05-28T11:48:23+00:00","author":{"@id":"https:\/\/super-news.info\/de\/#\/schema\/person\/2b9ff946d06444e803cb306ffcfd1045"},"breadcrumb":{"@id":"https:\/\/super-news.info\/de\/corona-pandemie-oesterreich-lockert-weiter-ab-juli-volle-saele-und-stadien\/#breadcrumb"},"inLanguage":"de","potentialAction":[{"@type":"ReadAction","target":["https:\/\/super-news.info\/de\/corona-pandemie-oesterreich-lockert-weiter-ab-juli-volle-saele-und-stadien\/"]}]},{"@type":"ImageObject","inLanguage":"de","@id":"https:\/\/super-news.info\/de\/corona-pandemie-oesterreich-lockert-weiter-ab-juli-volle-saele-und-stadien\/#primaryimage","url":"https:\/\/super-news.info\/de\/wp-content\/uploads\/sites\/13\/2021\/05\/Corona-Pandemie-Oesterreich-lockert-weiter-Ab-Juli-volle-Saele.jpg","contentUrl":"https:\/\/super-news.info\/de\/wp-content\/uploads\/sites\/13\/2021\/05\/Corona-Pandemie-Oesterreich-lockert-weiter-Ab-Juli-volle-Saele.jpg","width":1440,"height":810,"caption":"Corona-Pandemie : \u00d6sterreich lockert weiter - Ab Juli volle S\u00e4le und Stadien"},{"@type":"BreadcrumbList","@id":"https:\/\/super-news.info\/de\/corona-pandemie-oesterreich-lockert-weiter-ab-juli-volle-saele-und-stadien\/#breadcrumb","itemListElement":[{"@type":"ListItem","position":1,"name":"Home","item":"https:\/\/super-news.info\/de\/"},{"@type":"ListItem","position":2,"name":"Corona-Pandemie : \u00d6sterreich lockert weiter &#8211; Ab Juli volle S\u00e4le und Stadien"}]},{"@type":"WebSite","@id":"https:\/\/super-news.info\/de\/#website","url":"https:\/\/super-news.info\/de\/","name":"Super News","description":"Super News Germany","potentialAction":[{"@type":"SearchAction","target":{"@type":"EntryPoint","urlTemplate":"https:\/\/super-news.info\/de\/?s={search_term_string}"},"query-input":{"@type":"PropertyValueSpecification","valueRequired":true,"valueName":"search_term_string"}}],"inLanguage":"de"},{"@type":"Person","@id":"https:\/\/super-news.info\/de\/#\/schema\/person\/2b9ff946d06444e803cb306ffcfd1045","name":"super news","image":{"@type":"ImageObject","inLanguage":"de","@id":"https:\/\/secure.gravatar.com\/avatar\/98e0b303f300d45b2a94684c5e4dda8baa4a5e9710b579f7493c8612061d08bf?s=96&d=mm&r=g","url":"https:\/\/secure.gravatar.com\/avatar\/98e0b303f300d45b2a94684c5e4dda8baa4a5e9710b579f7493c8612061d08bf?s=96&d=mm&r=g","contentUrl":"https:\/\/secure.gravatar.com\/avatar\/98e0b303f300d45b2a94684c5e4dda8baa4a5e9710b579f7493c8612061d08bf?s=96&d=mm&r=g","caption":"super news"},"url":"https:\/\/super-news.info\/de\/author\/manuel\/"}]}},"_links":{"self":[{"href":"https:\/\/super-news.info\/de\/wp-json\/wp\/v2\/posts\/1714","targetHints":{"allow":["GET"]}}],"collection":[{"href":"https:\/\/super-news.info\/de\/wp-json\/wp\/v2\/posts"}],"about":[{"href":"https:\/\/super-news.info\/de\/wp-json\/wp\/v2\/types\/post"}],"author":[{"embeddable":true,"href":"https:\/\/super-news.info\/de\/wp-json\/wp\/v2\/users\/1"}],"replies":[{"embeddable":true,"href":"https:\/\/super-news.info\/de\/wp-json\/wp\/v2\/comments?post=1714"}],"version-history":[{"count":1,"href":"https:\/\/super-news.info\/de\/wp-json\/wp\/v2\/posts\/1714\/revisions"}],"predecessor-version":[{"id":1716,"href":"https:\/\/super-news.info\/de\/wp-json\/wp\/v2\/posts\/1714\/revisions\/1716"}],"wp:featuredmedia":[{"embeddable":true,"href":"https:\/\/super-news.info\/de\/wp-json\/wp\/v2\/media\/1715"}],"wp:attachment":[{"href":"https:\/\/super-news.info\/de\/wp-json\/wp\/v2\/media?parent=1714"}],"wp:term":[{"taxonomy":"category","embeddable":true,"href":"https:\/\/super-news.info\/de\/wp-json\/wp\/v2\/categories?post=1714"},{"taxonomy":"post_tag","embeddable":true,"href":"https:\/\/super-news.info\/de\/wp-json\/wp\/v2\/tags?post=1714"}],"curies":[{"name":"wp","href":"https:\/\/api.w.org\/{rel}","templated":true}]}}