{"id":1660,"date":"2021-05-19T11:18:58","date_gmt":"2021-05-19T11:18:58","guid":{"rendered":"https:\/\/super-news.info\/de\/video-die-achtjaehrige-camila-und-ihr-traum-von-olympia-2032\/"},"modified":"2021-05-19T11:19:01","modified_gmt":"2021-05-19T11:19:01","slug":"video-die-achtjaehrige-camila-und-ihr-traum-von-olympia-2032","status":"publish","type":"post","link":"https:\/\/super-news.info\/de\/video-die-achtjaehrige-camila-und-ihr-traum-von-olympia-2032\/","title":{"rendered":"Video: Die achtj\u00e4hrige Camila und ihr Traum von Olympia 2032"},"content":{"rendered":"<p> Video<br \/>\n Die achtj\u00e4hrige Camila und ihr Traum von Olympia 2032<\/p>\n<p> Die achtj\u00e4hrige Camila Iachini aus Venezuela strampelt, kurvt und fliegt energisch ihrem Lebenstraum entgegen. Sie will eine olympische Goldmedaille im BMX im Jahr 2032 gewinnen. In Sachen Erfolg ist sie kein unbeschriebenes Blatt: 25 Medaillen und Troph\u00e4en hat Venezuelas BMX-Vizemeisterin in ihrer noch jungen Karriere eingeheimst. &#8222;Motocross macht eine Menge Spa\u00df. Radfahren oder Fu\u00dfball &#8211; alle Sportarten erfordern Disziplin und Durchhalteverm\u00f6gen. Und wenn man beides hat, kann man seine Tr\u00e4ume erreichen.&#8220; Ihr Fokus liegt nun auf den n\u00e4chsten elf Jahren ihres Lebens, in denen sie hofft, dass ihr Training und ihre Beharrlichkeit ihren olympischen Traum wahr werden lassen.  &#8222;Ich habe den Fernseher angemacht und da liefen die Rio-Spiele von 2016. Ich habe Stefany Hernandez, Mariana Pajon und Jefferson Milano gesehen und meine Eltern gefragt, ob ich BMX lernen kann. Sie sagten &#8218;klar&#8216; und so bin ich jetzt seit f\u00fcnf Jahren dabei. Mein erstes Rad hat mir der Weihnachtsmann gebracht.&#8220; Seitdem trainiert sie und l\u00e4sst ihre Konkurrentinnen und Konkurrenten im Staub zur\u00fcck. Ihr Vater Mario ist stolz: &#8222;Sie sagte, &#8218;Papa, ich will eine Olympionikin werden, ich will eine Olympionikin werden. Ich bekomme immer noch G\u00e4nsehaut, das werde ich nie vergessen. Mit drei Jahren denkst du nicht \u00fcber solche Dinge nach. Wir w\u00e4ren damals auf die Stra\u00dfe gegangen und h\u00e4tten gesagt, komm wir spielen die Olympischen Spiele. Dann h\u00e4tten wir die Zeit laufen lassen und w\u00e4ren Runden gerannt.&#8220; BMX, eine Abk\u00fcrzung f\u00fcr Bicycle-Motorcross, wurde im Jahr 2008 bei den Spielen in Peking olympisch. Die Sportart entstand in den 1960er Jahren in den USA.<br \/>\n Mehr<\/p>\n<p> Die junge Venezolanerin ist selbstbewusst und glaubt, dass man mit Disziplin und Durchhalteverm\u00f6gen alles erreichen kann.<\/p>\n<p>\n<!--noindex--><br \/>\n<a href=\"https:\/\/www.stern.de\/panorama\/video-die-achtjaehrige-camila-und-ihr-traum-von-olympia-2032-30535056.html?utm_campaign=alle&#038;utm_medium=rss-feed&#038;utm_source=standard\" rel=\"nofollow\">Source link <\/a><br \/>\n<!--\/noindex--><\/p>\n","protected":false},"excerpt":{"rendered":"<p>Video Die achtj\u00e4hrige Camila und ihr Traum von Olympia 2032 Die achtj\u00e4hrige Camila Iachini aus Venezuela strampelt, kurvt und fliegt energisch ihrem Lebenstraum entgegen. Sie will eine olympische Goldmedaille im BMX im Jahr 2032 gewinnen. In Sachen Erfolg ist sie kein unbeschriebenes Blatt: 25 Medaillen und Troph\u00e4en hat Venezuelas BMX-Vizemeisterin in ihrer noch jungen Karriere [&hellip;]<\/p>\n","protected":false},"author":1,"featured_media":1661,"comment_status":"open","ping_status":"open","sticky":false,"template":"","format":"standard","meta":{"footnotes":""},"categories":[1],"tags":[],"class_list":["post-1660","post","type-post","status-publish","format-standard","has-post-thumbnail","hentry","category-neuigkeiten"],"yoast_head":"<!-- This site is optimized with the Yoast SEO plugin v27.4 - https:\/\/yoast.com\/product\/yoast-seo-wordpress\/ -->\n<title>Video: Die achtj\u00e4hrige Camila und ihr Traum von Olympia 2032 - Super News<\/title>\n<meta name=\"robots\" content=\"index, follow, max-snippet:-1, max-image-preview:large, max-video-preview:-1\" \/>\n<link rel=\"canonical\" href=\"https:\/\/super-news.info\/de\/video-die-achtjaehrige-camila-und-ihr-traum-von-olympia-2032\/\" \/>\n<meta property=\"og:locale\" content=\"de_DE\" \/>\n<meta property=\"og:type\" content=\"article\" \/>\n<meta property=\"og:title\" content=\"Video: Die achtj\u00e4hrige Camila und ihr Traum von Olympia 2032 - Super News\" \/>\n<meta property=\"og:description\" content=\"Video Die achtj\u00e4hrige Camila und ihr Traum von Olympia 2032 Die achtj\u00e4hrige Camila Iachini aus Venezuela strampelt, kurvt und fliegt energisch ihrem Lebenstraum entgegen. Sie will eine olympische Goldmedaille im BMX im Jahr 2032 gewinnen. In Sachen Erfolg ist sie kein unbeschriebenes Blatt: 25 Medaillen und Troph\u00e4en hat Venezuelas BMX-Vizemeisterin in ihrer noch jungen Karriere [&hellip;]\" \/>\n<meta property=\"og:url\" content=\"https:\/\/super-news.info\/de\/video-die-achtjaehrige-camila-und-ihr-traum-von-olympia-2032\/\" \/>\n<meta property=\"og:site_name\" content=\"Super News\" \/>\n<meta property=\"article:published_time\" content=\"2021-05-19T11:18:58+00:00\" \/>\n<meta property=\"article:modified_time\" content=\"2021-05-19T11:19:01+00:00\" \/>\n<meta property=\"og:image\" content=\"https:\/\/super-news.info\/de\/wp-content\/uploads\/sites\/13\/2021\/05\/Video-Die-achtjaehrige-Camila-und-ihr-Traum-von-Olympia-2032.jpg\" \/>\n\t<meta property=\"og:image:width\" content=\"1440\" \/>\n\t<meta property=\"og:image:height\" content=\"810\" \/>\n\t<meta property=\"og:image:type\" content=\"image\/jpeg\" \/>\n<meta name=\"author\" content=\"super news\" \/>\n<meta name=\"twitter:card\" content=\"summary_large_image\" \/>\n<meta name=\"twitter:label1\" content=\"Verfasst von\" \/>\n\t<meta name=\"twitter:data1\" content=\"super news\" \/>\n\t<meta name=\"twitter:label2\" content=\"Gesch\u00e4tzte Lesezeit\" \/>\n\t<meta name=\"twitter:data2\" content=\"1\u00a0Minute\" \/>\n<script type=\"application\/ld+json\" class=\"yoast-schema-graph\">{\"@context\":\"https:\\\/\\\/schema.org\",\"@graph\":[{\"@type\":\"Article\",\"@id\":\"https:\\\/\\\/super-news.info\\\/de\\\/video-die-achtjaehrige-camila-und-ihr-traum-von-olympia-2032\\\/#article\",\"isPartOf\":{\"@id\":\"https:\\\/\\\/super-news.info\\\/de\\\/video-die-achtjaehrige-camila-und-ihr-traum-von-olympia-2032\\\/\"},\"author\":{\"name\":\"super news\",\"@id\":\"https:\\\/\\\/super-news.info\\\/de\\\/#\\\/schema\\\/person\\\/2b9ff946d06444e803cb306ffcfd1045\"},\"headline\":\"Video: Die achtj\u00e4hrige Camila und ihr Traum von Olympia 2032\",\"datePublished\":\"2021-05-19T11:18:58+00:00\",\"dateModified\":\"2021-05-19T11:19:01+00:00\",\"mainEntityOfPage\":{\"@id\":\"https:\\\/\\\/super-news.info\\\/de\\\/video-die-achtjaehrige-camila-und-ihr-traum-von-olympia-2032\\\/\"},\"wordCount\":304,\"commentCount\":0,\"image\":{\"@id\":\"https:\\\/\\\/super-news.info\\\/de\\\/video-die-achtjaehrige-camila-und-ihr-traum-von-olympia-2032\\\/#primaryimage\"},\"thumbnailUrl\":\"https:\\\/\\\/super-news.info\\\/de\\\/wp-content\\\/uploads\\\/sites\\\/13\\\/2021\\\/05\\\/Video-Die-achtjaehrige-Camila-und-ihr-Traum-von-Olympia-2032.jpg\",\"articleSection\":[\"NEUIGKEITEN\"],\"inLanguage\":\"de\",\"potentialAction\":[{\"@type\":\"CommentAction\",\"name\":\"Comment\",\"target\":[\"https:\\\/\\\/super-news.info\\\/de\\\/video-die-achtjaehrige-camila-und-ihr-traum-von-olympia-2032\\\/#respond\"]}]},{\"@type\":\"WebPage\",\"@id\":\"https:\\\/\\\/super-news.info\\\/de\\\/video-die-achtjaehrige-camila-und-ihr-traum-von-olympia-2032\\\/\",\"url\":\"https:\\\/\\\/super-news.info\\\/de\\\/video-die-achtjaehrige-camila-und-ihr-traum-von-olympia-2032\\\/\",\"name\":\"Video: Die achtj\u00e4hrige Camila und ihr Traum von Olympia 2032 - Super News\",\"isPartOf\":{\"@id\":\"https:\\\/\\\/super-news.info\\\/de\\\/#website\"},\"primaryImageOfPage\":{\"@id\":\"https:\\\/\\\/super-news.info\\\/de\\\/video-die-achtjaehrige-camila-und-ihr-traum-von-olympia-2032\\\/#primaryimage\"},\"image\":{\"@id\":\"https:\\\/\\\/super-news.info\\\/de\\\/video-die-achtjaehrige-camila-und-ihr-traum-von-olympia-2032\\\/#primaryimage\"},\"thumbnailUrl\":\"https:\\\/\\\/super-news.info\\\/de\\\/wp-content\\\/uploads\\\/sites\\\/13\\\/2021\\\/05\\\/Video-Die-achtjaehrige-Camila-und-ihr-Traum-von-Olympia-2032.jpg\",\"datePublished\":\"2021-05-19T11:18:58+00:00\",\"dateModified\":\"2021-05-19T11:19:01+00:00\",\"author\":{\"@id\":\"https:\\\/\\\/super-news.info\\\/de\\\/#\\\/schema\\\/person\\\/2b9ff946d06444e803cb306ffcfd1045\"},\"breadcrumb\":{\"@id\":\"https:\\\/\\\/super-news.info\\\/de\\\/video-die-achtjaehrige-camila-und-ihr-traum-von-olympia-2032\\\/#breadcrumb\"},\"inLanguage\":\"de\",\"potentialAction\":[{\"@type\":\"ReadAction\",\"target\":[\"https:\\\/\\\/super-news.info\\\/de\\\/video-die-achtjaehrige-camila-und-ihr-traum-von-olympia-2032\\\/\"]}]},{\"@type\":\"ImageObject\",\"inLanguage\":\"de\",\"@id\":\"https:\\\/\\\/super-news.info\\\/de\\\/video-die-achtjaehrige-camila-und-ihr-traum-von-olympia-2032\\\/#primaryimage\",\"url\":\"https:\\\/\\\/super-news.info\\\/de\\\/wp-content\\\/uploads\\\/sites\\\/13\\\/2021\\\/05\\\/Video-Die-achtjaehrige-Camila-und-ihr-Traum-von-Olympia-2032.jpg\",\"contentUrl\":\"https:\\\/\\\/super-news.info\\\/de\\\/wp-content\\\/uploads\\\/sites\\\/13\\\/2021\\\/05\\\/Video-Die-achtjaehrige-Camila-und-ihr-Traum-von-Olympia-2032.jpg\",\"width\":1440,\"height\":810,\"caption\":\"Video: Die achtj\u00e4hrige Camila und ihr Traum von Olympia 2032\"},{\"@type\":\"BreadcrumbList\",\"@id\":\"https:\\\/\\\/super-news.info\\\/de\\\/video-die-achtjaehrige-camila-und-ihr-traum-von-olympia-2032\\\/#breadcrumb\",\"itemListElement\":[{\"@type\":\"ListItem\",\"position\":1,\"name\":\"Home\",\"item\":\"https:\\\/\\\/super-news.info\\\/de\\\/\"},{\"@type\":\"ListItem\",\"position\":2,\"name\":\"Video: Die achtj\u00e4hrige Camila und ihr Traum von Olympia 2032\"}]},{\"@type\":\"WebSite\",\"@id\":\"https:\\\/\\\/super-news.info\\\/de\\\/#website\",\"url\":\"https:\\\/\\\/super-news.info\\\/de\\\/\",\"name\":\"Super News\",\"description\":\"Super News Germany\",\"potentialAction\":[{\"@type\":\"SearchAction\",\"target\":{\"@type\":\"EntryPoint\",\"urlTemplate\":\"https:\\\/\\\/super-news.info\\\/de\\\/?s={search_term_string}\"},\"query-input\":{\"@type\":\"PropertyValueSpecification\",\"valueRequired\":true,\"valueName\":\"search_term_string\"}}],\"inLanguage\":\"de\"},{\"@type\":\"Person\",\"@id\":\"https:\\\/\\\/super-news.info\\\/de\\\/#\\\/schema\\\/person\\\/2b9ff946d06444e803cb306ffcfd1045\",\"name\":\"super news\",\"image\":{\"@type\":\"ImageObject\",\"inLanguage\":\"de\",\"@id\":\"https:\\\/\\\/secure.gravatar.com\\\/avatar\\\/98e0b303f300d45b2a94684c5e4dda8baa4a5e9710b579f7493c8612061d08bf?s=96&d=mm&r=g\",\"url\":\"https:\\\/\\\/secure.gravatar.com\\\/avatar\\\/98e0b303f300d45b2a94684c5e4dda8baa4a5e9710b579f7493c8612061d08bf?s=96&d=mm&r=g\",\"contentUrl\":\"https:\\\/\\\/secure.gravatar.com\\\/avatar\\\/98e0b303f300d45b2a94684c5e4dda8baa4a5e9710b579f7493c8612061d08bf?s=96&d=mm&r=g\",\"caption\":\"super news\"},\"url\":\"https:\\\/\\\/super-news.info\\\/de\\\/author\\\/manuel\\\/\"}]}<\/script>\n<!-- \/ Yoast SEO plugin. -->","yoast_head_json":{"title":"Video: Die achtj\u00e4hrige Camila und ihr Traum von Olympia 2032 - Super News","robots":{"index":"index","follow":"follow","max-snippet":"max-snippet:-1","max-image-preview":"max-image-preview:large","max-video-preview":"max-video-preview:-1"},"canonical":"https:\/\/super-news.info\/de\/video-die-achtjaehrige-camila-und-ihr-traum-von-olympia-2032\/","og_locale":"de_DE","og_type":"article","og_title":"Video: Die achtj\u00e4hrige Camila und ihr Traum von Olympia 2032 - Super News","og_description":"Video Die achtj\u00e4hrige Camila und ihr Traum von Olympia 2032 Die achtj\u00e4hrige Camila Iachini aus Venezuela strampelt, kurvt und fliegt energisch ihrem Lebenstraum entgegen. Sie will eine olympische Goldmedaille im BMX im Jahr 2032 gewinnen. In Sachen Erfolg ist sie kein unbeschriebenes Blatt: 25 Medaillen und Troph\u00e4en hat Venezuelas BMX-Vizemeisterin in ihrer noch jungen Karriere [&hellip;]","og_url":"https:\/\/super-news.info\/de\/video-die-achtjaehrige-camila-und-ihr-traum-von-olympia-2032\/","og_site_name":"Super News","article_published_time":"2021-05-19T11:18:58+00:00","article_modified_time":"2021-05-19T11:19:01+00:00","og_image":[{"width":1440,"height":810,"url":"https:\/\/super-news.info\/de\/wp-content\/uploads\/sites\/13\/2021\/05\/Video-Die-achtjaehrige-Camila-und-ihr-Traum-von-Olympia-2032.jpg","type":"image\/jpeg"}],"author":"super news","twitter_card":"summary_large_image","twitter_misc":{"Verfasst von":"super news","Gesch\u00e4tzte Lesezeit":"1\u00a0Minute"},"schema":{"@context":"https:\/\/schema.org","@graph":[{"@type":"Article","@id":"https:\/\/super-news.info\/de\/video-die-achtjaehrige-camila-und-ihr-traum-von-olympia-2032\/#article","isPartOf":{"@id":"https:\/\/super-news.info\/de\/video-die-achtjaehrige-camila-und-ihr-traum-von-olympia-2032\/"},"author":{"name":"super news","@id":"https:\/\/super-news.info\/de\/#\/schema\/person\/2b9ff946d06444e803cb306ffcfd1045"},"headline":"Video: Die achtj\u00e4hrige Camila und ihr Traum von Olympia 2032","datePublished":"2021-05-19T11:18:58+00:00","dateModified":"2021-05-19T11:19:01+00:00","mainEntityOfPage":{"@id":"https:\/\/super-news.info\/de\/video-die-achtjaehrige-camila-und-ihr-traum-von-olympia-2032\/"},"wordCount":304,"commentCount":0,"image":{"@id":"https:\/\/super-news.info\/de\/video-die-achtjaehrige-camila-und-ihr-traum-von-olympia-2032\/#primaryimage"},"thumbnailUrl":"https:\/\/super-news.info\/de\/wp-content\/uploads\/sites\/13\/2021\/05\/Video-Die-achtjaehrige-Camila-und-ihr-Traum-von-Olympia-2032.jpg","articleSection":["NEUIGKEITEN"],"inLanguage":"de","potentialAction":[{"@type":"CommentAction","name":"Comment","target":["https:\/\/super-news.info\/de\/video-die-achtjaehrige-camila-und-ihr-traum-von-olympia-2032\/#respond"]}]},{"@type":"WebPage","@id":"https:\/\/super-news.info\/de\/video-die-achtjaehrige-camila-und-ihr-traum-von-olympia-2032\/","url":"https:\/\/super-news.info\/de\/video-die-achtjaehrige-camila-und-ihr-traum-von-olympia-2032\/","name":"Video: Die achtj\u00e4hrige Camila und ihr Traum von Olympia 2032 - Super News","isPartOf":{"@id":"https:\/\/super-news.info\/de\/#website"},"primaryImageOfPage":{"@id":"https:\/\/super-news.info\/de\/video-die-achtjaehrige-camila-und-ihr-traum-von-olympia-2032\/#primaryimage"},"image":{"@id":"https:\/\/super-news.info\/de\/video-die-achtjaehrige-camila-und-ihr-traum-von-olympia-2032\/#primaryimage"},"thumbnailUrl":"https:\/\/super-news.info\/de\/wp-content\/uploads\/sites\/13\/2021\/05\/Video-Die-achtjaehrige-Camila-und-ihr-Traum-von-Olympia-2032.jpg","datePublished":"2021-05-19T11:18:58+00:00","dateModified":"2021-05-19T11:19:01+00:00","author":{"@id":"https:\/\/super-news.info\/de\/#\/schema\/person\/2b9ff946d06444e803cb306ffcfd1045"},"breadcrumb":{"@id":"https:\/\/super-news.info\/de\/video-die-achtjaehrige-camila-und-ihr-traum-von-olympia-2032\/#breadcrumb"},"inLanguage":"de","potentialAction":[{"@type":"ReadAction","target":["https:\/\/super-news.info\/de\/video-die-achtjaehrige-camila-und-ihr-traum-von-olympia-2032\/"]}]},{"@type":"ImageObject","inLanguage":"de","@id":"https:\/\/super-news.info\/de\/video-die-achtjaehrige-camila-und-ihr-traum-von-olympia-2032\/#primaryimage","url":"https:\/\/super-news.info\/de\/wp-content\/uploads\/sites\/13\/2021\/05\/Video-Die-achtjaehrige-Camila-und-ihr-Traum-von-Olympia-2032.jpg","contentUrl":"https:\/\/super-news.info\/de\/wp-content\/uploads\/sites\/13\/2021\/05\/Video-Die-achtjaehrige-Camila-und-ihr-Traum-von-Olympia-2032.jpg","width":1440,"height":810,"caption":"Video: Die achtj\u00e4hrige Camila und ihr Traum von Olympia 2032"},{"@type":"BreadcrumbList","@id":"https:\/\/super-news.info\/de\/video-die-achtjaehrige-camila-und-ihr-traum-von-olympia-2032\/#breadcrumb","itemListElement":[{"@type":"ListItem","position":1,"name":"Home","item":"https:\/\/super-news.info\/de\/"},{"@type":"ListItem","position":2,"name":"Video: Die achtj\u00e4hrige Camila und ihr Traum von Olympia 2032"}]},{"@type":"WebSite","@id":"https:\/\/super-news.info\/de\/#website","url":"https:\/\/super-news.info\/de\/","name":"Super News","description":"Super News Germany","potentialAction":[{"@type":"SearchAction","target":{"@type":"EntryPoint","urlTemplate":"https:\/\/super-news.info\/de\/?s={search_term_string}"},"query-input":{"@type":"PropertyValueSpecification","valueRequired":true,"valueName":"search_term_string"}}],"inLanguage":"de"},{"@type":"Person","@id":"https:\/\/super-news.info\/de\/#\/schema\/person\/2b9ff946d06444e803cb306ffcfd1045","name":"super news","image":{"@type":"ImageObject","inLanguage":"de","@id":"https:\/\/secure.gravatar.com\/avatar\/98e0b303f300d45b2a94684c5e4dda8baa4a5e9710b579f7493c8612061d08bf?s=96&d=mm&r=g","url":"https:\/\/secure.gravatar.com\/avatar\/98e0b303f300d45b2a94684c5e4dda8baa4a5e9710b579f7493c8612061d08bf?s=96&d=mm&r=g","contentUrl":"https:\/\/secure.gravatar.com\/avatar\/98e0b303f300d45b2a94684c5e4dda8baa4a5e9710b579f7493c8612061d08bf?s=96&d=mm&r=g","caption":"super news"},"url":"https:\/\/super-news.info\/de\/author\/manuel\/"}]}},"_links":{"self":[{"href":"https:\/\/super-news.info\/de\/wp-json\/wp\/v2\/posts\/1660","targetHints":{"allow":["GET"]}}],"collection":[{"href":"https:\/\/super-news.info\/de\/wp-json\/wp\/v2\/posts"}],"about":[{"href":"https:\/\/super-news.info\/de\/wp-json\/wp\/v2\/types\/post"}],"author":[{"embeddable":true,"href":"https:\/\/super-news.info\/de\/wp-json\/wp\/v2\/users\/1"}],"replies":[{"embeddable":true,"href":"https:\/\/super-news.info\/de\/wp-json\/wp\/v2\/comments?post=1660"}],"version-history":[{"count":1,"href":"https:\/\/super-news.info\/de\/wp-json\/wp\/v2\/posts\/1660\/revisions"}],"predecessor-version":[{"id":1662,"href":"https:\/\/super-news.info\/de\/wp-json\/wp\/v2\/posts\/1660\/revisions\/1662"}],"wp:featuredmedia":[{"embeddable":true,"href":"https:\/\/super-news.info\/de\/wp-json\/wp\/v2\/media\/1661"}],"wp:attachment":[{"href":"https:\/\/super-news.info\/de\/wp-json\/wp\/v2\/media?parent=1660"}],"wp:term":[{"taxonomy":"category","embeddable":true,"href":"https:\/\/super-news.info\/de\/wp-json\/wp\/v2\/categories?post=1660"},{"taxonomy":"post_tag","embeddable":true,"href":"https:\/\/super-news.info\/de\/wp-json\/wp\/v2\/tags?post=1660"}],"curies":[{"name":"wp","href":"https:\/\/api.w.org\/{rel}","templated":true}]}}