{"id":1654,"date":"2021-05-18T11:08:19","date_gmt":"2021-05-18T11:08:19","guid":{"rendered":"https:\/\/super-news.info\/de\/corona-news-vorlaeufige-labordaten-impfstoffe-duerften-auch-vor-b-1-617-schuetzen\/"},"modified":"2021-05-18T11:08:22","modified_gmt":"2021-05-18T11:08:22","slug":"corona-news-vorlaeufige-labordaten-impfstoffe-duerften-auch-vor-b-1-617-schuetzen","status":"publish","type":"post","link":"https:\/\/super-news.info\/de\/corona-news-vorlaeufige-labordaten-impfstoffe-duerften-auch-vor-b-1-617-schuetzen\/","title":{"rendered":"Corona-News: Vorl\u00e4ufige Labordaten \u2013 Impfstoffe d\u00fcrften auch vor B.1.617 sch\u00fctzen"},"content":{"rendered":"<p> Kinder- und Jugend\u00e4rzte fordern schnelle Schul- und Kita\u00f6ffnungen\u00a0+++ Priorisierung bei Corona-Impfungen in Deutschland endet am 7. Juni +++ Die Nachrichten zur Coronavirus-Pandemie im stern-Ticker.<\/p>\n<p> \u00d6sterreich l\u00e4sst Corona-Impfungen mit Astrazeneca-Vakzin auslaufen<\/p>\n<p> \u00d6sterreich stellt die Corona-Impfungen mit dem Vakzin von Astrazeneca ein. Bis Anfang Juni w\u00fcrden voraussichtlich noch erste Dosen des Astrazeneca-Impfstoffs verabreicht, danach liefen diese Impfungen aus, sagte Gesundheitsminister Wolfgang M\u00fcckstein im Privatsender Puls 24. Er begr\u00fcndete die Entscheidung mit Lieferverz\u00f6gerungen sowie mit &#8222;schlechter Presse&#8220; und in der Bev\u00f6lkerung verbreiteten Vorbehalten gegen das Vakzin des britisch-schwedischen Herstellers.<br \/>\n \u00d6sterreich bietet kostenlose Corona-Tests f\u00fcr Urlauber an<\/p>\n<p> \u00d6sterreich bietet ab n\u00e4chster Woche kostenlose Corona-Tests auch f\u00fcr ausl\u00e4ndische G\u00e4ste an, um so den Tourismus anzukurbeln. Diese M\u00f6glichkeit werde in \u00f6ffentlichen Test-Stra\u00dfen, Apotheken oder auch direkt im Hotel oder im Gasthaus bestehen, sagte Tourismusministerin Elisabeth K\u00f6stinger (\u00d6VP) in Wien. Jeder Wirt, jedes Hotel, jeder Betrieb\u00a0k\u00f6nne Selbsttests f\u00fcr G\u00e4ste anbieten. Das solle auch spontane Restaurantbesuche erm\u00f6glichen. Der Vor-Ort-Test gelte in diesem Fall aber auch nur f\u00fcr die Dauer des Aufenthalts im Lokal.\u00a0&#8222;Es liegt in der Entscheidung des Lokalbetreibers, ob er diese Tests anbietet&#8220;, sagte K\u00f6stinger.                <\/p>\n<p> \u00c4nderung bei bundesweiter FFP2-Maskenpflicht f\u00fcr Kinder geplant<\/p>\n<p> Als Schutz in der Corona-Pandemie sollen Kinder zwischen 6 und 16 Jahren k\u00fcnftig auch OP-Masken tragen k\u00f6nnen &#8211; statt bisher vorgeschriebener spezieller FFP2-Masken. Das sieht eine von Bundesgesundheitsminister Jens Spahn vorgesehene \u00c4nderung des Infektionsschutzgesetzes vor, \u00fcber die zuerst die &#8222;Bild&#8220;-Zeitung berichtete. &#8222;Masken m\u00fcssen sitzen, damit sie sch\u00fctzen&#8220;, sagte der CDU-Politiker. &#8222;Da es f\u00fcr Kinder und Jugendliche kaum passende FFP2-Masken gibt, streichen wir f\u00fcr sie im Bundesgesetz die entsprechende Pflicht.&#8220; Die k\u00fcnftig verpflichtenden OP-Masken gebe es in passender Gr\u00f6\u00dfe, und auch sie verhinderten Infektionen.<br \/>\n Langzeitstudie: Kein erh\u00f6htes Corona-Risiko im Fernverkehr<\/p>\n<p> Mitarbeitende in Fernverkehrsz\u00fcgen der Deutschen Bahn (DB) sind auch bei h\u00e4ufigem Kundenkontakt keinem h\u00f6heren Corona-Risiko ausgesetzt als Mitarbeitende ohne Kundenkontakt. Dies ist das Ergebnis einer ver\u00f6ffentlichten Langzeitstudie der DB in Zusammenarbeit mit der Berliner Charit\u00e9. Die Schutzma\u00dfnahmen an Bord der Z\u00fcge, wie das Tragen medizinischer Masken und die hohe Frischluftzufuhr, zeigten auch in der dritten Corona-Welle Wirkung, erkl\u00e4rte die DB.                <\/p>\n<p> F\u00fcr die Studie wurden in den Jahren 2020 und 2021 insgesamt drei Testreihen mit jeweils \u00fcber 1000 Mitarbeitenden durchgef\u00fchrt. Die Studienteilnehmer wurden auf eine Corona-Infektion und Antik\u00f6rper getestet. Eine akute Infektion wurde bei drei Mitarbeitenden festgestellt, Antik\u00f6rper wurden bei 39 Menschen nachgewiesen.<br \/>\n Vorl\u00e4ufige Labordaten: Impfstoffe d\u00fcrften auch vor B.1.617 sch\u00fctzen<\/p>\n<p> Die Impfstoffe von\u00a0Biontech\/Pfizer und Moderna d\u00fcrften vorl\u00e4ufigen US-Daten zufolge auch vor den indischen Corona-Varianten B.1.617 und B.1.618 gut sch\u00fctzen. Es gebe gute Gr\u00fcnde, das anzunehmen, schreiben Forscher mit Verweis auf Laborexperimente in einer Preprint-Studie, die bislang nicht von Experten begutachtet und nicht in einem Fachjournal ver\u00f6ffentlicht wurde.                <\/p>\n<p> Die Wissenschaftler um Nathaniel Landau von der New York University \u00fcberpr\u00fcften im\u00a0Labor, inwieweit Antik\u00f6rper von\u00a0Genesenen und Geimpften an mutierte Virusproteine binden. Dabei stellten sie fest, dass die Wirksamkeit der Antik\u00f6rper bei B.1.617 und B.1.618 zwar etwas geringer ausfiel als beim urspr\u00fcnglichen Erregertyp, gegen den die Impfstoffe entwickelt wurden. Die Forscher gehen aber von einem weitgehenden Schutzeffekt aus. Zu beachten ist, dass es sich um Laborexperimente handelt. Inwieweit die Impfung tats\u00e4chlich vor den indischen Varianten sch\u00fctzt, l\u00e4sst sich daraus nicht mit Sicherheit ableiten.      <\/p>\n<p> Corona-Pandemie<\/p>\n<p> Virusvarianten aus Indien und S\u00fcdafrika: Diese Gefahr geht von den Corona-Mutationen aus <\/p>\n<p> 30.04.2021<\/p>\n<p> Bund und L\u00e4nder planen weiteren Impfgipfel am 27. Mai<\/p>\n<p> Kanzlerin Angela Merkel (CDU) und die Ministerpr\u00e4sidenten der L\u00e4nder wollen am 27. Mai \u00fcber das weitere Vorgehen bei den Corona-Impfungen beraten. Dabei soll es nach Informationen der Deutschen Presse-Agentur in Berlin\u00a0unter anderem um das Impfen von Sch\u00fclern und Studenten, den geplanten digitalen Impfnachweis sowie die Impflogistik im Sommer gehen. Eine offizielle Einladung zu den Beratungen gab es demnach noch nicht. Zuerst hatte der Sender RTL\/n-tv \u00fcber den Termin berichtet. Merkel und die Regierungschefs der L\u00e4nder hatten sich zuletzt am 26. April zu einem Impfgipfel getroffen.<br \/>\n Bayerns Gesundheitsminister verteidigt Ende der Impfpriorisierung<\/p>\n<p> Der Vorsitzende der Gesundheitsministerkonferenz, Klaus Holetschek (CSU),\u00a0hat die Aufhebung der Corona-Impfpriorisierung als &#8222;richtig und wichtig&#8220; bezeichnet. Es sei gut, den Arztpraxen mehr Flexibilit\u00e4t einzur\u00e4umen und damit das Impftempo zu erh\u00f6hen, sagte der bayerische Gesundheitsminister\u00a0im ZDF-&#8222;Morgenmagazin&#8220;. Etwa in Bayern sei man in den Impfzentren &#8222;schon weit in der Priorit\u00e4t drei&#8220; und auch die Arztpraxen signalisierten einen entsprechenden Impffortschritt. Zur M\u00f6glichkeit, die vorgegebene Reihenfolge ab dem 7. Juni auch in Impfzentren aufzuheben, seien die Bundesl\u00e4nder &#8222;noch unterschiedlich in der Meinungsbildung&#8220;.      <\/p>\n<p> Corona-Pandemie<\/p>\n<p> Impfpriorisierung soll ab dem 7. Juni aufgehoben werden <\/p>\n<p> Vor 17 Stunden<\/p>\n<p> RKI registriert 4209 Corona-Neuinfektionen \u2013 Inzidenz bei 79,5<\/p>\n<p> Die Gesundheits\u00e4mter in Deutschland haben dem Robert Koch-Institut (RKI) binnen eines Tages 4209 Corona-Neuinfektionen gemeldet. Das geht aus Zahlen vom Morgen\u00a0hervor, die den Stand der RKI-Fallzahlenseite von 08.11 Uhr wiedergeben. Zum Vergleich: Vor einer Woche hatte der Wert bei 6125 Ansteckungen gelegen, in dem Datensatz fehlten allerdings die Fallzahlen aus Brandenburg. Die Zahl der binnen sieben Tagen gemeldeten Neuinfektionen pro 100.000 Einwohner gab das RKI\u00a0mit bundesweit 79,5 an (Vortag: 83,1; Vorwoche: 115,4).                <\/p>\n<p> Aufgrund des vergangenen Himmelfahrt-Wochenendes sei bei der Interpretation der Fallzahlen zu beachten, dass an Feier- und Br\u00fcckentagen weniger Personen einen Arzt aufsuchen, wodurch auch weniger Proben genommen und weniger Laboruntersuchungen durchgef\u00fchrt werden, hie\u00df es im Lagebericht des RKI vom Montag. &#8222;Dies f\u00fchrt dazu, dass weniger Erregernachweise an die zust\u00e4ndigen Gesundheits\u00e4mter gemeldet werden.&#8220; Deutschlandweit wurden den Angaben nach binnen 24 Stunden 221 neue Todesf\u00e4lle verzeichnet. Vor einer Woche waren es 283 Tote gewesen. Der bundesweite Sieben-Tage-R-Wert lag laut RKI-Lagebericht von Montagabend bei 0,77 (Vortag: 0,82). Das bedeutet, dass 100 Infizierte rechnerisch 77 weitere Menschen anstecken.\u00a0                <\/p>\n<p> Kinder- und Jugend\u00e4rzte fordern schnelle Schul- und Kita\u00f6ffnungen<\/p>\n<p> Kinder- und Jugend\u00e4rzte haben schnelle Schul- und Kita\u00f6ffnungen gefordert und vor &#8222;verheerenden Langzeitfolgen&#8220; der\u00a0Corona-Ma\u00dfnahmen gewarnt. Schulen und Kitas sollten schnell ge\u00f6ffnet werden, &#8222;nat\u00fcrlich gem\u00e4\u00df den geltenden Leitlinien und mit angemessenen Testungen&#8220;, forderte der Pr\u00e4sident der Deutschen Gesellschaft f\u00fcr Kinder- und Jugendmedizin (DGKJ), J\u00f6rg D\u00f6tsch, in der D\u00fcsseldorfer &#8222;Rheinischen Post&#8220;. Von Impfungen d\u00fcrften die Schul\u00f6ffnungen nicht abh\u00e4ngig gemacht werden. &#8222;Wir sehen die dringende Notwendigkeit, dass sich Menschen, die sich noch nicht impfen lassen k\u00f6nnen, keine Nachteile davon haben d\u00fcrfen&#8220;, sagte D\u00f6tsch.\u00a0&#8222;Es ist absolut notwendig, selbst wenn Jugendliche in den h\u00f6heren Jahrg\u00e4ngen geimpft werden k\u00f6nnen, f\u00fcr Kinder im Grundschulalter, aber auch in mittleren Jahrg\u00e4ngen wieder ein normales soziales Leben zu erm\u00f6glichen, damit sie sich normal entwickeln k\u00f6nnen&#8220;.<br \/>\n Kassen\u00e4rzte hoffen auf steigende Liefermenge nach Wegfall der Impf-Reihenfolge<\/p>\n<p> Der Chef der Kassen\u00e4rztlichen Bundesvereinigung, Andreas Gassen, hofft auf deutlich steigende Liefermengen bei den\u00a0Corona-Impfstoffen nach der Aufhebung der festen Impf-Reihenfolge im Juni. Die Kassen\u00e4rzte gingen davon aus, dass Bundesgesundheitsminister Jens Spahn (CDU) &#8222;deshalb das Datum ab 7. Juni genannt hat, da dann wohl mit deutlich steigenden Liefermengen zu rechnen sein d\u00fcrfte&#8220;, sagte Gassen dem Redaktionsnetzwerk Deutschland (RND). Spahn hatte am Montag angek\u00fcndigt, die Impf-Reihenfolge ab dem 7. Juni aufzuheben, um die Impfkampagne weiter zu beschleunigen. Gassen begr\u00fc\u00dfte die Entscheidung grunds\u00e4tzlich: &#8222;Wir finden das gut&#8220;, sagte er. &#8222;Es macht die Arbeit der niedergelassenen Kolleginnen und Kolleginnen leichter.&#8220; Grundvoraussetzung sei aber, &#8222;dass ausreichend Impfstoffe da sind&#8220;.      <\/p>\n<p> Vakzine, Impfreihenfolge<\/p>\n<p> Ab heute impfen auch die Haus\u00e4rzte. Was das f\u00fcr die Kampagne bedeutet <\/p>\n<p> 06.04.2021<\/p>\n<p> Die News zur Coronavirus-Pandemie von Montag, 17. Mai 2021:<br \/>\n Studie: Impfstoffe von Pfizer und Moderna wohl auch gegen indische Varianten wirksam<\/p>\n<p> Die Corona-Impfstoffe von Pfizer\/Biontech und Moderna sind laut einer US-Studie wohl auch gegen die zwei indischen Virus-Varianten B.1.617 und B.1.618 hoch wirksam. &#8222;Wir haben festgestellt, dass die Antik\u00f6rper des Impfstoffs zwar ein wenig schw\u00e4cher gegen die Varianten wirken, aber nicht so sehr, dass es unserer Auffassung nach gro\u00dfe Auswirkungen auf die Schutzf\u00e4higkeit der Impfstoffe h\u00e4tte&#8220;, sagte Nathaniel Landau, einer der Verfasser der Studie, der Nachrichtenagentur APF.                <\/p>\n<p> Die Studie der NYU Grossman School of Medicine und des NYU Langone Center wurde noch nicht durch mehrere Fachexperten unabh\u00e4ngig voneinander begutachtet. Ohne ein solches Peer-Review-Verfahren zur Sicherung der wissenschaftlichen Qualit\u00e4t ist die Korrektheit der Studie noch ungekl\u00e4rt und ihre Aussagekraft deshalb begrenzt.<br \/>\n \u00d6sterreich erlaubt Einreise aus Deutschland ohne Quarant\u00e4ne<\/p>\n<p> \u00d6sterreich erlaubt ab Mittwoch die Einreise aus Deutschland ohne Quarant\u00e4ne. Das erkl\u00e4rte Gesundheitsminister Wolfgang M\u00fcckstein mit Verweis auf eine neue Verordnung. Verpflichtend bleibe allerdings der Nachweis einer Impfung, Testung oder Genesung.\u00a0&#8222;In vielen Staaten gehen die Infektionszahlen zur\u00fcck, daher k\u00f6nnen wir parallel zu den \u00d6ffnungsschritten im Land auch Erleichterungen bei der Einreise nach \u00d6sterreich umsetzen&#8220;, sagte M\u00fcckstein.\u00a0Als Impfnachweis w\u00fcrden die\u00a0Impfstoffe anerkannt, die von der EU-Arzneimittel-Agentur\u00a0EMA zugelassen worden seien oder den entsprechenden Prozess der Weltgesundheitsorganisation erfolgreich durchlaufen h\u00e4tten.                <\/p>\n<p> F\u00fcr Regionen mit Virusvarianten oder Hochinzidenzgebiete w\u00fcrden weiterhin strengere Regeln gelten. Falls ein Test\u00a0nicht vorgelegt werden k\u00f6nne, m\u00fcsse dieser innerhalb von 24 Stunden in \u00d6sterreich gemacht werden.\u00a0Vor jeder Einreise sei\u00a0weiter eine elektronische Registrierung n\u00f6tig.<br \/>\n Priorisierung bei Corona-Impfungen endet am 7. Juni<\/p>\n<p> Bei den Corona-Impfungen in Deutschland soll ab dem 7. Juni keine festgelegte Reihenfolge mehr gelten. Die Priorisierung soll dann entfallen, wie Bundesgesundheitsminister Jens Spahn (CDU) in Berlin auf einer Pressekonferenz nach einem entsprechenden Beschluss der Ressortchefs von Bund und L\u00e4ndern sagte. Zudem teilte der Minister mit, dass bis Ende Mai 40 Prozent der Menschen in Deutschland mindestens einmal gegen Corona geimpft sein sollen. 15 Millionen Impfungen von Menschen mit besonderem Risiko seien von heute bis zum 7. Juni vorgesehen. Spahn wertete den bis dahin noch weiter geltenden Vorrang f\u00fcr \u00c4ltere, Kranke und Menschen in bestimmten Berufen als wichtig. &#8222;Sie zuerst zu impfen, das war epidemiologisch geboten&#8220;, sagte er. Die Priorisierung sei auch moralisch geboten gewesen. &#8222;Das war keine B\u00fcrokratie, das hat Menschenleben gerettet.&#8220; Dennoch k\u00f6nnten die Kommunen bestimmte Kontingente von Impfdosen weiter f\u00fcr bestimmte Stadtteile oder Personengruppen verwenden.<br \/>\n Laschet verteidigt verschiedene \u00d6ffnungsregelungen in L\u00e4ndern<\/p>\n<p> Der CDU-Vorsitzende und nordrhein-westf\u00e4lische Ministerpr\u00e4sident Armin Laschet hat die unterschiedlichen\u00a0Corona-\u00d6ffnungsregelungen in den L\u00e4ndern \u00fcber Pfingsten verteidigt. Wenn Inzidenzen sinken, m\u00fcssten Grundrechtseinschr\u00e4nkungen zur\u00fcckgenommen werden, sagte er in Berlin nach Beratungen der CDU-Spitzengremien. &#8222;Der Zeitpunkt ist jetzt da. Deshalb haben alle L\u00e4nder sehr verantwortungsvoll Ma\u00dfnahmen ergriffen, wie bestimmte Bereiche wieder ge\u00f6ffnet werden k\u00f6nnen&#8220;, sagte Laschet. &#8222;Dass das in den L\u00e4ndern unterschiedlich ist, ist doch mehr als sachgerecht. (&#8230;) Ich w\u00fcrde das nicht Flickenteppich nennen, sondern angemessene Antworten auf das Infektionsgeschehen.&#8220;<br \/>\n Spahn schl\u00e4gt Ende der Impf-Priorisierung ab 7. Juni vor<\/p>\n<p> Bei den\u00a0Corona-Impfungen in Deutschland soll nach Pl\u00e4nen von Bundesgesundheitsminister Jens Spahn (CDU)\u00a0ab dem 7. Juni keine Priorisierung mit einer festgelegten Reihenfolge mehr gelten. &#8222;Damit sind alle B\u00fcrgerinnen und B\u00fcrger ab 16 Jahren berechtigt, einen Impftermin zu vereinbaren&#8220;, hei\u00dft es in einem Beschlussentwurf des Bundes f\u00fcr Beratungen mit den Gesundheitsministern der L\u00e4nder. Er liegt der Deutschen Presse-Agentur vor.                <\/p>\n<p> Ab 7. Juni solle die Priorisierung bundesweit in Arztpraxen und den regionalen Impfzentren entfallen, hei\u00dft es in dem Vorschlag. Zugleich wird betont, dass aufgrund der aktuell erwarteten Liefermengen nicht gleich alle Impfwilligen bereits im Laufe des Juni geimpft werden k\u00f6nnten. &#8222;Die Impfkampagne wird wie angek\u00fcndigt bis zum Ende des Sommers fortgesetzt werden m\u00fcssen.&#8220;                <\/p>\n<p> Laschet: Die Zeit ist reif f\u00fcr Lockerungen<\/p>\n<p> Angesichts der sinkenden Corona-Inzidenzzahlen sieht der CDU-Vorsitzende Armin Laschet die Zeit f\u00fcr Lockerungen der Schutzauflagen gekommen. &#8222;Das Versprechen haben wir den B\u00fcrgern immer gegeben: Wenn Inzidenzzahlen sinken, m\u00fcssen Grundrechtseingriffe zur\u00fcckgenommen werden&#8220;, sagte Laschet\u00a0nach den Gremiensitzungen seiner Partei in Berlin. &#8222;Der Zeitpunkt ist jetzt da.&#8220;                <\/p>\n<p> Dass die Bundesl\u00e4nder dabei unterschiedlich vorgehen, m\u00fcsse angesichts der unterschiedlichen Pandemielage in den einzelnen L\u00e4ndern in Kauf genommen werden, sagte der nordrhein-westf\u00e4lische Ministerpr\u00e4sident. Den Einwand, dass dadurch ein Flickenteppich an abweichenden Regelungen entstehe, wollte Laschet nicht gelten lassen. &#8222;Ich w\u00fcrde das nicht Flickenteppich nennen, sondern eine angemessene Antwort auf das Infektionsgeschehen.&#8220; Er finde die Lockerungsentscheidungen, welche die L\u00e4nder bislang getroffen haben, &#8222;sehr verantwortungsvoll&#8220;.<br \/>\n Bundesregierung sieht noch keine Corona-Entwarnung f\u00fcr den Sommer<\/p>\n<p> Die Bundesregierung sieht trotz der Entspannung der Corona-Lage noch keinen Anlass zur Entwarnung auch f\u00fcr den Sommer. Die t\u00e4glich fallenden Neuinfektionszahlen und die mit gro\u00dfem Schwung laufende Impfkampagne k\u00f6nnten zuversichtlich machen, aber nicht voreilig, sagte Regierungssprecher Steffen Seibert in Berlin. &#8222;Wir haben noch nicht die Voraussetzungen daf\u00fcr erreicht, einen genauso entspannten Sommer wie letztes Jahr zu genie\u00dfen.&#8220; Ziel m\u00fcsse bleiben, die Zahl der Ansteckungen deutlich weiter zu senken.      <\/p>\n<p> Hohe Impfquote<\/p>\n<p> Reisen im Sommer: In diesen L\u00e4ndern k\u00f6nnte der Urlaub klappen <\/p>\n<p> Video01:32<\/p>\n<p> 14.05.2021<\/p>\n<p> Von der Leyen: Bis Ende der Woche 200 Millionen Dosen in EU verimpft<\/p>\n<p> In der Europ\u00e4ischen Union werden nach den Worten von EU-Kommissionspr\u00e4sidentin Ursula von der Leyen bis Ende der Woche insgesamt rund 200 Millionen Dosen Corona-Impfstoff verabreicht worden sein. Im Juli k\u00f6nnten voraussichtlich 70 Prozent der Erwachsenen in der EU\u00a0ihre erste Impfung erhalten haben, wenn sie das Angebot ann\u00e4hmen, sagte von der Leyen nach Informationen der Deutschen Presse-Agentur aus Teilnehmerkreisen in einer teils online organisierten CDU-Vorstandssitzung, zu der sie dazu geschaltet war. Insgesamt habe die EU 250 Millionen Impfdosen erhalten.                <\/p>\n<p> Noch im Mai erwarte sie die vom Impfstoffproduzenten Biontech\/Pfizer beantragte Zulassung des Vakzins f\u00fcr die Altersgruppe ab 12 Jahren durch die europ\u00e4ische Arzneimittelbeh\u00f6rde EMA, sagte von der Leyen demnach weiter. Bislang gibt es in der EU f\u00fcr das Pr\u00e4parat von Biontech\/Pfizer eine Zulassung erst ab 16, f\u00fcr j\u00fcngere Minderj\u00e4hrige gibt es noch keinen Covid-19-Impfstoff.<br \/>\n Corona-Sieben-Tage-Inzidenz in Hamburg unter 50<\/p>\n<p> Die Sieben-Tage-Inzidenz ist in Hamburg erstmals seit Mitte Oktober wieder unter die 50er-Marke gefallen. Laut Gesundheitsbeh\u00f6rde lag die Zahl der Corona-Neuinfektionen pro 100.000 Einwohner binnen einer Woche bei 48,1 (Stand: 11.55 Uhr). 95 neue F\u00e4lle kamen demnach zu Wochenbeginn hinzu. Das waren 7 weniger als am Sonntag und 97 weniger als am vergangenen Montag. Vor einer Woche hatte die Sieben-Tage-Inzidenz 83,9 betragen.                <\/p>\n<p> Das Robert Koch-Institut (RKI) gab den Wert f\u00fcr Hamburg auf anderer Berechnungsgrundlage am Montag mit 45,3 an, was der zweitniedrigste unter den Bundesl\u00e4ndern nach Schleswig-Holstein (35,1) w\u00e4re. Allerdings wies das Institut mit Blick auf das lange Himmelfahrtswochenende darauf hin, &#8222;dass an Feier- und Br\u00fcckentagen weniger Personen einen Arzt aufsuchen, wodurch auch weniger Proben genommen und weniger Laboruntersuchungen durchgef\u00fchrt werden&#8220;.                <\/p>\n<p> Mehr als 40 Millionen Impfdosen in Deutschland verabreicht<\/p>\n<p> Die Impfzentren und Haus\u00e4rzte in Deutschland haben bisher mehr als 40 Millionen\u00a0Corona-Impfdosen verabreicht. Nach Angaben des Robert Koch-Instituts (RKI, Stand: 10:05 Uhr) wurden am Sonntag 268.750 Impfspritzen gesetzt. Wie Bundesgesundheitsminister Jens Spahn auf Twitter mitteilte, sind damit 37 Prozent (30,8 Millionen) der Deutschen mindestens einmal und 11,2 Prozent (9,3 Millionen) vollst\u00e4ndig geimpft. Anteilig wurden davon laut RKI bisher in den Impfzentren 30 Millionen Dosen verabreicht, in den Arztpraxen waren es 10,1 Millionen. In der vergangenen Woche hatte es laut den Angaben am Mittwoch mit 1,38 Millionen gespritzten Dosen zudem einen Tagesrekord gegeben.<br \/>\n Corona-Zahlen in Indien sinken \u2013 Experte warnt vor zu wenigen Tests<\/p>\n<p> Erstmals seit knapp einem Monat gibt es in Indien weniger als 300.000 Neuinfektionen mit dem Coronavirus an einem Tag. Insgesamt waren es in den vergangenen 24 Stunden mehr als 281.000 neue\u00a0Corona-F\u00e4lle und 4106 Tote im Zusammenhang mit Covid-19, wie Zahlen des indischen Gesundheitsministeriums\u00a0zeigen. Am Montag gab auch bekannter indischer Virologe seinen R\u00fccktritt von einem Regierungsgremium bekannt, das ein Konsortium von Laboren bei der Entdeckung von Mutationen ber\u00e4t.      <\/p>\n<p> Interview<\/p>\n<p> Pandemie in Indien<\/p>\n<p> Indischer Arzt arbeitet seit einem Jahr mit Corona-Patienten: &#8222;Covid-19 hat mich ver\u00e4ndert&#8220; <\/p>\n<p> 11.05.2021<\/p>\n<p> Das Konsortium hatte die ansteckendere indische Virusvariante B.1.617 gefunden, die die Weltgesundheitsorganisation (WHO) als besorgniserregend eingestuft hat. Zuvor hatte Shahid Jameel mehrfach das\u00a0Corona-Management der Regierung kritisiert. In einem Meinungsartikel in der &#8222;New York Times&#8220; schrieb er vergangene Woche, dass Indien m\u00f6glicherweise den Peak nicht richtig messen k\u00f6nne, weil zu wenig getestet werde.<br \/>\n Gro\u00dfbritannien lockert Corona-Restriktionen deutlich<\/p>\n<p> Trotz Warnungen vor einer Ausbreitung einer sehr ansteckenden Variante des Coronavirus genie\u00dfen die Menschen in weiten Teilen Gro\u00dfbritanniens wieder deutlich gr\u00f6\u00dfere Freiheiten. Im gr\u00f6\u00dften Landesteil England d\u00fcrfen sich seit heute bis zu sechs Menschen oder zwei Haushalte in geschlossenen R\u00e4umen treffen und m\u00fcssen dabei auch keinen Abstand mehr halten. Im Freien sind sogar Treffen mit bis zu 30 Personen erlaubt. Umarmungen und K\u00fcsse zwischen Freunden und Verwandten sind wieder gestattet.                <\/p>\n<p> Museen, Zoos, Kinos, Theater und Sportst\u00e4tten k\u00f6nnen ebenso \u00f6ffnen wie Hotels und die Innengastronomie. Pubs und Restaurants d\u00fcrfen aber nur am Tisch bedienen. Zudem ist Urlaub im Ausland wieder erlaubt. Allerdings ist eine Wiedereinreise nach Gro\u00dfbritannien ohne Quarant\u00e4ne nur aus wenigen L\u00e4ndern m\u00f6glich, aus der EU steht nur Portugal auf dieser &#8222;gr\u00fcnen Liste&#8220;. Wer aus Deutschland ankommt, muss sich weiterhin zehn Tage selbst isolieren und auf eigene Kosten zwei Corona-Tests machen. Premierminister Boris Johnson rief die Bev\u00f6lkerung zu einer &#8222;hohen Dosis Vorsicht&#8220; auf. Jeder m\u00fcsse seinen Teil dazu beitragen, dass der Erfolg des j\u00fcngsten Lockdowns sowie des Impfprogramms nicht gef\u00e4hrdet werde, sagte der Regierungschef.      <\/p>\n<p> Serie<\/p>\n<p> Das Ende von Corona<\/p>\n<p> Risiko durch mutierende Viren: Wann wir endlich die Tricks des Erregers verstehen <\/p>\n<p> 04.05.2021<\/p>\n<p> Unicef: Reiche Staaten sollten Covax-Initiative mehr Impfdosen \u00fcberlassen<\/p>\n<p> Reiche Staaten k\u00f6nnten der Covax-Initiative nach Ansicht des UN-Kinderhilfswerks Unicef mehr als 150 Millionen Impfdosen bereitstellen, ohne ihre eigenen Impfprogramme zu gef\u00e4hrden. Die sieben f\u00fchrenden Industrienationen (G7) und die EU k\u00f6nnten dazu beitragen, die weltweite Impfl\u00fccke zu schlie\u00dfen, indem sie 20 Prozent ihrer Vorr\u00e4te f\u00fcr Juni, Juli und August der Covax-Initiative f\u00fcr die weltweite Verteilung von\u00a0Corona-Impfstoffen \u00fcberlie\u00dfen, hei\u00dft es in einer\u00a0von Unicef ver\u00f6ffentlichten Studie der britischen Firma Airfinity. Dabei k\u00f6nnten die reichen Staaten noch immer ihre eigenen Impfprogramme wie geplant fortsetzen, betonte Unicef-Direktorin Henrietta Fore.                <\/p>\n<p> Im Juni findet in Gro\u00dfbritannien ein G7-Gipfel statt. Bis dahin fehlen dem Covax-Programm laut Unicef 190 Millionen Dosen. Dies liegt unter anderem an der dramatischen\u00a0Corona-Lage in Indien, das eigentlich einen Gro\u00dfteil der Covax-Dosen produzieren und exportieren sollte, sie nun aber f\u00fcr die eigene Bev\u00f6lkerung braucht. \u00a0                <\/p>\n<p> Bundesweite Sieben-Tage-Inzidenz liegt vierten Tag in Folge unter hundert<\/p>\n<p> Die Gesundheits\u00e4mter in Deutschland haben dem Robert Koch-Institut (RKI) binnen eines Tages 5412 Corona-Neuinfektionen gemeldet. Das geht aus Zahlen vom Morgen hervor, die den Stand des\u00a0RKI-Dashboards von 05.03 Uhr wiedergeben. Zum Vergleich: Vor einer Woche hatte der Wert bei 6922 Ansteckungen gelegen.\u00a0Die Zahl der binnen sieben Tagen gemeldeten Neuinfektionen pro 100.000 Einwohner lag laut\u00a0RKI\u00a0bundesweit bei 83,1 (Vortag: 83,1; Vorwoche: 119,1). Deutschlandweit wurden den Angaben nach binnen 24 Stunden 64 neue Todesf\u00e4lle verzeichnet. Vor einer Woche waren es 54 Tote gewesen.      <\/p>\n<p> Interview<\/p>\n<p> Noch keine Stiko-Empfehlung<\/p>\n<p> &#8222;Da war keine Angst oder Unsicherheit&#8220;: Warum ich mich als Schwangere f\u00fcr die Corona-Impfung entschieden habe <\/p>\n<p> 07.05.2021<\/p>\n<p> Am Montag sind die vom\u00a0RKI\u00a0gemeldeten Fallzahlen meist niedriger, unter anderem weil am Wochenende weniger getestet wird. Aufgrund des Feiertags am 13. Mai sei bei der Interpretation der Fallzahlen zu beachten, dass an Feier- und Br\u00fcckentagen weniger Personen einen Arzt aufsuchen, wodurch auch weniger Proben genommen und weniger Laboruntersuchungen durchgef\u00fchrt werden, hie\u00df es im Lagebericht des\u00a0RKI\u00a0vom Sonntag.\u00a0<br \/>\n T\u00fcrkei lockert\u00a0Beschr\u00e4nkungen nach hartem Lockdown<\/p>\n<p> Die T\u00fcrkei lockert nach einem knapp dreiw\u00f6chigen harten Lockdown die Beschr\u00e4nkungen zur Eind\u00e4mmung des Coronavirus. Die Menschen d\u00fcrfen das Haus ab heute tags\u00fcber wieder verlassen, abends gilt aber ab 21.00 Uhr Ortszeit eine Ausgangssperre. Die t\u00fcrkische Regierung hatte Ende April angesichts hoher\u00a0Infektionszahlen den 17 Tage langen Lockdown verh\u00e4ngt. Die Menschen durften nur aus triftigen Gr\u00fcnden wie etwa zum Einkaufen auf die Stra\u00dfe. Gesch\u00e4fte, die nicht f\u00fcr den t\u00e4glichen Bedarf n\u00f6tig sind, mussten schlie\u00dfen.\u00a0Ausgangsbeschr\u00e4nkungen gelten nun weiter am Wochenende, die Einwohner d\u00fcrfen dann nur f\u00fcr dringende Besorgungen auf die Stra\u00dfe. Auch Caf\u00e9s und Restaurants bleiben vorerst weiter geschlossen und d\u00fcrfen nur Lieferservice anbieten.\u00a0<br \/>\n fs \/ luh<br \/>\n AFP<br \/>\n DPA<\/p>\n<p> #Themen<\/p>\n<p>\n<!--noindex--><br \/>\n<a href=\"https:\/\/www.stern.de\/gesundheit\/corona-news--vorlaeufige-labordaten---impfstoffe-duerften-auch-vor-b-1-617-schuetzen-30529176.html?utm_campaign=alle&#038;utm_medium=rss-feed&#038;utm_source=standard\" rel=\"nofollow\">Source link <\/a><br \/>\n<!--\/noindex--><\/p>\n","protected":false},"excerpt":{"rendered":"<p>Kinder- und Jugend\u00e4rzte fordern schnelle Schul- und Kita\u00f6ffnungen\u00a0+++ Priorisierung bei Corona-Impfungen in Deutschland endet am 7. Juni +++ Die Nachrichten zur Coronavirus-Pandemie im stern-Ticker. \u00d6sterreich l\u00e4sst Corona-Impfungen mit Astrazeneca-Vakzin auslaufen \u00d6sterreich stellt die Corona-Impfungen mit dem Vakzin von Astrazeneca ein. Bis Anfang Juni w\u00fcrden voraussichtlich noch erste Dosen des Astrazeneca-Impfstoffs verabreicht, danach liefen diese Impfungen [&hellip;]<\/p>\n","protected":false},"author":1,"featured_media":1655,"comment_status":"open","ping_status":"open","sticky":false,"template":"","format":"standard","meta":{"footnotes":""},"categories":[1],"tags":[],"class_list":["post-1654","post","type-post","status-publish","format-standard","has-post-thumbnail","hentry","category-neuigkeiten"],"yoast_head":"<!-- This site is optimized with the Yoast SEO plugin v27.4 - https:\/\/yoast.com\/product\/yoast-seo-wordpress\/ -->\n<title>Corona-News: Vorl\u00e4ufige Labordaten \u2013 Impfstoffe d\u00fcrften auch vor B.1.617 sch\u00fctzen - Super News<\/title>\n<meta name=\"robots\" content=\"index, follow, max-snippet:-1, max-image-preview:large, max-video-preview:-1\" \/>\n<link rel=\"canonical\" href=\"https:\/\/super-news.info\/de\/corona-news-vorlaeufige-labordaten-impfstoffe-duerften-auch-vor-b-1-617-schuetzen\/\" \/>\n<meta property=\"og:locale\" content=\"de_DE\" \/>\n<meta property=\"og:type\" content=\"article\" \/>\n<meta property=\"og:title\" content=\"Corona-News: Vorl\u00e4ufige Labordaten \u2013 Impfstoffe d\u00fcrften auch vor B.1.617 sch\u00fctzen - Super News\" \/>\n<meta property=\"og:description\" content=\"Kinder- und Jugend\u00e4rzte fordern schnelle Schul- und Kita\u00f6ffnungen\u00a0+++ Priorisierung bei Corona-Impfungen in Deutschland endet am 7. Juni +++ Die Nachrichten zur Coronavirus-Pandemie im stern-Ticker. \u00d6sterreich l\u00e4sst Corona-Impfungen mit Astrazeneca-Vakzin auslaufen \u00d6sterreich stellt die Corona-Impfungen mit dem Vakzin von Astrazeneca ein. Bis Anfang Juni w\u00fcrden voraussichtlich noch erste Dosen des Astrazeneca-Impfstoffs verabreicht, danach liefen diese Impfungen [&hellip;]\" \/>\n<meta property=\"og:url\" content=\"https:\/\/super-news.info\/de\/corona-news-vorlaeufige-labordaten-impfstoffe-duerften-auch-vor-b-1-617-schuetzen\/\" \/>\n<meta property=\"og:site_name\" content=\"Super News\" \/>\n<meta property=\"article:published_time\" content=\"2021-05-18T11:08:19+00:00\" \/>\n<meta property=\"article:modified_time\" content=\"2021-05-18T11:08:22+00:00\" \/>\n<meta property=\"og:image\" content=\"https:\/\/super-news.info\/de\/wp-content\/uploads\/sites\/13\/2021\/05\/Corona-News-Vorlaeufige-Labordaten-Impfstoffe-duerften-auch-vor-B1617-schuetzen.jpg\" \/>\n\t<meta property=\"og:image:width\" content=\"1440\" \/>\n\t<meta property=\"og:image:height\" content=\"810\" \/>\n\t<meta property=\"og:image:type\" content=\"image\/jpeg\" \/>\n<meta name=\"author\" content=\"super news\" \/>\n<meta name=\"twitter:card\" content=\"summary_large_image\" \/>\n<meta name=\"twitter:label1\" content=\"Verfasst von\" \/>\n\t<meta name=\"twitter:data1\" content=\"super news\" \/>\n\t<meta name=\"twitter:label2\" content=\"Gesch\u00e4tzte Lesezeit\" \/>\n\t<meta name=\"twitter:data2\" content=\"17\u00a0Minuten\" \/>\n<script type=\"application\/ld+json\" class=\"yoast-schema-graph\">{\"@context\":\"https:\\\/\\\/schema.org\",\"@graph\":[{\"@type\":\"Article\",\"@id\":\"https:\\\/\\\/super-news.info\\\/de\\\/corona-news-vorlaeufige-labordaten-impfstoffe-duerften-auch-vor-b-1-617-schuetzen\\\/#article\",\"isPartOf\":{\"@id\":\"https:\\\/\\\/super-news.info\\\/de\\\/corona-news-vorlaeufige-labordaten-impfstoffe-duerften-auch-vor-b-1-617-schuetzen\\\/\"},\"author\":{\"name\":\"super news\",\"@id\":\"https:\\\/\\\/super-news.info\\\/de\\\/#\\\/schema\\\/person\\\/2b9ff946d06444e803cb306ffcfd1045\"},\"headline\":\"Corona-News: Vorl\u00e4ufige Labordaten \u2013 Impfstoffe d\u00fcrften auch vor B.1.617 sch\u00fctzen\",\"datePublished\":\"2021-05-18T11:08:19+00:00\",\"dateModified\":\"2021-05-18T11:08:22+00:00\",\"mainEntityOfPage\":{\"@id\":\"https:\\\/\\\/super-news.info\\\/de\\\/corona-news-vorlaeufige-labordaten-impfstoffe-duerften-auch-vor-b-1-617-schuetzen\\\/\"},\"wordCount\":3316,\"commentCount\":0,\"image\":{\"@id\":\"https:\\\/\\\/super-news.info\\\/de\\\/corona-news-vorlaeufige-labordaten-impfstoffe-duerften-auch-vor-b-1-617-schuetzen\\\/#primaryimage\"},\"thumbnailUrl\":\"https:\\\/\\\/super-news.info\\\/de\\\/wp-content\\\/uploads\\\/sites\\\/13\\\/2021\\\/05\\\/Corona-News-Vorlaeufige-Labordaten-Impfstoffe-duerften-auch-vor-B1617-schuetzen.jpg\",\"articleSection\":[\"NEUIGKEITEN\"],\"inLanguage\":\"de\",\"potentialAction\":[{\"@type\":\"CommentAction\",\"name\":\"Comment\",\"target\":[\"https:\\\/\\\/super-news.info\\\/de\\\/corona-news-vorlaeufige-labordaten-impfstoffe-duerften-auch-vor-b-1-617-schuetzen\\\/#respond\"]}]},{\"@type\":\"WebPage\",\"@id\":\"https:\\\/\\\/super-news.info\\\/de\\\/corona-news-vorlaeufige-labordaten-impfstoffe-duerften-auch-vor-b-1-617-schuetzen\\\/\",\"url\":\"https:\\\/\\\/super-news.info\\\/de\\\/corona-news-vorlaeufige-labordaten-impfstoffe-duerften-auch-vor-b-1-617-schuetzen\\\/\",\"name\":\"Corona-News: Vorl\u00e4ufige Labordaten \u2013 Impfstoffe d\u00fcrften auch vor B.1.617 sch\u00fctzen - Super News\",\"isPartOf\":{\"@id\":\"https:\\\/\\\/super-news.info\\\/de\\\/#website\"},\"primaryImageOfPage\":{\"@id\":\"https:\\\/\\\/super-news.info\\\/de\\\/corona-news-vorlaeufige-labordaten-impfstoffe-duerften-auch-vor-b-1-617-schuetzen\\\/#primaryimage\"},\"image\":{\"@id\":\"https:\\\/\\\/super-news.info\\\/de\\\/corona-news-vorlaeufige-labordaten-impfstoffe-duerften-auch-vor-b-1-617-schuetzen\\\/#primaryimage\"},\"thumbnailUrl\":\"https:\\\/\\\/super-news.info\\\/de\\\/wp-content\\\/uploads\\\/sites\\\/13\\\/2021\\\/05\\\/Corona-News-Vorlaeufige-Labordaten-Impfstoffe-duerften-auch-vor-B1617-schuetzen.jpg\",\"datePublished\":\"2021-05-18T11:08:19+00:00\",\"dateModified\":\"2021-05-18T11:08:22+00:00\",\"author\":{\"@id\":\"https:\\\/\\\/super-news.info\\\/de\\\/#\\\/schema\\\/person\\\/2b9ff946d06444e803cb306ffcfd1045\"},\"breadcrumb\":{\"@id\":\"https:\\\/\\\/super-news.info\\\/de\\\/corona-news-vorlaeufige-labordaten-impfstoffe-duerften-auch-vor-b-1-617-schuetzen\\\/#breadcrumb\"},\"inLanguage\":\"de\",\"potentialAction\":[{\"@type\":\"ReadAction\",\"target\":[\"https:\\\/\\\/super-news.info\\\/de\\\/corona-news-vorlaeufige-labordaten-impfstoffe-duerften-auch-vor-b-1-617-schuetzen\\\/\"]}]},{\"@type\":\"ImageObject\",\"inLanguage\":\"de\",\"@id\":\"https:\\\/\\\/super-news.info\\\/de\\\/corona-news-vorlaeufige-labordaten-impfstoffe-duerften-auch-vor-b-1-617-schuetzen\\\/#primaryimage\",\"url\":\"https:\\\/\\\/super-news.info\\\/de\\\/wp-content\\\/uploads\\\/sites\\\/13\\\/2021\\\/05\\\/Corona-News-Vorlaeufige-Labordaten-Impfstoffe-duerften-auch-vor-B1617-schuetzen.jpg\",\"contentUrl\":\"https:\\\/\\\/super-news.info\\\/de\\\/wp-content\\\/uploads\\\/sites\\\/13\\\/2021\\\/05\\\/Corona-News-Vorlaeufige-Labordaten-Impfstoffe-duerften-auch-vor-B1617-schuetzen.jpg\",\"width\":1440,\"height\":810,\"caption\":\"Corona-News: Vorl\u00e4ufige Labordaten \u2013 Impfstoffe d\u00fcrften auch vor B.1.617 sch\u00fctzen\"},{\"@type\":\"BreadcrumbList\",\"@id\":\"https:\\\/\\\/super-news.info\\\/de\\\/corona-news-vorlaeufige-labordaten-impfstoffe-duerften-auch-vor-b-1-617-schuetzen\\\/#breadcrumb\",\"itemListElement\":[{\"@type\":\"ListItem\",\"position\":1,\"name\":\"Home\",\"item\":\"https:\\\/\\\/super-news.info\\\/de\\\/\"},{\"@type\":\"ListItem\",\"position\":2,\"name\":\"Corona-News: Vorl\u00e4ufige Labordaten \u2013 Impfstoffe d\u00fcrften auch vor B.1.617 sch\u00fctzen\"}]},{\"@type\":\"WebSite\",\"@id\":\"https:\\\/\\\/super-news.info\\\/de\\\/#website\",\"url\":\"https:\\\/\\\/super-news.info\\\/de\\\/\",\"name\":\"Super News\",\"description\":\"Super News Germany\",\"potentialAction\":[{\"@type\":\"SearchAction\",\"target\":{\"@type\":\"EntryPoint\",\"urlTemplate\":\"https:\\\/\\\/super-news.info\\\/de\\\/?s={search_term_string}\"},\"query-input\":{\"@type\":\"PropertyValueSpecification\",\"valueRequired\":true,\"valueName\":\"search_term_string\"}}],\"inLanguage\":\"de\"},{\"@type\":\"Person\",\"@id\":\"https:\\\/\\\/super-news.info\\\/de\\\/#\\\/schema\\\/person\\\/2b9ff946d06444e803cb306ffcfd1045\",\"name\":\"super news\",\"image\":{\"@type\":\"ImageObject\",\"inLanguage\":\"de\",\"@id\":\"https:\\\/\\\/secure.gravatar.com\\\/avatar\\\/98e0b303f300d45b2a94684c5e4dda8baa4a5e9710b579f7493c8612061d08bf?s=96&d=mm&r=g\",\"url\":\"https:\\\/\\\/secure.gravatar.com\\\/avatar\\\/98e0b303f300d45b2a94684c5e4dda8baa4a5e9710b579f7493c8612061d08bf?s=96&d=mm&r=g\",\"contentUrl\":\"https:\\\/\\\/secure.gravatar.com\\\/avatar\\\/98e0b303f300d45b2a94684c5e4dda8baa4a5e9710b579f7493c8612061d08bf?s=96&d=mm&r=g\",\"caption\":\"super news\"},\"url\":\"https:\\\/\\\/super-news.info\\\/de\\\/author\\\/manuel\\\/\"}]}<\/script>\n<!-- \/ Yoast SEO plugin. -->","yoast_head_json":{"title":"Corona-News: Vorl\u00e4ufige Labordaten \u2013 Impfstoffe d\u00fcrften auch vor B.1.617 sch\u00fctzen - Super News","robots":{"index":"index","follow":"follow","max-snippet":"max-snippet:-1","max-image-preview":"max-image-preview:large","max-video-preview":"max-video-preview:-1"},"canonical":"https:\/\/super-news.info\/de\/corona-news-vorlaeufige-labordaten-impfstoffe-duerften-auch-vor-b-1-617-schuetzen\/","og_locale":"de_DE","og_type":"article","og_title":"Corona-News: Vorl\u00e4ufige Labordaten \u2013 Impfstoffe d\u00fcrften auch vor B.1.617 sch\u00fctzen - Super News","og_description":"Kinder- und Jugend\u00e4rzte fordern schnelle Schul- und Kita\u00f6ffnungen\u00a0+++ Priorisierung bei Corona-Impfungen in Deutschland endet am 7. Juni +++ Die Nachrichten zur Coronavirus-Pandemie im stern-Ticker. \u00d6sterreich l\u00e4sst Corona-Impfungen mit Astrazeneca-Vakzin auslaufen \u00d6sterreich stellt die Corona-Impfungen mit dem Vakzin von Astrazeneca ein. Bis Anfang Juni w\u00fcrden voraussichtlich noch erste Dosen des Astrazeneca-Impfstoffs verabreicht, danach liefen diese Impfungen [&hellip;]","og_url":"https:\/\/super-news.info\/de\/corona-news-vorlaeufige-labordaten-impfstoffe-duerften-auch-vor-b-1-617-schuetzen\/","og_site_name":"Super News","article_published_time":"2021-05-18T11:08:19+00:00","article_modified_time":"2021-05-18T11:08:22+00:00","og_image":[{"width":1440,"height":810,"url":"https:\/\/super-news.info\/de\/wp-content\/uploads\/sites\/13\/2021\/05\/Corona-News-Vorlaeufige-Labordaten-Impfstoffe-duerften-auch-vor-B1617-schuetzen.jpg","type":"image\/jpeg"}],"author":"super news","twitter_card":"summary_large_image","twitter_misc":{"Verfasst von":"super news","Gesch\u00e4tzte Lesezeit":"17\u00a0Minuten"},"schema":{"@context":"https:\/\/schema.org","@graph":[{"@type":"Article","@id":"https:\/\/super-news.info\/de\/corona-news-vorlaeufige-labordaten-impfstoffe-duerften-auch-vor-b-1-617-schuetzen\/#article","isPartOf":{"@id":"https:\/\/super-news.info\/de\/corona-news-vorlaeufige-labordaten-impfstoffe-duerften-auch-vor-b-1-617-schuetzen\/"},"author":{"name":"super news","@id":"https:\/\/super-news.info\/de\/#\/schema\/person\/2b9ff946d06444e803cb306ffcfd1045"},"headline":"Corona-News: Vorl\u00e4ufige Labordaten \u2013 Impfstoffe d\u00fcrften auch vor B.1.617 sch\u00fctzen","datePublished":"2021-05-18T11:08:19+00:00","dateModified":"2021-05-18T11:08:22+00:00","mainEntityOfPage":{"@id":"https:\/\/super-news.info\/de\/corona-news-vorlaeufige-labordaten-impfstoffe-duerften-auch-vor-b-1-617-schuetzen\/"},"wordCount":3316,"commentCount":0,"image":{"@id":"https:\/\/super-news.info\/de\/corona-news-vorlaeufige-labordaten-impfstoffe-duerften-auch-vor-b-1-617-schuetzen\/#primaryimage"},"thumbnailUrl":"https:\/\/super-news.info\/de\/wp-content\/uploads\/sites\/13\/2021\/05\/Corona-News-Vorlaeufige-Labordaten-Impfstoffe-duerften-auch-vor-B1617-schuetzen.jpg","articleSection":["NEUIGKEITEN"],"inLanguage":"de","potentialAction":[{"@type":"CommentAction","name":"Comment","target":["https:\/\/super-news.info\/de\/corona-news-vorlaeufige-labordaten-impfstoffe-duerften-auch-vor-b-1-617-schuetzen\/#respond"]}]},{"@type":"WebPage","@id":"https:\/\/super-news.info\/de\/corona-news-vorlaeufige-labordaten-impfstoffe-duerften-auch-vor-b-1-617-schuetzen\/","url":"https:\/\/super-news.info\/de\/corona-news-vorlaeufige-labordaten-impfstoffe-duerften-auch-vor-b-1-617-schuetzen\/","name":"Corona-News: Vorl\u00e4ufige Labordaten \u2013 Impfstoffe d\u00fcrften auch vor B.1.617 sch\u00fctzen - Super News","isPartOf":{"@id":"https:\/\/super-news.info\/de\/#website"},"primaryImageOfPage":{"@id":"https:\/\/super-news.info\/de\/corona-news-vorlaeufige-labordaten-impfstoffe-duerften-auch-vor-b-1-617-schuetzen\/#primaryimage"},"image":{"@id":"https:\/\/super-news.info\/de\/corona-news-vorlaeufige-labordaten-impfstoffe-duerften-auch-vor-b-1-617-schuetzen\/#primaryimage"},"thumbnailUrl":"https:\/\/super-news.info\/de\/wp-content\/uploads\/sites\/13\/2021\/05\/Corona-News-Vorlaeufige-Labordaten-Impfstoffe-duerften-auch-vor-B1617-schuetzen.jpg","datePublished":"2021-05-18T11:08:19+00:00","dateModified":"2021-05-18T11:08:22+00:00","author":{"@id":"https:\/\/super-news.info\/de\/#\/schema\/person\/2b9ff946d06444e803cb306ffcfd1045"},"breadcrumb":{"@id":"https:\/\/super-news.info\/de\/corona-news-vorlaeufige-labordaten-impfstoffe-duerften-auch-vor-b-1-617-schuetzen\/#breadcrumb"},"inLanguage":"de","potentialAction":[{"@type":"ReadAction","target":["https:\/\/super-news.info\/de\/corona-news-vorlaeufige-labordaten-impfstoffe-duerften-auch-vor-b-1-617-schuetzen\/"]}]},{"@type":"ImageObject","inLanguage":"de","@id":"https:\/\/super-news.info\/de\/corona-news-vorlaeufige-labordaten-impfstoffe-duerften-auch-vor-b-1-617-schuetzen\/#primaryimage","url":"https:\/\/super-news.info\/de\/wp-content\/uploads\/sites\/13\/2021\/05\/Corona-News-Vorlaeufige-Labordaten-Impfstoffe-duerften-auch-vor-B1617-schuetzen.jpg","contentUrl":"https:\/\/super-news.info\/de\/wp-content\/uploads\/sites\/13\/2021\/05\/Corona-News-Vorlaeufige-Labordaten-Impfstoffe-duerften-auch-vor-B1617-schuetzen.jpg","width":1440,"height":810,"caption":"Corona-News: Vorl\u00e4ufige Labordaten \u2013 Impfstoffe d\u00fcrften auch vor B.1.617 sch\u00fctzen"},{"@type":"BreadcrumbList","@id":"https:\/\/super-news.info\/de\/corona-news-vorlaeufige-labordaten-impfstoffe-duerften-auch-vor-b-1-617-schuetzen\/#breadcrumb","itemListElement":[{"@type":"ListItem","position":1,"name":"Home","item":"https:\/\/super-news.info\/de\/"},{"@type":"ListItem","position":2,"name":"Corona-News: Vorl\u00e4ufige Labordaten \u2013 Impfstoffe d\u00fcrften auch vor B.1.617 sch\u00fctzen"}]},{"@type":"WebSite","@id":"https:\/\/super-news.info\/de\/#website","url":"https:\/\/super-news.info\/de\/","name":"Super News","description":"Super News Germany","potentialAction":[{"@type":"SearchAction","target":{"@type":"EntryPoint","urlTemplate":"https:\/\/super-news.info\/de\/?s={search_term_string}"},"query-input":{"@type":"PropertyValueSpecification","valueRequired":true,"valueName":"search_term_string"}}],"inLanguage":"de"},{"@type":"Person","@id":"https:\/\/super-news.info\/de\/#\/schema\/person\/2b9ff946d06444e803cb306ffcfd1045","name":"super news","image":{"@type":"ImageObject","inLanguage":"de","@id":"https:\/\/secure.gravatar.com\/avatar\/98e0b303f300d45b2a94684c5e4dda8baa4a5e9710b579f7493c8612061d08bf?s=96&d=mm&r=g","url":"https:\/\/secure.gravatar.com\/avatar\/98e0b303f300d45b2a94684c5e4dda8baa4a5e9710b579f7493c8612061d08bf?s=96&d=mm&r=g","contentUrl":"https:\/\/secure.gravatar.com\/avatar\/98e0b303f300d45b2a94684c5e4dda8baa4a5e9710b579f7493c8612061d08bf?s=96&d=mm&r=g","caption":"super news"},"url":"https:\/\/super-news.info\/de\/author\/manuel\/"}]}},"_links":{"self":[{"href":"https:\/\/super-news.info\/de\/wp-json\/wp\/v2\/posts\/1654","targetHints":{"allow":["GET"]}}],"collection":[{"href":"https:\/\/super-news.info\/de\/wp-json\/wp\/v2\/posts"}],"about":[{"href":"https:\/\/super-news.info\/de\/wp-json\/wp\/v2\/types\/post"}],"author":[{"embeddable":true,"href":"https:\/\/super-news.info\/de\/wp-json\/wp\/v2\/users\/1"}],"replies":[{"embeddable":true,"href":"https:\/\/super-news.info\/de\/wp-json\/wp\/v2\/comments?post=1654"}],"version-history":[{"count":1,"href":"https:\/\/super-news.info\/de\/wp-json\/wp\/v2\/posts\/1654\/revisions"}],"predecessor-version":[{"id":1656,"href":"https:\/\/super-news.info\/de\/wp-json\/wp\/v2\/posts\/1654\/revisions\/1656"}],"wp:featuredmedia":[{"embeddable":true,"href":"https:\/\/super-news.info\/de\/wp-json\/wp\/v2\/media\/1655"}],"wp:attachment":[{"href":"https:\/\/super-news.info\/de\/wp-json\/wp\/v2\/media?parent=1654"}],"wp:term":[{"taxonomy":"category","embeddable":true,"href":"https:\/\/super-news.info\/de\/wp-json\/wp\/v2\/categories?post=1654"},{"taxonomy":"post_tag","embeddable":true,"href":"https:\/\/super-news.info\/de\/wp-json\/wp\/v2\/tags?post=1654"}],"curies":[{"name":"wp","href":"https:\/\/api.w.org\/{rel}","templated":true}]}}