{"id":1642,"date":"2021-05-16T11:05:18","date_gmt":"2021-05-16T11:05:18","guid":{"rendered":"https:\/\/super-news.info\/de\/prinz-charles-das-will-er-als-koenig-aendern\/"},"modified":"2021-05-16T11:05:20","modified_gmt":"2021-05-16T11:05:20","slug":"prinz-charles-das-will-er-als-koenig-aendern","status":"publish","type":"post","link":"https:\/\/super-news.info\/de\/prinz-charles-das-will-er-als-koenig-aendern\/","title":{"rendered":"Prinz Charles: Das will er als K\u00f6nig \u00e4ndern"},"content":{"rendered":"<p> Prinz Charles<br \/>\n Das will er als K\u00f6nig \u00e4ndern<\/p>\n<p> Prinz Charles bei einem Auftritt in Alrewas<br \/>\n \u00a9 ALPR\/AdMedia\/ImageCollect<\/p>\n<p> Prinz Charles will der \u00d6ffentlichkeit angeblich mehr Zugang zu den royalen Residenzen gew\u00e4hren, wie die &#8222;Sunday Times&#8220; schreibt.<\/p>\n<p> Prinz Charles (72) plant angeblich, den Leuten mehr Zugang zu den k\u00f6niglichen Pal\u00e4sten zu erm\u00f6glichen, wenn er K\u00f6nig wird. Wie britische Medien unter Berufung auf die &#8222;Sunday Times&#8220; berichten, soll er erw\u00e4gen, dass der Buckingham Palast, Clarence House, Schloss Windsor, Sandringham und Balmoral von &#8222;privaten Orten zu \u00f6ffentlichen Orten&#8220; umgewandelt werden.                <\/p>\n<p> Der Zeitung zufolge will der Thronfolger, dass die k\u00f6niglichen Residenzen f\u00fcr l\u00e4ngere Zeitr\u00e4ume f\u00fcr Besucher ge\u00f6ffnet sind. Demnach plant Charles, den Buckingham Palast und die G\u00e4rten das ganze Jahr \u00fcber zu \u00f6ffnen, wenn er K\u00f6nig ist, auch wenn er sich dort aufh\u00e4lt. Der 72-J\u00e4hrige soll seine Pl\u00e4ne demnach unter anderem mit seiner Ehefrau, Herzogin Camilla (73), sowie seinem Sohn Prinz William (38) und dessen Ehefrau Herzogin Kate (39) besprochen haben.<br \/>\n &#8222;Monarchie muss sich weiterentwickeln&#8220;<\/p>\n<p> Charles wolle die Menschen mit der Monarchie in Verbindung bringen, wird eine Quelle in dem &#8222;Times&#8220;-Bericht zitiert. &#8222;Er erkennt, dass sie sich weiterentwickeln muss, und in der heutigen Zeit wollen die Menschen Zugang zu den Pal\u00e4sten haben.&#8220; Das verstehe Charles und sieht die Residenzen mehr als \u00f6ffentliche Orte.<br \/>\n SpotOnNews<\/p>\n<p>\n<!--noindex--><br \/>\n<a href=\"https:\/\/www.stern.de\/kultur\/prinz-charles--das-will-er-als-koenig-aendern-30529010.html?utm_campaign=alle&#038;utm_medium=rss-feed&#038;utm_source=standard\" rel=\"nofollow\">Source link <\/a><br \/>\n<!--\/noindex--><\/p>\n","protected":false},"excerpt":{"rendered":"<p>Prinz Charles Das will er als K\u00f6nig \u00e4ndern Prinz Charles bei einem Auftritt in Alrewas \u00a9 ALPR\/AdMedia\/ImageCollect Prinz Charles will der \u00d6ffentlichkeit angeblich mehr Zugang zu den royalen Residenzen gew\u00e4hren, wie die &#8222;Sunday Times&#8220; schreibt. Prinz Charles (72) plant angeblich, den Leuten mehr Zugang zu den k\u00f6niglichen Pal\u00e4sten zu erm\u00f6glichen, wenn er K\u00f6nig wird. Wie [&hellip;]<\/p>\n","protected":false},"author":1,"featured_media":1643,"comment_status":"open","ping_status":"open","sticky":false,"template":"","format":"standard","meta":{"footnotes":""},"categories":[1],"tags":[],"class_list":["post-1642","post","type-post","status-publish","format-standard","has-post-thumbnail","hentry","category-neuigkeiten"],"yoast_head":"<!-- This site is optimized with the Yoast SEO plugin v27.4 - https:\/\/yoast.com\/product\/yoast-seo-wordpress\/ -->\n<title>Prinz Charles: Das will er als K\u00f6nig \u00e4ndern - Super News<\/title>\n<meta name=\"robots\" content=\"index, follow, max-snippet:-1, max-image-preview:large, max-video-preview:-1\" \/>\n<link rel=\"canonical\" href=\"https:\/\/super-news.info\/de\/prinz-charles-das-will-er-als-koenig-aendern\/\" \/>\n<meta property=\"og:locale\" content=\"de_DE\" \/>\n<meta property=\"og:type\" content=\"article\" \/>\n<meta property=\"og:title\" content=\"Prinz Charles: Das will er als K\u00f6nig \u00e4ndern - Super News\" \/>\n<meta property=\"og:description\" content=\"Prinz Charles Das will er als K\u00f6nig \u00e4ndern Prinz Charles bei einem Auftritt in Alrewas \u00a9 ALPR\/AdMedia\/ImageCollect Prinz Charles will der \u00d6ffentlichkeit angeblich mehr Zugang zu den royalen Residenzen gew\u00e4hren, wie die &#8222;Sunday Times&#8220; schreibt. Prinz Charles (72) plant angeblich, den Leuten mehr Zugang zu den k\u00f6niglichen Pal\u00e4sten zu erm\u00f6glichen, wenn er K\u00f6nig wird. Wie [&hellip;]\" \/>\n<meta property=\"og:url\" content=\"https:\/\/super-news.info\/de\/prinz-charles-das-will-er-als-koenig-aendern\/\" \/>\n<meta property=\"og:site_name\" content=\"Super News\" \/>\n<meta property=\"article:published_time\" content=\"2021-05-16T11:05:18+00:00\" \/>\n<meta property=\"article:modified_time\" content=\"2021-05-16T11:05:20+00:00\" \/>\n<meta property=\"og:image\" content=\"https:\/\/super-news.info\/de\/wp-content\/uploads\/sites\/13\/2021\/05\/Prinz-Charles-Das-will-er-als-Koenig-aendern.jpg\" \/>\n\t<meta property=\"og:image:width\" content=\"1440\" \/>\n\t<meta property=\"og:image:height\" content=\"810\" \/>\n\t<meta property=\"og:image:type\" content=\"image\/jpeg\" \/>\n<meta name=\"author\" content=\"super news\" \/>\n<meta name=\"twitter:card\" content=\"summary_large_image\" \/>\n<meta name=\"twitter:label1\" content=\"Verfasst von\" \/>\n\t<meta name=\"twitter:data1\" content=\"super news\" \/>\n\t<meta name=\"twitter:label2\" content=\"Gesch\u00e4tzte Lesezeit\" \/>\n\t<meta name=\"twitter:data2\" content=\"1\u00a0Minute\" \/>\n<script type=\"application\/ld+json\" class=\"yoast-schema-graph\">{\"@context\":\"https:\\\/\\\/schema.org\",\"@graph\":[{\"@type\":\"Article\",\"@id\":\"https:\\\/\\\/super-news.info\\\/de\\\/prinz-charles-das-will-er-als-koenig-aendern\\\/#article\",\"isPartOf\":{\"@id\":\"https:\\\/\\\/super-news.info\\\/de\\\/prinz-charles-das-will-er-als-koenig-aendern\\\/\"},\"author\":{\"name\":\"super news\",\"@id\":\"https:\\\/\\\/super-news.info\\\/de\\\/#\\\/schema\\\/person\\\/2b9ff946d06444e803cb306ffcfd1045\"},\"headline\":\"Prinz Charles: Das will er als K\u00f6nig \u00e4ndern\",\"datePublished\":\"2021-05-16T11:05:18+00:00\",\"dateModified\":\"2021-05-16T11:05:20+00:00\",\"mainEntityOfPage\":{\"@id\":\"https:\\\/\\\/super-news.info\\\/de\\\/prinz-charles-das-will-er-als-koenig-aendern\\\/\"},\"wordCount\":237,\"commentCount\":0,\"image\":{\"@id\":\"https:\\\/\\\/super-news.info\\\/de\\\/prinz-charles-das-will-er-als-koenig-aendern\\\/#primaryimage\"},\"thumbnailUrl\":\"https:\\\/\\\/super-news.info\\\/de\\\/wp-content\\\/uploads\\\/sites\\\/13\\\/2021\\\/05\\\/Prinz-Charles-Das-will-er-als-Koenig-aendern.jpg\",\"articleSection\":[\"NEUIGKEITEN\"],\"inLanguage\":\"de\",\"potentialAction\":[{\"@type\":\"CommentAction\",\"name\":\"Comment\",\"target\":[\"https:\\\/\\\/super-news.info\\\/de\\\/prinz-charles-das-will-er-als-koenig-aendern\\\/#respond\"]}]},{\"@type\":\"WebPage\",\"@id\":\"https:\\\/\\\/super-news.info\\\/de\\\/prinz-charles-das-will-er-als-koenig-aendern\\\/\",\"url\":\"https:\\\/\\\/super-news.info\\\/de\\\/prinz-charles-das-will-er-als-koenig-aendern\\\/\",\"name\":\"Prinz Charles: Das will er als K\u00f6nig \u00e4ndern - Super News\",\"isPartOf\":{\"@id\":\"https:\\\/\\\/super-news.info\\\/de\\\/#website\"},\"primaryImageOfPage\":{\"@id\":\"https:\\\/\\\/super-news.info\\\/de\\\/prinz-charles-das-will-er-als-koenig-aendern\\\/#primaryimage\"},\"image\":{\"@id\":\"https:\\\/\\\/super-news.info\\\/de\\\/prinz-charles-das-will-er-als-koenig-aendern\\\/#primaryimage\"},\"thumbnailUrl\":\"https:\\\/\\\/super-news.info\\\/de\\\/wp-content\\\/uploads\\\/sites\\\/13\\\/2021\\\/05\\\/Prinz-Charles-Das-will-er-als-Koenig-aendern.jpg\",\"datePublished\":\"2021-05-16T11:05:18+00:00\",\"dateModified\":\"2021-05-16T11:05:20+00:00\",\"author\":{\"@id\":\"https:\\\/\\\/super-news.info\\\/de\\\/#\\\/schema\\\/person\\\/2b9ff946d06444e803cb306ffcfd1045\"},\"breadcrumb\":{\"@id\":\"https:\\\/\\\/super-news.info\\\/de\\\/prinz-charles-das-will-er-als-koenig-aendern\\\/#breadcrumb\"},\"inLanguage\":\"de\",\"potentialAction\":[{\"@type\":\"ReadAction\",\"target\":[\"https:\\\/\\\/super-news.info\\\/de\\\/prinz-charles-das-will-er-als-koenig-aendern\\\/\"]}]},{\"@type\":\"ImageObject\",\"inLanguage\":\"de\",\"@id\":\"https:\\\/\\\/super-news.info\\\/de\\\/prinz-charles-das-will-er-als-koenig-aendern\\\/#primaryimage\",\"url\":\"https:\\\/\\\/super-news.info\\\/de\\\/wp-content\\\/uploads\\\/sites\\\/13\\\/2021\\\/05\\\/Prinz-Charles-Das-will-er-als-Koenig-aendern.jpg\",\"contentUrl\":\"https:\\\/\\\/super-news.info\\\/de\\\/wp-content\\\/uploads\\\/sites\\\/13\\\/2021\\\/05\\\/Prinz-Charles-Das-will-er-als-Koenig-aendern.jpg\",\"width\":1440,\"height\":810,\"caption\":\"Prinz Charles: Das will er als K\u00f6nig \u00e4ndern\"},{\"@type\":\"BreadcrumbList\",\"@id\":\"https:\\\/\\\/super-news.info\\\/de\\\/prinz-charles-das-will-er-als-koenig-aendern\\\/#breadcrumb\",\"itemListElement\":[{\"@type\":\"ListItem\",\"position\":1,\"name\":\"Home\",\"item\":\"https:\\\/\\\/super-news.info\\\/de\\\/\"},{\"@type\":\"ListItem\",\"position\":2,\"name\":\"Prinz Charles: Das will er als K\u00f6nig \u00e4ndern\"}]},{\"@type\":\"WebSite\",\"@id\":\"https:\\\/\\\/super-news.info\\\/de\\\/#website\",\"url\":\"https:\\\/\\\/super-news.info\\\/de\\\/\",\"name\":\"Super News\",\"description\":\"Super News Germany\",\"potentialAction\":[{\"@type\":\"SearchAction\",\"target\":{\"@type\":\"EntryPoint\",\"urlTemplate\":\"https:\\\/\\\/super-news.info\\\/de\\\/?s={search_term_string}\"},\"query-input\":{\"@type\":\"PropertyValueSpecification\",\"valueRequired\":true,\"valueName\":\"search_term_string\"}}],\"inLanguage\":\"de\"},{\"@type\":\"Person\",\"@id\":\"https:\\\/\\\/super-news.info\\\/de\\\/#\\\/schema\\\/person\\\/2b9ff946d06444e803cb306ffcfd1045\",\"name\":\"super news\",\"image\":{\"@type\":\"ImageObject\",\"inLanguage\":\"de\",\"@id\":\"https:\\\/\\\/secure.gravatar.com\\\/avatar\\\/98e0b303f300d45b2a94684c5e4dda8baa4a5e9710b579f7493c8612061d08bf?s=96&d=mm&r=g\",\"url\":\"https:\\\/\\\/secure.gravatar.com\\\/avatar\\\/98e0b303f300d45b2a94684c5e4dda8baa4a5e9710b579f7493c8612061d08bf?s=96&d=mm&r=g\",\"contentUrl\":\"https:\\\/\\\/secure.gravatar.com\\\/avatar\\\/98e0b303f300d45b2a94684c5e4dda8baa4a5e9710b579f7493c8612061d08bf?s=96&d=mm&r=g\",\"caption\":\"super news\"},\"url\":\"https:\\\/\\\/super-news.info\\\/de\\\/author\\\/manuel\\\/\"}]}<\/script>\n<!-- \/ Yoast SEO plugin. -->","yoast_head_json":{"title":"Prinz Charles: Das will er als K\u00f6nig \u00e4ndern - Super News","robots":{"index":"index","follow":"follow","max-snippet":"max-snippet:-1","max-image-preview":"max-image-preview:large","max-video-preview":"max-video-preview:-1"},"canonical":"https:\/\/super-news.info\/de\/prinz-charles-das-will-er-als-koenig-aendern\/","og_locale":"de_DE","og_type":"article","og_title":"Prinz Charles: Das will er als K\u00f6nig \u00e4ndern - Super News","og_description":"Prinz Charles Das will er als K\u00f6nig \u00e4ndern Prinz Charles bei einem Auftritt in Alrewas \u00a9 ALPR\/AdMedia\/ImageCollect Prinz Charles will der \u00d6ffentlichkeit angeblich mehr Zugang zu den royalen Residenzen gew\u00e4hren, wie die &#8222;Sunday Times&#8220; schreibt. Prinz Charles (72) plant angeblich, den Leuten mehr Zugang zu den k\u00f6niglichen Pal\u00e4sten zu erm\u00f6glichen, wenn er K\u00f6nig wird. Wie [&hellip;]","og_url":"https:\/\/super-news.info\/de\/prinz-charles-das-will-er-als-koenig-aendern\/","og_site_name":"Super News","article_published_time":"2021-05-16T11:05:18+00:00","article_modified_time":"2021-05-16T11:05:20+00:00","og_image":[{"width":1440,"height":810,"url":"https:\/\/super-news.info\/de\/wp-content\/uploads\/sites\/13\/2021\/05\/Prinz-Charles-Das-will-er-als-Koenig-aendern.jpg","type":"image\/jpeg"}],"author":"super news","twitter_card":"summary_large_image","twitter_misc":{"Verfasst von":"super news","Gesch\u00e4tzte Lesezeit":"1\u00a0Minute"},"schema":{"@context":"https:\/\/schema.org","@graph":[{"@type":"Article","@id":"https:\/\/super-news.info\/de\/prinz-charles-das-will-er-als-koenig-aendern\/#article","isPartOf":{"@id":"https:\/\/super-news.info\/de\/prinz-charles-das-will-er-als-koenig-aendern\/"},"author":{"name":"super news","@id":"https:\/\/super-news.info\/de\/#\/schema\/person\/2b9ff946d06444e803cb306ffcfd1045"},"headline":"Prinz Charles: Das will er als K\u00f6nig \u00e4ndern","datePublished":"2021-05-16T11:05:18+00:00","dateModified":"2021-05-16T11:05:20+00:00","mainEntityOfPage":{"@id":"https:\/\/super-news.info\/de\/prinz-charles-das-will-er-als-koenig-aendern\/"},"wordCount":237,"commentCount":0,"image":{"@id":"https:\/\/super-news.info\/de\/prinz-charles-das-will-er-als-koenig-aendern\/#primaryimage"},"thumbnailUrl":"https:\/\/super-news.info\/de\/wp-content\/uploads\/sites\/13\/2021\/05\/Prinz-Charles-Das-will-er-als-Koenig-aendern.jpg","articleSection":["NEUIGKEITEN"],"inLanguage":"de","potentialAction":[{"@type":"CommentAction","name":"Comment","target":["https:\/\/super-news.info\/de\/prinz-charles-das-will-er-als-koenig-aendern\/#respond"]}]},{"@type":"WebPage","@id":"https:\/\/super-news.info\/de\/prinz-charles-das-will-er-als-koenig-aendern\/","url":"https:\/\/super-news.info\/de\/prinz-charles-das-will-er-als-koenig-aendern\/","name":"Prinz Charles: Das will er als K\u00f6nig \u00e4ndern - Super News","isPartOf":{"@id":"https:\/\/super-news.info\/de\/#website"},"primaryImageOfPage":{"@id":"https:\/\/super-news.info\/de\/prinz-charles-das-will-er-als-koenig-aendern\/#primaryimage"},"image":{"@id":"https:\/\/super-news.info\/de\/prinz-charles-das-will-er-als-koenig-aendern\/#primaryimage"},"thumbnailUrl":"https:\/\/super-news.info\/de\/wp-content\/uploads\/sites\/13\/2021\/05\/Prinz-Charles-Das-will-er-als-Koenig-aendern.jpg","datePublished":"2021-05-16T11:05:18+00:00","dateModified":"2021-05-16T11:05:20+00:00","author":{"@id":"https:\/\/super-news.info\/de\/#\/schema\/person\/2b9ff946d06444e803cb306ffcfd1045"},"breadcrumb":{"@id":"https:\/\/super-news.info\/de\/prinz-charles-das-will-er-als-koenig-aendern\/#breadcrumb"},"inLanguage":"de","potentialAction":[{"@type":"ReadAction","target":["https:\/\/super-news.info\/de\/prinz-charles-das-will-er-als-koenig-aendern\/"]}]},{"@type":"ImageObject","inLanguage":"de","@id":"https:\/\/super-news.info\/de\/prinz-charles-das-will-er-als-koenig-aendern\/#primaryimage","url":"https:\/\/super-news.info\/de\/wp-content\/uploads\/sites\/13\/2021\/05\/Prinz-Charles-Das-will-er-als-Koenig-aendern.jpg","contentUrl":"https:\/\/super-news.info\/de\/wp-content\/uploads\/sites\/13\/2021\/05\/Prinz-Charles-Das-will-er-als-Koenig-aendern.jpg","width":1440,"height":810,"caption":"Prinz Charles: Das will er als K\u00f6nig \u00e4ndern"},{"@type":"BreadcrumbList","@id":"https:\/\/super-news.info\/de\/prinz-charles-das-will-er-als-koenig-aendern\/#breadcrumb","itemListElement":[{"@type":"ListItem","position":1,"name":"Home","item":"https:\/\/super-news.info\/de\/"},{"@type":"ListItem","position":2,"name":"Prinz Charles: Das will er als K\u00f6nig \u00e4ndern"}]},{"@type":"WebSite","@id":"https:\/\/super-news.info\/de\/#website","url":"https:\/\/super-news.info\/de\/","name":"Super News","description":"Super News Germany","potentialAction":[{"@type":"SearchAction","target":{"@type":"EntryPoint","urlTemplate":"https:\/\/super-news.info\/de\/?s={search_term_string}"},"query-input":{"@type":"PropertyValueSpecification","valueRequired":true,"valueName":"search_term_string"}}],"inLanguage":"de"},{"@type":"Person","@id":"https:\/\/super-news.info\/de\/#\/schema\/person\/2b9ff946d06444e803cb306ffcfd1045","name":"super news","image":{"@type":"ImageObject","inLanguage":"de","@id":"https:\/\/secure.gravatar.com\/avatar\/98e0b303f300d45b2a94684c5e4dda8baa4a5e9710b579f7493c8612061d08bf?s=96&d=mm&r=g","url":"https:\/\/secure.gravatar.com\/avatar\/98e0b303f300d45b2a94684c5e4dda8baa4a5e9710b579f7493c8612061d08bf?s=96&d=mm&r=g","contentUrl":"https:\/\/secure.gravatar.com\/avatar\/98e0b303f300d45b2a94684c5e4dda8baa4a5e9710b579f7493c8612061d08bf?s=96&d=mm&r=g","caption":"super news"},"url":"https:\/\/super-news.info\/de\/author\/manuel\/"}]}},"_links":{"self":[{"href":"https:\/\/super-news.info\/de\/wp-json\/wp\/v2\/posts\/1642","targetHints":{"allow":["GET"]}}],"collection":[{"href":"https:\/\/super-news.info\/de\/wp-json\/wp\/v2\/posts"}],"about":[{"href":"https:\/\/super-news.info\/de\/wp-json\/wp\/v2\/types\/post"}],"author":[{"embeddable":true,"href":"https:\/\/super-news.info\/de\/wp-json\/wp\/v2\/users\/1"}],"replies":[{"embeddable":true,"href":"https:\/\/super-news.info\/de\/wp-json\/wp\/v2\/comments?post=1642"}],"version-history":[{"count":1,"href":"https:\/\/super-news.info\/de\/wp-json\/wp\/v2\/posts\/1642\/revisions"}],"predecessor-version":[{"id":1644,"href":"https:\/\/super-news.info\/de\/wp-json\/wp\/v2\/posts\/1642\/revisions\/1644"}],"wp:featuredmedia":[{"embeddable":true,"href":"https:\/\/super-news.info\/de\/wp-json\/wp\/v2\/media\/1643"}],"wp:attachment":[{"href":"https:\/\/super-news.info\/de\/wp-json\/wp\/v2\/media?parent=1642"}],"wp:term":[{"taxonomy":"category","embeddable":true,"href":"https:\/\/super-news.info\/de\/wp-json\/wp\/v2\/categories?post=1642"},{"taxonomy":"post_tag","embeddable":true,"href":"https:\/\/super-news.info\/de\/wp-json\/wp\/v2\/tags?post=1642"}],"curies":[{"name":"wp","href":"https:\/\/api.w.org\/{rel}","templated":true}]}}