{"id":1633,"date":"2021-05-15T06:39:37","date_gmt":"2021-05-15T06:39:37","guid":{"rendered":"https:\/\/super-news.info\/de\/marken-buendeln-kraefte-fuer-mehr-diversity-absatzwirtschaft\/"},"modified":"2021-05-15T06:39:39","modified_gmt":"2021-05-15T06:39:39","slug":"marken-buendeln-kraefte-fuer-mehr-diversity-absatzwirtschaft","status":"publish","type":"post","link":"https:\/\/super-news.info\/de\/marken-buendeln-kraefte-fuer-mehr-diversity-absatzwirtschaft\/","title":{"rendered":"Marken b\u00fcndeln Kr\u00e4fte f\u00fcr mehr Diversity \u203a absatzwirtschaft"},"content":{"rendered":"<p>\t\t\t\t\t\tUnilever, Pepsi Co, Shell und Tui wollen die schwarze Repr\u00e4sentanz im Marketing verbessern. Mithilfe von Diversity soll die gesamte Gesellschaft widergespiegelt werden. <\/p>\n<p>\t\t\t\t\tVon Anne-Kathrin Velten<br \/>\n\t\t\t\t\tDie Marketingwelt muss sich eingestehen: Diversity ist allzuoft leider ein Fremdwort. Das gilt besonders f\u00fcr die USA und Gro\u00dfbritannien, wo die Marketingbranche gerade im Bereich der F\u00fchrungspositionen im Vergleich zur Gesamtbev\u00f6lkerung zu wei\u00df und zu m\u00e4nnlich ist. Damit spiegelt sie die Gesellschaft nicht wider. Die Folge: Wei\u00dfe und m\u00e4nnliche Vermarkter sind mangels Diversity immer weniger in der Lage, Konsumenten authentisch und umsatzbringend anzusprechen. <\/p>\n<p>In Gro\u00dfbritannien haben sich Pepsi Co, Shell, Tui und Unilever mit einigen der f\u00fchrenden Agenturen der Branche zusammengetan, um eine \u201cbeispiellose\u201d branchen\u00fcbergreifende Initiative zu starten, die sich mit dem Mangel an schwarzer Repr\u00e4sentation im Marketing befasst. Ziel ist es auch, Vorbild f\u00fcr andere, ebenfalls wenig diverse Nationen zu sein.<\/p>\n<p>Sicherung von Diversity<\/p>\n<p>Der Zusammenschluss mit dem Namen Black Representation in Marketing (BRiM) fordert Marketingorganisationen auf, sich der neuen Initiative anzuschlie\u00dfen. Ziel von BRiM ist es, mehr Schwarze in das Markenmanagement und die gesamte Branche zu bringen. Zudem sollen sie zu F\u00fchrungspers\u00f6nlichkeiten entwickelt werden und in der Marketingkommunikation fair vertreten sein.<\/p>\n<p>Anfang des Jahres ergab die<br \/>\nKarriere- und Gehaltsumfrage der Marketingwoche 2021, dass 85 Prozent der<br \/>\nBranche wei\u00df sei. In F\u00fchrungspositionen liege der Anteil der Personen mit<br \/>\nnicht-wei\u00dfem Hintergrund bei unter f\u00fcnf Prozent. Gleichzeitig ergaben<br \/>\nUntersuchungen, dass die schwarze Repr\u00e4sentation in der TV-Werbung in<br \/>\nGro\u00dfbritannien zwar allm\u00e4hlich zunehme, aber ein Drittel der Schwarzen ihre<br \/>\nGemeinschaft eher auf symbolische Weise vertreten sehe. <\/p>\n<p>Laut BRIM haben \u00fcber 40 Prozent der Marketing-Profis im vergangenen Jahr keine Entscheidungen getroffen, die schwarze Repr\u00e4sentation zu erh\u00f6hen. Und das, obwohl sieben von zehn behaupten, die Notwendigkeit f\u00fcr mehr Diversity zu verstehen. \u201cEs ist an der Zeit, dass sich die gesamte Marketing- und Werbegemeinschaft wirklich mit dem auseinandersetzt, was getan werden muss, um die Unterrepr\u00e4sentation zu bek\u00e4mpfen\u201d, sagt Dean Aragon, CEO von Shell Brands International. <\/p>\n<p>Vertrag f\u00fcr mehr Diversity<\/p>\n<p>BRiM f\u00fchrt daher einen Rahmenvertrag ein, um Marketingorganisationen Orientierungshilfen zu geben und den Kreislauf der Unterrepr\u00e4sentation zu durchbrechen. Der Vorsto\u00df wird von der Werbegemeinschaft AA unterst\u00fctzt, schl\u00e4gt Selbstverpflichtungen zu mehr Diversity vor, die sowohl gro\u00dfe als auch kleine Unternehmen \u00fcbernehmen sollten und bietet Vorlagen und Instrumente an, um diese Versprechen umzusetzen. Das Dokument ist nach Angaben der Allianz Teil der ersten Phase einer mehrstufigen Reise und weiterer Diversity-Initiativen, die noch in diesem Jahr folgen werden.<\/p>\n<p>Der Zusammenschluss ruft Marketing-Profis dazu auf, das Framework von der AA-Website herunterzuladen und der Diversity-Community beizutreten. Personen, die beitreten, werden aufgefordert, an regelm\u00e4\u00dfigen Erhebungen teilzunehmen, um die Fortschritte zu messen, die sie oder ihre Organisation bei der fairen Vertretung schwarzer Menschen machen. Die Daten werden \u00f6ffentlich, aber anonym weitergegeben. Laut Management von Pepsi Co f\u00fcr UK &amp; Ireland sei der Rahmen eine \u201cfokussierte und praktische\u201d M\u00f6glichkeit, etwas in Bezug auf Diversity und Inklusion zu bewirken.<\/p>\n<p>Auch Shell, Tui und Unilever wollen mehr Diversity<\/p>\n<p>Zu den Dienstleistern und weiteren Marktteilnehmern, die neben Shell, Pepsi Co, Tui und Unilever in der BRiM-Lenkungsgruppe beitreten, geh\u00f6ren Brain Labs, Deloitte Digital, Dentsu, Droga 5, Facebook, Omnicom Media Group, Universal Pictures, VCCP, Wise und Wunderman Thompson. Die EMEA-Vizepr\u00e4sidentin von Facebook, Nicola Mendelsohn, leitet die Gruppe.<\/p>\n<p>Unilevers Executive Vice President of Global Marketing and Chief Diversity and Inclusion Officer, Aline Santos, sagt, es gebe \u201ckeine Entschuldigung\u201d, den Wandel in der Vertretung schwarzer Menschen nicht zu beschleunigen. \u201cWenn wir einen systemischen Wandel in der Gesellschaft wollen, m\u00fcssen wir einen systemischen Wandel in unserer Branche sehen.\u201d<\/p>\n<p>absatzwirtschaft+<\/p>\n<p>Sie wollen weitere relevante Informationen und spannende Hintergr\u00fcnde f\u00fcr Ihre t\u00e4gliche Arbeit im Marketing? Dann\u00a0abonnieren Sie jetzt hier\u00a0unseren kostenfreien Newsletter.<\/p>\n<p>\n<!--noindex--><br \/>\n<a href=\"https:\/\/www.absatzwirtschaft.de\/grossbritannien-firmen-buendeln-kraefte-fuer-vielfalt-179444\/\" rel=\"nofollow\">Source link <\/a><br \/>\n<!--\/noindex--><\/p>\n","protected":false},"excerpt":{"rendered":"<p>Unilever, Pepsi Co, Shell und Tui wollen die schwarze Repr\u00e4sentanz im Marketing verbessern. Mithilfe von Diversity soll die gesamte Gesellschaft widergespiegelt werden. Von Anne-Kathrin Velten Die Marketingwelt muss sich eingestehen: Diversity ist allzuoft leider ein Fremdwort. Das gilt besonders f\u00fcr die USA und Gro\u00dfbritannien, wo die Marketingbranche gerade im Bereich der F\u00fchrungspositionen im Vergleich zur [&hellip;]<\/p>\n","protected":false},"author":1,"featured_media":1634,"comment_status":"open","ping_status":"open","sticky":false,"template":"","format":"standard","meta":{"footnotes":""},"categories":[5],"tags":[],"class_list":["post-1633","post","type-post","status-publish","format-standard","has-post-thumbnail","hentry","category-marketing-news"],"yoast_head":"<!-- This site is optimized with the Yoast SEO plugin v27.4 - https:\/\/yoast.com\/product\/yoast-seo-wordpress\/ -->\n<title>Marken b\u00fcndeln Kr\u00e4fte f\u00fcr mehr Diversity \u203a absatzwirtschaft - Super News<\/title>\n<meta name=\"robots\" content=\"index, follow, max-snippet:-1, max-image-preview:large, max-video-preview:-1\" \/>\n<link rel=\"canonical\" href=\"https:\/\/super-news.info\/de\/marken-buendeln-kraefte-fuer-mehr-diversity-absatzwirtschaft\/\" \/>\n<meta property=\"og:locale\" content=\"de_DE\" \/>\n<meta property=\"og:type\" content=\"article\" \/>\n<meta property=\"og:title\" content=\"Marken b\u00fcndeln Kr\u00e4fte f\u00fcr mehr Diversity \u203a absatzwirtschaft - Super News\" \/>\n<meta property=\"og:description\" content=\"Unilever, Pepsi Co, Shell und Tui wollen die schwarze Repr\u00e4sentanz im Marketing verbessern. Mithilfe von Diversity soll die gesamte Gesellschaft widergespiegelt werden. Von Anne-Kathrin Velten Die Marketingwelt muss sich eingestehen: Diversity ist allzuoft leider ein Fremdwort. Das gilt besonders f\u00fcr die USA und Gro\u00dfbritannien, wo die Marketingbranche gerade im Bereich der F\u00fchrungspositionen im Vergleich zur [&hellip;]\" \/>\n<meta property=\"og:url\" content=\"https:\/\/super-news.info\/de\/marken-buendeln-kraefte-fuer-mehr-diversity-absatzwirtschaft\/\" \/>\n<meta property=\"og:site_name\" content=\"Super News\" \/>\n<meta property=\"article:published_time\" content=\"2021-05-15T06:39:37+00:00\" \/>\n<meta property=\"article:modified_time\" content=\"2021-05-15T06:39:39+00:00\" \/>\n<meta property=\"og:image\" content=\"https:\/\/super-news.info\/de\/wp-content\/uploads\/sites\/13\/2021\/05\/Marken-buendeln-Kraefte-fuer-mehr-Diversity-absatzwirtschaft.jpg\" \/>\n\t<meta property=\"og:image:width\" content=\"630\" \/>\n\t<meta property=\"og:image:height\" content=\"354\" \/>\n\t<meta property=\"og:image:type\" content=\"image\/jpeg\" \/>\n<meta name=\"author\" content=\"super news\" \/>\n<meta name=\"twitter:card\" content=\"summary_large_image\" \/>\n<meta name=\"twitter:label1\" content=\"Verfasst von\" \/>\n\t<meta name=\"twitter:data1\" content=\"super news\" \/>\n\t<meta name=\"twitter:label2\" content=\"Gesch\u00e4tzte Lesezeit\" \/>\n\t<meta name=\"twitter:data2\" content=\"3\u00a0Minuten\" \/>\n<script type=\"application\/ld+json\" class=\"yoast-schema-graph\">{\"@context\":\"https:\\\/\\\/schema.org\",\"@graph\":[{\"@type\":\"Article\",\"@id\":\"https:\\\/\\\/super-news.info\\\/de\\\/marken-buendeln-kraefte-fuer-mehr-diversity-absatzwirtschaft\\\/#article\",\"isPartOf\":{\"@id\":\"https:\\\/\\\/super-news.info\\\/de\\\/marken-buendeln-kraefte-fuer-mehr-diversity-absatzwirtschaft\\\/\"},\"author\":{\"name\":\"super news\",\"@id\":\"https:\\\/\\\/super-news.info\\\/de\\\/#\\\/schema\\\/person\\\/2b9ff946d06444e803cb306ffcfd1045\"},\"headline\":\"Marken b\u00fcndeln Kr\u00e4fte f\u00fcr mehr Diversity \u203a absatzwirtschaft\",\"datePublished\":\"2021-05-15T06:39:37+00:00\",\"dateModified\":\"2021-05-15T06:39:39+00:00\",\"mainEntityOfPage\":{\"@id\":\"https:\\\/\\\/super-news.info\\\/de\\\/marken-buendeln-kraefte-fuer-mehr-diversity-absatzwirtschaft\\\/\"},\"wordCount\":643,\"commentCount\":0,\"image\":{\"@id\":\"https:\\\/\\\/super-news.info\\\/de\\\/marken-buendeln-kraefte-fuer-mehr-diversity-absatzwirtschaft\\\/#primaryimage\"},\"thumbnailUrl\":\"https:\\\/\\\/super-news.info\\\/de\\\/wp-content\\\/uploads\\\/sites\\\/13\\\/2021\\\/05\\\/Marken-buendeln-Kraefte-fuer-mehr-Diversity-absatzwirtschaft.jpg\",\"articleSection\":[\"MARKETING NEWS\"],\"inLanguage\":\"de\",\"potentialAction\":[{\"@type\":\"CommentAction\",\"name\":\"Comment\",\"target\":[\"https:\\\/\\\/super-news.info\\\/de\\\/marken-buendeln-kraefte-fuer-mehr-diversity-absatzwirtschaft\\\/#respond\"]}]},{\"@type\":\"WebPage\",\"@id\":\"https:\\\/\\\/super-news.info\\\/de\\\/marken-buendeln-kraefte-fuer-mehr-diversity-absatzwirtschaft\\\/\",\"url\":\"https:\\\/\\\/super-news.info\\\/de\\\/marken-buendeln-kraefte-fuer-mehr-diversity-absatzwirtschaft\\\/\",\"name\":\"Marken b\u00fcndeln Kr\u00e4fte f\u00fcr mehr Diversity \u203a absatzwirtschaft - Super News\",\"isPartOf\":{\"@id\":\"https:\\\/\\\/super-news.info\\\/de\\\/#website\"},\"primaryImageOfPage\":{\"@id\":\"https:\\\/\\\/super-news.info\\\/de\\\/marken-buendeln-kraefte-fuer-mehr-diversity-absatzwirtschaft\\\/#primaryimage\"},\"image\":{\"@id\":\"https:\\\/\\\/super-news.info\\\/de\\\/marken-buendeln-kraefte-fuer-mehr-diversity-absatzwirtschaft\\\/#primaryimage\"},\"thumbnailUrl\":\"https:\\\/\\\/super-news.info\\\/de\\\/wp-content\\\/uploads\\\/sites\\\/13\\\/2021\\\/05\\\/Marken-buendeln-Kraefte-fuer-mehr-Diversity-absatzwirtschaft.jpg\",\"datePublished\":\"2021-05-15T06:39:37+00:00\",\"dateModified\":\"2021-05-15T06:39:39+00:00\",\"author\":{\"@id\":\"https:\\\/\\\/super-news.info\\\/de\\\/#\\\/schema\\\/person\\\/2b9ff946d06444e803cb306ffcfd1045\"},\"breadcrumb\":{\"@id\":\"https:\\\/\\\/super-news.info\\\/de\\\/marken-buendeln-kraefte-fuer-mehr-diversity-absatzwirtschaft\\\/#breadcrumb\"},\"inLanguage\":\"de\",\"potentialAction\":[{\"@type\":\"ReadAction\",\"target\":[\"https:\\\/\\\/super-news.info\\\/de\\\/marken-buendeln-kraefte-fuer-mehr-diversity-absatzwirtschaft\\\/\"]}]},{\"@type\":\"ImageObject\",\"inLanguage\":\"de\",\"@id\":\"https:\\\/\\\/super-news.info\\\/de\\\/marken-buendeln-kraefte-fuer-mehr-diversity-absatzwirtschaft\\\/#primaryimage\",\"url\":\"https:\\\/\\\/super-news.info\\\/de\\\/wp-content\\\/uploads\\\/sites\\\/13\\\/2021\\\/05\\\/Marken-buendeln-Kraefte-fuer-mehr-Diversity-absatzwirtschaft.jpg\",\"contentUrl\":\"https:\\\/\\\/super-news.info\\\/de\\\/wp-content\\\/uploads\\\/sites\\\/13\\\/2021\\\/05\\\/Marken-buendeln-Kraefte-fuer-mehr-Diversity-absatzwirtschaft.jpg\",\"width\":630,\"height\":354,\"caption\":\"Diversity\"},{\"@type\":\"BreadcrumbList\",\"@id\":\"https:\\\/\\\/super-news.info\\\/de\\\/marken-buendeln-kraefte-fuer-mehr-diversity-absatzwirtschaft\\\/#breadcrumb\",\"itemListElement\":[{\"@type\":\"ListItem\",\"position\":1,\"name\":\"Home\",\"item\":\"https:\\\/\\\/super-news.info\\\/de\\\/\"},{\"@type\":\"ListItem\",\"position\":2,\"name\":\"Marken b\u00fcndeln Kr\u00e4fte f\u00fcr mehr Diversity \u203a absatzwirtschaft\"}]},{\"@type\":\"WebSite\",\"@id\":\"https:\\\/\\\/super-news.info\\\/de\\\/#website\",\"url\":\"https:\\\/\\\/super-news.info\\\/de\\\/\",\"name\":\"Super News\",\"description\":\"Super News Germany\",\"potentialAction\":[{\"@type\":\"SearchAction\",\"target\":{\"@type\":\"EntryPoint\",\"urlTemplate\":\"https:\\\/\\\/super-news.info\\\/de\\\/?s={search_term_string}\"},\"query-input\":{\"@type\":\"PropertyValueSpecification\",\"valueRequired\":true,\"valueName\":\"search_term_string\"}}],\"inLanguage\":\"de\"},{\"@type\":\"Person\",\"@id\":\"https:\\\/\\\/super-news.info\\\/de\\\/#\\\/schema\\\/person\\\/2b9ff946d06444e803cb306ffcfd1045\",\"name\":\"super news\",\"image\":{\"@type\":\"ImageObject\",\"inLanguage\":\"de\",\"@id\":\"https:\\\/\\\/secure.gravatar.com\\\/avatar\\\/98e0b303f300d45b2a94684c5e4dda8baa4a5e9710b579f7493c8612061d08bf?s=96&d=mm&r=g\",\"url\":\"https:\\\/\\\/secure.gravatar.com\\\/avatar\\\/98e0b303f300d45b2a94684c5e4dda8baa4a5e9710b579f7493c8612061d08bf?s=96&d=mm&r=g\",\"contentUrl\":\"https:\\\/\\\/secure.gravatar.com\\\/avatar\\\/98e0b303f300d45b2a94684c5e4dda8baa4a5e9710b579f7493c8612061d08bf?s=96&d=mm&r=g\",\"caption\":\"super news\"},\"url\":\"https:\\\/\\\/super-news.info\\\/de\\\/author\\\/manuel\\\/\"}]}<\/script>\n<!-- \/ Yoast SEO plugin. -->","yoast_head_json":{"title":"Marken b\u00fcndeln Kr\u00e4fte f\u00fcr mehr Diversity \u203a absatzwirtschaft - Super News","robots":{"index":"index","follow":"follow","max-snippet":"max-snippet:-1","max-image-preview":"max-image-preview:large","max-video-preview":"max-video-preview:-1"},"canonical":"https:\/\/super-news.info\/de\/marken-buendeln-kraefte-fuer-mehr-diversity-absatzwirtschaft\/","og_locale":"de_DE","og_type":"article","og_title":"Marken b\u00fcndeln Kr\u00e4fte f\u00fcr mehr Diversity \u203a absatzwirtschaft - Super News","og_description":"Unilever, Pepsi Co, Shell und Tui wollen die schwarze Repr\u00e4sentanz im Marketing verbessern. Mithilfe von Diversity soll die gesamte Gesellschaft widergespiegelt werden. Von Anne-Kathrin Velten Die Marketingwelt muss sich eingestehen: Diversity ist allzuoft leider ein Fremdwort. Das gilt besonders f\u00fcr die USA und Gro\u00dfbritannien, wo die Marketingbranche gerade im Bereich der F\u00fchrungspositionen im Vergleich zur [&hellip;]","og_url":"https:\/\/super-news.info\/de\/marken-buendeln-kraefte-fuer-mehr-diversity-absatzwirtschaft\/","og_site_name":"Super News","article_published_time":"2021-05-15T06:39:37+00:00","article_modified_time":"2021-05-15T06:39:39+00:00","og_image":[{"width":630,"height":354,"url":"https:\/\/super-news.info\/de\/wp-content\/uploads\/sites\/13\/2021\/05\/Marken-buendeln-Kraefte-fuer-mehr-Diversity-absatzwirtschaft.jpg","type":"image\/jpeg"}],"author":"super news","twitter_card":"summary_large_image","twitter_misc":{"Verfasst von":"super news","Gesch\u00e4tzte Lesezeit":"3\u00a0Minuten"},"schema":{"@context":"https:\/\/schema.org","@graph":[{"@type":"Article","@id":"https:\/\/super-news.info\/de\/marken-buendeln-kraefte-fuer-mehr-diversity-absatzwirtschaft\/#article","isPartOf":{"@id":"https:\/\/super-news.info\/de\/marken-buendeln-kraefte-fuer-mehr-diversity-absatzwirtschaft\/"},"author":{"name":"super news","@id":"https:\/\/super-news.info\/de\/#\/schema\/person\/2b9ff946d06444e803cb306ffcfd1045"},"headline":"Marken b\u00fcndeln Kr\u00e4fte f\u00fcr mehr Diversity \u203a absatzwirtschaft","datePublished":"2021-05-15T06:39:37+00:00","dateModified":"2021-05-15T06:39:39+00:00","mainEntityOfPage":{"@id":"https:\/\/super-news.info\/de\/marken-buendeln-kraefte-fuer-mehr-diversity-absatzwirtschaft\/"},"wordCount":643,"commentCount":0,"image":{"@id":"https:\/\/super-news.info\/de\/marken-buendeln-kraefte-fuer-mehr-diversity-absatzwirtschaft\/#primaryimage"},"thumbnailUrl":"https:\/\/super-news.info\/de\/wp-content\/uploads\/sites\/13\/2021\/05\/Marken-buendeln-Kraefte-fuer-mehr-Diversity-absatzwirtschaft.jpg","articleSection":["MARKETING NEWS"],"inLanguage":"de","potentialAction":[{"@type":"CommentAction","name":"Comment","target":["https:\/\/super-news.info\/de\/marken-buendeln-kraefte-fuer-mehr-diversity-absatzwirtschaft\/#respond"]}]},{"@type":"WebPage","@id":"https:\/\/super-news.info\/de\/marken-buendeln-kraefte-fuer-mehr-diversity-absatzwirtschaft\/","url":"https:\/\/super-news.info\/de\/marken-buendeln-kraefte-fuer-mehr-diversity-absatzwirtschaft\/","name":"Marken b\u00fcndeln Kr\u00e4fte f\u00fcr mehr Diversity \u203a absatzwirtschaft - Super News","isPartOf":{"@id":"https:\/\/super-news.info\/de\/#website"},"primaryImageOfPage":{"@id":"https:\/\/super-news.info\/de\/marken-buendeln-kraefte-fuer-mehr-diversity-absatzwirtschaft\/#primaryimage"},"image":{"@id":"https:\/\/super-news.info\/de\/marken-buendeln-kraefte-fuer-mehr-diversity-absatzwirtschaft\/#primaryimage"},"thumbnailUrl":"https:\/\/super-news.info\/de\/wp-content\/uploads\/sites\/13\/2021\/05\/Marken-buendeln-Kraefte-fuer-mehr-Diversity-absatzwirtschaft.jpg","datePublished":"2021-05-15T06:39:37+00:00","dateModified":"2021-05-15T06:39:39+00:00","author":{"@id":"https:\/\/super-news.info\/de\/#\/schema\/person\/2b9ff946d06444e803cb306ffcfd1045"},"breadcrumb":{"@id":"https:\/\/super-news.info\/de\/marken-buendeln-kraefte-fuer-mehr-diversity-absatzwirtschaft\/#breadcrumb"},"inLanguage":"de","potentialAction":[{"@type":"ReadAction","target":["https:\/\/super-news.info\/de\/marken-buendeln-kraefte-fuer-mehr-diversity-absatzwirtschaft\/"]}]},{"@type":"ImageObject","inLanguage":"de","@id":"https:\/\/super-news.info\/de\/marken-buendeln-kraefte-fuer-mehr-diversity-absatzwirtschaft\/#primaryimage","url":"https:\/\/super-news.info\/de\/wp-content\/uploads\/sites\/13\/2021\/05\/Marken-buendeln-Kraefte-fuer-mehr-Diversity-absatzwirtschaft.jpg","contentUrl":"https:\/\/super-news.info\/de\/wp-content\/uploads\/sites\/13\/2021\/05\/Marken-buendeln-Kraefte-fuer-mehr-Diversity-absatzwirtschaft.jpg","width":630,"height":354,"caption":"Diversity"},{"@type":"BreadcrumbList","@id":"https:\/\/super-news.info\/de\/marken-buendeln-kraefte-fuer-mehr-diversity-absatzwirtschaft\/#breadcrumb","itemListElement":[{"@type":"ListItem","position":1,"name":"Home","item":"https:\/\/super-news.info\/de\/"},{"@type":"ListItem","position":2,"name":"Marken b\u00fcndeln Kr\u00e4fte f\u00fcr mehr Diversity \u203a absatzwirtschaft"}]},{"@type":"WebSite","@id":"https:\/\/super-news.info\/de\/#website","url":"https:\/\/super-news.info\/de\/","name":"Super News","description":"Super News Germany","potentialAction":[{"@type":"SearchAction","target":{"@type":"EntryPoint","urlTemplate":"https:\/\/super-news.info\/de\/?s={search_term_string}"},"query-input":{"@type":"PropertyValueSpecification","valueRequired":true,"valueName":"search_term_string"}}],"inLanguage":"de"},{"@type":"Person","@id":"https:\/\/super-news.info\/de\/#\/schema\/person\/2b9ff946d06444e803cb306ffcfd1045","name":"super news","image":{"@type":"ImageObject","inLanguage":"de","@id":"https:\/\/secure.gravatar.com\/avatar\/98e0b303f300d45b2a94684c5e4dda8baa4a5e9710b579f7493c8612061d08bf?s=96&d=mm&r=g","url":"https:\/\/secure.gravatar.com\/avatar\/98e0b303f300d45b2a94684c5e4dda8baa4a5e9710b579f7493c8612061d08bf?s=96&d=mm&r=g","contentUrl":"https:\/\/secure.gravatar.com\/avatar\/98e0b303f300d45b2a94684c5e4dda8baa4a5e9710b579f7493c8612061d08bf?s=96&d=mm&r=g","caption":"super news"},"url":"https:\/\/super-news.info\/de\/author\/manuel\/"}]}},"_links":{"self":[{"href":"https:\/\/super-news.info\/de\/wp-json\/wp\/v2\/posts\/1633","targetHints":{"allow":["GET"]}}],"collection":[{"href":"https:\/\/super-news.info\/de\/wp-json\/wp\/v2\/posts"}],"about":[{"href":"https:\/\/super-news.info\/de\/wp-json\/wp\/v2\/types\/post"}],"author":[{"embeddable":true,"href":"https:\/\/super-news.info\/de\/wp-json\/wp\/v2\/users\/1"}],"replies":[{"embeddable":true,"href":"https:\/\/super-news.info\/de\/wp-json\/wp\/v2\/comments?post=1633"}],"version-history":[{"count":1,"href":"https:\/\/super-news.info\/de\/wp-json\/wp\/v2\/posts\/1633\/revisions"}],"predecessor-version":[{"id":1635,"href":"https:\/\/super-news.info\/de\/wp-json\/wp\/v2\/posts\/1633\/revisions\/1635"}],"wp:featuredmedia":[{"embeddable":true,"href":"https:\/\/super-news.info\/de\/wp-json\/wp\/v2\/media\/1634"}],"wp:attachment":[{"href":"https:\/\/super-news.info\/de\/wp-json\/wp\/v2\/media?parent=1633"}],"wp:term":[{"taxonomy":"category","embeddable":true,"href":"https:\/\/super-news.info\/de\/wp-json\/wp\/v2\/categories?post=1633"},{"taxonomy":"post_tag","embeddable":true,"href":"https:\/\/super-news.info\/de\/wp-json\/wp\/v2\/tags?post=1633"}],"curies":[{"name":"wp","href":"https:\/\/api.w.org\/{rel}","templated":true}]}}