{"id":1624,"date":"2021-05-13T10:45:51","date_gmt":"2021-05-13T10:45:51","guid":{"rendered":"https:\/\/super-news.info\/de\/video-beten-fuer-ein-ende-der-pandemie\/"},"modified":"2021-05-13T10:45:53","modified_gmt":"2021-05-13T10:45:53","slug":"video-beten-fuer-ein-ende-der-pandemie","status":"publish","type":"post","link":"https:\/\/super-news.info\/de\/video-beten-fuer-ein-ende-der-pandemie\/","title":{"rendered":"Video: Beten f\u00fcr ein Ende der Pandemie"},"content":{"rendered":"<p> Video<br \/>\n Beten f\u00fcr ein Ende der Pandemie<\/p>\n<p> Tausende Gl\u00e4ubige sind am Mittwochabend an den portugiesischen Wallfahrtsort der katholischen Kirche F\u00e1tima gepilgert, der n\u00f6rdlich von Lissabon liegt. Unter freiem Himmel und unter der Einhaltung von Abstandsregeln wurden die Feierlichkeiten im Sanktuarium von Fatima zelebriert. Der Ort gilt als einer der wichtigsten Bezugspunkte des Marienkults. Im Zentrum der Gebete war unter anderem die Hoffnung auf ein baldiges Ende der Corona-Pandemie, wie diese Pilger best\u00e4tigen: &#8222;Mehr denn je, m\u00fcssen wir die Gottesmutter bitten, uns zu helfen, uns von dieser gro\u00dfen Pandemie, die wir erleben, und von den Krankheiten, die wir haben, zu befreien. Und wir m\u00fcssen f\u00fcr unsere Lieben beten. Leider habe ich auch eine Autoimmunkrankheit. Und nur die Gottesmutter kann helfen und uns die Kraft geben, hier zu sein.&#8220; &#8222;Wir haben es satt. Und die Pandemie hat unser Leben sehr ver\u00e4ndert. Ich habe die Nase voll von der Maske. Es ist furchtbar. Ich hoffe, die Gottesmutter hilft uns, sie so schnell wie m\u00f6glich wieder loszuwerden.&#8220; Der Wallfahrtsort F\u00e1tima wird vor allem von Kranken aufgesucht, die auf eine wundersame Heilung hoffen. Ursprung haben die Feierlichkeiten in einem Ereignis, das vor \u00fcber 100 Jahren stattgefunden hat. Am 13. Mai 1917 soll auf einem Feld die Jungfrau Maria drei Hirtenkindern erschienen sein.<br \/>\n Mehr<\/p>\n<p> Der Wallfahrtsort F\u00e1tima in Portugal wird vor allem von Kranken aufgesucht, die auf eine wundersame Heilung hoffen. <\/p>\n<p>\n<!--noindex--><br \/>\n<a href=\"https:\/\/www.stern.de\/panorama\/video-beten-fuer-ein-ende-der-pandemie-30525976.html?utm_campaign=alle&#038;utm_medium=rss-feed&#038;utm_source=standard\" rel=\"nofollow\">Source link <\/a><br \/>\n<!--\/noindex--><\/p>\n","protected":false},"excerpt":{"rendered":"<p>Video Beten f\u00fcr ein Ende der Pandemie Tausende Gl\u00e4ubige sind am Mittwochabend an den portugiesischen Wallfahrtsort der katholischen Kirche F\u00e1tima gepilgert, der n\u00f6rdlich von Lissabon liegt. Unter freiem Himmel und unter der Einhaltung von Abstandsregeln wurden die Feierlichkeiten im Sanktuarium von Fatima zelebriert. Der Ort gilt als einer der wichtigsten Bezugspunkte des Marienkults. Im Zentrum [&hellip;]<\/p>\n","protected":false},"author":1,"featured_media":1625,"comment_status":"open","ping_status":"open","sticky":false,"template":"","format":"standard","meta":{"footnotes":""},"categories":[1],"tags":[],"class_list":["post-1624","post","type-post","status-publish","format-standard","has-post-thumbnail","hentry","category-neuigkeiten"],"yoast_head":"<!-- This site is optimized with the Yoast SEO plugin v27.4 - https:\/\/yoast.com\/product\/yoast-seo-wordpress\/ -->\n<title>Video: Beten f\u00fcr ein Ende der Pandemie - Super News<\/title>\n<meta name=\"robots\" content=\"index, follow, max-snippet:-1, max-image-preview:large, max-video-preview:-1\" \/>\n<link rel=\"canonical\" href=\"https:\/\/super-news.info\/de\/video-beten-fuer-ein-ende-der-pandemie\/\" \/>\n<meta property=\"og:locale\" content=\"de_DE\" \/>\n<meta property=\"og:type\" content=\"article\" \/>\n<meta property=\"og:title\" content=\"Video: Beten f\u00fcr ein Ende der Pandemie - Super News\" \/>\n<meta property=\"og:description\" content=\"Video Beten f\u00fcr ein Ende der Pandemie Tausende Gl\u00e4ubige sind am Mittwochabend an den portugiesischen Wallfahrtsort der katholischen Kirche F\u00e1tima gepilgert, der n\u00f6rdlich von Lissabon liegt. Unter freiem Himmel und unter der Einhaltung von Abstandsregeln wurden die Feierlichkeiten im Sanktuarium von Fatima zelebriert. Der Ort gilt als einer der wichtigsten Bezugspunkte des Marienkults. Im Zentrum [&hellip;]\" \/>\n<meta property=\"og:url\" content=\"https:\/\/super-news.info\/de\/video-beten-fuer-ein-ende-der-pandemie\/\" \/>\n<meta property=\"og:site_name\" content=\"Super News\" \/>\n<meta property=\"article:published_time\" content=\"2021-05-13T10:45:51+00:00\" \/>\n<meta property=\"article:modified_time\" content=\"2021-05-13T10:45:53+00:00\" \/>\n<meta property=\"og:image\" content=\"https:\/\/super-news.info\/de\/wp-content\/uploads\/sites\/13\/2021\/05\/Video-Beten-fuer-ein-Ende-der-Pandemie.jpg\" \/>\n\t<meta property=\"og:image:width\" content=\"1440\" \/>\n\t<meta property=\"og:image:height\" content=\"810\" \/>\n\t<meta property=\"og:image:type\" content=\"image\/jpeg\" \/>\n<meta name=\"author\" content=\"super news\" \/>\n<meta name=\"twitter:card\" content=\"summary_large_image\" \/>\n<meta name=\"twitter:label1\" content=\"Verfasst von\" \/>\n\t<meta name=\"twitter:data1\" content=\"super news\" \/>\n\t<meta name=\"twitter:label2\" content=\"Gesch\u00e4tzte Lesezeit\" \/>\n\t<meta name=\"twitter:data2\" content=\"1\u00a0Minute\" \/>\n<script type=\"application\/ld+json\" class=\"yoast-schema-graph\">{\"@context\":\"https:\\\/\\\/schema.org\",\"@graph\":[{\"@type\":\"Article\",\"@id\":\"https:\\\/\\\/super-news.info\\\/de\\\/video-beten-fuer-ein-ende-der-pandemie\\\/#article\",\"isPartOf\":{\"@id\":\"https:\\\/\\\/super-news.info\\\/de\\\/video-beten-fuer-ein-ende-der-pandemie\\\/\"},\"author\":{\"name\":\"super news\",\"@id\":\"https:\\\/\\\/super-news.info\\\/de\\\/#\\\/schema\\\/person\\\/2b9ff946d06444e803cb306ffcfd1045\"},\"headline\":\"Video: Beten f\u00fcr ein Ende der Pandemie\",\"datePublished\":\"2021-05-13T10:45:51+00:00\",\"dateModified\":\"2021-05-13T10:45:53+00:00\",\"mainEntityOfPage\":{\"@id\":\"https:\\\/\\\/super-news.info\\\/de\\\/video-beten-fuer-ein-ende-der-pandemie\\\/\"},\"wordCount\":245,\"commentCount\":0,\"image\":{\"@id\":\"https:\\\/\\\/super-news.info\\\/de\\\/video-beten-fuer-ein-ende-der-pandemie\\\/#primaryimage\"},\"thumbnailUrl\":\"https:\\\/\\\/super-news.info\\\/de\\\/wp-content\\\/uploads\\\/sites\\\/13\\\/2021\\\/05\\\/Video-Beten-fuer-ein-Ende-der-Pandemie.jpg\",\"articleSection\":[\"NEUIGKEITEN\"],\"inLanguage\":\"de\",\"potentialAction\":[{\"@type\":\"CommentAction\",\"name\":\"Comment\",\"target\":[\"https:\\\/\\\/super-news.info\\\/de\\\/video-beten-fuer-ein-ende-der-pandemie\\\/#respond\"]}]},{\"@type\":\"WebPage\",\"@id\":\"https:\\\/\\\/super-news.info\\\/de\\\/video-beten-fuer-ein-ende-der-pandemie\\\/\",\"url\":\"https:\\\/\\\/super-news.info\\\/de\\\/video-beten-fuer-ein-ende-der-pandemie\\\/\",\"name\":\"Video: Beten f\u00fcr ein Ende der Pandemie - Super News\",\"isPartOf\":{\"@id\":\"https:\\\/\\\/super-news.info\\\/de\\\/#website\"},\"primaryImageOfPage\":{\"@id\":\"https:\\\/\\\/super-news.info\\\/de\\\/video-beten-fuer-ein-ende-der-pandemie\\\/#primaryimage\"},\"image\":{\"@id\":\"https:\\\/\\\/super-news.info\\\/de\\\/video-beten-fuer-ein-ende-der-pandemie\\\/#primaryimage\"},\"thumbnailUrl\":\"https:\\\/\\\/super-news.info\\\/de\\\/wp-content\\\/uploads\\\/sites\\\/13\\\/2021\\\/05\\\/Video-Beten-fuer-ein-Ende-der-Pandemie.jpg\",\"datePublished\":\"2021-05-13T10:45:51+00:00\",\"dateModified\":\"2021-05-13T10:45:53+00:00\",\"author\":{\"@id\":\"https:\\\/\\\/super-news.info\\\/de\\\/#\\\/schema\\\/person\\\/2b9ff946d06444e803cb306ffcfd1045\"},\"breadcrumb\":{\"@id\":\"https:\\\/\\\/super-news.info\\\/de\\\/video-beten-fuer-ein-ende-der-pandemie\\\/#breadcrumb\"},\"inLanguage\":\"de\",\"potentialAction\":[{\"@type\":\"ReadAction\",\"target\":[\"https:\\\/\\\/super-news.info\\\/de\\\/video-beten-fuer-ein-ende-der-pandemie\\\/\"]}]},{\"@type\":\"ImageObject\",\"inLanguage\":\"de\",\"@id\":\"https:\\\/\\\/super-news.info\\\/de\\\/video-beten-fuer-ein-ende-der-pandemie\\\/#primaryimage\",\"url\":\"https:\\\/\\\/super-news.info\\\/de\\\/wp-content\\\/uploads\\\/sites\\\/13\\\/2021\\\/05\\\/Video-Beten-fuer-ein-Ende-der-Pandemie.jpg\",\"contentUrl\":\"https:\\\/\\\/super-news.info\\\/de\\\/wp-content\\\/uploads\\\/sites\\\/13\\\/2021\\\/05\\\/Video-Beten-fuer-ein-Ende-der-Pandemie.jpg\",\"width\":1440,\"height\":810,\"caption\":\"Video: Beten f\u00fcr ein Ende der Pandemie\"},{\"@type\":\"BreadcrumbList\",\"@id\":\"https:\\\/\\\/super-news.info\\\/de\\\/video-beten-fuer-ein-ende-der-pandemie\\\/#breadcrumb\",\"itemListElement\":[{\"@type\":\"ListItem\",\"position\":1,\"name\":\"Home\",\"item\":\"https:\\\/\\\/super-news.info\\\/de\\\/\"},{\"@type\":\"ListItem\",\"position\":2,\"name\":\"Video: Beten f\u00fcr ein Ende der Pandemie\"}]},{\"@type\":\"WebSite\",\"@id\":\"https:\\\/\\\/super-news.info\\\/de\\\/#website\",\"url\":\"https:\\\/\\\/super-news.info\\\/de\\\/\",\"name\":\"Super News\",\"description\":\"Super News Germany\",\"potentialAction\":[{\"@type\":\"SearchAction\",\"target\":{\"@type\":\"EntryPoint\",\"urlTemplate\":\"https:\\\/\\\/super-news.info\\\/de\\\/?s={search_term_string}\"},\"query-input\":{\"@type\":\"PropertyValueSpecification\",\"valueRequired\":true,\"valueName\":\"search_term_string\"}}],\"inLanguage\":\"de\"},{\"@type\":\"Person\",\"@id\":\"https:\\\/\\\/super-news.info\\\/de\\\/#\\\/schema\\\/person\\\/2b9ff946d06444e803cb306ffcfd1045\",\"name\":\"super news\",\"image\":{\"@type\":\"ImageObject\",\"inLanguage\":\"de\",\"@id\":\"https:\\\/\\\/secure.gravatar.com\\\/avatar\\\/98e0b303f300d45b2a94684c5e4dda8baa4a5e9710b579f7493c8612061d08bf?s=96&d=mm&r=g\",\"url\":\"https:\\\/\\\/secure.gravatar.com\\\/avatar\\\/98e0b303f300d45b2a94684c5e4dda8baa4a5e9710b579f7493c8612061d08bf?s=96&d=mm&r=g\",\"contentUrl\":\"https:\\\/\\\/secure.gravatar.com\\\/avatar\\\/98e0b303f300d45b2a94684c5e4dda8baa4a5e9710b579f7493c8612061d08bf?s=96&d=mm&r=g\",\"caption\":\"super news\"},\"url\":\"https:\\\/\\\/super-news.info\\\/de\\\/author\\\/manuel\\\/\"}]}<\/script>\n<!-- \/ Yoast SEO plugin. -->","yoast_head_json":{"title":"Video: Beten f\u00fcr ein Ende der Pandemie - Super News","robots":{"index":"index","follow":"follow","max-snippet":"max-snippet:-1","max-image-preview":"max-image-preview:large","max-video-preview":"max-video-preview:-1"},"canonical":"https:\/\/super-news.info\/de\/video-beten-fuer-ein-ende-der-pandemie\/","og_locale":"de_DE","og_type":"article","og_title":"Video: Beten f\u00fcr ein Ende der Pandemie - Super News","og_description":"Video Beten f\u00fcr ein Ende der Pandemie Tausende Gl\u00e4ubige sind am Mittwochabend an den portugiesischen Wallfahrtsort der katholischen Kirche F\u00e1tima gepilgert, der n\u00f6rdlich von Lissabon liegt. Unter freiem Himmel und unter der Einhaltung von Abstandsregeln wurden die Feierlichkeiten im Sanktuarium von Fatima zelebriert. Der Ort gilt als einer der wichtigsten Bezugspunkte des Marienkults. Im Zentrum [&hellip;]","og_url":"https:\/\/super-news.info\/de\/video-beten-fuer-ein-ende-der-pandemie\/","og_site_name":"Super News","article_published_time":"2021-05-13T10:45:51+00:00","article_modified_time":"2021-05-13T10:45:53+00:00","og_image":[{"width":1440,"height":810,"url":"https:\/\/super-news.info\/de\/wp-content\/uploads\/sites\/13\/2021\/05\/Video-Beten-fuer-ein-Ende-der-Pandemie.jpg","type":"image\/jpeg"}],"author":"super news","twitter_card":"summary_large_image","twitter_misc":{"Verfasst von":"super news","Gesch\u00e4tzte Lesezeit":"1\u00a0Minute"},"schema":{"@context":"https:\/\/schema.org","@graph":[{"@type":"Article","@id":"https:\/\/super-news.info\/de\/video-beten-fuer-ein-ende-der-pandemie\/#article","isPartOf":{"@id":"https:\/\/super-news.info\/de\/video-beten-fuer-ein-ende-der-pandemie\/"},"author":{"name":"super news","@id":"https:\/\/super-news.info\/de\/#\/schema\/person\/2b9ff946d06444e803cb306ffcfd1045"},"headline":"Video: Beten f\u00fcr ein Ende der Pandemie","datePublished":"2021-05-13T10:45:51+00:00","dateModified":"2021-05-13T10:45:53+00:00","mainEntityOfPage":{"@id":"https:\/\/super-news.info\/de\/video-beten-fuer-ein-ende-der-pandemie\/"},"wordCount":245,"commentCount":0,"image":{"@id":"https:\/\/super-news.info\/de\/video-beten-fuer-ein-ende-der-pandemie\/#primaryimage"},"thumbnailUrl":"https:\/\/super-news.info\/de\/wp-content\/uploads\/sites\/13\/2021\/05\/Video-Beten-fuer-ein-Ende-der-Pandemie.jpg","articleSection":["NEUIGKEITEN"],"inLanguage":"de","potentialAction":[{"@type":"CommentAction","name":"Comment","target":["https:\/\/super-news.info\/de\/video-beten-fuer-ein-ende-der-pandemie\/#respond"]}]},{"@type":"WebPage","@id":"https:\/\/super-news.info\/de\/video-beten-fuer-ein-ende-der-pandemie\/","url":"https:\/\/super-news.info\/de\/video-beten-fuer-ein-ende-der-pandemie\/","name":"Video: Beten f\u00fcr ein Ende der Pandemie - Super News","isPartOf":{"@id":"https:\/\/super-news.info\/de\/#website"},"primaryImageOfPage":{"@id":"https:\/\/super-news.info\/de\/video-beten-fuer-ein-ende-der-pandemie\/#primaryimage"},"image":{"@id":"https:\/\/super-news.info\/de\/video-beten-fuer-ein-ende-der-pandemie\/#primaryimage"},"thumbnailUrl":"https:\/\/super-news.info\/de\/wp-content\/uploads\/sites\/13\/2021\/05\/Video-Beten-fuer-ein-Ende-der-Pandemie.jpg","datePublished":"2021-05-13T10:45:51+00:00","dateModified":"2021-05-13T10:45:53+00:00","author":{"@id":"https:\/\/super-news.info\/de\/#\/schema\/person\/2b9ff946d06444e803cb306ffcfd1045"},"breadcrumb":{"@id":"https:\/\/super-news.info\/de\/video-beten-fuer-ein-ende-der-pandemie\/#breadcrumb"},"inLanguage":"de","potentialAction":[{"@type":"ReadAction","target":["https:\/\/super-news.info\/de\/video-beten-fuer-ein-ende-der-pandemie\/"]}]},{"@type":"ImageObject","inLanguage":"de","@id":"https:\/\/super-news.info\/de\/video-beten-fuer-ein-ende-der-pandemie\/#primaryimage","url":"https:\/\/super-news.info\/de\/wp-content\/uploads\/sites\/13\/2021\/05\/Video-Beten-fuer-ein-Ende-der-Pandemie.jpg","contentUrl":"https:\/\/super-news.info\/de\/wp-content\/uploads\/sites\/13\/2021\/05\/Video-Beten-fuer-ein-Ende-der-Pandemie.jpg","width":1440,"height":810,"caption":"Video: Beten f\u00fcr ein Ende der Pandemie"},{"@type":"BreadcrumbList","@id":"https:\/\/super-news.info\/de\/video-beten-fuer-ein-ende-der-pandemie\/#breadcrumb","itemListElement":[{"@type":"ListItem","position":1,"name":"Home","item":"https:\/\/super-news.info\/de\/"},{"@type":"ListItem","position":2,"name":"Video: Beten f\u00fcr ein Ende der Pandemie"}]},{"@type":"WebSite","@id":"https:\/\/super-news.info\/de\/#website","url":"https:\/\/super-news.info\/de\/","name":"Super News","description":"Super News Germany","potentialAction":[{"@type":"SearchAction","target":{"@type":"EntryPoint","urlTemplate":"https:\/\/super-news.info\/de\/?s={search_term_string}"},"query-input":{"@type":"PropertyValueSpecification","valueRequired":true,"valueName":"search_term_string"}}],"inLanguage":"de"},{"@type":"Person","@id":"https:\/\/super-news.info\/de\/#\/schema\/person\/2b9ff946d06444e803cb306ffcfd1045","name":"super news","image":{"@type":"ImageObject","inLanguage":"de","@id":"https:\/\/secure.gravatar.com\/avatar\/98e0b303f300d45b2a94684c5e4dda8baa4a5e9710b579f7493c8612061d08bf?s=96&d=mm&r=g","url":"https:\/\/secure.gravatar.com\/avatar\/98e0b303f300d45b2a94684c5e4dda8baa4a5e9710b579f7493c8612061d08bf?s=96&d=mm&r=g","contentUrl":"https:\/\/secure.gravatar.com\/avatar\/98e0b303f300d45b2a94684c5e4dda8baa4a5e9710b579f7493c8612061d08bf?s=96&d=mm&r=g","caption":"super news"},"url":"https:\/\/super-news.info\/de\/author\/manuel\/"}]}},"_links":{"self":[{"href":"https:\/\/super-news.info\/de\/wp-json\/wp\/v2\/posts\/1624","targetHints":{"allow":["GET"]}}],"collection":[{"href":"https:\/\/super-news.info\/de\/wp-json\/wp\/v2\/posts"}],"about":[{"href":"https:\/\/super-news.info\/de\/wp-json\/wp\/v2\/types\/post"}],"author":[{"embeddable":true,"href":"https:\/\/super-news.info\/de\/wp-json\/wp\/v2\/users\/1"}],"replies":[{"embeddable":true,"href":"https:\/\/super-news.info\/de\/wp-json\/wp\/v2\/comments?post=1624"}],"version-history":[{"count":1,"href":"https:\/\/super-news.info\/de\/wp-json\/wp\/v2\/posts\/1624\/revisions"}],"predecessor-version":[{"id":1626,"href":"https:\/\/super-news.info\/de\/wp-json\/wp\/v2\/posts\/1624\/revisions\/1626"}],"wp:featuredmedia":[{"embeddable":true,"href":"https:\/\/super-news.info\/de\/wp-json\/wp\/v2\/media\/1625"}],"wp:attachment":[{"href":"https:\/\/super-news.info\/de\/wp-json\/wp\/v2\/media?parent=1624"}],"wp:term":[{"taxonomy":"category","embeddable":true,"href":"https:\/\/super-news.info\/de\/wp-json\/wp\/v2\/categories?post=1624"},{"taxonomy":"post_tag","embeddable":true,"href":"https:\/\/super-news.info\/de\/wp-json\/wp\/v2\/tags?post=1624"}],"curies":[{"name":"wp","href":"https:\/\/api.w.org\/{rel}","templated":true}]}}