{"id":162,"date":"2020-09-01T16:36:43","date_gmt":"2020-09-01T16:36:43","guid":{"rendered":"https:\/\/super-news.info\/de\/lidl-sucht-schon-wieder-neuen-chef-ignazio-paterno-geht-absatzwirtschaft\/"},"modified":"2020-09-03T07:47:31","modified_gmt":"2020-09-03T07:47:31","slug":"lidl-sucht-schon-wieder-neuen-chef-ignazio-paterno-geht-absatzwirtschaft","status":"publish","type":"post","link":"https:\/\/super-news.info\/de\/lidl-sucht-schon-wieder-neuen-chef-ignazio-paterno-geht-absatzwirtschaft\/","title":{"rendered":"Lidl sucht schon wieder neuen Chef \u2013 Ignazio Patern\u00f2 geht \u203a absatzwirtschaft"},"content":{"rendered":"\n<div id=\"post-174431\"><!-- .entry-header -->\n<figure>\n<figcaption><strong>Der n\u00e4chste Chef verl\u00e4sst Lidl: Ignazio Patern\u00f2 hatte den Vorstandsvorsitz bei der Supermarktkette im April 2019 zun\u00e4chst kommissarisch und erst vor wenigen Monaten fest \u00fcbernommen.<\/strong><br \/><cite>\u00a9 Lidl<\/cite>\n<p>\u00a0<\/p>\n<p>\u00a0<\/p>\n<\/figcaption>\n<\/figure>\n<p>\u00a0<\/p>\n<div class=\"entry-excerpt\">\n<p><span class=\"entry-ressort\"><br \/>Der Lebensmitteldiscounter Lidl sucht schon wieder nach einem neuen Chef. Der bisherige Vorstandsvorsitzende Ignazio Patern\u00f2 verlasse das Unternehmen mit sofortiger Wirkung und &#8222;auf eigenen Wunsch&#8220;, hie\u00df es in einer Firmenmitteilung.<\/span><\/p>\n<\/div>\n<div class=\"abs-ad-content grid-box-advertisement\">\n<div class=\"abs-abs\"><!-- debug pluginarray(3) {\n  [0]=>\n  int(3541)\n  [1]=>\n  int(1047)\n  [2]=>\n  int(3937)\n}\n--><header class=\"ad-info-title adf-24238\">\n<p>Anzeige<\/p>\n<\/header>\n<p><noscript><br \/>\n\t\t\t\t<br \/>\n\t\t\t\t\t<img decoding=\"async\" src=\"http:\/\/super-news.info\/de\/wp-content\/uploads\/sites\/13\/2020\/09\/Lidl-sucht-schon-wieder-neuen-Chef-Ignazio-Paterno-geht.gif\" border=\"0\" alt=\"\"\/><\/a><br \/\n\t\t\t\t<\/noscript><\/p>\n<\/div>\n<\/div>\n<p><!-- END Advertisement --><\/p>\n<div class=\"entry-content\">\n<p>Patern\u00f2 hatte den Chefposten bei der Supermarktkette im April 2019 zun\u00e4chst kommissarisch und erst vor wenigen Monaten fest \u00fcbernommen. Nun habe ihn sein Lebensmittelpunkt in Italien dazu bewogen, das Amt niederzulegen, teilte Lidl in Neckarsulm mit. Zuvor hatte die \u201cLebensmittel Zeitung\u201d \u00fcber Patern\u00f2s Abgang berichtet.<\/p>\n<p>Interimsweise soll Gerd Chrzanowski die Gesch\u00e4fte des<br \/>Discounters leiten. Dieser ist bereits designierter Nachfolger des Konzernchefs<br \/>der Schwarz-Gruppe, Klaus Gehrig. Gehrig f\u00fchrt den Konzern \u2013 zu dem neben Lidl<br \/>auch die Supermarktkette Kaufland geh\u00f6rt \u2013 seit vielen Jahren. Er gilt als<br \/>engster Vertrauter von Eigent\u00fcmer Dieter Schwarz. Wann genau Chrzanowski die<br \/>Leitung des Konzerns \u00fcbernehmen soll, ist noch nicht bekannt. Im M\u00e4rz hatte der<br \/>Konzern mitgeteilt, Chrzanowski gehe jetzt in die Einarbeitung als Gehrigs<br \/>Nachfolger.<\/p>\n<h2><strong>Fluktuation in der F\u00fchrungsetage von Lidl<\/strong><\/h2>\n<p>Bei Lidl ist Chrzanowski einer von vielen neuen K\u00f6pfen innerhalb<br \/>der vergangenen Jahre. Patern\u00f2 hatte vor etwas mehr als einem Jahr Jesper Hojer<br \/>abgel\u00f6st, der ebenfalls nur zwei Jahre an der Spitze des Unternehmens gestanden<br \/>hatte. Hojer wiederum hatte 2017 den Chefposten von seinem Vorg\u00e4nger Sven<br \/>Seidel \u00fcbernommen, der die Firma nach rund drei Jahren an der Spitze wegen<br \/>unterschiedlicher Auffassungen \u00fcber die Ausrichtung verlassen hatte.<\/p>\n<p>Der Gesamtumsatz der Schwarz-Gruppe war im abgelaufenen Gesch\u00e4ftsjahr zwischen M\u00e4rz 2019 und Februar 2020 um 8,6 Prozent auf 113,3 Milliarden Euro geklettert. Lidl steigerte den Umsatz um fast 10 Prozent auf 89 Milliarden Euro. Kaufland legte um 4,5 Prozent auf 23,7 Milliarden Euro zu. Die beiden Supermarktketten sind mit mehr als 12.500 Filialen in 33 L\u00e4ndern aktiv.<\/p>\n<p><em>he\/dpa<\/em><\/p>\n<h2>absatzwirtschaft+<\/h2>\n<p><em><strong>Sie wollen weitere relevante Informationen und spannende Hintergr\u00fcnde f\u00fcr Ihre t\u00e4gliche Arbeit im Marketing? Dann\u00a0abonnieren Sie jetzt hier\u00a0unseren kostenfreien Newsletter.<\/strong><\/em><\/p>\n<\/div>\n<\/div>\n<p><br \/><br \/><a href=\"https:\/\/www.absatzwirtschaft.de\/lidl-sucht-schon-wieder-neuen-chef-ignazio-paterno-geht-174431\/\">Source link <\/a><\/p>\n","protected":false},"excerpt":{"rendered":"<p>Der n\u00e4chste Chef verl\u00e4sst Lidl: Ignazio Patern\u00f2 hatte den Vorstandsvorsitz bei der Supermarktkette im April 2019 zun\u00e4chst kommissarisch und erst vor wenigen Monaten fest \u00fcbernommen.\u00a9 Lidl \u00a0 \u00a0 \u00a0 Der Lebensmitteldiscounter Lidl sucht schon wieder nach einem neuen Chef. Der bisherige Vorstandsvorsitzende Ignazio Patern\u00f2 verlasse das Unternehmen mit sofortiger Wirkung und &#8222;auf eigenen Wunsch&#8220;, hie\u00df [&hellip;]<\/p>\n","protected":false},"author":1,"featured_media":163,"comment_status":"open","ping_status":"open","sticky":false,"template":"","format":"standard","meta":{"footnotes":""},"categories":[5],"tags":[],"class_list":["post-162","post","type-post","status-publish","format-standard","has-post-thumbnail","hentry","category-marketing-news"],"yoast_head":"<!-- This site is optimized with the Yoast SEO plugin v27.4 - https:\/\/yoast.com\/product\/yoast-seo-wordpress\/ -->\n<title>Lidl sucht schon wieder neuen Chef \u2013 Ignazio Patern\u00f2 geht \u203a absatzwirtschaft - Super News<\/title>\n<meta name=\"robots\" content=\"index, follow, max-snippet:-1, max-image-preview:large, max-video-preview:-1\" \/>\n<link rel=\"canonical\" href=\"https:\/\/super-news.info\/de\/lidl-sucht-schon-wieder-neuen-chef-ignazio-paterno-geht-absatzwirtschaft\/\" \/>\n<meta property=\"og:locale\" content=\"de_DE\" \/>\n<meta property=\"og:type\" content=\"article\" \/>\n<meta property=\"og:title\" content=\"Lidl sucht schon wieder neuen Chef \u2013 Ignazio Patern\u00f2 geht \u203a absatzwirtschaft - Super News\" \/>\n<meta property=\"og:description\" content=\"Der n\u00e4chste Chef verl\u00e4sst Lidl: Ignazio Patern\u00f2 hatte den Vorstandsvorsitz bei der Supermarktkette im April 2019 zun\u00e4chst kommissarisch und erst vor wenigen Monaten fest \u00fcbernommen.\u00a9 Lidl \u00a0 \u00a0 \u00a0 Der Lebensmitteldiscounter Lidl sucht schon wieder nach einem neuen Chef. Der bisherige Vorstandsvorsitzende Ignazio Patern\u00f2 verlasse das Unternehmen mit sofortiger Wirkung und &#8222;auf eigenen Wunsch&#8220;, hie\u00df [&hellip;]\" \/>\n<meta property=\"og:url\" content=\"https:\/\/super-news.info\/de\/lidl-sucht-schon-wieder-neuen-chef-ignazio-paterno-geht-absatzwirtschaft\/\" \/>\n<meta property=\"og:site_name\" content=\"Super News\" \/>\n<meta property=\"article:published_time\" content=\"2020-09-01T16:36:43+00:00\" \/>\n<meta property=\"article:modified_time\" content=\"2020-09-03T07:47:31+00:00\" \/>\n<meta property=\"og:image\" content=\"https:\/\/super-news.info\/de\/wp-content\/uploads\/sites\/13\/2020\/09\/Lidl-sucht-schon-wieder-neuen-Chef-Ignazio-Patern-geht.jpg\" \/>\n\t<meta property=\"og:image:width\" content=\"630\" \/>\n\t<meta property=\"og:image:height\" content=\"354\" \/>\n\t<meta property=\"og:image:type\" content=\"image\/jpeg\" \/>\n<meta name=\"author\" content=\"super news\" \/>\n<meta name=\"twitter:card\" content=\"summary_large_image\" \/>\n<meta name=\"twitter:label1\" content=\"Verfasst von\" \/>\n\t<meta name=\"twitter:data1\" content=\"super news\" \/>\n<script type=\"application\/ld+json\" class=\"yoast-schema-graph\">{\"@context\":\"https:\\\/\\\/schema.org\",\"@graph\":[{\"@type\":\"Article\",\"@id\":\"https:\\\/\\\/super-news.info\\\/de\\\/lidl-sucht-schon-wieder-neuen-chef-ignazio-paterno-geht-absatzwirtschaft\\\/#article\",\"isPartOf\":{\"@id\":\"https:\\\/\\\/super-news.info\\\/de\\\/lidl-sucht-schon-wieder-neuen-chef-ignazio-paterno-geht-absatzwirtschaft\\\/\"},\"author\":{\"name\":\"super news\",\"@id\":\"https:\\\/\\\/super-news.info\\\/de\\\/#\\\/schema\\\/person\\\/2b9ff946d06444e803cb306ffcfd1045\"},\"headline\":\"Lidl sucht schon wieder neuen Chef \u2013 Ignazio Patern\u00f2 geht \u203a absatzwirtschaft\",\"datePublished\":\"2020-09-01T16:36:43+00:00\",\"dateModified\":\"2020-09-03T07:47:31+00:00\",\"mainEntityOfPage\":{\"@id\":\"https:\\\/\\\/super-news.info\\\/de\\\/lidl-sucht-schon-wieder-neuen-chef-ignazio-paterno-geht-absatzwirtschaft\\\/\"},\"wordCount\":69,\"commentCount\":0,\"image\":{\"@id\":\"https:\\\/\\\/super-news.info\\\/de\\\/lidl-sucht-schon-wieder-neuen-chef-ignazio-paterno-geht-absatzwirtschaft\\\/#primaryimage\"},\"thumbnailUrl\":\"https:\\\/\\\/super-news.info\\\/de\\\/wp-content\\\/uploads\\\/sites\\\/13\\\/2020\\\/09\\\/Lidl-sucht-schon-wieder-neuen-Chef-Ignazio-Patern-geht.jpg\",\"articleSection\":[\"MARKETING NEWS\"],\"inLanguage\":\"de\",\"potentialAction\":[{\"@type\":\"CommentAction\",\"name\":\"Comment\",\"target\":[\"https:\\\/\\\/super-news.info\\\/de\\\/lidl-sucht-schon-wieder-neuen-chef-ignazio-paterno-geht-absatzwirtschaft\\\/#respond\"]}]},{\"@type\":\"WebPage\",\"@id\":\"https:\\\/\\\/super-news.info\\\/de\\\/lidl-sucht-schon-wieder-neuen-chef-ignazio-paterno-geht-absatzwirtschaft\\\/\",\"url\":\"https:\\\/\\\/super-news.info\\\/de\\\/lidl-sucht-schon-wieder-neuen-chef-ignazio-paterno-geht-absatzwirtschaft\\\/\",\"name\":\"Lidl sucht schon wieder neuen Chef \u2013 Ignazio Patern\u00f2 geht \u203a absatzwirtschaft - Super News\",\"isPartOf\":{\"@id\":\"https:\\\/\\\/super-news.info\\\/de\\\/#website\"},\"primaryImageOfPage\":{\"@id\":\"https:\\\/\\\/super-news.info\\\/de\\\/lidl-sucht-schon-wieder-neuen-chef-ignazio-paterno-geht-absatzwirtschaft\\\/#primaryimage\"},\"image\":{\"@id\":\"https:\\\/\\\/super-news.info\\\/de\\\/lidl-sucht-schon-wieder-neuen-chef-ignazio-paterno-geht-absatzwirtschaft\\\/#primaryimage\"},\"thumbnailUrl\":\"https:\\\/\\\/super-news.info\\\/de\\\/wp-content\\\/uploads\\\/sites\\\/13\\\/2020\\\/09\\\/Lidl-sucht-schon-wieder-neuen-Chef-Ignazio-Patern-geht.jpg\",\"datePublished\":\"2020-09-01T16:36:43+00:00\",\"dateModified\":\"2020-09-03T07:47:31+00:00\",\"author\":{\"@id\":\"https:\\\/\\\/super-news.info\\\/de\\\/#\\\/schema\\\/person\\\/2b9ff946d06444e803cb306ffcfd1045\"},\"breadcrumb\":{\"@id\":\"https:\\\/\\\/super-news.info\\\/de\\\/lidl-sucht-schon-wieder-neuen-chef-ignazio-paterno-geht-absatzwirtschaft\\\/#breadcrumb\"},\"inLanguage\":\"de\",\"potentialAction\":[{\"@type\":\"ReadAction\",\"target\":[\"https:\\\/\\\/super-news.info\\\/de\\\/lidl-sucht-schon-wieder-neuen-chef-ignazio-paterno-geht-absatzwirtschaft\\\/\"]}]},{\"@type\":\"ImageObject\",\"inLanguage\":\"de\",\"@id\":\"https:\\\/\\\/super-news.info\\\/de\\\/lidl-sucht-schon-wieder-neuen-chef-ignazio-paterno-geht-absatzwirtschaft\\\/#primaryimage\",\"url\":\"https:\\\/\\\/super-news.info\\\/de\\\/wp-content\\\/uploads\\\/sites\\\/13\\\/2020\\\/09\\\/Lidl-sucht-schon-wieder-neuen-Chef-Ignazio-Patern-geht.jpg\",\"contentUrl\":\"https:\\\/\\\/super-news.info\\\/de\\\/wp-content\\\/uploads\\\/sites\\\/13\\\/2020\\\/09\\\/Lidl-sucht-schon-wieder-neuen-Chef-Ignazio-Patern-geht.jpg\",\"width\":630,\"height\":354,\"caption\":\"Lidl sucht schon wieder neuen Chef \u2013 Ignazio Patern\u00f2 geht \u203a absatzwirtschaft\"},{\"@type\":\"BreadcrumbList\",\"@id\":\"https:\\\/\\\/super-news.info\\\/de\\\/lidl-sucht-schon-wieder-neuen-chef-ignazio-paterno-geht-absatzwirtschaft\\\/#breadcrumb\",\"itemListElement\":[{\"@type\":\"ListItem\",\"position\":1,\"name\":\"Home\",\"item\":\"https:\\\/\\\/super-news.info\\\/de\\\/\"},{\"@type\":\"ListItem\",\"position\":2,\"name\":\"Lidl sucht schon wieder neuen Chef \u2013 Ignazio Patern\u00f2 geht \u203a absatzwirtschaft\"}]},{\"@type\":\"WebSite\",\"@id\":\"https:\\\/\\\/super-news.info\\\/de\\\/#website\",\"url\":\"https:\\\/\\\/super-news.info\\\/de\\\/\",\"name\":\"Super News\",\"description\":\"Super News Germany\",\"potentialAction\":[{\"@type\":\"SearchAction\",\"target\":{\"@type\":\"EntryPoint\",\"urlTemplate\":\"https:\\\/\\\/super-news.info\\\/de\\\/?s={search_term_string}\"},\"query-input\":{\"@type\":\"PropertyValueSpecification\",\"valueRequired\":true,\"valueName\":\"search_term_string\"}}],\"inLanguage\":\"de\"},{\"@type\":\"Person\",\"@id\":\"https:\\\/\\\/super-news.info\\\/de\\\/#\\\/schema\\\/person\\\/2b9ff946d06444e803cb306ffcfd1045\",\"name\":\"super news\",\"image\":{\"@type\":\"ImageObject\",\"inLanguage\":\"de\",\"@id\":\"https:\\\/\\\/secure.gravatar.com\\\/avatar\\\/98e0b303f300d45b2a94684c5e4dda8baa4a5e9710b579f7493c8612061d08bf?s=96&d=mm&r=g\",\"url\":\"https:\\\/\\\/secure.gravatar.com\\\/avatar\\\/98e0b303f300d45b2a94684c5e4dda8baa4a5e9710b579f7493c8612061d08bf?s=96&d=mm&r=g\",\"contentUrl\":\"https:\\\/\\\/secure.gravatar.com\\\/avatar\\\/98e0b303f300d45b2a94684c5e4dda8baa4a5e9710b579f7493c8612061d08bf?s=96&d=mm&r=g\",\"caption\":\"super news\"},\"url\":\"https:\\\/\\\/super-news.info\\\/de\\\/author\\\/manuel\\\/\"}]}<\/script>\n<!-- \/ Yoast SEO plugin. -->","yoast_head_json":{"title":"Lidl sucht schon wieder neuen Chef \u2013 Ignazio Patern\u00f2 geht \u203a absatzwirtschaft - Super News","robots":{"index":"index","follow":"follow","max-snippet":"max-snippet:-1","max-image-preview":"max-image-preview:large","max-video-preview":"max-video-preview:-1"},"canonical":"https:\/\/super-news.info\/de\/lidl-sucht-schon-wieder-neuen-chef-ignazio-paterno-geht-absatzwirtschaft\/","og_locale":"de_DE","og_type":"article","og_title":"Lidl sucht schon wieder neuen Chef \u2013 Ignazio Patern\u00f2 geht \u203a absatzwirtschaft - Super News","og_description":"Der n\u00e4chste Chef verl\u00e4sst Lidl: Ignazio Patern\u00f2 hatte den Vorstandsvorsitz bei der Supermarktkette im April 2019 zun\u00e4chst kommissarisch und erst vor wenigen Monaten fest \u00fcbernommen.\u00a9 Lidl \u00a0 \u00a0 \u00a0 Der Lebensmitteldiscounter Lidl sucht schon wieder nach einem neuen Chef. Der bisherige Vorstandsvorsitzende Ignazio Patern\u00f2 verlasse das Unternehmen mit sofortiger Wirkung und &#8222;auf eigenen Wunsch&#8220;, hie\u00df [&hellip;]","og_url":"https:\/\/super-news.info\/de\/lidl-sucht-schon-wieder-neuen-chef-ignazio-paterno-geht-absatzwirtschaft\/","og_site_name":"Super News","article_published_time":"2020-09-01T16:36:43+00:00","article_modified_time":"2020-09-03T07:47:31+00:00","og_image":[{"width":630,"height":354,"url":"https:\/\/super-news.info\/de\/wp-content\/uploads\/sites\/13\/2020\/09\/Lidl-sucht-schon-wieder-neuen-Chef-Ignazio-Patern-geht.jpg","type":"image\/jpeg"}],"author":"super news","twitter_card":"summary_large_image","twitter_misc":{"Verfasst von":"super news"},"schema":{"@context":"https:\/\/schema.org","@graph":[{"@type":"Article","@id":"https:\/\/super-news.info\/de\/lidl-sucht-schon-wieder-neuen-chef-ignazio-paterno-geht-absatzwirtschaft\/#article","isPartOf":{"@id":"https:\/\/super-news.info\/de\/lidl-sucht-schon-wieder-neuen-chef-ignazio-paterno-geht-absatzwirtschaft\/"},"author":{"name":"super news","@id":"https:\/\/super-news.info\/de\/#\/schema\/person\/2b9ff946d06444e803cb306ffcfd1045"},"headline":"Lidl sucht schon wieder neuen Chef \u2013 Ignazio Patern\u00f2 geht \u203a absatzwirtschaft","datePublished":"2020-09-01T16:36:43+00:00","dateModified":"2020-09-03T07:47:31+00:00","mainEntityOfPage":{"@id":"https:\/\/super-news.info\/de\/lidl-sucht-schon-wieder-neuen-chef-ignazio-paterno-geht-absatzwirtschaft\/"},"wordCount":69,"commentCount":0,"image":{"@id":"https:\/\/super-news.info\/de\/lidl-sucht-schon-wieder-neuen-chef-ignazio-paterno-geht-absatzwirtschaft\/#primaryimage"},"thumbnailUrl":"https:\/\/super-news.info\/de\/wp-content\/uploads\/sites\/13\/2020\/09\/Lidl-sucht-schon-wieder-neuen-Chef-Ignazio-Patern-geht.jpg","articleSection":["MARKETING NEWS"],"inLanguage":"de","potentialAction":[{"@type":"CommentAction","name":"Comment","target":["https:\/\/super-news.info\/de\/lidl-sucht-schon-wieder-neuen-chef-ignazio-paterno-geht-absatzwirtschaft\/#respond"]}]},{"@type":"WebPage","@id":"https:\/\/super-news.info\/de\/lidl-sucht-schon-wieder-neuen-chef-ignazio-paterno-geht-absatzwirtschaft\/","url":"https:\/\/super-news.info\/de\/lidl-sucht-schon-wieder-neuen-chef-ignazio-paterno-geht-absatzwirtschaft\/","name":"Lidl sucht schon wieder neuen Chef \u2013 Ignazio Patern\u00f2 geht \u203a absatzwirtschaft - Super News","isPartOf":{"@id":"https:\/\/super-news.info\/de\/#website"},"primaryImageOfPage":{"@id":"https:\/\/super-news.info\/de\/lidl-sucht-schon-wieder-neuen-chef-ignazio-paterno-geht-absatzwirtschaft\/#primaryimage"},"image":{"@id":"https:\/\/super-news.info\/de\/lidl-sucht-schon-wieder-neuen-chef-ignazio-paterno-geht-absatzwirtschaft\/#primaryimage"},"thumbnailUrl":"https:\/\/super-news.info\/de\/wp-content\/uploads\/sites\/13\/2020\/09\/Lidl-sucht-schon-wieder-neuen-Chef-Ignazio-Patern-geht.jpg","datePublished":"2020-09-01T16:36:43+00:00","dateModified":"2020-09-03T07:47:31+00:00","author":{"@id":"https:\/\/super-news.info\/de\/#\/schema\/person\/2b9ff946d06444e803cb306ffcfd1045"},"breadcrumb":{"@id":"https:\/\/super-news.info\/de\/lidl-sucht-schon-wieder-neuen-chef-ignazio-paterno-geht-absatzwirtschaft\/#breadcrumb"},"inLanguage":"de","potentialAction":[{"@type":"ReadAction","target":["https:\/\/super-news.info\/de\/lidl-sucht-schon-wieder-neuen-chef-ignazio-paterno-geht-absatzwirtschaft\/"]}]},{"@type":"ImageObject","inLanguage":"de","@id":"https:\/\/super-news.info\/de\/lidl-sucht-schon-wieder-neuen-chef-ignazio-paterno-geht-absatzwirtschaft\/#primaryimage","url":"https:\/\/super-news.info\/de\/wp-content\/uploads\/sites\/13\/2020\/09\/Lidl-sucht-schon-wieder-neuen-Chef-Ignazio-Patern-geht.jpg","contentUrl":"https:\/\/super-news.info\/de\/wp-content\/uploads\/sites\/13\/2020\/09\/Lidl-sucht-schon-wieder-neuen-Chef-Ignazio-Patern-geht.jpg","width":630,"height":354,"caption":"Lidl sucht schon wieder neuen Chef \u2013 Ignazio Patern\u00f2 geht \u203a absatzwirtschaft"},{"@type":"BreadcrumbList","@id":"https:\/\/super-news.info\/de\/lidl-sucht-schon-wieder-neuen-chef-ignazio-paterno-geht-absatzwirtschaft\/#breadcrumb","itemListElement":[{"@type":"ListItem","position":1,"name":"Home","item":"https:\/\/super-news.info\/de\/"},{"@type":"ListItem","position":2,"name":"Lidl sucht schon wieder neuen Chef \u2013 Ignazio Patern\u00f2 geht \u203a absatzwirtschaft"}]},{"@type":"WebSite","@id":"https:\/\/super-news.info\/de\/#website","url":"https:\/\/super-news.info\/de\/","name":"Super News","description":"Super News Germany","potentialAction":[{"@type":"SearchAction","target":{"@type":"EntryPoint","urlTemplate":"https:\/\/super-news.info\/de\/?s={search_term_string}"},"query-input":{"@type":"PropertyValueSpecification","valueRequired":true,"valueName":"search_term_string"}}],"inLanguage":"de"},{"@type":"Person","@id":"https:\/\/super-news.info\/de\/#\/schema\/person\/2b9ff946d06444e803cb306ffcfd1045","name":"super news","image":{"@type":"ImageObject","inLanguage":"de","@id":"https:\/\/secure.gravatar.com\/avatar\/98e0b303f300d45b2a94684c5e4dda8baa4a5e9710b579f7493c8612061d08bf?s=96&d=mm&r=g","url":"https:\/\/secure.gravatar.com\/avatar\/98e0b303f300d45b2a94684c5e4dda8baa4a5e9710b579f7493c8612061d08bf?s=96&d=mm&r=g","contentUrl":"https:\/\/secure.gravatar.com\/avatar\/98e0b303f300d45b2a94684c5e4dda8baa4a5e9710b579f7493c8612061d08bf?s=96&d=mm&r=g","caption":"super news"},"url":"https:\/\/super-news.info\/de\/author\/manuel\/"}]}},"_links":{"self":[{"href":"https:\/\/super-news.info\/de\/wp-json\/wp\/v2\/posts\/162","targetHints":{"allow":["GET"]}}],"collection":[{"href":"https:\/\/super-news.info\/de\/wp-json\/wp\/v2\/posts"}],"about":[{"href":"https:\/\/super-news.info\/de\/wp-json\/wp\/v2\/types\/post"}],"author":[{"embeddable":true,"href":"https:\/\/super-news.info\/de\/wp-json\/wp\/v2\/users\/1"}],"replies":[{"embeddable":true,"href":"https:\/\/super-news.info\/de\/wp-json\/wp\/v2\/comments?post=162"}],"version-history":[{"count":2,"href":"https:\/\/super-news.info\/de\/wp-json\/wp\/v2\/posts\/162\/revisions"}],"predecessor-version":[{"id":168,"href":"https:\/\/super-news.info\/de\/wp-json\/wp\/v2\/posts\/162\/revisions\/168"}],"wp:featuredmedia":[{"embeddable":true,"href":"https:\/\/super-news.info\/de\/wp-json\/wp\/v2\/media\/163"}],"wp:attachment":[{"href":"https:\/\/super-news.info\/de\/wp-json\/wp\/v2\/media?parent=162"}],"wp:term":[{"taxonomy":"category","embeddable":true,"href":"https:\/\/super-news.info\/de\/wp-json\/wp\/v2\/categories?post=162"},{"taxonomy":"post_tag","embeddable":true,"href":"https:\/\/super-news.info\/de\/wp-json\/wp\/v2\/tags?post=162"}],"curies":[{"name":"wp","href":"https:\/\/api.w.org\/{rel}","templated":true}]}}