{"id":1612,"date":"2021-05-11T10:33:29","date_gmt":"2021-05-11T10:33:29","guid":{"rendered":"https:\/\/super-news.info\/de\/news-von-heute-5000-reservisten-der-armee-werden-in-israel-mobilisiert\/"},"modified":"2021-05-11T10:33:31","modified_gmt":"2021-05-11T10:33:31","slug":"news-von-heute-5000-reservisten-der-armee-werden-in-israel-mobilisiert","status":"publish","type":"post","link":"https:\/\/super-news.info\/de\/news-von-heute-5000-reservisten-der-armee-werden-in-israel-mobilisiert\/","title":{"rendered":"News von heute: 5000 Reservisten der Armee werden in Israel mobilisiert"},"content":{"rendered":"<p> Die News von heute im stern-Ticker.<\/p>\n<p> nagDie Meldungen zur Coronavirus-Pandemie lesen Sie hier<\/p>\n<p> Die News von heute\u00a0im stern-Ticker:\u00a0<\/p>\n<p> 12.25 Uhr:\u00a0Beh\u00f6rden sprechen von\u00a0Einzelt\u00e4ter bei Angriff auf Schule in Russland<\/p>\n<p> Hinter dem blutigen Angriff auf eine Schule in Russland steht nach Darstellung der Beh\u00f6rden ein Einzelt\u00e4ter. &#8222;Es gab nur einen T\u00e4ter&#8220;, sagte eine Beh\u00f6rdensprecherin\u00a0der Agentur Interfax zufolge in der Stadt Kasan. &#8222;Informationen \u00fcber zwei sind nicht richtig.&#8220; Zuvor war noch von einem m\u00f6glichen zweiten Tatverd\u00e4chtigen die Rede gewesen.\u00a0Die Beh\u00f6rden best\u00e4tigten wenig sp\u00e4ter die Festnahme eines 19-J\u00e4hrigen. Der Republikchef von Tartastan, Rustam Minnichanow, nannte ihn einen &#8222;Terroristen&#8220;. Auf den 19-J\u00e4hrigen soll auch die genutzte Waffe registriert worden sein. Den Waffenschein soll er Berichten zufolge erst im\u00a0April bekommen haben. Die Hintergr\u00fcnde waren zun\u00e4chst unklar.<\/p>\n<p> Russisches Kasan<\/p>\n<p> Blutbad in Schule: Zwei Angreifer t\u00f6ten mindestens elf Menschen  <\/p>\n<p> Vor 6 Minuten<\/p>\n<p> 12.12 Uhr:\u00a0Bundesregierung verurteilt Raketenangriffe auf Israel<\/p>\n<p> Die Bundesregierung hat die Raketenangriffe auf Israel aus dem Gazastreifen &#8222;auf das Sch\u00e4rfste&#8220; verurteilt. &#8222;Es handelt sich um eine durch nichts zu rechtfertigende Eskalation in einer angespannten Lage&#8220;, sagte ein Regierungssprecher\u00a0in Berlin. Nach Angaben des israelischen Milit\u00e4rs feuerten militante Pal\u00e4stinenser mehr als 200 Raketen aus dem Gazastreifen ab. Einem Armeesprecher zufolge flog die israelische Luftwaffe als Reaktion rund 130 Angriffe auf Ziele in dem Pal\u00e4stinsergebiet.<\/p>\n<p> 12.08 Uhr:\u00a0Palmer \u2013 Entschuldigungsforderungen sind Teil der Emp\u00f6rungsrituale<\/p>\n<p> T\u00fcbingens Oberb\u00fcrgermeister Boris Palmer will sich f\u00fcr seine umstrittenen \u00c4u\u00dferungen allenfalls bei Fu\u00dfballer Dennis Aogo entschuldigen \u2013 sonst nicht. &#8222;Diese Entschuldigungsforderungen sind ja Teil der Emp\u00f6rungsrituale, mit denen versucht wird, Leute mundtot zu machen&#8220;, sagte der Gr\u00fcnen-Politiker in einem am Dienstag online ver\u00f6ffentlichten Interview der Wochenzeitung &#8222;Die Zeit&#8220;.\u00a0Es geht hier um etwas viel Gr\u00f6\u00dferes als nur um einen Satz. Es geht um die Cancel-Culture, in der ich eine ernsthafte Bedrohung f\u00fcr die offene Gesellschaft sehe.&#8220; Er halte seinen Kopf aber aufrecht und wolle den Kommentar bei\u00a0Facebook auch nicht l\u00f6schen.<\/p>\n<p> T\u00fcbinger Oberb\u00fcrgermeister<\/p>\n<p> Boris Palmer angez\u00e4hlt \u2013 wie geht es beim Gr\u00fcnen-Parteiausschluss weiter? <\/p>\n<p> Vor 24 Stunden<\/p>\n<p> 11.37 Uhr:\u00a05000 Reservisten der Armee werden in Israel mobilisiert<\/p>\n<p> Nach der Zuspitzung des Konflikts mit den Pal\u00e4stinensern hat Israels Verteidigungsminister Benny Gantz die Mobilisierung von 5000 Reservisten genehmigt. Dies teilte dessen B\u00fcro\u00a0mit. Die zus\u00e4tzlichen Kr\u00e4fte sollen demnach unter anderem dem s\u00fcdlichen Regionalkommando der Streitkr\u00e4fte zugeteilt werden.<\/p>\n<p> Militante Pal\u00e4stinenser im Gazastreifen hatten am Montagabend einen massiven Raketenbeschuss auf Israel begonnen. Nach Angaben des israelischen Milit\u00e4rs feuerten Extremisten in den vergangenen 18 Stunden im Schnitt alle drei Minuten eine Rakete ab.\u00a0Israels Luftwaffe reagiert darauf mit Luftangriffen in dem K\u00fcstengebiet.\u00a0Nach Angaben von Rettungskr\u00e4ften und Augenzeugen im Gazastreifen starben zuletzt beim Beschuss einer Wohnung in einem 13-st\u00f6ckigen Wohnhaus im Zentrum von Gaza-Stadt mindestens drei Menschen. Mehrere weitere wurden demnach verletzt.<\/p>\n<p> Konflikt in Nahost eskaliert<\/p>\n<p> Hamas feuert mehr als 200 Raketen auf Israel ab \u2013 Luftwaffe bombardiert Ziele in Gaza <\/p>\n<p> Vor 5 Stunden<\/p>\n<p> 11.37 Uhr:\u00a0Blutbad an russischer Schule \u2013 Putin dr\u00fcckt Angeh\u00f6rigen Beileid aus<\/p>\n<p> Nach einem bewaffneten Angriff auf eine russische Schule hat Pr\u00e4sident Wladimir Putin den Angeh\u00f6rigen der Opfer sein Beileid ausgedr\u00fcckt. &#8222;Der Pr\u00e4sident spricht den Angeh\u00f6rigen der Kinder, die durch die Hand des Sch\u00fctzen gestorben sind, sein tiefes Beileid aus und w\u00fcnscht den Schulkindern, die verletzt wurden, baldige Genesung&#8220;, sagte Kremlsprecher\u00a0Dmitri Peskow\u00a0laut Agentur Interfax. Putin wies demnach au\u00dferdem an, eine neue Regelung f\u00fcr zivilen Waffenbesitz auszuarbeiten.<\/p>\n<p> Russisches Kasan<\/p>\n<p> Blutbad in Schule: Zwei Angreifer t\u00f6ten mindestens elf Menschen  <\/p>\n<p> Vor 6 Minuten<\/p>\n<p> 11.22 Uhr:\u00a0Berlin fordert Start von Beitrittsgespr\u00e4chen mit Albanien und Nordmazedonien<\/p>\n<p> Die Bundesregierung hat eine schnelle Aufnahme der EU-Beitrittsverhandlungen mit Albanien und Nordmazedonien gefordert. Beide L\u00e4nder h\u00e4tten bei den Aufnahmekriterien &#8222;geliefert&#8220;, nun m\u00fcsse auch die EU &#8222;so bald wie m\u00f6glich&#8220; ihre Versprechen einhalten, sagte Europa-Staatsminister Michael Roth (SPD)\u00a0vor einem Treffen mit seinen EU-Kollegen in Br\u00fcssel. Es sei &#8222;h\u00f6chste Zeit&#8220; f\u00fcr den Start der Gespr\u00e4che. Die EU-Staaten hatten sich eigentlich bereits Anfang vergangenen Jahres auf Beitrittsverhandlungen mit den beiden Westbalkan-Staaten verst\u00e4ndigt. Es fehlt aber noch ein Rahmenabkommen f\u00fcr den konkreten Beginn und Ablauf der Gespr\u00e4che.\u00a0<\/p>\n<p> 11.02 Uhr:\u00a0Mindestens sieben Tote bei Erdrutsch in indonesischer Goldmine<\/p>\n<p> Mindestens sieben Menschen sind bei einem Erdrutsch in einer indonesischen Goldmine ums Leben gekommen. Die Ungl\u00fccksstelle werde noch nach einem Vermissten durchk\u00e4mmt, teilten die \u00f6rtlichen Rettungskr\u00e4fte\u00a0mit. Der Erdrutsch war am Montag durch Platzregen ausgel\u00f6st worden, wie die \u00f6rtliche Katastrophenschutzbeh\u00f6rde mitteilte.<\/p>\n<p> 10.43 Uhr:\u00a0Schulze \u2013\u00a0Regierung weitgehend einig \u00fcber Klimaschutzgesetz<\/p>\n<p> Die Bundesregierung steht nach den Worten von Bundesumweltministerin Svenja Schulze (SPD) dicht vor einer Einigung \u00fcber das neue Klimaschutzgesetz. Schulze bekr\u00e4ftigte\u00a0in den Sendern RTL und n-tv, der Gesetzentwurf solle am Mittwoch vom Kabinett beschlossen werden &#8211; und zwar mit den versch\u00e4rften Zielen, die in ihrer Vorlage aus der vergangenen Woche enthalten waren. &#8222;Die Zahlen bleiben so&#8220;, sagte Schulze. Demnach sollen die Emissionen in Deutschland bis 2030 um 65 Prozent und bis 2040 um 88 Prozent sinken. Sp\u00e4testens 2045 soll Treibhausgasneutralit\u00e4t erreicht sein. &#8222;Wir werden das auf jeden Fall bis morgen hinbekommen&#8220;, sagte Schulze mit Blick auf die geplante Kabinettsbefassung.\u00a0<\/p>\n<p> 10.41 Uhr:\u00a0Polen will Marie Curies Sommerhaus in Frankreich kaufen<\/p>\n<p> Polen beabsichtigt, das fr\u00fchere Sommerhaus der Physikerin Marie Curie in Frankreich zu kaufen. Man wolle dort an die wissenschaftlichen Leistungen der zweifachen Nobelpreistr\u00e4gerin erinnern, teilte ein Regierungssprecher\u00a0mit. Zugleich k\u00f6nne das Haus als Schaufenster f\u00fcr die heutige polnische Forschung dienen. Nach einem Bericht der Zeitung &#8222;Le Parisien&#8220; wurde das Haus vor kurzem f\u00fcr 790.000 Euro auf dem Immobilienmarkt angeboten.<\/p>\n<p> Die Entdeckerin der Radioaktivit\u00e4t war 1867 in Warschau zur Welt gekommen. Sie ging 1891 zum Studium an die Sorbonne in Paris, weil Frauen in Kongresspolen der Zugang zu den Universit\u00e4ten verwehrt war. 1903 erhielt sie anteilig den Physik-Nobelpreis f\u00fcr die Entdeckung der Radioaktivit\u00e4t. 1911 folgte der Nobelpreis f\u00fcr Chemie f\u00fcr die Entdeckung der Elemente Polonium und Radium.<\/p>\n<p> 9.24 Uhr:\u00a0Blutbad in Schule im russischen Kasan: Mindestens elf Tote<\/p>\n<p> In der russischen Stadt Kasan ist es am Morgen offenbar in einer Schule zu einem Amoklauf gekommen. Nach den neuesten Informationen gab es zwei Angreifer, von denen einer festgenommen und der andere get\u00f6tet\u00a0wurde. Die Nachrichtenagentur Tass\u00a0meldet, dass mindestens elf Menschen get\u00f6tet worden sind, neun Sch\u00fcler und zwei Erwachsene.\u00a0Zw\u00f6lf\u00a0Verletzte sind au\u00dferdem ins Krankenhaus eingeliefert worden. Vier von ihnen wurden mit Schusswunden auf die Intensivstation gebracht. Das Schulgeb\u00e4ude ist abgesperrt. Die Studenten werden evakuiert.<\/p>\n<p> An dieser Stelle hat unsere Redaktion Inhalte aus Twitter<br \/>\n integriert.<\/p>\n<p> Aufgrund Ihrer Datenschutz-Einstellungen wurden diese Inhalte nicht geladen, um Ihre Privatsph\u00e4re zu sch\u00fctzen.<\/p>\n<p> DATENSCHUTZ-EINSTELLUNGEN    Hier k\u00f6nnen Sie die Einstellungen f\u00fcr die Anbieter \u00e4ndern, deren Inhalte sie anzeigen m\u00f6chten. Diese Anbieter<br \/>\n setzen m\u00f6glicherweise Cookies und sammeln Informationen zu Ihrem Browser und weiteren, vom jeweiligen Anbieter bestimmten Kriterien.<br \/>\n Weitere Informationen finden Sie in den Datenschutzhinweisen.<\/p>\n<p> 9.08 Uhr:\u00a0Landgericht Aachen verh\u00e4ngt in 25 Jahre altem Mordfall lebenslange Haftstrafe<\/p>\n<p> Im Prozess wegen eines Mordes vor 25 Jahren hat das Landgericht\u00a0Aachen\u00a0den 51 Jahre alten Angeklagten zu einer lebenslangen Freiheitsstrafe verurteilt. Er hatte w\u00e4hrend des Prozesses geschwiegen. Die Anklage hatte dem Deutschen vorgeworfen, Ende 1996 aus Habgier einen Wohnmobil-H\u00e4ndler bei\u00a0Aachen\u00a0get\u00f6tet zu haben. Sein mutma\u00dflicher Komplize war bereits 1997 ums Leben gekommen. Dessen Bruder war einer der Hauptbelastungszeugen in dem Prozess. Er sagte aus, sein Bruder und der Angeklagte h\u00e4tten ihm damals detailliert von der Tat berichtet. Im Fall &#8222;Sandkuhle&#8220; war die Identit\u00e4t des Toten mehr als 20 Jahre unbekannt gewesen, die Gewalttat war ein sogenannter &#8222;Cold Case&#8220; geworden.<\/p>\n<p> 8.58 Uhr:\u00a0Steuereinnahmen offenbar deutlich h\u00f6her als erwartet<\/p>\n<p> Die Steuereinnahmen k\u00f6nnten in den kommenden Jahren deutlich h\u00f6her ausfallen als bisher erwartet. Bis einschlie\u00dflich 2025 d\u00fcrften die Einnahmen von Bund, L\u00e4ndern und Kommunen um 18 Milliarden Euro h\u00f6her ausfallen als nach der Steuersch\u00e4tzung vom vergangenen November erwartet, berichtete das D\u00fcsseldorfer &#8222;Handelsblatt&#8220; unter Berufung auf eine Vorlage des Bundesfinanzministeriums f\u00fcr die aktuelle Steuersch\u00e4tzung. Demnach entf\u00e4llt der gr\u00f6\u00dfte Teil der nun erwarteten Mehreinnahmen auf die Kommunen, die demnach bis 2025 ein Plus von 9,9 Milliarden Euro erwarten k\u00f6nnen. Auf die L\u00e4nder entfallen demnach 5,9 Milliarden Euro Mehreinnahmen, auf den Bund 2,2 Milliarden Euro.<\/p>\n<p> Begr\u00fcndet werde die verbesserte Prognose in der Sch\u00e4tzvorlage unter anderem mit der leicht optimistischeren Wachstumsprognose der Bundesregierung, hie\u00df es weiter. Allerdings werden die Zuw\u00e4chse demnach vorwiegend erst am Ende des Prognosezeitraums anfallen. &#8222;Die fetten Jahre sind erst ganz am Ende&#8220;, hie\u00df es laut &#8222;Handelsblatt&#8220; aus Regierungskreisen.<\/p>\n<p> 8.00 Uhr:\u00a0Weltweiter Chipmangel macht Computerherstellern zu schaffen<\/p>\n<p> Die Branche der Computerhersteller leidet unter dem weltweiten Mangel an Halbleitern. &#8222;Der Chipmangel ist definitiv eine Herausforderung&#8220;, sagte der Gr\u00fcnder von Dell Technologies, Michael Dell, dem &#8222;Handelsblatt&#8220;. Mit einer baldigen Erholung der Lage sei nicht zu rechnen: &#8222;Die Knappheit wird wahrscheinlich ein paar Jahre anhalten. Auch wenn \u00fcberall in der Welt Chipfabriken gebaut werden: Das braucht Zeit.&#8220;<\/p>\n<p> Bei Mikrochips gibt es derzeit weltweit einen Mangel. Mehrere Autobauer, darunter Audi und die Opel-Tochter Stellantis, waren wegen der Engp\u00e4sse bereits zu einer Drosselung der Produktion gezwungen.<\/p>\n<p> Wartezeit bei PS5 und Neuwagen<\/p>\n<p> Knappe Chips bremsen die Technik-Branche aus \u2013 mit Ausnahme von Apple <\/p>\n<p> 19.03.2021<\/p>\n<p> 7.56 Uhr:\u00a0Windschaden: Tourist muss von Glasbr\u00fccke gerettet werden<\/p>\n<p> Weil heftiger Wind mehrere Platten weggeweht hatte, musste ein Mann in China von einer 100 Meter hohen Glasbodenbr\u00fccke gerettet werden. Auf einem von der staatlichen Nachrichtenagentur Xinhua verbreiteten Foto war zu sehen, wie sich der Mann an ein Gel\u00e4nder der H\u00e4ngebr\u00fccke klammerte.\u00a0<\/p>\n<p> Mehrere Glasplatten, auf denen Besucher die Br\u00fccke eigentlich \u00fcberqueren und in die Tiefe schauen k\u00f6nnen, waren laut Xinhua pl\u00f6tzlich weggefegt und zerst\u00f6rt worden. Der Mann konnte demnach mit Hilfe von Rettungskr\u00e4ften in Sicherheit kriechen. Bei dem Vorfall am vergangenen Freitag auf dem Berg Piyan in der nordostchinesischen Stadt Longjing (Provinz Jilin) habe es keine Verletzten gegeben.\u00a0<\/p>\n<p> 6.34 Uhr:\u00a0Milit\u00e4r: Mehr als 200 Raketen auf Israel abgefeuert<\/p>\n<p> Militante Pal\u00e4stinenser haben nach Angaben des israelischen Milit\u00e4rs bislang mehr als 200 Raketen aus dem Gazastreifen auf Israel abgefeuert. Die Erfolgsquote des Abfangsystems Eisenkuppel liege bei \u00fcber 90 Prozent, sagte ein Armeesprecher am Morgen. Rund ein Drittel aller abgefeuerten Raketen sei noch im Gazastreifen niedergegangen. Dies sei au\u00dfergew\u00f6hnlich viel und habe wahrscheinlich dort auch Opfer zur Folge.<\/p>\n<p> Wie das Milit\u00e4r weiter mitteilte, wurde ein Wohngeb\u00e4ude in der n\u00f6rdlich des Gazastreifens gelegenen Stadt Aschkelon von einer Rakete getroffen. Rettungskr\u00e4ften zufolge wurden sechs Menschen verletzt. Nach Angaben des Sprechers flog das Milit\u00e4r bislang rund 130 Angriffe auf Ziele im Gazastreifen. 15 Mitglieder der Hamas und des Islamischen Dschihads seien nach derzeitigem Stand get\u00f6tet worden.\u00a0<\/p>\n<p> Der Konflikt zwischen Israelis und Pal\u00e4stinensern ist in den vergangenen Tagen gef\u00e4hrlich eskaliert. Am Montagabend haben militante Pal\u00e4stinenser im Gazastreifen damit begonnen, Raketen auf Israel abzuschie\u00dfen.<\/p>\n<p> 6.19 Uhr:\u00a0&#8222;Bild&#8220;: Bundestrainer L\u00f6w will M\u00fcller in DFB-Auswahl zur\u00fcckholen<\/p>\n<p> Fu\u00dfball-Bundestrainer Joachim L\u00f6w will den ehemaligen Nationalspieler Thomas M\u00fcller nach Informationen der &#8222;Bild&#8220;-Zeitung zur Europameisterschaft in die DFB-Auswahl zur\u00fcckholen. Gut eine Woche vor Bekanntgabe des EM-Kaders soll L\u00f6w schon bei M\u00fcller angerufen und dem FC-Bayern-Routinier signalisiert haben, dass er ihn zur\u00fcckholen wolle, berichtete die Zeitung am sp\u00e4ten Montagabend. Eine Stellungnahme L\u00f6ws dazu gab es nicht.\u00a0Der Bundestrainer wird seinen EM-Kader am 19. Mai bekanntgeben.<\/p>\n<p> 4.45 Uhr:\u00a0Park vor dem Wei\u00dfen Haus f\u00fcr \u00d6ffentlichkeit wieder ge\u00f6ffnet<\/p>\n<p> Fast ein Jahr lang war der Park vor dem Wei\u00dfen Haus in Washington f\u00fcr die \u00d6ffentlichkeit geschlossen und mit Metallz\u00e4unen gesichert \u2013\u00a0nun wurde das Gel\u00e4nde wieder ge\u00f6ffnet. Der US-Geheimdienst, der f\u00fcr den Schutz des Wei\u00dfen Hauses zust\u00e4ndig sind, liefert\u00a0keine Erkl\u00e4rung f\u00fcr die Wiederer\u00f6ffnung des Platzes, doch wurde dies als Zeichen f\u00fcr eine R\u00fcckkehr zur Normalit\u00e4t nach den turbulenten Jahren unter dem inzwischen abgew\u00e4hlten Pr\u00e4sidenten Donald Trump verstanden. Der Lafayette Square war im vergangenen Juni nach Auseinandersetzungen zwischen Anti-Rassismus-Demonstranten und der Polizei abgeriegelt worden.\u00a0<\/p>\n<p> 4.38 Uhr:\u00a0Statistikamt: Chinas Bev\u00f6lkerung auf 1,41 Milliarden gewachsen<\/p>\n<p> Chinas Bev\u00f6lkerung ist nach amtlichen Angaben in den vergangenen zehn Jahren um 5,38 Prozent auf 1,41178 Milliarden Menschen gewachsen. Das habe die j\u00fcngste Volksz\u00e4hlung ergeben, teilte das Statistikamt in Peking mit. Allerdings habe sich das Wachstum verlangsamt. Die Daten zeigen eine zunehmend alternde Bev\u00f6lkerung und mangelnde Bereitschaft, mehr Kinder in die Welt zu setzen.<\/p>\n<p> Weltbev\u00f6lkerung<\/p>\n<p> Ende der \u00dcberbev\u00f6lkerung in Sicht? Zahl der Geburten weltweit halbiert sich bis zum Jahr 2100 <\/p>\n<p> 15.08.2020<\/p>\n<p> 1.47 Uhr:\u00a0Motorrad-Ikone Harley-Davidson lanciert eigenst\u00e4ndige Elektromarke<\/p>\n<p> Das US-Traditionsunternehmen Harley-Davidson will k\u00fcnftig noch st\u00e4rker auf Elektromotorr\u00e4der setzen. Der Konzern k\u00fcndigte\u00a0an, daf\u00fcr unter der Marke LiveWire eine eigene und unabh\u00e4ngige Sparte an den Start zu bringen. &#8222;Indem wir LiveWire als vollelektrische Marke einf\u00fchren, ergreifen wir die Gelegenheit, den Markt f\u00fcr E-Fahrzeuge anzuf\u00fchren und zu definieren&#8220;, erkl\u00e4rte Vorstandschef Jochen Zeitz in einer Pressemitteilung.<\/p>\n<p> 0.03 Uhr:\u00a0Umfrage: Union legt wieder etwas zu \u2013\u00a0Gr\u00fcne leicht schw\u00e4cher<\/p>\n<p> Der H\u00f6henflug der Gr\u00fcnen bei gleichzeitigem Abw\u00e4rtstrend der Union scheint nach einer neuen Umfrage gestoppt zu sein. Im Insa-Meinungstrend f\u00fcr &#8222;Bild&#8220; verbessern sich CDU\/CSU um eineinhalb Prozentpunkte auf 25,5 Prozent. Die Gr\u00fcnen verlieren einen halben Punkt und liegen mit 23,5 Prozent wieder hinter der Union. SPD und FDP bleiben demnach gegen\u00fcber der Vorwoche unver\u00e4ndert bei 15 beziehungsweise 12 Prozent. Die Linke legt einen halben Punkt auf 7,5 Prozent zu. Die AfD rutscht um einen Punkt auf 11 Prozent. Nach der Befragung des Insa-Instituts unter 2055 B\u00fcrgern w\u00e4ren rechnerisch Schwarz-Gr\u00fcn, eine sogenannte Deutschlandkoalition aus Union, SPD und FDP oder eine Ampelkoalition aus Gr\u00fcnen, FDP und SPD m\u00f6glich.<\/p>\n<p> Titel<\/p>\n<p> Die Gr\u00fcnen auf dem Weg ins Kanzleramt<\/p>\n<p> Warum Annalena Baerbock der Kanzlerin \u00fcberraschend \u00e4hnlich ist <\/p>\n<p> 20.04.2021<\/p>\n<p> 0.00 Uhr:\u00a0US-Kriegsschiff gibt dutzende Warnsch\u00fcsse gegen iranische Boote ab<\/p>\n<p> In der Stra\u00dfe von Hormus hat ein US-Kriegsschiff dutzende Warnsch\u00fcsse gegen Schnellboote der iranischen Revolutionsgarden abgefeuert. Pentagon-Sprecher John Kirby sagte, 13 iranische Schnellboote h\u00e4tten sich mit gro\u00dfer Geschwindigkeit einem Flottenverband aus einem US-U-Boot und sechs Begleitschiffen gen\u00e4hert. Die Boote h\u00e4tten sich auf rund 140 Meter gen\u00e4hrt und erst abgedreht, als eines der US-Schiffe rund 30 Warnsch\u00fcsse abgegeben habe.<\/p>\n<p> wue \/ ivi \/ fs<br \/>\n DPA<br \/>\n AFP<\/p>\n<p> #Themen<\/p>\n<p>\n<!--noindex--><br \/>\n<a href=\"https:\/\/www.stern.de\/panorama\/weltgeschehen\/news-von-heute--5000-reservisten-der-armee-werden-in-israel-mobilisiert--30521338.html?utm_campaign=alle&#038;utm_medium=rss-feed&#038;utm_source=standard\" rel=\"nofollow\">Source link <\/a><br \/>\n<!--\/noindex--><\/p>\n","protected":false},"excerpt":{"rendered":"<p>Die News von heute im stern-Ticker. nagDie Meldungen zur Coronavirus-Pandemie lesen Sie hier Die News von heute\u00a0im stern-Ticker:\u00a0 12.25 Uhr:\u00a0Beh\u00f6rden sprechen von\u00a0Einzelt\u00e4ter bei Angriff auf Schule in Russland Hinter dem blutigen Angriff auf eine Schule in Russland steht nach Darstellung der Beh\u00f6rden ein Einzelt\u00e4ter. &#8222;Es gab nur einen T\u00e4ter&#8220;, sagte eine Beh\u00f6rdensprecherin\u00a0der Agentur Interfax zufolge [&hellip;]<\/p>\n","protected":false},"author":1,"featured_media":1613,"comment_status":"open","ping_status":"open","sticky":false,"template":"","format":"standard","meta":{"footnotes":""},"categories":[1],"tags":[],"class_list":["post-1612","post","type-post","status-publish","format-standard","has-post-thumbnail","hentry","category-neuigkeiten"],"yoast_head":"<!-- This site is optimized with the Yoast SEO plugin v27.4 - https:\/\/yoast.com\/product\/yoast-seo-wordpress\/ -->\n<title>News von heute: 5000 Reservisten der Armee werden in Israel mobilisiert - Super News<\/title>\n<meta name=\"robots\" content=\"index, follow, max-snippet:-1, max-image-preview:large, max-video-preview:-1\" \/>\n<link rel=\"canonical\" href=\"https:\/\/super-news.info\/de\/news-von-heute-5000-reservisten-der-armee-werden-in-israel-mobilisiert\/\" \/>\n<meta property=\"og:locale\" content=\"de_DE\" \/>\n<meta property=\"og:type\" content=\"article\" \/>\n<meta property=\"og:title\" content=\"News von heute: 5000 Reservisten der Armee werden in Israel mobilisiert - Super News\" \/>\n<meta property=\"og:description\" content=\"Die News von heute im stern-Ticker. nagDie Meldungen zur Coronavirus-Pandemie lesen Sie hier Die News von heute\u00a0im stern-Ticker:\u00a0 12.25 Uhr:\u00a0Beh\u00f6rden sprechen von\u00a0Einzelt\u00e4ter bei Angriff auf Schule in Russland Hinter dem blutigen Angriff auf eine Schule in Russland steht nach Darstellung der Beh\u00f6rden ein Einzelt\u00e4ter. &#8222;Es gab nur einen T\u00e4ter&#8220;, sagte eine Beh\u00f6rdensprecherin\u00a0der Agentur Interfax zufolge [&hellip;]\" \/>\n<meta property=\"og:url\" content=\"https:\/\/super-news.info\/de\/news-von-heute-5000-reservisten-der-armee-werden-in-israel-mobilisiert\/\" \/>\n<meta property=\"og:site_name\" content=\"Super News\" \/>\n<meta property=\"article:published_time\" content=\"2021-05-11T10:33:29+00:00\" \/>\n<meta property=\"article:modified_time\" content=\"2021-05-11T10:33:31+00:00\" \/>\n<meta property=\"og:image\" content=\"https:\/\/super-news.info\/de\/wp-content\/uploads\/sites\/13\/2021\/05\/News-von-heute-5000-Reservisten-der-Armee-werden-in-Israel.jpg\" \/>\n\t<meta property=\"og:image:width\" content=\"1440\" \/>\n\t<meta property=\"og:image:height\" content=\"809\" \/>\n\t<meta property=\"og:image:type\" content=\"image\/jpeg\" \/>\n<meta name=\"author\" content=\"super news\" \/>\n<meta name=\"twitter:card\" content=\"summary_large_image\" \/>\n<meta name=\"twitter:label1\" content=\"Verfasst von\" \/>\n\t<meta name=\"twitter:data1\" content=\"super news\" \/>\n\t<meta name=\"twitter:label2\" content=\"Gesch\u00e4tzte Lesezeit\" \/>\n\t<meta name=\"twitter:data2\" content=\"12\u00a0Minuten\" \/>\n<script type=\"application\/ld+json\" class=\"yoast-schema-graph\">{\"@context\":\"https:\\\/\\\/schema.org\",\"@graph\":[{\"@type\":\"Article\",\"@id\":\"https:\\\/\\\/super-news.info\\\/de\\\/news-von-heute-5000-reservisten-der-armee-werden-in-israel-mobilisiert\\\/#article\",\"isPartOf\":{\"@id\":\"https:\\\/\\\/super-news.info\\\/de\\\/news-von-heute-5000-reservisten-der-armee-werden-in-israel-mobilisiert\\\/\"},\"author\":{\"name\":\"super news\",\"@id\":\"https:\\\/\\\/super-news.info\\\/de\\\/#\\\/schema\\\/person\\\/2b9ff946d06444e803cb306ffcfd1045\"},\"headline\":\"News von heute: 5000 Reservisten der Armee werden in Israel mobilisiert\",\"datePublished\":\"2021-05-11T10:33:29+00:00\",\"dateModified\":\"2021-05-11T10:33:31+00:00\",\"mainEntityOfPage\":{\"@id\":\"https:\\\/\\\/super-news.info\\\/de\\\/news-von-heute-5000-reservisten-der-armee-werden-in-israel-mobilisiert\\\/\"},\"wordCount\":2393,\"commentCount\":0,\"image\":{\"@id\":\"https:\\\/\\\/super-news.info\\\/de\\\/news-von-heute-5000-reservisten-der-armee-werden-in-israel-mobilisiert\\\/#primaryimage\"},\"thumbnailUrl\":\"https:\\\/\\\/super-news.info\\\/de\\\/wp-content\\\/uploads\\\/sites\\\/13\\\/2021\\\/05\\\/News-von-heute-5000-Reservisten-der-Armee-werden-in-Israel.jpg\",\"articleSection\":[\"NEUIGKEITEN\"],\"inLanguage\":\"de\",\"potentialAction\":[{\"@type\":\"CommentAction\",\"name\":\"Comment\",\"target\":[\"https:\\\/\\\/super-news.info\\\/de\\\/news-von-heute-5000-reservisten-der-armee-werden-in-israel-mobilisiert\\\/#respond\"]}]},{\"@type\":\"WebPage\",\"@id\":\"https:\\\/\\\/super-news.info\\\/de\\\/news-von-heute-5000-reservisten-der-armee-werden-in-israel-mobilisiert\\\/\",\"url\":\"https:\\\/\\\/super-news.info\\\/de\\\/news-von-heute-5000-reservisten-der-armee-werden-in-israel-mobilisiert\\\/\",\"name\":\"News von heute: 5000 Reservisten der Armee werden in Israel mobilisiert - Super News\",\"isPartOf\":{\"@id\":\"https:\\\/\\\/super-news.info\\\/de\\\/#website\"},\"primaryImageOfPage\":{\"@id\":\"https:\\\/\\\/super-news.info\\\/de\\\/news-von-heute-5000-reservisten-der-armee-werden-in-israel-mobilisiert\\\/#primaryimage\"},\"image\":{\"@id\":\"https:\\\/\\\/super-news.info\\\/de\\\/news-von-heute-5000-reservisten-der-armee-werden-in-israel-mobilisiert\\\/#primaryimage\"},\"thumbnailUrl\":\"https:\\\/\\\/super-news.info\\\/de\\\/wp-content\\\/uploads\\\/sites\\\/13\\\/2021\\\/05\\\/News-von-heute-5000-Reservisten-der-Armee-werden-in-Israel.jpg\",\"datePublished\":\"2021-05-11T10:33:29+00:00\",\"dateModified\":\"2021-05-11T10:33:31+00:00\",\"author\":{\"@id\":\"https:\\\/\\\/super-news.info\\\/de\\\/#\\\/schema\\\/person\\\/2b9ff946d06444e803cb306ffcfd1045\"},\"breadcrumb\":{\"@id\":\"https:\\\/\\\/super-news.info\\\/de\\\/news-von-heute-5000-reservisten-der-armee-werden-in-israel-mobilisiert\\\/#breadcrumb\"},\"inLanguage\":\"de\",\"potentialAction\":[{\"@type\":\"ReadAction\",\"target\":[\"https:\\\/\\\/super-news.info\\\/de\\\/news-von-heute-5000-reservisten-der-armee-werden-in-israel-mobilisiert\\\/\"]}]},{\"@type\":\"ImageObject\",\"inLanguage\":\"de\",\"@id\":\"https:\\\/\\\/super-news.info\\\/de\\\/news-von-heute-5000-reservisten-der-armee-werden-in-israel-mobilisiert\\\/#primaryimage\",\"url\":\"https:\\\/\\\/super-news.info\\\/de\\\/wp-content\\\/uploads\\\/sites\\\/13\\\/2021\\\/05\\\/News-von-heute-5000-Reservisten-der-Armee-werden-in-Israel.jpg\",\"contentUrl\":\"https:\\\/\\\/super-news.info\\\/de\\\/wp-content\\\/uploads\\\/sites\\\/13\\\/2021\\\/05\\\/News-von-heute-5000-Reservisten-der-Armee-werden-in-Israel.jpg\",\"width\":1440,\"height\":809,\"caption\":\"News von heute: 5000 Reservisten der Armee werden in Israel mobilisiert\"},{\"@type\":\"BreadcrumbList\",\"@id\":\"https:\\\/\\\/super-news.info\\\/de\\\/news-von-heute-5000-reservisten-der-armee-werden-in-israel-mobilisiert\\\/#breadcrumb\",\"itemListElement\":[{\"@type\":\"ListItem\",\"position\":1,\"name\":\"Home\",\"item\":\"https:\\\/\\\/super-news.info\\\/de\\\/\"},{\"@type\":\"ListItem\",\"position\":2,\"name\":\"News von heute: 5000 Reservisten der Armee werden in Israel mobilisiert\"}]},{\"@type\":\"WebSite\",\"@id\":\"https:\\\/\\\/super-news.info\\\/de\\\/#website\",\"url\":\"https:\\\/\\\/super-news.info\\\/de\\\/\",\"name\":\"Super News\",\"description\":\"Super News Germany\",\"potentialAction\":[{\"@type\":\"SearchAction\",\"target\":{\"@type\":\"EntryPoint\",\"urlTemplate\":\"https:\\\/\\\/super-news.info\\\/de\\\/?s={search_term_string}\"},\"query-input\":{\"@type\":\"PropertyValueSpecification\",\"valueRequired\":true,\"valueName\":\"search_term_string\"}}],\"inLanguage\":\"de\"},{\"@type\":\"Person\",\"@id\":\"https:\\\/\\\/super-news.info\\\/de\\\/#\\\/schema\\\/person\\\/2b9ff946d06444e803cb306ffcfd1045\",\"name\":\"super news\",\"image\":{\"@type\":\"ImageObject\",\"inLanguage\":\"de\",\"@id\":\"https:\\\/\\\/secure.gravatar.com\\\/avatar\\\/98e0b303f300d45b2a94684c5e4dda8baa4a5e9710b579f7493c8612061d08bf?s=96&d=mm&r=g\",\"url\":\"https:\\\/\\\/secure.gravatar.com\\\/avatar\\\/98e0b303f300d45b2a94684c5e4dda8baa4a5e9710b579f7493c8612061d08bf?s=96&d=mm&r=g\",\"contentUrl\":\"https:\\\/\\\/secure.gravatar.com\\\/avatar\\\/98e0b303f300d45b2a94684c5e4dda8baa4a5e9710b579f7493c8612061d08bf?s=96&d=mm&r=g\",\"caption\":\"super news\"},\"url\":\"https:\\\/\\\/super-news.info\\\/de\\\/author\\\/manuel\\\/\"}]}<\/script>\n<!-- \/ Yoast SEO plugin. -->","yoast_head_json":{"title":"News von heute: 5000 Reservisten der Armee werden in Israel mobilisiert - Super News","robots":{"index":"index","follow":"follow","max-snippet":"max-snippet:-1","max-image-preview":"max-image-preview:large","max-video-preview":"max-video-preview:-1"},"canonical":"https:\/\/super-news.info\/de\/news-von-heute-5000-reservisten-der-armee-werden-in-israel-mobilisiert\/","og_locale":"de_DE","og_type":"article","og_title":"News von heute: 5000 Reservisten der Armee werden in Israel mobilisiert - Super News","og_description":"Die News von heute im stern-Ticker. nagDie Meldungen zur Coronavirus-Pandemie lesen Sie hier Die News von heute\u00a0im stern-Ticker:\u00a0 12.25 Uhr:\u00a0Beh\u00f6rden sprechen von\u00a0Einzelt\u00e4ter bei Angriff auf Schule in Russland Hinter dem blutigen Angriff auf eine Schule in Russland steht nach Darstellung der Beh\u00f6rden ein Einzelt\u00e4ter. &#8222;Es gab nur einen T\u00e4ter&#8220;, sagte eine Beh\u00f6rdensprecherin\u00a0der Agentur Interfax zufolge [&hellip;]","og_url":"https:\/\/super-news.info\/de\/news-von-heute-5000-reservisten-der-armee-werden-in-israel-mobilisiert\/","og_site_name":"Super News","article_published_time":"2021-05-11T10:33:29+00:00","article_modified_time":"2021-05-11T10:33:31+00:00","og_image":[{"width":1440,"height":809,"url":"https:\/\/super-news.info\/de\/wp-content\/uploads\/sites\/13\/2021\/05\/News-von-heute-5000-Reservisten-der-Armee-werden-in-Israel.jpg","type":"image\/jpeg"}],"author":"super news","twitter_card":"summary_large_image","twitter_misc":{"Verfasst von":"super news","Gesch\u00e4tzte Lesezeit":"12\u00a0Minuten"},"schema":{"@context":"https:\/\/schema.org","@graph":[{"@type":"Article","@id":"https:\/\/super-news.info\/de\/news-von-heute-5000-reservisten-der-armee-werden-in-israel-mobilisiert\/#article","isPartOf":{"@id":"https:\/\/super-news.info\/de\/news-von-heute-5000-reservisten-der-armee-werden-in-israel-mobilisiert\/"},"author":{"name":"super news","@id":"https:\/\/super-news.info\/de\/#\/schema\/person\/2b9ff946d06444e803cb306ffcfd1045"},"headline":"News von heute: 5000 Reservisten der Armee werden in Israel mobilisiert","datePublished":"2021-05-11T10:33:29+00:00","dateModified":"2021-05-11T10:33:31+00:00","mainEntityOfPage":{"@id":"https:\/\/super-news.info\/de\/news-von-heute-5000-reservisten-der-armee-werden-in-israel-mobilisiert\/"},"wordCount":2393,"commentCount":0,"image":{"@id":"https:\/\/super-news.info\/de\/news-von-heute-5000-reservisten-der-armee-werden-in-israel-mobilisiert\/#primaryimage"},"thumbnailUrl":"https:\/\/super-news.info\/de\/wp-content\/uploads\/sites\/13\/2021\/05\/News-von-heute-5000-Reservisten-der-Armee-werden-in-Israel.jpg","articleSection":["NEUIGKEITEN"],"inLanguage":"de","potentialAction":[{"@type":"CommentAction","name":"Comment","target":["https:\/\/super-news.info\/de\/news-von-heute-5000-reservisten-der-armee-werden-in-israel-mobilisiert\/#respond"]}]},{"@type":"WebPage","@id":"https:\/\/super-news.info\/de\/news-von-heute-5000-reservisten-der-armee-werden-in-israel-mobilisiert\/","url":"https:\/\/super-news.info\/de\/news-von-heute-5000-reservisten-der-armee-werden-in-israel-mobilisiert\/","name":"News von heute: 5000 Reservisten der Armee werden in Israel mobilisiert - Super News","isPartOf":{"@id":"https:\/\/super-news.info\/de\/#website"},"primaryImageOfPage":{"@id":"https:\/\/super-news.info\/de\/news-von-heute-5000-reservisten-der-armee-werden-in-israel-mobilisiert\/#primaryimage"},"image":{"@id":"https:\/\/super-news.info\/de\/news-von-heute-5000-reservisten-der-armee-werden-in-israel-mobilisiert\/#primaryimage"},"thumbnailUrl":"https:\/\/super-news.info\/de\/wp-content\/uploads\/sites\/13\/2021\/05\/News-von-heute-5000-Reservisten-der-Armee-werden-in-Israel.jpg","datePublished":"2021-05-11T10:33:29+00:00","dateModified":"2021-05-11T10:33:31+00:00","author":{"@id":"https:\/\/super-news.info\/de\/#\/schema\/person\/2b9ff946d06444e803cb306ffcfd1045"},"breadcrumb":{"@id":"https:\/\/super-news.info\/de\/news-von-heute-5000-reservisten-der-armee-werden-in-israel-mobilisiert\/#breadcrumb"},"inLanguage":"de","potentialAction":[{"@type":"ReadAction","target":["https:\/\/super-news.info\/de\/news-von-heute-5000-reservisten-der-armee-werden-in-israel-mobilisiert\/"]}]},{"@type":"ImageObject","inLanguage":"de","@id":"https:\/\/super-news.info\/de\/news-von-heute-5000-reservisten-der-armee-werden-in-israel-mobilisiert\/#primaryimage","url":"https:\/\/super-news.info\/de\/wp-content\/uploads\/sites\/13\/2021\/05\/News-von-heute-5000-Reservisten-der-Armee-werden-in-Israel.jpg","contentUrl":"https:\/\/super-news.info\/de\/wp-content\/uploads\/sites\/13\/2021\/05\/News-von-heute-5000-Reservisten-der-Armee-werden-in-Israel.jpg","width":1440,"height":809,"caption":"News von heute: 5000 Reservisten der Armee werden in Israel mobilisiert"},{"@type":"BreadcrumbList","@id":"https:\/\/super-news.info\/de\/news-von-heute-5000-reservisten-der-armee-werden-in-israel-mobilisiert\/#breadcrumb","itemListElement":[{"@type":"ListItem","position":1,"name":"Home","item":"https:\/\/super-news.info\/de\/"},{"@type":"ListItem","position":2,"name":"News von heute: 5000 Reservisten der Armee werden in Israel mobilisiert"}]},{"@type":"WebSite","@id":"https:\/\/super-news.info\/de\/#website","url":"https:\/\/super-news.info\/de\/","name":"Super News","description":"Super News Germany","potentialAction":[{"@type":"SearchAction","target":{"@type":"EntryPoint","urlTemplate":"https:\/\/super-news.info\/de\/?s={search_term_string}"},"query-input":{"@type":"PropertyValueSpecification","valueRequired":true,"valueName":"search_term_string"}}],"inLanguage":"de"},{"@type":"Person","@id":"https:\/\/super-news.info\/de\/#\/schema\/person\/2b9ff946d06444e803cb306ffcfd1045","name":"super news","image":{"@type":"ImageObject","inLanguage":"de","@id":"https:\/\/secure.gravatar.com\/avatar\/98e0b303f300d45b2a94684c5e4dda8baa4a5e9710b579f7493c8612061d08bf?s=96&d=mm&r=g","url":"https:\/\/secure.gravatar.com\/avatar\/98e0b303f300d45b2a94684c5e4dda8baa4a5e9710b579f7493c8612061d08bf?s=96&d=mm&r=g","contentUrl":"https:\/\/secure.gravatar.com\/avatar\/98e0b303f300d45b2a94684c5e4dda8baa4a5e9710b579f7493c8612061d08bf?s=96&d=mm&r=g","caption":"super news"},"url":"https:\/\/super-news.info\/de\/author\/manuel\/"}]}},"_links":{"self":[{"href":"https:\/\/super-news.info\/de\/wp-json\/wp\/v2\/posts\/1612","targetHints":{"allow":["GET"]}}],"collection":[{"href":"https:\/\/super-news.info\/de\/wp-json\/wp\/v2\/posts"}],"about":[{"href":"https:\/\/super-news.info\/de\/wp-json\/wp\/v2\/types\/post"}],"author":[{"embeddable":true,"href":"https:\/\/super-news.info\/de\/wp-json\/wp\/v2\/users\/1"}],"replies":[{"embeddable":true,"href":"https:\/\/super-news.info\/de\/wp-json\/wp\/v2\/comments?post=1612"}],"version-history":[{"count":1,"href":"https:\/\/super-news.info\/de\/wp-json\/wp\/v2\/posts\/1612\/revisions"}],"predecessor-version":[{"id":1614,"href":"https:\/\/super-news.info\/de\/wp-json\/wp\/v2\/posts\/1612\/revisions\/1614"}],"wp:featuredmedia":[{"embeddable":true,"href":"https:\/\/super-news.info\/de\/wp-json\/wp\/v2\/media\/1613"}],"wp:attachment":[{"href":"https:\/\/super-news.info\/de\/wp-json\/wp\/v2\/media?parent=1612"}],"wp:term":[{"taxonomy":"category","embeddable":true,"href":"https:\/\/super-news.info\/de\/wp-json\/wp\/v2\/categories?post=1612"},{"taxonomy":"post_tag","embeddable":true,"href":"https:\/\/super-news.info\/de\/wp-json\/wp\/v2\/tags?post=1612"}],"curies":[{"name":"wp","href":"https:\/\/api.w.org\/{rel}","templated":true}]}}