{"id":1609,"date":"2021-05-11T06:23:31","date_gmt":"2021-05-11T06:23:31","guid":{"rendered":"https:\/\/super-news.info\/de\/zahlt-sich-diversity-aus-absatzwirtschaft\/"},"modified":"2021-05-11T06:23:33","modified_gmt":"2021-05-11T06:23:33","slug":"zahlt-sich-diversity-aus-absatzwirtschaft","status":"publish","type":"post","link":"https:\/\/super-news.info\/de\/zahlt-sich-diversity-aus-absatzwirtschaft\/","title":{"rendered":"Zahlt sich Diversity aus? \u203a absatzwirtschaft"},"content":{"rendered":"<p>\t\t\t\t\t\tProcter &amp; Gamble thematisiert in den USA konsequent Rassismus, Identit\u00e4tsthemen und soziale Ungerechtigkeiten. Das Ziel: Die Gesellschaft kulturell offener zu machen. Auch der Umsatz stimmt dank dieser Strategie.<\/p>\n<p>\t\t\t\t\tVon Anne-Kathrin Velten<br \/>\n\t\t\t\t\tVor zwei Jahren setzte<br \/>\nsich Procter &amp; Gamble (P&amp;G) in den USA ein ambitioniertes Ziel: Das<br \/>\nMainstream-Publikum soll sich \u00fcber die Werbung des Unternehmens mit Themen wie<br \/>\nkulturelle Identit\u00e4t oder der LGBTQ+-Gemeinschaft auseinandersetzen. Ein herausforderndes<br \/>\nUnterfangen f\u00fcr einen Konzern, der erst einmal alle Menschen erreichen will,<br \/>\ndessen Kunden aber doch h\u00f6chst unterschiedlich sind. Zudem steht die Produktpalette<br \/>\nansonsten nicht mit politischen Themen in Verbindung. Aber: Das Unternehmen<br \/>\nerkenne die Sichtbarkeit historisch unterrepr\u00e4sentierter Verbraucher in seiner<br \/>\nWerbung und in den digitalen Medien an und wolle diese erh\u00f6hen, so P&amp;G.<\/p>\n<p>P&amp;G launcht einf\u00fchlsame<br \/>\nKampagnen<\/p>\n<p>Entstanden sind einf\u00fchlsame Kampagnen wie \u201cThe Talk\u201d. Thematisiert wird dabei \u201cdas Gespr\u00e4ch\u201d \u2013 eine Unterhaltung, die schwarze Eltern oft mit ihren Kindern f\u00fchren, um sie \u00fcber rassische Vorurteile aufzukl\u00e4ren, denen sie aufgrund der Hautfarbe ausgesetzt sein k\u00f6nnten. Der Spot wurde mit dem Emmy pr\u00e4miert. \u00c4hnliche Themen haben die Kampagnen \u201cThe Look\u201d und \u201cThe Choice\u201d.<\/p>\n<p>Das Video \u201cThe Pause\u201d ist ein Beispiel daf\u00fcr, wie sich P&amp;G mit Voreingenommenheit gegen\u00fcber LGBTQ+ befasst hat. Thematisch geht es um die Pause, die in vielen Gespr\u00e4chen entsteht, sobald sich LGBTQ-Personen outen. <\/p>\n<p>P&amp;G setzt auf<br \/>\nemotionale Spots und Aktionen<\/p>\n<p>Die Spots sind emotional<br \/>\nund nicht zuletzt darum sehr beliebt und bekannt geworden. Sie handeln explizit<br \/>\nnicht von Produkten des Konzerns, sondern um Menschen und ihre<br \/>\nHerausforderungen.<\/p>\n<p>Im Jahr 2020 startete P&amp;G<br \/>\ndar\u00fcber hinaus ein Programm mit dem Titel #talkaboutbias, um das kulturelle<br \/>\nBewusstsein und Wissen der US-Verbraucher zu erh\u00f6hen und in der Folge<br \/>\ngesellschaftliche Voreingenommenheit zu reduzieren. Dabei wurde besonders Wert<br \/>\ndarauf gelegt, diese Verbraucher authentisch darzustellen, anstatt Stereotype<br \/>\nzu verbreiten.<\/p>\n<p>W\u00e4hrend der Covid-19-Pandemie hat P&amp;G zudem zehn Millionen US-Dollar zur Verf\u00fcgung gestellt, um beispielweise unterversorgte Gemeinden und Familien mit kostenlosen Hygieneprodukten zu versorgen oder eine virtuelle \u201cLGBTQ+ Pride\u201d-Party zu organisieren.<\/p>\n<p>P&amp;G-Kampagne 2021: \u201cLead with Love\u201d <\/p>\n<p>2021 verspricht P&amp;G mit<br \/>\nseiner Kampagne \u201cLead with Love\u201d Aktionen und viele gute Taten, die<br \/>\ndas Jahr besser machen sollen als das vergangene.<\/p>\n<p>Die \u00c4nderung der Werbestrategie soll laut dem Unternehmen nicht weniger als eine \u201cKraft f\u00fcr Wachstum und eine Kraft f\u00fcr das Gute\u201d sein. Marc Pritchard, globaler Markenchef von P&amp;G, sagt, Unternehmen und Marken seien zwar den Aktion\u00e4ren gegen\u00fcber rechenschaftspflichtig. \u201cAls Kraft f\u00fcr Wachstum, ohne Gutes f\u00fcr die Gesellschaft zu tun, \u00fcbersieht eine Marke aber die Verantwortung gegen\u00fcber einer breiteren Gruppe von Interessentr\u00e4gern, einschlie\u00dflich Verbrauchern und Arbeitnehmern.\u201d<\/p>\n<p>Mehr Diversit\u00e4t auch<br \/>\nbei P&amp;G<\/p>\n<p>Neben der Sichtbarkeit<br \/>\nnach au\u00dfen hat P&amp;G auch seine Belegschaft diversifiziert mit dem Ziel, dass<br \/>\ndiese die demografische Zusammensetzung der US-Bev\u00f6lkerung widerspiegelt.<br \/>\nP&amp;G ist im Zuge dessen kurz davor, sein Ziel der Gleichstellung der Geschlechter<br \/>\nin den F\u00fchrungsetagen zu erreichen. Das ist ein gro\u00dfer Fortschritt und laut<br \/>\neiner Erhebung der Alliance for Inclusive and Multicultural Marketing (AIMM)<br \/>\ndie absolute Ausnahme gerade in Unternehmen mit einer starken<br \/>\nMarketingausrichtung.<\/p>\n<p>Kurzum: Die oft zitierten<br \/>\nwei\u00dfen heterosexuellen M\u00e4nner dominieren nach wie vor die Branche. AIMM sieht<br \/>\ndarin nicht nur eine gro\u00dfe Ungerechtigkeit, sondern auch die Gefahr, dass in<br \/>\nwenigen Jahren mit fortschreitender Ver\u00e4nderung der Gesellschaft das<br \/>\nUS-Marketing nicht mehr die Bev\u00f6lkerung repr\u00e4sentieren kann. Demografische<br \/>\nVer\u00e4nderungen und Identit\u00e4tsverschiebungen definieren den Markt neu. Die Kluft<br \/>\nzwischen Vermarktern und den Menschen, die ihre Produkte konsumieren, werde<br \/>\nlaut AIMM eher gr\u00f6\u00dfer, wenn die Marketingabteilungen sich nicht neu aufstellen.<\/p>\n<p>Die Strategie von P&amp;G ist also mutig und ehrenhaft, aber nat\u00fcrlich auch eigenn\u00fctzig. Im Jahr 2020 spiegelte sich Pritchards Behauptung, dass \u201eGutes tun\u201c Leistung antreibe, deutlich in den Zahlen wider: P&amp;G erzielte einen Nettoumsatz von 71 Milliarden US-Dollar \u2013 das entspricht einem Anstieg von f\u00fcnf Prozent gegen\u00fcber dem Vorjahr.<\/p>\n<p>absatzwirtschaft+<\/p>\n<p>Sie wollen weitere relevante Informationen und spannende Hintergr\u00fcnde f\u00fcr Ihre t\u00e4gliche Arbeit im Marketing? Dann\u00a0abonnieren Sie jetzt hier\u00a0unseren kostenfreien Newsletter.<\/p>\n<p>\n<!--noindex--><br \/>\n<a href=\"https:\/\/www.absatzwirtschaft.de\/best-practice-pg-zahlt-sich-diversity-aus-179319\/\" rel=\"nofollow\">Source link <\/a><br \/>\n<!--\/noindex--><\/p>\n","protected":false},"excerpt":{"rendered":"<p>Procter &amp; Gamble thematisiert in den USA konsequent Rassismus, Identit\u00e4tsthemen und soziale Ungerechtigkeiten. Das Ziel: Die Gesellschaft kulturell offener zu machen. Auch der Umsatz stimmt dank dieser Strategie. Von Anne-Kathrin Velten Vor zwei Jahren setzte sich Procter &amp; Gamble (P&amp;G) in den USA ein ambitioniertes Ziel: Das Mainstream-Publikum soll sich \u00fcber die Werbung des Unternehmens [&hellip;]<\/p>\n","protected":false},"author":1,"featured_media":1610,"comment_status":"open","ping_status":"open","sticky":false,"template":"","format":"standard","meta":{"footnotes":""},"categories":[5],"tags":[],"class_list":["post-1609","post","type-post","status-publish","format-standard","has-post-thumbnail","hentry","category-marketing-news"],"yoast_head":"<!-- This site is optimized with the Yoast SEO plugin v27.4 - https:\/\/yoast.com\/product\/yoast-seo-wordpress\/ -->\n<title>Zahlt sich Diversity aus? \u203a absatzwirtschaft - Super News<\/title>\n<meta name=\"robots\" content=\"index, follow, max-snippet:-1, max-image-preview:large, max-video-preview:-1\" \/>\n<link rel=\"canonical\" href=\"https:\/\/super-news.info\/de\/zahlt-sich-diversity-aus-absatzwirtschaft\/\" \/>\n<meta property=\"og:locale\" content=\"de_DE\" \/>\n<meta property=\"og:type\" content=\"article\" \/>\n<meta property=\"og:title\" content=\"Zahlt sich Diversity aus? \u203a absatzwirtschaft - Super News\" \/>\n<meta property=\"og:description\" content=\"Procter &amp; Gamble thematisiert in den USA konsequent Rassismus, Identit\u00e4tsthemen und soziale Ungerechtigkeiten. Das Ziel: Die Gesellschaft kulturell offener zu machen. Auch der Umsatz stimmt dank dieser Strategie. Von Anne-Kathrin Velten Vor zwei Jahren setzte sich Procter &amp; Gamble (P&amp;G) in den USA ein ambitioniertes Ziel: Das Mainstream-Publikum soll sich \u00fcber die Werbung des Unternehmens [&hellip;]\" \/>\n<meta property=\"og:url\" content=\"https:\/\/super-news.info\/de\/zahlt-sich-diversity-aus-absatzwirtschaft\/\" \/>\n<meta property=\"og:site_name\" content=\"Super News\" \/>\n<meta property=\"article:published_time\" content=\"2021-05-11T06:23:31+00:00\" \/>\n<meta property=\"article:modified_time\" content=\"2021-05-11T06:23:33+00:00\" \/>\n<meta property=\"og:image\" content=\"https:\/\/super-news.info\/de\/wp-content\/uploads\/sites\/13\/2021\/05\/Zahlt-sich-Diversity-aus-absatzwirtschaft.jpg\" \/>\n\t<meta property=\"og:image:width\" content=\"2156\" \/>\n\t<meta property=\"og:image:height\" content=\"1211\" \/>\n\t<meta property=\"og:image:type\" content=\"image\/jpeg\" \/>\n<meta name=\"author\" content=\"super news\" \/>\n<meta name=\"twitter:card\" content=\"summary_large_image\" \/>\n<meta name=\"twitter:label1\" content=\"Verfasst von\" \/>\n\t<meta name=\"twitter:data1\" content=\"super news\" \/>\n\t<meta name=\"twitter:label2\" content=\"Gesch\u00e4tzte Lesezeit\" \/>\n\t<meta name=\"twitter:data2\" content=\"4\u00a0Minuten\" \/>\n<script type=\"application\/ld+json\" class=\"yoast-schema-graph\">{\"@context\":\"https:\\\/\\\/schema.org\",\"@graph\":[{\"@type\":\"Article\",\"@id\":\"https:\\\/\\\/super-news.info\\\/de\\\/zahlt-sich-diversity-aus-absatzwirtschaft\\\/#article\",\"isPartOf\":{\"@id\":\"https:\\\/\\\/super-news.info\\\/de\\\/zahlt-sich-diversity-aus-absatzwirtschaft\\\/\"},\"author\":{\"name\":\"super news\",\"@id\":\"https:\\\/\\\/super-news.info\\\/de\\\/#\\\/schema\\\/person\\\/2b9ff946d06444e803cb306ffcfd1045\"},\"headline\":\"Zahlt sich Diversity aus? \u203a absatzwirtschaft\",\"datePublished\":\"2021-05-11T06:23:31+00:00\",\"dateModified\":\"2021-05-11T06:23:33+00:00\",\"mainEntityOfPage\":{\"@id\":\"https:\\\/\\\/super-news.info\\\/de\\\/zahlt-sich-diversity-aus-absatzwirtschaft\\\/\"},\"wordCount\":711,\"commentCount\":0,\"image\":{\"@id\":\"https:\\\/\\\/super-news.info\\\/de\\\/zahlt-sich-diversity-aus-absatzwirtschaft\\\/#primaryimage\"},\"thumbnailUrl\":\"https:\\\/\\\/super-news.info\\\/de\\\/wp-content\\\/uploads\\\/sites\\\/13\\\/2021\\\/05\\\/Zahlt-sich-Diversity-aus-absatzwirtschaft.jpg\",\"articleSection\":[\"MARKETING NEWS\"],\"inLanguage\":\"de\",\"potentialAction\":[{\"@type\":\"CommentAction\",\"name\":\"Comment\",\"target\":[\"https:\\\/\\\/super-news.info\\\/de\\\/zahlt-sich-diversity-aus-absatzwirtschaft\\\/#respond\"]}]},{\"@type\":\"WebPage\",\"@id\":\"https:\\\/\\\/super-news.info\\\/de\\\/zahlt-sich-diversity-aus-absatzwirtschaft\\\/\",\"url\":\"https:\\\/\\\/super-news.info\\\/de\\\/zahlt-sich-diversity-aus-absatzwirtschaft\\\/\",\"name\":\"Zahlt sich Diversity aus? \u203a absatzwirtschaft - Super News\",\"isPartOf\":{\"@id\":\"https:\\\/\\\/super-news.info\\\/de\\\/#website\"},\"primaryImageOfPage\":{\"@id\":\"https:\\\/\\\/super-news.info\\\/de\\\/zahlt-sich-diversity-aus-absatzwirtschaft\\\/#primaryimage\"},\"image\":{\"@id\":\"https:\\\/\\\/super-news.info\\\/de\\\/zahlt-sich-diversity-aus-absatzwirtschaft\\\/#primaryimage\"},\"thumbnailUrl\":\"https:\\\/\\\/super-news.info\\\/de\\\/wp-content\\\/uploads\\\/sites\\\/13\\\/2021\\\/05\\\/Zahlt-sich-Diversity-aus-absatzwirtschaft.jpg\",\"datePublished\":\"2021-05-11T06:23:31+00:00\",\"dateModified\":\"2021-05-11T06:23:33+00:00\",\"author\":{\"@id\":\"https:\\\/\\\/super-news.info\\\/de\\\/#\\\/schema\\\/person\\\/2b9ff946d06444e803cb306ffcfd1045\"},\"breadcrumb\":{\"@id\":\"https:\\\/\\\/super-news.info\\\/de\\\/zahlt-sich-diversity-aus-absatzwirtschaft\\\/#breadcrumb\"},\"inLanguage\":\"de\",\"potentialAction\":[{\"@type\":\"ReadAction\",\"target\":[\"https:\\\/\\\/super-news.info\\\/de\\\/zahlt-sich-diversity-aus-absatzwirtschaft\\\/\"]}]},{\"@type\":\"ImageObject\",\"inLanguage\":\"de\",\"@id\":\"https:\\\/\\\/super-news.info\\\/de\\\/zahlt-sich-diversity-aus-absatzwirtschaft\\\/#primaryimage\",\"url\":\"https:\\\/\\\/super-news.info\\\/de\\\/wp-content\\\/uploads\\\/sites\\\/13\\\/2021\\\/05\\\/Zahlt-sich-Diversity-aus-absatzwirtschaft.jpg\",\"contentUrl\":\"https:\\\/\\\/super-news.info\\\/de\\\/wp-content\\\/uploads\\\/sites\\\/13\\\/2021\\\/05\\\/Zahlt-sich-Diversity-aus-absatzwirtschaft.jpg\",\"width\":2156,\"height\":1211,\"caption\":\"Zahlt sich Diversity aus? \u203a absatzwirtschaft\"},{\"@type\":\"BreadcrumbList\",\"@id\":\"https:\\\/\\\/super-news.info\\\/de\\\/zahlt-sich-diversity-aus-absatzwirtschaft\\\/#breadcrumb\",\"itemListElement\":[{\"@type\":\"ListItem\",\"position\":1,\"name\":\"Home\",\"item\":\"https:\\\/\\\/super-news.info\\\/de\\\/\"},{\"@type\":\"ListItem\",\"position\":2,\"name\":\"Zahlt sich Diversity aus? \u203a absatzwirtschaft\"}]},{\"@type\":\"WebSite\",\"@id\":\"https:\\\/\\\/super-news.info\\\/de\\\/#website\",\"url\":\"https:\\\/\\\/super-news.info\\\/de\\\/\",\"name\":\"Super News\",\"description\":\"Super News Germany\",\"potentialAction\":[{\"@type\":\"SearchAction\",\"target\":{\"@type\":\"EntryPoint\",\"urlTemplate\":\"https:\\\/\\\/super-news.info\\\/de\\\/?s={search_term_string}\"},\"query-input\":{\"@type\":\"PropertyValueSpecification\",\"valueRequired\":true,\"valueName\":\"search_term_string\"}}],\"inLanguage\":\"de\"},{\"@type\":\"Person\",\"@id\":\"https:\\\/\\\/super-news.info\\\/de\\\/#\\\/schema\\\/person\\\/2b9ff946d06444e803cb306ffcfd1045\",\"name\":\"super news\",\"image\":{\"@type\":\"ImageObject\",\"inLanguage\":\"de\",\"@id\":\"https:\\\/\\\/secure.gravatar.com\\\/avatar\\\/98e0b303f300d45b2a94684c5e4dda8baa4a5e9710b579f7493c8612061d08bf?s=96&d=mm&r=g\",\"url\":\"https:\\\/\\\/secure.gravatar.com\\\/avatar\\\/98e0b303f300d45b2a94684c5e4dda8baa4a5e9710b579f7493c8612061d08bf?s=96&d=mm&r=g\",\"contentUrl\":\"https:\\\/\\\/secure.gravatar.com\\\/avatar\\\/98e0b303f300d45b2a94684c5e4dda8baa4a5e9710b579f7493c8612061d08bf?s=96&d=mm&r=g\",\"caption\":\"super news\"},\"url\":\"https:\\\/\\\/super-news.info\\\/de\\\/author\\\/manuel\\\/\"}]}<\/script>\n<!-- \/ Yoast SEO plugin. -->","yoast_head_json":{"title":"Zahlt sich Diversity aus? \u203a absatzwirtschaft - Super News","robots":{"index":"index","follow":"follow","max-snippet":"max-snippet:-1","max-image-preview":"max-image-preview:large","max-video-preview":"max-video-preview:-1"},"canonical":"https:\/\/super-news.info\/de\/zahlt-sich-diversity-aus-absatzwirtschaft\/","og_locale":"de_DE","og_type":"article","og_title":"Zahlt sich Diversity aus? \u203a absatzwirtschaft - Super News","og_description":"Procter &amp; Gamble thematisiert in den USA konsequent Rassismus, Identit\u00e4tsthemen und soziale Ungerechtigkeiten. Das Ziel: Die Gesellschaft kulturell offener zu machen. Auch der Umsatz stimmt dank dieser Strategie. Von Anne-Kathrin Velten Vor zwei Jahren setzte sich Procter &amp; Gamble (P&amp;G) in den USA ein ambitioniertes Ziel: Das Mainstream-Publikum soll sich \u00fcber die Werbung des Unternehmens [&hellip;]","og_url":"https:\/\/super-news.info\/de\/zahlt-sich-diversity-aus-absatzwirtschaft\/","og_site_name":"Super News","article_published_time":"2021-05-11T06:23:31+00:00","article_modified_time":"2021-05-11T06:23:33+00:00","og_image":[{"width":2156,"height":1211,"url":"https:\/\/super-news.info\/de\/wp-content\/uploads\/sites\/13\/2021\/05\/Zahlt-sich-Diversity-aus-absatzwirtschaft.jpg","type":"image\/jpeg"}],"author":"super news","twitter_card":"summary_large_image","twitter_misc":{"Verfasst von":"super news","Gesch\u00e4tzte Lesezeit":"4\u00a0Minuten"},"schema":{"@context":"https:\/\/schema.org","@graph":[{"@type":"Article","@id":"https:\/\/super-news.info\/de\/zahlt-sich-diversity-aus-absatzwirtschaft\/#article","isPartOf":{"@id":"https:\/\/super-news.info\/de\/zahlt-sich-diversity-aus-absatzwirtschaft\/"},"author":{"name":"super news","@id":"https:\/\/super-news.info\/de\/#\/schema\/person\/2b9ff946d06444e803cb306ffcfd1045"},"headline":"Zahlt sich Diversity aus? \u203a absatzwirtschaft","datePublished":"2021-05-11T06:23:31+00:00","dateModified":"2021-05-11T06:23:33+00:00","mainEntityOfPage":{"@id":"https:\/\/super-news.info\/de\/zahlt-sich-diversity-aus-absatzwirtschaft\/"},"wordCount":711,"commentCount":0,"image":{"@id":"https:\/\/super-news.info\/de\/zahlt-sich-diversity-aus-absatzwirtschaft\/#primaryimage"},"thumbnailUrl":"https:\/\/super-news.info\/de\/wp-content\/uploads\/sites\/13\/2021\/05\/Zahlt-sich-Diversity-aus-absatzwirtschaft.jpg","articleSection":["MARKETING NEWS"],"inLanguage":"de","potentialAction":[{"@type":"CommentAction","name":"Comment","target":["https:\/\/super-news.info\/de\/zahlt-sich-diversity-aus-absatzwirtschaft\/#respond"]}]},{"@type":"WebPage","@id":"https:\/\/super-news.info\/de\/zahlt-sich-diversity-aus-absatzwirtschaft\/","url":"https:\/\/super-news.info\/de\/zahlt-sich-diversity-aus-absatzwirtschaft\/","name":"Zahlt sich Diversity aus? \u203a absatzwirtschaft - Super News","isPartOf":{"@id":"https:\/\/super-news.info\/de\/#website"},"primaryImageOfPage":{"@id":"https:\/\/super-news.info\/de\/zahlt-sich-diversity-aus-absatzwirtschaft\/#primaryimage"},"image":{"@id":"https:\/\/super-news.info\/de\/zahlt-sich-diversity-aus-absatzwirtschaft\/#primaryimage"},"thumbnailUrl":"https:\/\/super-news.info\/de\/wp-content\/uploads\/sites\/13\/2021\/05\/Zahlt-sich-Diversity-aus-absatzwirtschaft.jpg","datePublished":"2021-05-11T06:23:31+00:00","dateModified":"2021-05-11T06:23:33+00:00","author":{"@id":"https:\/\/super-news.info\/de\/#\/schema\/person\/2b9ff946d06444e803cb306ffcfd1045"},"breadcrumb":{"@id":"https:\/\/super-news.info\/de\/zahlt-sich-diversity-aus-absatzwirtschaft\/#breadcrumb"},"inLanguage":"de","potentialAction":[{"@type":"ReadAction","target":["https:\/\/super-news.info\/de\/zahlt-sich-diversity-aus-absatzwirtschaft\/"]}]},{"@type":"ImageObject","inLanguage":"de","@id":"https:\/\/super-news.info\/de\/zahlt-sich-diversity-aus-absatzwirtschaft\/#primaryimage","url":"https:\/\/super-news.info\/de\/wp-content\/uploads\/sites\/13\/2021\/05\/Zahlt-sich-Diversity-aus-absatzwirtschaft.jpg","contentUrl":"https:\/\/super-news.info\/de\/wp-content\/uploads\/sites\/13\/2021\/05\/Zahlt-sich-Diversity-aus-absatzwirtschaft.jpg","width":2156,"height":1211,"caption":"Zahlt sich Diversity aus? \u203a absatzwirtschaft"},{"@type":"BreadcrumbList","@id":"https:\/\/super-news.info\/de\/zahlt-sich-diversity-aus-absatzwirtschaft\/#breadcrumb","itemListElement":[{"@type":"ListItem","position":1,"name":"Home","item":"https:\/\/super-news.info\/de\/"},{"@type":"ListItem","position":2,"name":"Zahlt sich Diversity aus? \u203a absatzwirtschaft"}]},{"@type":"WebSite","@id":"https:\/\/super-news.info\/de\/#website","url":"https:\/\/super-news.info\/de\/","name":"Super News","description":"Super News Germany","potentialAction":[{"@type":"SearchAction","target":{"@type":"EntryPoint","urlTemplate":"https:\/\/super-news.info\/de\/?s={search_term_string}"},"query-input":{"@type":"PropertyValueSpecification","valueRequired":true,"valueName":"search_term_string"}}],"inLanguage":"de"},{"@type":"Person","@id":"https:\/\/super-news.info\/de\/#\/schema\/person\/2b9ff946d06444e803cb306ffcfd1045","name":"super news","image":{"@type":"ImageObject","inLanguage":"de","@id":"https:\/\/secure.gravatar.com\/avatar\/98e0b303f300d45b2a94684c5e4dda8baa4a5e9710b579f7493c8612061d08bf?s=96&d=mm&r=g","url":"https:\/\/secure.gravatar.com\/avatar\/98e0b303f300d45b2a94684c5e4dda8baa4a5e9710b579f7493c8612061d08bf?s=96&d=mm&r=g","contentUrl":"https:\/\/secure.gravatar.com\/avatar\/98e0b303f300d45b2a94684c5e4dda8baa4a5e9710b579f7493c8612061d08bf?s=96&d=mm&r=g","caption":"super news"},"url":"https:\/\/super-news.info\/de\/author\/manuel\/"}]}},"_links":{"self":[{"href":"https:\/\/super-news.info\/de\/wp-json\/wp\/v2\/posts\/1609","targetHints":{"allow":["GET"]}}],"collection":[{"href":"https:\/\/super-news.info\/de\/wp-json\/wp\/v2\/posts"}],"about":[{"href":"https:\/\/super-news.info\/de\/wp-json\/wp\/v2\/types\/post"}],"author":[{"embeddable":true,"href":"https:\/\/super-news.info\/de\/wp-json\/wp\/v2\/users\/1"}],"replies":[{"embeddable":true,"href":"https:\/\/super-news.info\/de\/wp-json\/wp\/v2\/comments?post=1609"}],"version-history":[{"count":1,"href":"https:\/\/super-news.info\/de\/wp-json\/wp\/v2\/posts\/1609\/revisions"}],"predecessor-version":[{"id":1611,"href":"https:\/\/super-news.info\/de\/wp-json\/wp\/v2\/posts\/1609\/revisions\/1611"}],"wp:featuredmedia":[{"embeddable":true,"href":"https:\/\/super-news.info\/de\/wp-json\/wp\/v2\/media\/1610"}],"wp:attachment":[{"href":"https:\/\/super-news.info\/de\/wp-json\/wp\/v2\/media?parent=1609"}],"wp:term":[{"taxonomy":"category","embeddable":true,"href":"https:\/\/super-news.info\/de\/wp-json\/wp\/v2\/categories?post=1609"},{"taxonomy":"post_tag","embeddable":true,"href":"https:\/\/super-news.info\/de\/wp-json\/wp\/v2\/tags?post=1609"}],"curies":[{"name":"wp","href":"https:\/\/api.w.org\/{rel}","templated":true}]}}