{"id":1594,"date":"2021-05-08T10:00:11","date_gmt":"2021-05-08T10:00:11","guid":{"rendered":"https:\/\/super-news.info\/de\/unions-kanzlerkandidat-laschet-ruft-zu-entschiedenem-wahlkampf-gegen-gruene-auf\/"},"modified":"2021-05-08T10:00:13","modified_gmt":"2021-05-08T10:00:13","slug":"unions-kanzlerkandidat-laschet-ruft-zu-entschiedenem-wahlkampf-gegen-gruene-auf","status":"publish","type":"post","link":"https:\/\/super-news.info\/de\/unions-kanzlerkandidat-laschet-ruft-zu-entschiedenem-wahlkampf-gegen-gruene-auf\/","title":{"rendered":"Unions-Kanzlerkandidat: Laschet ruft zu entschiedenem Wahlkampf gegen Gr\u00fcne auf"},"content":{"rendered":"<p> Unions-Kanzlerkandidat<br \/>\n Laschet ruft zu entschiedenem Wahlkampf gegen Gr\u00fcne auf<\/p>\n<p> Armin Laschet, CDU-Bundesvorsitzender und Ministerpr\u00e4sident von Nordrhein-Westfalen. Foto: Michael Kappeler\/dpa<br \/>\n \u00a9 dpa-infocom GmbH<\/p>\n<p> Auf dem Landesparteitag soll die Liste der CDU Rheinland-Pfalz f\u00fcr die Bundestagswahl gew\u00e4hlt werden. Zu Gast ist auch der Bundesvorsitzende &#8211; mit einer klaren Botschaft an die Delegierten.<\/p>\n<p> Unions-Kanzlerkandidat Armin Laschet (CDU) hat seine Partei zu einem entschiedenen Wahlkampf gegen die Gr\u00fcnen aufgerufen. Zu Beginn eines Landesparteitags der CDU Rheinland-Pfalz sagte Laschet am Samstag in Mainz zur Bundestagswahl im September: \u00abDa ist die Wettbewerbslage klar.\u00bb<\/p>\n<p> So sympathisch die Spitze der Gr\u00fcnen mit Robert Habeck und Annalena Baerbock auch wirke, m\u00fcsse von allen gesehen werden, dass diese sich auch auf ein Regierungsb\u00fcndnis mit der Linken einlassen w\u00fcrden, sagte der CDU-Bundesvorsitzende. \u00abDie Erfahrung lehrt: Wenn sie eine Mehrheit haben, dann machen sie es auch.\u00bb Laschet f\u00fcgte hinzu: \u00abDeshalb kommt es bei dieser Bundestagswahl darauf an, dass wir so stark sind, dass nicht ein rot-rot-gr\u00fcnes B\u00fcndnis in Deutschland regiert.\u00bb<\/p>\n<p> Laschet rief die rund 250 meist digital zugeschalteten Delegierten des Parteitags dazu auf, sich im Wahlkampf auf den Wettbewerb mit den Gr\u00fcnen zu konzentrieren. \u00abUnsere Botschaft im Unterschied zu den Gr\u00fcnen ist: Wir wollen ein klimaneutrales Industrieland sein, wo die Menschen auch Arbeit haben und der soziale Zusammenhalt gew\u00e4hrleistet ist.\u00bb Die SPD erw\u00e4hnte Laschet nur einmal &#8211; sie habe \u00abl\u00e4ngst die Facharbeiterschaft aufgegeben\u00bb, weshalb es bei der Sicherung von Arbeitspl\u00e4tzen auf die CDU ankomme.<\/p>\n<p> Auf dem Landesparteitag soll die Liste der CDU Rheinland-Pfalz f\u00fcr die Bundestagswahl gew\u00e4hlt werden. Angef\u00fchrt wird der Listenvorschlag des Landesvorstands von der Landesvorsitzenden und Bundeslandwirtschaftsministerin Julia Kl\u00f6ckner.<\/p>\n<p> dpa<\/p>\n<p> #Themen<\/p>\n<p>\n<!--noindex--><br \/>\n<a href=\"https:\/\/www.stern.de\/politik\/deutschland\/unions-kanzlerkandidat-laschet-ruft-zu-entschiedenem-wahlkampf-gegen-gruene-auf-30519056.html?utm_campaign=alle&#038;utm_medium=rss-feed&#038;utm_source=standard\" rel=\"nofollow\">Source link <\/a><br \/>\n<!--\/noindex--><\/p>\n","protected":false},"excerpt":{"rendered":"<p>Unions-Kanzlerkandidat Laschet ruft zu entschiedenem Wahlkampf gegen Gr\u00fcne auf Armin Laschet, CDU-Bundesvorsitzender und Ministerpr\u00e4sident von Nordrhein-Westfalen. Foto: Michael Kappeler\/dpa \u00a9 dpa-infocom GmbH Auf dem Landesparteitag soll die Liste der CDU Rheinland-Pfalz f\u00fcr die Bundestagswahl gew\u00e4hlt werden. Zu Gast ist auch der Bundesvorsitzende &#8211; mit einer klaren Botschaft an die Delegierten. Unions-Kanzlerkandidat Armin Laschet (CDU) hat [&hellip;]<\/p>\n","protected":false},"author":1,"featured_media":1595,"comment_status":"open","ping_status":"open","sticky":false,"template":"","format":"standard","meta":{"footnotes":""},"categories":[1],"tags":[],"class_list":["post-1594","post","type-post","status-publish","format-standard","has-post-thumbnail","hentry","category-neuigkeiten"],"yoast_head":"<!-- This site is optimized with the Yoast SEO plugin v27.4 - https:\/\/yoast.com\/product\/yoast-seo-wordpress\/ -->\n<title>Unions-Kanzlerkandidat: Laschet ruft zu entschiedenem Wahlkampf gegen Gr\u00fcne auf - Super News<\/title>\n<meta name=\"robots\" content=\"index, follow, max-snippet:-1, max-image-preview:large, max-video-preview:-1\" \/>\n<link rel=\"canonical\" href=\"https:\/\/super-news.info\/de\/unions-kanzlerkandidat-laschet-ruft-zu-entschiedenem-wahlkampf-gegen-gruene-auf\/\" \/>\n<meta property=\"og:locale\" content=\"de_DE\" \/>\n<meta property=\"og:type\" content=\"article\" \/>\n<meta property=\"og:title\" content=\"Unions-Kanzlerkandidat: Laschet ruft zu entschiedenem Wahlkampf gegen Gr\u00fcne auf - Super News\" \/>\n<meta property=\"og:description\" content=\"Unions-Kanzlerkandidat Laschet ruft zu entschiedenem Wahlkampf gegen Gr\u00fcne auf Armin Laschet, CDU-Bundesvorsitzender und Ministerpr\u00e4sident von Nordrhein-Westfalen. Foto: Michael Kappeler\/dpa \u00a9 dpa-infocom GmbH Auf dem Landesparteitag soll die Liste der CDU Rheinland-Pfalz f\u00fcr die Bundestagswahl gew\u00e4hlt werden. Zu Gast ist auch der Bundesvorsitzende &#8211; mit einer klaren Botschaft an die Delegierten. Unions-Kanzlerkandidat Armin Laschet (CDU) hat [&hellip;]\" \/>\n<meta property=\"og:url\" content=\"https:\/\/super-news.info\/de\/unions-kanzlerkandidat-laschet-ruft-zu-entschiedenem-wahlkampf-gegen-gruene-auf\/\" \/>\n<meta property=\"og:site_name\" content=\"Super News\" \/>\n<meta property=\"article:published_time\" content=\"2021-05-08T10:00:11+00:00\" \/>\n<meta property=\"article:modified_time\" content=\"2021-05-08T10:00:13+00:00\" \/>\n<meta property=\"og:image\" content=\"https:\/\/super-news.info\/de\/wp-content\/uploads\/sites\/13\/2021\/05\/Unions-Kanzlerkandidat-Laschet-ruft-zu-entschiedenem-Wahlkampf-gegen-Gruene-auf.jpg\" \/>\n\t<meta property=\"og:image:width\" content=\"1440\" \/>\n\t<meta property=\"og:image:height\" content=\"810\" \/>\n\t<meta property=\"og:image:type\" content=\"image\/jpeg\" \/>\n<meta name=\"author\" content=\"super news\" \/>\n<meta name=\"twitter:card\" content=\"summary_large_image\" \/>\n<meta name=\"twitter:label1\" content=\"Verfasst von\" \/>\n\t<meta name=\"twitter:data1\" content=\"super news\" \/>\n\t<meta name=\"twitter:label2\" content=\"Gesch\u00e4tzte Lesezeit\" \/>\n\t<meta name=\"twitter:data2\" content=\"1\u00a0Minute\" \/>\n<script type=\"application\/ld+json\" class=\"yoast-schema-graph\">{\"@context\":\"https:\\\/\\\/schema.org\",\"@graph\":[{\"@type\":\"Article\",\"@id\":\"https:\\\/\\\/super-news.info\\\/de\\\/unions-kanzlerkandidat-laschet-ruft-zu-entschiedenem-wahlkampf-gegen-gruene-auf\\\/#article\",\"isPartOf\":{\"@id\":\"https:\\\/\\\/super-news.info\\\/de\\\/unions-kanzlerkandidat-laschet-ruft-zu-entschiedenem-wahlkampf-gegen-gruene-auf\\\/\"},\"author\":{\"name\":\"super news\",\"@id\":\"https:\\\/\\\/super-news.info\\\/de\\\/#\\\/schema\\\/person\\\/2b9ff946d06444e803cb306ffcfd1045\"},\"headline\":\"Unions-Kanzlerkandidat: Laschet ruft zu entschiedenem Wahlkampf gegen Gr\u00fcne auf\",\"datePublished\":\"2021-05-08T10:00:11+00:00\",\"dateModified\":\"2021-05-08T10:00:13+00:00\",\"mainEntityOfPage\":{\"@id\":\"https:\\\/\\\/super-news.info\\\/de\\\/unions-kanzlerkandidat-laschet-ruft-zu-entschiedenem-wahlkampf-gegen-gruene-auf\\\/\"},\"wordCount\":294,\"commentCount\":0,\"image\":{\"@id\":\"https:\\\/\\\/super-news.info\\\/de\\\/unions-kanzlerkandidat-laschet-ruft-zu-entschiedenem-wahlkampf-gegen-gruene-auf\\\/#primaryimage\"},\"thumbnailUrl\":\"https:\\\/\\\/super-news.info\\\/de\\\/wp-content\\\/uploads\\\/sites\\\/13\\\/2021\\\/05\\\/Unions-Kanzlerkandidat-Laschet-ruft-zu-entschiedenem-Wahlkampf-gegen-Gruene-auf.jpg\",\"articleSection\":[\"NEUIGKEITEN\"],\"inLanguage\":\"de\",\"potentialAction\":[{\"@type\":\"CommentAction\",\"name\":\"Comment\",\"target\":[\"https:\\\/\\\/super-news.info\\\/de\\\/unions-kanzlerkandidat-laschet-ruft-zu-entschiedenem-wahlkampf-gegen-gruene-auf\\\/#respond\"]}]},{\"@type\":\"WebPage\",\"@id\":\"https:\\\/\\\/super-news.info\\\/de\\\/unions-kanzlerkandidat-laschet-ruft-zu-entschiedenem-wahlkampf-gegen-gruene-auf\\\/\",\"url\":\"https:\\\/\\\/super-news.info\\\/de\\\/unions-kanzlerkandidat-laschet-ruft-zu-entschiedenem-wahlkampf-gegen-gruene-auf\\\/\",\"name\":\"Unions-Kanzlerkandidat: Laschet ruft zu entschiedenem Wahlkampf gegen Gr\u00fcne auf - Super News\",\"isPartOf\":{\"@id\":\"https:\\\/\\\/super-news.info\\\/de\\\/#website\"},\"primaryImageOfPage\":{\"@id\":\"https:\\\/\\\/super-news.info\\\/de\\\/unions-kanzlerkandidat-laschet-ruft-zu-entschiedenem-wahlkampf-gegen-gruene-auf\\\/#primaryimage\"},\"image\":{\"@id\":\"https:\\\/\\\/super-news.info\\\/de\\\/unions-kanzlerkandidat-laschet-ruft-zu-entschiedenem-wahlkampf-gegen-gruene-auf\\\/#primaryimage\"},\"thumbnailUrl\":\"https:\\\/\\\/super-news.info\\\/de\\\/wp-content\\\/uploads\\\/sites\\\/13\\\/2021\\\/05\\\/Unions-Kanzlerkandidat-Laschet-ruft-zu-entschiedenem-Wahlkampf-gegen-Gruene-auf.jpg\",\"datePublished\":\"2021-05-08T10:00:11+00:00\",\"dateModified\":\"2021-05-08T10:00:13+00:00\",\"author\":{\"@id\":\"https:\\\/\\\/super-news.info\\\/de\\\/#\\\/schema\\\/person\\\/2b9ff946d06444e803cb306ffcfd1045\"},\"breadcrumb\":{\"@id\":\"https:\\\/\\\/super-news.info\\\/de\\\/unions-kanzlerkandidat-laschet-ruft-zu-entschiedenem-wahlkampf-gegen-gruene-auf\\\/#breadcrumb\"},\"inLanguage\":\"de\",\"potentialAction\":[{\"@type\":\"ReadAction\",\"target\":[\"https:\\\/\\\/super-news.info\\\/de\\\/unions-kanzlerkandidat-laschet-ruft-zu-entschiedenem-wahlkampf-gegen-gruene-auf\\\/\"]}]},{\"@type\":\"ImageObject\",\"inLanguage\":\"de\",\"@id\":\"https:\\\/\\\/super-news.info\\\/de\\\/unions-kanzlerkandidat-laschet-ruft-zu-entschiedenem-wahlkampf-gegen-gruene-auf\\\/#primaryimage\",\"url\":\"https:\\\/\\\/super-news.info\\\/de\\\/wp-content\\\/uploads\\\/sites\\\/13\\\/2021\\\/05\\\/Unions-Kanzlerkandidat-Laschet-ruft-zu-entschiedenem-Wahlkampf-gegen-Gruene-auf.jpg\",\"contentUrl\":\"https:\\\/\\\/super-news.info\\\/de\\\/wp-content\\\/uploads\\\/sites\\\/13\\\/2021\\\/05\\\/Unions-Kanzlerkandidat-Laschet-ruft-zu-entschiedenem-Wahlkampf-gegen-Gruene-auf.jpg\",\"width\":1440,\"height\":810,\"caption\":\"Unions-Kanzlerkandidat: Laschet ruft zu entschiedenem Wahlkampf gegen Gr\u00fcne auf\"},{\"@type\":\"BreadcrumbList\",\"@id\":\"https:\\\/\\\/super-news.info\\\/de\\\/unions-kanzlerkandidat-laschet-ruft-zu-entschiedenem-wahlkampf-gegen-gruene-auf\\\/#breadcrumb\",\"itemListElement\":[{\"@type\":\"ListItem\",\"position\":1,\"name\":\"Home\",\"item\":\"https:\\\/\\\/super-news.info\\\/de\\\/\"},{\"@type\":\"ListItem\",\"position\":2,\"name\":\"Unions-Kanzlerkandidat: Laschet ruft zu entschiedenem Wahlkampf gegen Gr\u00fcne auf\"}]},{\"@type\":\"WebSite\",\"@id\":\"https:\\\/\\\/super-news.info\\\/de\\\/#website\",\"url\":\"https:\\\/\\\/super-news.info\\\/de\\\/\",\"name\":\"Super News\",\"description\":\"Super News Germany\",\"potentialAction\":[{\"@type\":\"SearchAction\",\"target\":{\"@type\":\"EntryPoint\",\"urlTemplate\":\"https:\\\/\\\/super-news.info\\\/de\\\/?s={search_term_string}\"},\"query-input\":{\"@type\":\"PropertyValueSpecification\",\"valueRequired\":true,\"valueName\":\"search_term_string\"}}],\"inLanguage\":\"de\"},{\"@type\":\"Person\",\"@id\":\"https:\\\/\\\/super-news.info\\\/de\\\/#\\\/schema\\\/person\\\/2b9ff946d06444e803cb306ffcfd1045\",\"name\":\"super news\",\"image\":{\"@type\":\"ImageObject\",\"inLanguage\":\"de\",\"@id\":\"https:\\\/\\\/secure.gravatar.com\\\/avatar\\\/98e0b303f300d45b2a94684c5e4dda8baa4a5e9710b579f7493c8612061d08bf?s=96&d=mm&r=g\",\"url\":\"https:\\\/\\\/secure.gravatar.com\\\/avatar\\\/98e0b303f300d45b2a94684c5e4dda8baa4a5e9710b579f7493c8612061d08bf?s=96&d=mm&r=g\",\"contentUrl\":\"https:\\\/\\\/secure.gravatar.com\\\/avatar\\\/98e0b303f300d45b2a94684c5e4dda8baa4a5e9710b579f7493c8612061d08bf?s=96&d=mm&r=g\",\"caption\":\"super news\"},\"url\":\"https:\\\/\\\/super-news.info\\\/de\\\/author\\\/manuel\\\/\"}]}<\/script>\n<!-- \/ Yoast SEO plugin. -->","yoast_head_json":{"title":"Unions-Kanzlerkandidat: Laschet ruft zu entschiedenem Wahlkampf gegen Gr\u00fcne auf - Super News","robots":{"index":"index","follow":"follow","max-snippet":"max-snippet:-1","max-image-preview":"max-image-preview:large","max-video-preview":"max-video-preview:-1"},"canonical":"https:\/\/super-news.info\/de\/unions-kanzlerkandidat-laschet-ruft-zu-entschiedenem-wahlkampf-gegen-gruene-auf\/","og_locale":"de_DE","og_type":"article","og_title":"Unions-Kanzlerkandidat: Laschet ruft zu entschiedenem Wahlkampf gegen Gr\u00fcne auf - Super News","og_description":"Unions-Kanzlerkandidat Laschet ruft zu entschiedenem Wahlkampf gegen Gr\u00fcne auf Armin Laschet, CDU-Bundesvorsitzender und Ministerpr\u00e4sident von Nordrhein-Westfalen. Foto: Michael Kappeler\/dpa \u00a9 dpa-infocom GmbH Auf dem Landesparteitag soll die Liste der CDU Rheinland-Pfalz f\u00fcr die Bundestagswahl gew\u00e4hlt werden. Zu Gast ist auch der Bundesvorsitzende &#8211; mit einer klaren Botschaft an die Delegierten. Unions-Kanzlerkandidat Armin Laschet (CDU) hat [&hellip;]","og_url":"https:\/\/super-news.info\/de\/unions-kanzlerkandidat-laschet-ruft-zu-entschiedenem-wahlkampf-gegen-gruene-auf\/","og_site_name":"Super News","article_published_time":"2021-05-08T10:00:11+00:00","article_modified_time":"2021-05-08T10:00:13+00:00","og_image":[{"width":1440,"height":810,"url":"https:\/\/super-news.info\/de\/wp-content\/uploads\/sites\/13\/2021\/05\/Unions-Kanzlerkandidat-Laschet-ruft-zu-entschiedenem-Wahlkampf-gegen-Gruene-auf.jpg","type":"image\/jpeg"}],"author":"super news","twitter_card":"summary_large_image","twitter_misc":{"Verfasst von":"super news","Gesch\u00e4tzte Lesezeit":"1\u00a0Minute"},"schema":{"@context":"https:\/\/schema.org","@graph":[{"@type":"Article","@id":"https:\/\/super-news.info\/de\/unions-kanzlerkandidat-laschet-ruft-zu-entschiedenem-wahlkampf-gegen-gruene-auf\/#article","isPartOf":{"@id":"https:\/\/super-news.info\/de\/unions-kanzlerkandidat-laschet-ruft-zu-entschiedenem-wahlkampf-gegen-gruene-auf\/"},"author":{"name":"super news","@id":"https:\/\/super-news.info\/de\/#\/schema\/person\/2b9ff946d06444e803cb306ffcfd1045"},"headline":"Unions-Kanzlerkandidat: Laschet ruft zu entschiedenem Wahlkampf gegen Gr\u00fcne auf","datePublished":"2021-05-08T10:00:11+00:00","dateModified":"2021-05-08T10:00:13+00:00","mainEntityOfPage":{"@id":"https:\/\/super-news.info\/de\/unions-kanzlerkandidat-laschet-ruft-zu-entschiedenem-wahlkampf-gegen-gruene-auf\/"},"wordCount":294,"commentCount":0,"image":{"@id":"https:\/\/super-news.info\/de\/unions-kanzlerkandidat-laschet-ruft-zu-entschiedenem-wahlkampf-gegen-gruene-auf\/#primaryimage"},"thumbnailUrl":"https:\/\/super-news.info\/de\/wp-content\/uploads\/sites\/13\/2021\/05\/Unions-Kanzlerkandidat-Laschet-ruft-zu-entschiedenem-Wahlkampf-gegen-Gruene-auf.jpg","articleSection":["NEUIGKEITEN"],"inLanguage":"de","potentialAction":[{"@type":"CommentAction","name":"Comment","target":["https:\/\/super-news.info\/de\/unions-kanzlerkandidat-laschet-ruft-zu-entschiedenem-wahlkampf-gegen-gruene-auf\/#respond"]}]},{"@type":"WebPage","@id":"https:\/\/super-news.info\/de\/unions-kanzlerkandidat-laschet-ruft-zu-entschiedenem-wahlkampf-gegen-gruene-auf\/","url":"https:\/\/super-news.info\/de\/unions-kanzlerkandidat-laschet-ruft-zu-entschiedenem-wahlkampf-gegen-gruene-auf\/","name":"Unions-Kanzlerkandidat: Laschet ruft zu entschiedenem Wahlkampf gegen Gr\u00fcne auf - Super News","isPartOf":{"@id":"https:\/\/super-news.info\/de\/#website"},"primaryImageOfPage":{"@id":"https:\/\/super-news.info\/de\/unions-kanzlerkandidat-laschet-ruft-zu-entschiedenem-wahlkampf-gegen-gruene-auf\/#primaryimage"},"image":{"@id":"https:\/\/super-news.info\/de\/unions-kanzlerkandidat-laschet-ruft-zu-entschiedenem-wahlkampf-gegen-gruene-auf\/#primaryimage"},"thumbnailUrl":"https:\/\/super-news.info\/de\/wp-content\/uploads\/sites\/13\/2021\/05\/Unions-Kanzlerkandidat-Laschet-ruft-zu-entschiedenem-Wahlkampf-gegen-Gruene-auf.jpg","datePublished":"2021-05-08T10:00:11+00:00","dateModified":"2021-05-08T10:00:13+00:00","author":{"@id":"https:\/\/super-news.info\/de\/#\/schema\/person\/2b9ff946d06444e803cb306ffcfd1045"},"breadcrumb":{"@id":"https:\/\/super-news.info\/de\/unions-kanzlerkandidat-laschet-ruft-zu-entschiedenem-wahlkampf-gegen-gruene-auf\/#breadcrumb"},"inLanguage":"de","potentialAction":[{"@type":"ReadAction","target":["https:\/\/super-news.info\/de\/unions-kanzlerkandidat-laschet-ruft-zu-entschiedenem-wahlkampf-gegen-gruene-auf\/"]}]},{"@type":"ImageObject","inLanguage":"de","@id":"https:\/\/super-news.info\/de\/unions-kanzlerkandidat-laschet-ruft-zu-entschiedenem-wahlkampf-gegen-gruene-auf\/#primaryimage","url":"https:\/\/super-news.info\/de\/wp-content\/uploads\/sites\/13\/2021\/05\/Unions-Kanzlerkandidat-Laschet-ruft-zu-entschiedenem-Wahlkampf-gegen-Gruene-auf.jpg","contentUrl":"https:\/\/super-news.info\/de\/wp-content\/uploads\/sites\/13\/2021\/05\/Unions-Kanzlerkandidat-Laschet-ruft-zu-entschiedenem-Wahlkampf-gegen-Gruene-auf.jpg","width":1440,"height":810,"caption":"Unions-Kanzlerkandidat: Laschet ruft zu entschiedenem Wahlkampf gegen Gr\u00fcne auf"},{"@type":"BreadcrumbList","@id":"https:\/\/super-news.info\/de\/unions-kanzlerkandidat-laschet-ruft-zu-entschiedenem-wahlkampf-gegen-gruene-auf\/#breadcrumb","itemListElement":[{"@type":"ListItem","position":1,"name":"Home","item":"https:\/\/super-news.info\/de\/"},{"@type":"ListItem","position":2,"name":"Unions-Kanzlerkandidat: Laschet ruft zu entschiedenem Wahlkampf gegen Gr\u00fcne auf"}]},{"@type":"WebSite","@id":"https:\/\/super-news.info\/de\/#website","url":"https:\/\/super-news.info\/de\/","name":"Super News","description":"Super News Germany","potentialAction":[{"@type":"SearchAction","target":{"@type":"EntryPoint","urlTemplate":"https:\/\/super-news.info\/de\/?s={search_term_string}"},"query-input":{"@type":"PropertyValueSpecification","valueRequired":true,"valueName":"search_term_string"}}],"inLanguage":"de"},{"@type":"Person","@id":"https:\/\/super-news.info\/de\/#\/schema\/person\/2b9ff946d06444e803cb306ffcfd1045","name":"super news","image":{"@type":"ImageObject","inLanguage":"de","@id":"https:\/\/secure.gravatar.com\/avatar\/98e0b303f300d45b2a94684c5e4dda8baa4a5e9710b579f7493c8612061d08bf?s=96&d=mm&r=g","url":"https:\/\/secure.gravatar.com\/avatar\/98e0b303f300d45b2a94684c5e4dda8baa4a5e9710b579f7493c8612061d08bf?s=96&d=mm&r=g","contentUrl":"https:\/\/secure.gravatar.com\/avatar\/98e0b303f300d45b2a94684c5e4dda8baa4a5e9710b579f7493c8612061d08bf?s=96&d=mm&r=g","caption":"super news"},"url":"https:\/\/super-news.info\/de\/author\/manuel\/"}]}},"_links":{"self":[{"href":"https:\/\/super-news.info\/de\/wp-json\/wp\/v2\/posts\/1594","targetHints":{"allow":["GET"]}}],"collection":[{"href":"https:\/\/super-news.info\/de\/wp-json\/wp\/v2\/posts"}],"about":[{"href":"https:\/\/super-news.info\/de\/wp-json\/wp\/v2\/types\/post"}],"author":[{"embeddable":true,"href":"https:\/\/super-news.info\/de\/wp-json\/wp\/v2\/users\/1"}],"replies":[{"embeddable":true,"href":"https:\/\/super-news.info\/de\/wp-json\/wp\/v2\/comments?post=1594"}],"version-history":[{"count":1,"href":"https:\/\/super-news.info\/de\/wp-json\/wp\/v2\/posts\/1594\/revisions"}],"predecessor-version":[{"id":1596,"href":"https:\/\/super-news.info\/de\/wp-json\/wp\/v2\/posts\/1594\/revisions\/1596"}],"wp:featuredmedia":[{"embeddable":true,"href":"https:\/\/super-news.info\/de\/wp-json\/wp\/v2\/media\/1595"}],"wp:attachment":[{"href":"https:\/\/super-news.info\/de\/wp-json\/wp\/v2\/media?parent=1594"}],"wp:term":[{"taxonomy":"category","embeddable":true,"href":"https:\/\/super-news.info\/de\/wp-json\/wp\/v2\/categories?post=1594"},{"taxonomy":"post_tag","embeddable":true,"href":"https:\/\/super-news.info\/de\/wp-json\/wp\/v2\/tags?post=1594"}],"curies":[{"name":"wp","href":"https:\/\/api.w.org\/{rel}","templated":true}]}}