{"id":1588,"date":"2021-05-07T09:37:33","date_gmt":"2021-05-07T09:37:33","guid":{"rendered":"https:\/\/super-news.info\/de\/news-von-heute-saechsischer-verfassungsschutz-stuft-pegida-bewegung-als-extremistisch-ein\/"},"modified":"2021-05-07T09:37:35","modified_gmt":"2021-05-07T09:37:35","slug":"news-von-heute-saechsischer-verfassungsschutz-stuft-pegida-bewegung-als-extremistisch-ein","status":"publish","type":"post","link":"https:\/\/super-news.info\/de\/news-von-heute-saechsischer-verfassungsschutz-stuft-pegida-bewegung-als-extremistisch-ein\/","title":{"rendered":"News von heute: S\u00e4chsischer Verfassungsschutz stuft Pegida-Bewegung als extremistisch ein"},"content":{"rendered":"<p> Die News von heute im stern-Ticker.<\/p>\n<p> Die Meldungen zur Coronavirus-Pandemie lesen Sie hier<\/p>\n<p> Die News von heute\u00a0im stern-Ticker:\u00a0<\/p>\n<p> 11.31 Uhr:\u00a0Gr\u00fcnen-Mitglieder wollen &#8222;Deutschland&#8220; aus Wahlprogramm-Titel nehmen<\/p>\n<p> Mehr als 300 Mitglieder der Gr\u00fcnen wollen den Begriff &#8222;Deutschland&#8220; aus dem Titel des Wahlprogramms der Gr\u00fcnen zur Bundestagswahl im September streichen. &#8222;Im Mittelpunkt unserer Politik steht der Mensch in seiner W\u00fcrde und Freiheit. Und nicht Deutschland&#8220;, hei\u00dft es in der Begr\u00fcndung eines \u00c4nderungsantrages, der bereits am 19. M\u00e4rz bei der Partei eingereicht wurde. Bei einem Parteitag Mitte Juni wollen die Gr\u00fcnen \u00fcber das Wahlprogramm und \u00c4nderungsantr\u00e4ge abstimmen. Der Titel des Programmentwurfs der Gr\u00fcnen lautet: &#8222;Deutschland. Alles ist drin.&#8220;<\/p>\n<p> Titel<\/p>\n<p> Die Gr\u00fcnen auf dem Weg ins Kanzleramt<\/p>\n<p> Warum Annalena Baerbock der Kanzlerin \u00fcberraschend \u00e4hnlich ist <\/p>\n<p> 20.04.2021<\/p>\n<p> \u00a0<\/p>\n<p> 11.25 Uhr:\u00a0Umgehung der Grunderwerbsteuer erschwert<\/p>\n<p> Immobilienspekulanten k\u00f6nnen k\u00fcnftig die Grunderwerbsteuer nicht mehr so einfach umgehen. Der Bundesrat stimmte\u00a0einem Gesetz gegen sogenannte Share Deals zu, mit dem ein Schlupfloch der Besteuerung geschlossen werden soll. Bisher entgingen dem Fiskus durch Share Deals jedes Jahr Steuereinnahmen von bis zu einer Milliarde Euro. Dabei kauften Investoren Grundst\u00fccke nicht direkt, sondern erwarben Anteile an Gesellschaften mit Grundbesitz. Solange ihre Anteilsmehrheit unter 95 Prozent lag, mussten sie keine Grunderwerbsteuer zahlen. Nach f\u00fcnf Jahren durfte man die restlichen Anteile dann kaufen ohne draufzuzahlen.\u00a0Nun wird die Anteilsgrenze auf 90 Prozent gesenkt und die Haltefrist auf zehn Jahre angehoben. Das Gesetz soll am 1. Juli in Kraft treten.<\/p>\n<p> 10.58 Uhr:\u00a0USA fordern Freilassung inhaftierter Hongkonger Aktivisten nach Tiananmen-Mahnwache<\/p>\n<p> Die US-Regierung hat Hongkong zur Freilassung mehrerer wegen einer verbotenen Tiananmen-Mahnwache inhaftierter Demokratie-Aktivisten aufgerufen. &#8222;Alle, die wegen der gewaltlosen Aus\u00fcbung garantierter Freiheiten inhaftiert sind, sollten sofort freigelassen werden&#8220;, forderte US-Au\u00dfenminister Antony Blinken auf Twitter. Die vier bekannten Aktivisten Joshua Wong, Lester Shum, Tiffany Yuen und Janelle Leung waren am Donnerstag wegen Teilnahme an einer &#8222;nicht genehmigten Versammlung&#8220; zu mehrmonatigen Haftstrafen verurteilt worden.\u00a0Sie hatten am 4. Juni vergangenen Jahres an einer verbotenen Mahnwache anl\u00e4sslich der Niederschlagung der Proteste auf dem Pekinger Tiananmen-Platz teilgenommen.<\/p>\n<p> 10.44 Uhr:\u00a0Discounter und Superm\u00e4rkte m\u00fcssen Elektroschrott annehmen<\/p>\n<p> Verbraucher k\u00f6nnen alte Elektroger\u00e4te wie elektrische Zahnb\u00fcrsten oder Handys k\u00fcnftig auch in Discountern und Superm\u00e4rkten abgeben. Eine entsprechende Gesetzes\u00e4nderung hat der Bundesrat\u00a0beschlossen. Voraussetzung ist, dass die Ladenfl\u00e4che gr\u00f6\u00dfer als 800 Quadratmeter ist und die L\u00e4den selbst mehrmals im Jahr Elektroger\u00e4te verkaufen. Die neuen\u00a0Regeln treten im Januar 2022 in Kraft.<\/p>\n<p> Gesch\u00e4fte m\u00fcssen kleine Ger\u00e4te wie den ausgedienten Taschenrechner oder eine Powerbank auch annehmen, wenn sie anderswo gekauft wurden. Gr\u00f6\u00dfere Ger\u00e4te wie alte Fernseher k\u00f6nnen jedoch nur abgegeben werden, wenn ein neues Ger\u00e4t gekauft wird \u2013 etwa, wenn ein Supermarkt im Rahmen einer Aktion Fernseher anbietet. Auch Online-H\u00e4ndler m\u00fcssen den Elektroschrott kostenlos und unkompliziert zur\u00fccknehmen und recyceln.\u00a0Hintergrund ist, dass in Deutschland bisher weniger alte Elektroger\u00e4te eingesammelt werden als eigentlich von der EU vorgeschrieben.<\/p>\n<p> Aldi, Lidl und Co.<\/p>\n<p> Discounter im Vergleich: Wer die zufriedensten Kunden hat \u2013 und was f\u00fcr \u00c4rger sorgt <\/p>\n<p> Vor 24 Stunden<\/p>\n<p> 10.36 Uhr:\u00a0Israels Polizei \u2013 Anschlag im Westjordanland vereitelt<\/p>\n<p> Sicherheitskr\u00e4fte haben nach Angaben der israelischen Polizei einen Anschlag im Norden des Westjordanlandes verhindert. Drei Angreifer h\u00e4tten auf das Tor eines St\u00fctzpunktes des Grenzschutzes geschossen, teilte die Polizei mit. Polizisten und ein Soldat h\u00e4tten das Feuer erwidert und das Trio &#8222;neutralisiert&#8220;. Medienberichten zufolge wurden zwei von ihnen get\u00f6tet, der dritte verletzt. Polizisten oder Soldaten seien nicht verletzt worden. Die Polizei best\u00e4tigte dies zun\u00e4chst nicht. Von pal\u00e4stinensischer Seite gab es noch keine Stellungnahme.<\/p>\n<p> 10.21 Uhr:\u00a0S\u00e4chsischer Verfassungsschutz stuft Pegida-Bewegung als extremistisch ein<\/p>\n<p> Der s\u00e4chsische Verfassungsschutz stuft die Pegida-Bewegung als &#8222;erwiesen extremistische Bestrebung&#8220; ein. Pegida habe anf\u00e4nglich zwar noch ein &#8222;heterogenes Publikum&#8220; angezogen, sich im Lauf der Jahre aber eine &#8222;immer st\u00e4rkere rechtsextremistische Ausrichtung gegeben&#8220;, teilte das Landesamt f\u00fcr Verfassungsschutz\u00a0in Dresden mit. Pegida sei nun eine verfassungswidrige Bewegung.<\/p>\n<p> 10.14 Uhr:\u00a0Bericht \u2013 Bundesbeamte jobbten nebenher im Imbiss oder an der Kasse<\/p>\n<p> Beamtinnen und Beamte des Bundes haben einem Bericht zufolge in der laufenden Legislaturperiode in rund 450 F\u00e4llen \u00fcberwiegend bezahlte Nebent\u00e4tigkeiten in privatwirtschaftlichen Unternehmen ausge\u00fcbt. \u00dcber 200 Nebent\u00e4tigkeiten entfielen auf Beamte des Finanzministeriums, wie die D\u00fcsseldorfer &#8222;Rheinische Post&#8220; aus einer Antwort des Innenministeriums auf eine Linken-Anfrage berichtete. Sie verdienten sich demnach etwa mit Versicherungsvermittlungen, dem Vertrieb von Kosmetik, der Haustierversorgung, mit Lehrt\u00e4tigkeiten, Vortr\u00e4gen oder als Mitgesellschafter eines Weinhandels Geld dazu.<\/p>\n<p> 9.22 Uhr:\u00a0Verwirrter l\u00e4sst in Paderborn Luft aus mehr als hundert Autoreifen<\/p>\n<p> Ein verwirrter Mann hat in Paderborn aus den Reifen von mehr als 40 Autos die Luft abgelassen. Die Polizei entdeckte am Morgen in der Innenstadt 42 Autos mit mindestens zwei platten Reifen, wie sie in Paderborn mitteilte. Teilweise waren alle vier Reifen platt. Insgesamt hatte der 37-J\u00e4hrige an mehr als hundert Autoreifen die Ventile aufgeschraubt und die Luft mit Hilfe von Holzst\u00e4ben entweichen lassen.<\/p>\n<p> Nach seiner Tat ging er auf eine Polizeiwache und legte eine Strichliste mit den manipulierten Autos vor. Er war demnach schon einmal mit einer \u00e4hnlichen Aktion aufgefallen. Der 37-J\u00e4hrige wurde in ein psychiatrisches Krankenhaus gebracht. An den betroffenen Fahrzeugen hinterlie\u00dfen die Polizisten Zettel mit Hinweisen. Zudem rieten sie allen Autofahrern im Umfeld der betroffenen Stra\u00dfen, die Reifen zu kontrollieren.<\/p>\n<p> 9.03 Uhr:\u00a0Twitter schaltet virtuelle Trinkgeld-Kasse frei<\/p>\n<p> Virtuelle Trinkgeld-Kasse bei Twitter: In dem Online-Netzwerk gibt es nun teilweise die M\u00f6glichkeit, anderen Nutzern Geldspenden zukommen zu lassen. Die Funktion sei zun\u00e4chst f\u00fcr eine begrenzte Anzahl von englischsprachigen Twitter-Nutzern weltweit freigegeben worden, erkl\u00e4rte das US-Unternehmen. Zu dieser Gruppe z\u00e4hlen unter anderem Journalisten, Experten und Nichtregierungsorganisationen.\u00a0<\/p>\n<p> &#8222;Ihr f\u00f6rdert die Gespr\u00e4che bei Twitter und wir wollen es euch einfacher machen, euch gegenseitig zu unterst\u00fctzen&#8220; teilte die Bereichsleiterin f\u00fcr Produktmanagement, Esther Crawford, mit. Es handele sich um einen &#8222;ersten Schritt&#8220;, Menschen f\u00fcr ihr Engagement auf Twitter zu unterst\u00fctzen. Die Plattform selbst verdiene nicht an den Spenden.<\/p>\n<p> 8.47 Uhr: Zwei Verfolgungsjagden in NRW \u2013\u00a0Polizei-Hubschrauber im Einsatz<\/p>\n<p> Ein Autofahrer hat sich zwischen Dortmund und Leverkusen eine Verfolgungsjagd mit der Polizei geliefert. Der 23-J\u00e4hrige sollte in der Nacht\u00a0in Dortmund von Beamten kontrolliert werden, wie eine Polizeisprecherin sagte. Er missachtete aber die Anhaltezeichen und fl\u00fcchtete auf die Autobahn 1 in Richtung K\u00f6ln. Auf H\u00f6he einer Baustelle bei Leverkusen kam der Wagen des 23-J\u00e4hrigen ins Schleudern und kollidierte mit einem Lastwagen. Zu Fu\u00df setzte der Mann seine Flucht fort, bevor er kurze Zeit sp\u00e4ter widerstandslos festgenommen werden konnte. Beamte brachten den Mann, der sich bei der Kollision leicht verletzt hatte, auf die Wache.<\/p>\n<p> Zu einer \u00e4hnlichen Verfolgung\u00a0kam es auch in Bochum, bei der ein 31 Jahre alter Mann festgenommen wurde. Gegen ihn liege seit \u00fcber zwei Jahren ein Haftbefehl vor, sagte ein Polizeisprecher. Demnach war der Mann gestern Abend mit seinem Auto in Bochum unterwegs, als Beamte ihn kontrollieren wollten. Daraufhin fl\u00fcchtete er auf die Autobahn 40 in Richtung Dortmund und nahm in Bochum-Hamme wieder die Ausfahrt. Der 31-J\u00e4hrige habe mehrere Verkehrszeichen missachtet und sein Auto besch\u00e4digt, schlie\u00dflich setzte er seine Flucht zu Fu\u00df fort. Bei der Fahndung sei auch ein Hubschrauber zum Einsatz gekommen. Wenig sp\u00e4ter stoppten die Polizisten den Mann und nahmen ihn fest.<\/p>\n<p> 8.16 Uhr:\u00a0Johnsons Konservative gewinnen Nachwahl in Labour-Stammregion<\/p>\n<p> Erstmals seit Jahrzehnten hat die Konservative Partei des britischen Premierministers Boris Johnson der Labour-Partei das Unterhausmandat in der nordostenglischen Stadt Hartlepool abgejagt. Bei einer als Stimmungstest eingestuften Nachwahl erhielt die konservative Kandidatin Jill Mortimer die meisten Stimmen, wie die Wahlkommission am Morgen mitteilte. Das Ergebnis im Labour-Stammland gilt als gro\u00dfer Erfolg f\u00fcr die Konservativen. F\u00fcr Labour-Chef Keir Starmer, der seit gut einem Jahr im Amt ist, bedeutet die Niederlage hingegen einen herben R\u00fcckschlag.<\/p>\n<p> Sowohl Johnson als auch Starmer waren im Wahlkampf mehrmals in die Nordsee-Stadt mit etwa 92.000 Einwohnern gereist. Die Nachwahl wurde notwendig, weil der amtierende Labour-Abgeordnete Mike Hill nach Vorw\u00fcrfen des sexuellen Missbrauchs zur\u00fcckgetreten war. Auf die Zusammensetzung des Parlaments in London hat das Wahlergebnis keinen Einfluss. Dort haben die Konservativen bereits eine deutliche Mehrheit.<\/p>\n<p> 7.26 Uhr:\u00a0Vulkan Sinabung auf Sumatra spuckt kilometerhohe Asches\u00e4ule<\/p>\n<p> Der Vulkan Sinabung auf der indonesischen Insel Sumatra ist erneut ausgebrochen und hat eine fast drei Kilometer hohe Asches\u00e4ule in die Luft gespuckt. Die Eruption habe mehr als sechs Minuten gedauert, teilte die Geologiebeh\u00f6rde des s\u00fcdostasiatischen Landes mit. Tote oder Verletzte wurden nicht gemeldet. Die Bev\u00f6lkerung wurde aufgefordert, dem Krater in einem Umkreis von mindestens vier bis f\u00fcnf Kilometern fernzubleiben.<\/p>\n<p> Der etwa 2460 Meter hohe Sinabung liegt rund 50 Kilometer s\u00fcdwestlich der Provinzhauptstadt Medan. Nachdem er jahrhundertelang ruhig geblieben war, ist er seit 2010 immer wieder ausgebrochen. Zehntausende Menschen mussten in Sicherheit gebracht werden. Bei schweren Eruptionen 2014 und 2016 kamen mehr als 20 Menschen ums Leben.<\/p>\n<p> 6.45 Uhr:\u00a0Junge Kuh auf Abwegen verw\u00fcstet Terrasse in Hamburg-Billstedt<\/p>\n<p> Eine ausgeb\u00fcxte Kuh hat im Hamburger Stadtteil Billstedt auf einer Terrasse Chaos angerichtet, die Terrassenm\u00f6bel zerst\u00f6rt und Blumen zertrampelt. Nach einem &#8222;illegalen Grenz\u00fcbertritt von Schleswig-Holstein&#8220; sei die junge Kuh gestern Nachmittag in der Gro\u00dfsiedlung M\u00fcmmelmannsberg unterwegs gewesen, sagte eine Polizeisprecherin am Morgen. Zuvor war das Tier gemeinsam mit einer weiteren Kuh von der Weide in Havighorst entlaufen. Der zust\u00e4ndige Bauer fing die zweite Kuh ein, w\u00e4hrend sich die erste \u00dcbelt\u00e4terin auf den Weg nach M\u00fcmmelmannsberg machte.<\/p>\n<p> Zum Schrecken einer Anwohnerin lief die Kuh dort \u00fcber die Terrasse und zerst\u00f6rte dabei M\u00f6bel und die angepflanzten Blumen. Anschlie\u00dfend konnte das Tier aber unversehrt mit einem H\u00e4nger auf die etwa einen Kilometer Luftlinie entfernte Weide zur\u00fcckgebracht werden.<\/p>\n<p> 6.29 Uhr:\u00a0Westliche Staaten fordern Libyen zur Vorbereitung von Wahlen auf<\/p>\n<p> Deutschland und weitere westliche Staaten haben die libysche \u00dcbergangsregierung aufgefordert, mit Vorbereitungen f\u00fcr Parlamentswahlen im Dezember zu beginnen. Zus\u00e4tzlich zu den sicherheitstechnischen Vorkehrungen seien &#8222;technische und logistische Vorbereitungen von entscheidender Bedeutung&#8220;, hie\u00df es in einer gemeinsamen Erkl\u00e4rung der Botschaften von Deutschland, Frankreich, Italien, den USA und Gro\u00dfbritannien in Tripolis. Die Beh\u00f6rden m\u00fcssten zudem bis zum 1. Juli die verfassungsm\u00e4\u00dfige und rechtliche Grundlage f\u00fcr die Wahlen vereinbaren.\u00a0<\/p>\n<p> In Libyen herrscht seit dem Sturz Gaddafis Chaos. Eine \u00dcbergangsregierung soll gem\u00e4\u00df eines UN-Plans Wahlen am 24. Dezember vorbereiten und den zehnj\u00e4hrigen Konflikt beenden. Bisher haben die Vorbereitungen daf\u00fcr aber noch nicht offiziell begonnen.<\/p>\n<p> 5.15 Uhr:\u00a0New York hat vor\u00fcbergehend eine zweite Freiheitsstatue<\/p>\n<p> Die Millionenmetropole New York hat vor\u00fcbergehend eine zweite Freiheitsstatue. Die neue &#8222;Lady Liberty&#8220; steht allerdings nicht mit erhobenem Arm im Hafen der Stadt, wie ihre ber\u00fchmte Zwillingsschwester, sondern liegt gest\u00fctzt auf eine Hand im Morningside Park im Viertel Harlem im Norden Manhattans. Die mehr als sieben Meter lange Statue von US-K\u00fcnstler Zaq Landsberg soll bis April 2022 zu sehen sein.<\/p>\n<p> Eine weitere neue Statue steht seit Kurzem mitten in Manhattan: Der US-K\u00fcnstler Sanford Biggers platzierte &#8222;Oracle&#8220;, eine fast acht Meter hohe Bronze-Figur, direkt vor dem Rockefeller Center.<\/p>\n<p> 4.40 Uhr:\u00a0Mehr als 370 Vermisste im Zusammenhang mit Protesten in Kolumbien<\/p>\n<p> Nach tagelangen Protesten in Kolumbien gelten mehr als 370 Menschen als vermisst. 379 Personen sind nach Angaben der Sucheinheit f\u00fcr vermisste Personen (UBPD) seit dem 28. April im Rahmen des nationalen Streiks als verschwunden gemeldet worden. &#8222;Die Sucheinheit hat die nationale Ombudsstelle und die Staatsanwaltschaft einberufen, um den Familien, die nach im Zusammenhang mit den sozialen Protesten Verschwundenen suchen, schneller eine Antwort geben zu k\u00f6nnen&#8220;, sagte UBPD-Direktorin Luz Marina Monz\u00f3n. Die Sucheinheit wurde gegr\u00fcndet, um nach im Verschwundenen im Zusammenhang mit dem jahrzehntelangen B\u00fcrgerkrieg in dem s\u00fcdamerikanischen Land zu suchen.<\/p>\n<p> Seit vergangenem Mittwoch ist es in Kolumbien zu zahlreichen, teilweise von Gewalt \u00fcberschatteten Protesten gekommen. Mindestens 24 Menschen sind nach dem j\u00fcngsten Report der nationalen Ombudsstelle, auf den sich die Zeitung &#8222;El Tiempo&#8220; berief, w\u00e4hrend der Protesttage in dem Land im Aufruhr ums Leben gekommen, elf unter ihnen demnach durch die Polizei.<\/p>\n<p> 4.35 Uhr:\u00a0SPD will Kl\u00f6ckners Tierwohllabel im Bundestag stoppen<\/p>\n<p> Die SPD will das Tierwohllabel von Agrarministerin Julia Kl\u00f6ckner (CDU) im Bundestag stoppen. Die SPD werde dem vom Kabinett geplanten Beschluss zur Einf\u00fchrung einer freiwilligen Kennzeichnung der Haltungsbedingungen auf Tierprodukten im Parlament nicht zustimmen, sagte Fraktionsvize Matthias Miersch dem Redaktionsnetzwerk Deutschland. Freiwilligkeit reiche nicht, notwendig sei ein verpflichtendes Tierwohllabel, das auf klaren Kriterien f\u00fcr die Haltung, den Transport und die Schlachtung von Schweinen, Rindern und Gefl\u00fcgel beruhe.\u00a0<\/p>\n<p> &#8222;Damit eine Tierwohlkennzeichnung erfolgreich ist, muss sie verpflichtend sein&#8220;, sagte Miersch. Bislang mangele es an klaren Kriterien f\u00fcr Tierwohl in der Nutztierhaltung, kritisierte der SPD-Fraktionsvize. Die Anstrengungen der heimischen Bauern w\u00fcrden aber nur sichtbar, wenn alle Produzenten, die in Deutschland Waren verkaufen, ihre Haltungsbedingungen verpflichtend kenntlich machen m\u00fcssen.<\/p>\n<p> 3.51 Uhr:\u00a0Twitter blockiert Konten f\u00fcr Umgehung von Trump-Sperre<\/p>\n<p> Die Online-Plattform Twitter hat mehrere Nutzerkonten wegen einer Umgehung der Sperre f\u00fcr Ex-US-Pr\u00e4sident Donald Trump blockiert. &#8222;Wir werden Ma\u00dfnahmen gegen Konten ergreifen, deren offensichtliche Absicht es ist, mit einem gesperrten Konto verbundene Inhalte zu verbreiten&#8220;, sagte ein Sprecher des US-Unternehmens der Nachrichtenagentur AFP. Die Konten hatten demnach Inhalte einer kurz zuvor von Trump ver\u00f6ffentlichten Webseite auf Twitter geteilt.<\/p>\n<p> Die Internetseite &#8222;straight from the desk of Donald J Trump&#8220; (direkt vom Schreibtisch Donald J Trumps) war kurz vor einer Entscheidung der Online-Plattform Facebook \u00fcber die Fortsetzung einer Trump-Sperre am Mittwoch ver\u00f6ffentlicht worden. Das unabh\u00e4ngige Aufsichtsgremium von Facebook hatte die Sperrung von Trumps Nutzerkonten bei der Online-Plattform und dem Tochterdienst Instagram vor\u00fcbergehend best\u00e4tigt. Der Schritt sei nach der gewaltsamen Kapitol-Erst\u00fcrmung vom 6. Januar &#8222;gerechtfertigt&#8220; gewesen. Auch Twitter hatte Trump gesperrt.<\/p>\n<p> 3.34 Uhr:\u00a0China \u00fcberholt mit Emissionen erstmals alle Industriel\u00e4nder zusammen<\/p>\n<p> Chinas j\u00e4hrlicher Aussto\u00df von Treibhausgasen \u00fcbersteigt nach einer Studie erstmals die Emissionen aller entwickelten L\u00e4nder zusammen. In einem Vergleich mit den EU-L\u00e4ndern, den USA und den anderen Mitglieder der Industriel\u00e4nderorganisation OECD sch\u00e4tzt die amerikanische Denkfabrik Rhodium Group, dass das bev\u00f6lkerungsreichste Land 2019 allein zu 27 Prozent der weltweiten Emissionen an CO2-\u00c4quivalenten (CO2e) beigetragen habe \u2013\u00a0weit mehr als die USA auf dem zweiten Platz mit elf Prozent. Erstmals kletterte Indien nach den Berechnungen mit 6,6 Prozent auf den dritten Platz.<\/p>\n<p> Mit seinen rund 1,4 Milliarden Menschen erreichen Chinas Emissionen pro Kopf gerechnet 10,1 Tonnen und liegen damit aber etwas unter dem OECD-Niveau mit 10,5 Tonnen \u2013\u00a0deutlich niedriger als die USA, die mit 17,6 Tonnen pro Kopf gerechnet viel st\u00e4rker zur Erderw\u00e4rmung beitragen.<\/p>\n<p> 2.26 Uhr:\u00a0Sechstkl\u00e4sslerin verletzt drei Menschen mit Schusswaffe in Idaho<\/p>\n<p> Eine Sechstkl\u00e4sslerin hat an ihrer Schule im US-Bundesstaat Idaho drei Menschen angeschossen. Das M\u00e4dchen habe &#8222;eine Handfeuerwaffe aus ihrem Rucksack geholt und mehrere Sch\u00fcsse abgefeuert&#8220;, sagte der Sheriff von Jefferson County, Steve Anderson. Die drei Verletzten seien ins Krankenhaus gebracht worden, bef\u00e4nden sich aber nicht in Lebensgefahr.\u00a0Eine Lehrerin entwaffnete die Sch\u00fclerin demnach und hielt sie bis zum Eintreffen der Polizei fest, die sie in Gewahrsam nahm. Das M\u00e4dchen d\u00fcrfte zwischen elf und zw\u00f6lf Jahren alt sein. Lokale Strafverfolgungsbeh\u00f6rden und die US-Bundespolizei FBI ermitteln.\u00a0<\/p>\n<p> In den USA sind Schusswaffen weit verbreitet, immer wieder kommt es zu t\u00f6dlichen Schie\u00dfereien. Alle Bem\u00fchungen um ein strengeres Waffenrecht sind bisher aber am Widerstand der m\u00e4chtigen Waffenlobby gescheitert. US-Pr\u00e4sident Joe Biden hatte einen neuen Anlauf angek\u00fcndigt, die Schusswaffengewalt im Land einzud\u00e4mmen.<\/p>\n<p> 1.58 Uhr:\u00a0Baerbock seit K\u00fcr zur Kanzlerkandidatin vermehrt Opfer von Hassattacken<\/p>\n<p> Die Gr\u00fcnen beklagen nach der K\u00fcr der Parteivorsitzenden Annalena Baerbock zur Kanzlerkandidatin zunehmende Angriffe im Netz. &#8222;Sowohl Annalena Baerbock als auch Robert Habeck werden im Netz schon lange attackiert&#8220;, sagte Parteisprecherin Nicola Kabel dem Redaktionsnetzwerk Deutschland. Seit Baerbocks Wahl zur Kanzlerkandidatin h\u00e4tten gef\u00e4lschte Zitate und gefakte Bilder aber zugenommen. &#8222;Das begann gleich in den ersten Tagen&#8220;, f\u00fcgte sie hinzu.\u00a0Alleine in den letzten zwei Wochen habe die Parteizentrale 15 Meldungen im Rahmen des Netzwerkdurchsetzungsgesetzes gemacht. &#8222;Wenn Dinge strafrechtlich relevant erscheinen, bringen wir sie zur Anzeige.&#8220;<\/p>\n<p> Titel<\/p>\n<p> Die Gr\u00fcnen auf dem Weg ins Kanzleramt<\/p>\n<p> Warum Annalena Baerbock der Kanzlerin \u00fcberraschend \u00e4hnlich ist <\/p>\n<p> 20.04.2021<\/p>\n<p> &#8222;Nicht alles hat automatisch eine frauenfeindliche Komponente aber sie kommt in manchen F\u00e4llen noch dazu&#8220;, sagte die Sprecherin. Zuletzt waren unter anderem vermeintliche Nacktbilder Baerbocks aufgetaucht, die aber in Wahrheit\u00a0ein russisches Modell zeigen. Die Gr\u00fcnen-Vorsitzende bekomme seit Kurzem Personenschutz. Die frauenpolitische Sprecherin der Gr\u00fcnen-Bundestagsfraktion, Ulle Schauws, sagte dem Redaktionsnetzwerk: &#8222;Dass eine Frau Kanzlerkandidatin bei den Gr\u00fcnen ist und deshalb angegriffen wird, zeigt eine gewisse Hilflosigkeit derer, die sie angreifen.&#8220; Das sei ein &#8222;sehr billiges und chauvinistisches Mittel&#8220;. Es spreche eher gegen die Verursacher, als dass es Baerbock schade. \u00a0<\/p>\n<p> 0.32 Uhr:\u00a0USA halten rasche Wiederbelebung des Atomabkommens mit dem Iran f\u00fcr machbar<\/p>\n<p> Die USA halten eine Wiederbelebung des Atomabkommens mit dem Iran in den kommenden Wochen f\u00fcr realistisch. Die bisherigen Gespr\u00e4chsrunden in Wien seien &#8222;produktiv&#8220; gewesen, sagte ein ranghoher Mitarbeiter des US-Au\u00dfenministeriums in Washington.\u00a0Die Verhandlungen in der \u00f6sterreichischen Hauptstadt zwischen den verbliebenen Unterzeichnerstaaten werden heute fortgesetzt. Die 2015 geschlossene Vereinbarung soll verhindern, dass der Iran die F\u00e4higkeit zum Bau einer Atombombe erlangt. Die USA waren 2018 unter Pr\u00e4sident Donald Trump aus dem Abkommen ausgestiegen.<\/p>\n<p> Analyse<\/p>\n<p> Mohsen Fakhrizadeh-Mahabadi<\/p>\n<p> Warum Israel tats\u00e4chlich den Kopf des iranischen Atomprogramms t\u00f6ten lie\u00df <\/p>\n<p> 06.12.2020<\/p>\n<p> mad \/ nik \/ fs<br \/>\n DPA<br \/>\n AFP<\/p>\n<p> #Themen<\/p>\n<p>\n<!--noindex--><br \/>\n<a href=\"https:\/\/www.stern.de\/panorama\/weltgeschehen\/news-von-heute--saechsischer-verfassungsschutz-stuft-pegida-bewegung-als-extremistisch-ein-30517038.html?utm_campaign=alle&#038;utm_medium=rss-feed&#038;utm_source=standard\" rel=\"nofollow\">Source link <\/a><br \/>\n<!--\/noindex--><\/p>\n","protected":false},"excerpt":{"rendered":"<p>Die News von heute im stern-Ticker. Die Meldungen zur Coronavirus-Pandemie lesen Sie hier Die News von heute\u00a0im stern-Ticker:\u00a0 11.31 Uhr:\u00a0Gr\u00fcnen-Mitglieder wollen &#8222;Deutschland&#8220; aus Wahlprogramm-Titel nehmen Mehr als 300 Mitglieder der Gr\u00fcnen wollen den Begriff &#8222;Deutschland&#8220; aus dem Titel des Wahlprogramms der Gr\u00fcnen zur Bundestagswahl im September streichen. &#8222;Im Mittelpunkt unserer Politik steht der Mensch in [&hellip;]<\/p>\n","protected":false},"author":1,"featured_media":1589,"comment_status":"open","ping_status":"open","sticky":false,"template":"","format":"standard","meta":{"footnotes":""},"categories":[1],"tags":[],"class_list":["post-1588","post","type-post","status-publish","format-standard","has-post-thumbnail","hentry","category-neuigkeiten"],"yoast_head":"<!-- This site is optimized with the Yoast SEO plugin v27.4 - https:\/\/yoast.com\/product\/yoast-seo-wordpress\/ -->\n<title>News von heute: S\u00e4chsischer Verfassungsschutz stuft Pegida-Bewegung als extremistisch ein - Super News<\/title>\n<meta name=\"robots\" content=\"index, follow, max-snippet:-1, max-image-preview:large, max-video-preview:-1\" \/>\n<link rel=\"canonical\" href=\"https:\/\/super-news.info\/de\/news-von-heute-saechsischer-verfassungsschutz-stuft-pegida-bewegung-als-extremistisch-ein\/\" \/>\n<meta property=\"og:locale\" content=\"de_DE\" \/>\n<meta property=\"og:type\" content=\"article\" \/>\n<meta property=\"og:title\" content=\"News von heute: S\u00e4chsischer Verfassungsschutz stuft Pegida-Bewegung als extremistisch ein - Super News\" \/>\n<meta property=\"og:description\" content=\"Die News von heute im stern-Ticker. Die Meldungen zur Coronavirus-Pandemie lesen Sie hier Die News von heute\u00a0im stern-Ticker:\u00a0 11.31 Uhr:\u00a0Gr\u00fcnen-Mitglieder wollen &#8222;Deutschland&#8220; aus Wahlprogramm-Titel nehmen Mehr als 300 Mitglieder der Gr\u00fcnen wollen den Begriff &#8222;Deutschland&#8220; aus dem Titel des Wahlprogramms der Gr\u00fcnen zur Bundestagswahl im September streichen. &#8222;Im Mittelpunkt unserer Politik steht der Mensch in [&hellip;]\" \/>\n<meta property=\"og:url\" content=\"https:\/\/super-news.info\/de\/news-von-heute-saechsischer-verfassungsschutz-stuft-pegida-bewegung-als-extremistisch-ein\/\" \/>\n<meta property=\"og:site_name\" content=\"Super News\" \/>\n<meta property=\"article:published_time\" content=\"2021-05-07T09:37:33+00:00\" \/>\n<meta property=\"article:modified_time\" content=\"2021-05-07T09:37:35+00:00\" \/>\n<meta property=\"og:image\" content=\"https:\/\/super-news.info\/de\/wp-content\/uploads\/sites\/13\/2021\/05\/News-von-heute-Saechsischer-Verfassungsschutz-stuft-Pegida-Bewegung-als-extremistisch-ein.jpg\" \/>\n\t<meta property=\"og:image:width\" content=\"1440\" \/>\n\t<meta property=\"og:image:height\" content=\"810\" \/>\n\t<meta property=\"og:image:type\" content=\"image\/jpeg\" \/>\n<meta name=\"author\" content=\"super news\" \/>\n<meta name=\"twitter:card\" content=\"summary_large_image\" \/>\n<meta name=\"twitter:label1\" content=\"Verfasst von\" \/>\n\t<meta name=\"twitter:data1\" content=\"super news\" \/>\n\t<meta name=\"twitter:label2\" content=\"Gesch\u00e4tzte Lesezeit\" \/>\n\t<meta name=\"twitter:data2\" content=\"14\u00a0Minuten\" \/>\n<script type=\"application\/ld+json\" class=\"yoast-schema-graph\">{\"@context\":\"https:\\\/\\\/schema.org\",\"@graph\":[{\"@type\":\"Article\",\"@id\":\"https:\\\/\\\/super-news.info\\\/de\\\/news-von-heute-saechsischer-verfassungsschutz-stuft-pegida-bewegung-als-extremistisch-ein\\\/#article\",\"isPartOf\":{\"@id\":\"https:\\\/\\\/super-news.info\\\/de\\\/news-von-heute-saechsischer-verfassungsschutz-stuft-pegida-bewegung-als-extremistisch-ein\\\/\"},\"author\":{\"name\":\"super news\",\"@id\":\"https:\\\/\\\/super-news.info\\\/de\\\/#\\\/schema\\\/person\\\/2b9ff946d06444e803cb306ffcfd1045\"},\"headline\":\"News von heute: S\u00e4chsischer Verfassungsschutz stuft Pegida-Bewegung als extremistisch ein\",\"datePublished\":\"2021-05-07T09:37:33+00:00\",\"dateModified\":\"2021-05-07T09:37:35+00:00\",\"mainEntityOfPage\":{\"@id\":\"https:\\\/\\\/super-news.info\\\/de\\\/news-von-heute-saechsischer-verfassungsschutz-stuft-pegida-bewegung-als-extremistisch-ein\\\/\"},\"wordCount\":2865,\"commentCount\":0,\"image\":{\"@id\":\"https:\\\/\\\/super-news.info\\\/de\\\/news-von-heute-saechsischer-verfassungsschutz-stuft-pegida-bewegung-als-extremistisch-ein\\\/#primaryimage\"},\"thumbnailUrl\":\"https:\\\/\\\/super-news.info\\\/de\\\/wp-content\\\/uploads\\\/sites\\\/13\\\/2021\\\/05\\\/News-von-heute-Saechsischer-Verfassungsschutz-stuft-Pegida-Bewegung-als-extremistisch-ein.jpg\",\"articleSection\":[\"NEUIGKEITEN\"],\"inLanguage\":\"de\",\"potentialAction\":[{\"@type\":\"CommentAction\",\"name\":\"Comment\",\"target\":[\"https:\\\/\\\/super-news.info\\\/de\\\/news-von-heute-saechsischer-verfassungsschutz-stuft-pegida-bewegung-als-extremistisch-ein\\\/#respond\"]}]},{\"@type\":\"WebPage\",\"@id\":\"https:\\\/\\\/super-news.info\\\/de\\\/news-von-heute-saechsischer-verfassungsschutz-stuft-pegida-bewegung-als-extremistisch-ein\\\/\",\"url\":\"https:\\\/\\\/super-news.info\\\/de\\\/news-von-heute-saechsischer-verfassungsschutz-stuft-pegida-bewegung-als-extremistisch-ein\\\/\",\"name\":\"News von heute: S\u00e4chsischer Verfassungsschutz stuft Pegida-Bewegung als extremistisch ein - Super News\",\"isPartOf\":{\"@id\":\"https:\\\/\\\/super-news.info\\\/de\\\/#website\"},\"primaryImageOfPage\":{\"@id\":\"https:\\\/\\\/super-news.info\\\/de\\\/news-von-heute-saechsischer-verfassungsschutz-stuft-pegida-bewegung-als-extremistisch-ein\\\/#primaryimage\"},\"image\":{\"@id\":\"https:\\\/\\\/super-news.info\\\/de\\\/news-von-heute-saechsischer-verfassungsschutz-stuft-pegida-bewegung-als-extremistisch-ein\\\/#primaryimage\"},\"thumbnailUrl\":\"https:\\\/\\\/super-news.info\\\/de\\\/wp-content\\\/uploads\\\/sites\\\/13\\\/2021\\\/05\\\/News-von-heute-Saechsischer-Verfassungsschutz-stuft-Pegida-Bewegung-als-extremistisch-ein.jpg\",\"datePublished\":\"2021-05-07T09:37:33+00:00\",\"dateModified\":\"2021-05-07T09:37:35+00:00\",\"author\":{\"@id\":\"https:\\\/\\\/super-news.info\\\/de\\\/#\\\/schema\\\/person\\\/2b9ff946d06444e803cb306ffcfd1045\"},\"breadcrumb\":{\"@id\":\"https:\\\/\\\/super-news.info\\\/de\\\/news-von-heute-saechsischer-verfassungsschutz-stuft-pegida-bewegung-als-extremistisch-ein\\\/#breadcrumb\"},\"inLanguage\":\"de\",\"potentialAction\":[{\"@type\":\"ReadAction\",\"target\":[\"https:\\\/\\\/super-news.info\\\/de\\\/news-von-heute-saechsischer-verfassungsschutz-stuft-pegida-bewegung-als-extremistisch-ein\\\/\"]}]},{\"@type\":\"ImageObject\",\"inLanguage\":\"de\",\"@id\":\"https:\\\/\\\/super-news.info\\\/de\\\/news-von-heute-saechsischer-verfassungsschutz-stuft-pegida-bewegung-als-extremistisch-ein\\\/#primaryimage\",\"url\":\"https:\\\/\\\/super-news.info\\\/de\\\/wp-content\\\/uploads\\\/sites\\\/13\\\/2021\\\/05\\\/News-von-heute-Saechsischer-Verfassungsschutz-stuft-Pegida-Bewegung-als-extremistisch-ein.jpg\",\"contentUrl\":\"https:\\\/\\\/super-news.info\\\/de\\\/wp-content\\\/uploads\\\/sites\\\/13\\\/2021\\\/05\\\/News-von-heute-Saechsischer-Verfassungsschutz-stuft-Pegida-Bewegung-als-extremistisch-ein.jpg\",\"width\":1440,\"height\":810,\"caption\":\"News von heute: S\u00e4chsischer Verfassungsschutz stuft Pegida-Bewegung als extremistisch ein\"},{\"@type\":\"BreadcrumbList\",\"@id\":\"https:\\\/\\\/super-news.info\\\/de\\\/news-von-heute-saechsischer-verfassungsschutz-stuft-pegida-bewegung-als-extremistisch-ein\\\/#breadcrumb\",\"itemListElement\":[{\"@type\":\"ListItem\",\"position\":1,\"name\":\"Home\",\"item\":\"https:\\\/\\\/super-news.info\\\/de\\\/\"},{\"@type\":\"ListItem\",\"position\":2,\"name\":\"News von heute: S\u00e4chsischer Verfassungsschutz stuft Pegida-Bewegung als extremistisch ein\"}]},{\"@type\":\"WebSite\",\"@id\":\"https:\\\/\\\/super-news.info\\\/de\\\/#website\",\"url\":\"https:\\\/\\\/super-news.info\\\/de\\\/\",\"name\":\"Super News\",\"description\":\"Super News Germany\",\"potentialAction\":[{\"@type\":\"SearchAction\",\"target\":{\"@type\":\"EntryPoint\",\"urlTemplate\":\"https:\\\/\\\/super-news.info\\\/de\\\/?s={search_term_string}\"},\"query-input\":{\"@type\":\"PropertyValueSpecification\",\"valueRequired\":true,\"valueName\":\"search_term_string\"}}],\"inLanguage\":\"de\"},{\"@type\":\"Person\",\"@id\":\"https:\\\/\\\/super-news.info\\\/de\\\/#\\\/schema\\\/person\\\/2b9ff946d06444e803cb306ffcfd1045\",\"name\":\"super news\",\"image\":{\"@type\":\"ImageObject\",\"inLanguage\":\"de\",\"@id\":\"https:\\\/\\\/secure.gravatar.com\\\/avatar\\\/98e0b303f300d45b2a94684c5e4dda8baa4a5e9710b579f7493c8612061d08bf?s=96&d=mm&r=g\",\"url\":\"https:\\\/\\\/secure.gravatar.com\\\/avatar\\\/98e0b303f300d45b2a94684c5e4dda8baa4a5e9710b579f7493c8612061d08bf?s=96&d=mm&r=g\",\"contentUrl\":\"https:\\\/\\\/secure.gravatar.com\\\/avatar\\\/98e0b303f300d45b2a94684c5e4dda8baa4a5e9710b579f7493c8612061d08bf?s=96&d=mm&r=g\",\"caption\":\"super news\"},\"url\":\"https:\\\/\\\/super-news.info\\\/de\\\/author\\\/manuel\\\/\"}]}<\/script>\n<!-- \/ Yoast SEO plugin. -->","yoast_head_json":{"title":"News von heute: S\u00e4chsischer Verfassungsschutz stuft Pegida-Bewegung als extremistisch ein - Super News","robots":{"index":"index","follow":"follow","max-snippet":"max-snippet:-1","max-image-preview":"max-image-preview:large","max-video-preview":"max-video-preview:-1"},"canonical":"https:\/\/super-news.info\/de\/news-von-heute-saechsischer-verfassungsschutz-stuft-pegida-bewegung-als-extremistisch-ein\/","og_locale":"de_DE","og_type":"article","og_title":"News von heute: S\u00e4chsischer Verfassungsschutz stuft Pegida-Bewegung als extremistisch ein - Super News","og_description":"Die News von heute im stern-Ticker. Die Meldungen zur Coronavirus-Pandemie lesen Sie hier Die News von heute\u00a0im stern-Ticker:\u00a0 11.31 Uhr:\u00a0Gr\u00fcnen-Mitglieder wollen &#8222;Deutschland&#8220; aus Wahlprogramm-Titel nehmen Mehr als 300 Mitglieder der Gr\u00fcnen wollen den Begriff &#8222;Deutschland&#8220; aus dem Titel des Wahlprogramms der Gr\u00fcnen zur Bundestagswahl im September streichen. &#8222;Im Mittelpunkt unserer Politik steht der Mensch in [&hellip;]","og_url":"https:\/\/super-news.info\/de\/news-von-heute-saechsischer-verfassungsschutz-stuft-pegida-bewegung-als-extremistisch-ein\/","og_site_name":"Super News","article_published_time":"2021-05-07T09:37:33+00:00","article_modified_time":"2021-05-07T09:37:35+00:00","og_image":[{"width":1440,"height":810,"url":"https:\/\/super-news.info\/de\/wp-content\/uploads\/sites\/13\/2021\/05\/News-von-heute-Saechsischer-Verfassungsschutz-stuft-Pegida-Bewegung-als-extremistisch-ein.jpg","type":"image\/jpeg"}],"author":"super news","twitter_card":"summary_large_image","twitter_misc":{"Verfasst von":"super news","Gesch\u00e4tzte Lesezeit":"14\u00a0Minuten"},"schema":{"@context":"https:\/\/schema.org","@graph":[{"@type":"Article","@id":"https:\/\/super-news.info\/de\/news-von-heute-saechsischer-verfassungsschutz-stuft-pegida-bewegung-als-extremistisch-ein\/#article","isPartOf":{"@id":"https:\/\/super-news.info\/de\/news-von-heute-saechsischer-verfassungsschutz-stuft-pegida-bewegung-als-extremistisch-ein\/"},"author":{"name":"super news","@id":"https:\/\/super-news.info\/de\/#\/schema\/person\/2b9ff946d06444e803cb306ffcfd1045"},"headline":"News von heute: S\u00e4chsischer Verfassungsschutz stuft Pegida-Bewegung als extremistisch ein","datePublished":"2021-05-07T09:37:33+00:00","dateModified":"2021-05-07T09:37:35+00:00","mainEntityOfPage":{"@id":"https:\/\/super-news.info\/de\/news-von-heute-saechsischer-verfassungsschutz-stuft-pegida-bewegung-als-extremistisch-ein\/"},"wordCount":2865,"commentCount":0,"image":{"@id":"https:\/\/super-news.info\/de\/news-von-heute-saechsischer-verfassungsschutz-stuft-pegida-bewegung-als-extremistisch-ein\/#primaryimage"},"thumbnailUrl":"https:\/\/super-news.info\/de\/wp-content\/uploads\/sites\/13\/2021\/05\/News-von-heute-Saechsischer-Verfassungsschutz-stuft-Pegida-Bewegung-als-extremistisch-ein.jpg","articleSection":["NEUIGKEITEN"],"inLanguage":"de","potentialAction":[{"@type":"CommentAction","name":"Comment","target":["https:\/\/super-news.info\/de\/news-von-heute-saechsischer-verfassungsschutz-stuft-pegida-bewegung-als-extremistisch-ein\/#respond"]}]},{"@type":"WebPage","@id":"https:\/\/super-news.info\/de\/news-von-heute-saechsischer-verfassungsschutz-stuft-pegida-bewegung-als-extremistisch-ein\/","url":"https:\/\/super-news.info\/de\/news-von-heute-saechsischer-verfassungsschutz-stuft-pegida-bewegung-als-extremistisch-ein\/","name":"News von heute: S\u00e4chsischer Verfassungsschutz stuft Pegida-Bewegung als extremistisch ein - Super News","isPartOf":{"@id":"https:\/\/super-news.info\/de\/#website"},"primaryImageOfPage":{"@id":"https:\/\/super-news.info\/de\/news-von-heute-saechsischer-verfassungsschutz-stuft-pegida-bewegung-als-extremistisch-ein\/#primaryimage"},"image":{"@id":"https:\/\/super-news.info\/de\/news-von-heute-saechsischer-verfassungsschutz-stuft-pegida-bewegung-als-extremistisch-ein\/#primaryimage"},"thumbnailUrl":"https:\/\/super-news.info\/de\/wp-content\/uploads\/sites\/13\/2021\/05\/News-von-heute-Saechsischer-Verfassungsschutz-stuft-Pegida-Bewegung-als-extremistisch-ein.jpg","datePublished":"2021-05-07T09:37:33+00:00","dateModified":"2021-05-07T09:37:35+00:00","author":{"@id":"https:\/\/super-news.info\/de\/#\/schema\/person\/2b9ff946d06444e803cb306ffcfd1045"},"breadcrumb":{"@id":"https:\/\/super-news.info\/de\/news-von-heute-saechsischer-verfassungsschutz-stuft-pegida-bewegung-als-extremistisch-ein\/#breadcrumb"},"inLanguage":"de","potentialAction":[{"@type":"ReadAction","target":["https:\/\/super-news.info\/de\/news-von-heute-saechsischer-verfassungsschutz-stuft-pegida-bewegung-als-extremistisch-ein\/"]}]},{"@type":"ImageObject","inLanguage":"de","@id":"https:\/\/super-news.info\/de\/news-von-heute-saechsischer-verfassungsschutz-stuft-pegida-bewegung-als-extremistisch-ein\/#primaryimage","url":"https:\/\/super-news.info\/de\/wp-content\/uploads\/sites\/13\/2021\/05\/News-von-heute-Saechsischer-Verfassungsschutz-stuft-Pegida-Bewegung-als-extremistisch-ein.jpg","contentUrl":"https:\/\/super-news.info\/de\/wp-content\/uploads\/sites\/13\/2021\/05\/News-von-heute-Saechsischer-Verfassungsschutz-stuft-Pegida-Bewegung-als-extremistisch-ein.jpg","width":1440,"height":810,"caption":"News von heute: S\u00e4chsischer Verfassungsschutz stuft Pegida-Bewegung als extremistisch ein"},{"@type":"BreadcrumbList","@id":"https:\/\/super-news.info\/de\/news-von-heute-saechsischer-verfassungsschutz-stuft-pegida-bewegung-als-extremistisch-ein\/#breadcrumb","itemListElement":[{"@type":"ListItem","position":1,"name":"Home","item":"https:\/\/super-news.info\/de\/"},{"@type":"ListItem","position":2,"name":"News von heute: S\u00e4chsischer Verfassungsschutz stuft Pegida-Bewegung als extremistisch ein"}]},{"@type":"WebSite","@id":"https:\/\/super-news.info\/de\/#website","url":"https:\/\/super-news.info\/de\/","name":"Super News","description":"Super News Germany","potentialAction":[{"@type":"SearchAction","target":{"@type":"EntryPoint","urlTemplate":"https:\/\/super-news.info\/de\/?s={search_term_string}"},"query-input":{"@type":"PropertyValueSpecification","valueRequired":true,"valueName":"search_term_string"}}],"inLanguage":"de"},{"@type":"Person","@id":"https:\/\/super-news.info\/de\/#\/schema\/person\/2b9ff946d06444e803cb306ffcfd1045","name":"super news","image":{"@type":"ImageObject","inLanguage":"de","@id":"https:\/\/secure.gravatar.com\/avatar\/98e0b303f300d45b2a94684c5e4dda8baa4a5e9710b579f7493c8612061d08bf?s=96&d=mm&r=g","url":"https:\/\/secure.gravatar.com\/avatar\/98e0b303f300d45b2a94684c5e4dda8baa4a5e9710b579f7493c8612061d08bf?s=96&d=mm&r=g","contentUrl":"https:\/\/secure.gravatar.com\/avatar\/98e0b303f300d45b2a94684c5e4dda8baa4a5e9710b579f7493c8612061d08bf?s=96&d=mm&r=g","caption":"super news"},"url":"https:\/\/super-news.info\/de\/author\/manuel\/"}]}},"_links":{"self":[{"href":"https:\/\/super-news.info\/de\/wp-json\/wp\/v2\/posts\/1588","targetHints":{"allow":["GET"]}}],"collection":[{"href":"https:\/\/super-news.info\/de\/wp-json\/wp\/v2\/posts"}],"about":[{"href":"https:\/\/super-news.info\/de\/wp-json\/wp\/v2\/types\/post"}],"author":[{"embeddable":true,"href":"https:\/\/super-news.info\/de\/wp-json\/wp\/v2\/users\/1"}],"replies":[{"embeddable":true,"href":"https:\/\/super-news.info\/de\/wp-json\/wp\/v2\/comments?post=1588"}],"version-history":[{"count":1,"href":"https:\/\/super-news.info\/de\/wp-json\/wp\/v2\/posts\/1588\/revisions"}],"predecessor-version":[{"id":1590,"href":"https:\/\/super-news.info\/de\/wp-json\/wp\/v2\/posts\/1588\/revisions\/1590"}],"wp:featuredmedia":[{"embeddable":true,"href":"https:\/\/super-news.info\/de\/wp-json\/wp\/v2\/media\/1589"}],"wp:attachment":[{"href":"https:\/\/super-news.info\/de\/wp-json\/wp\/v2\/media?parent=1588"}],"wp:term":[{"taxonomy":"category","embeddable":true,"href":"https:\/\/super-news.info\/de\/wp-json\/wp\/v2\/categories?post=1588"},{"taxonomy":"post_tag","embeddable":true,"href":"https:\/\/super-news.info\/de\/wp-json\/wp\/v2\/tags?post=1588"}],"curies":[{"name":"wp","href":"https:\/\/api.w.org\/{rel}","templated":true}]}}