{"id":1573,"date":"2021-05-05T05:44:19","date_gmt":"2021-05-05T05:44:19","guid":{"rendered":"https:\/\/super-news.info\/de\/weltweit-ist-die-entscheidung-gefallen-absatzwirtschaft\/"},"modified":"2021-05-05T05:44:20","modified_gmt":"2021-05-05T05:44:20","slug":"weltweit-ist-die-entscheidung-gefallen-absatzwirtschaft","status":"publish","type":"post","link":"https:\/\/super-news.info\/de\/weltweit-ist-die-entscheidung-gefallen-absatzwirtschaft\/","title":{"rendered":"&#8222;Weltweit ist die Entscheidung gefallen&#8220; \u203a absatzwirtschaft"},"content":{"rendered":"<p>\t\t\t\t\t\tProfessor Manfred Fischedick, wissenschaftlicher Gesch\u00e4ftsf\u00fchrer des Wuppertal Instituts f\u00fcr Klima, Umwelt, Energie, spricht im Interview \u00fcber spannende Absatzm\u00e4rkte durch den \u201cGreen Deal\u201d der EU und die Gefahr, dass Unternehmen den Zeitpunkt zur Neupositionierung verpassen.<\/p>\n<p>\t\t\t\t\tVon Christine Mattauch<br \/>\n\t\t\t\t\tHerr Professor Fischedick, der Gr\u00fcne Deal bedeutet nichts weniger als den \u00f6kologischen Umbau einer ganzen Volkswirtschaft. Kann das ehrgeizige Vorhaben gelingen?<\/p>\n<p>PROF. MANFRED FISCHEDICK: Ich glaube, dass es zu packen ist. Wir haben gar keine Alternative. Es sei denn, wir wollten uns auf ein Szenario einlassen mit einem Temperaturunterschied von drei bis vier Grad Celsius \u2013 ein Unterschied wie der zwischen unserer Gegenwart und der letzten Eiszeit. Richtig ist: Es geht darum, das gesamte Wirtschaftssystem massiv zu ver\u00e4ndern. Das ist kein Selbstl\u00e4ufer.<\/p>\n<p>Nachhaltigkeit war f\u00fcr die Wirtschaft auch bisher schon ein Thema. Was \u00e4ndert sich durch den Green Deal?<\/p>\n<p>Neu ist die ganzheitliche Strategie: Der Green Deal umfasst Klimaschutz, aber auch nachhaltige Industrie, Kreislaufwirtschaft und Biodiversit\u00e4t. Damit sind klare Ziele verbunden, etwa Treibhausgasneutralit\u00e4t bis 2050. Dazu soll noch in diesem Jahr ein europ\u00e4isches Klimaschutzgesetz verabschiedet werden. Neu ist auch der Versuch, nachhaltige Investitionen besser zu definieren. Auch die Banken werden k\u00fcnftig darauf schauen, wenn sie Kredite vergeben. Die wenigsten Unternehmen haben das auf dem Schirm.<\/p>\n<p>Die Unternehmen m\u00fcssen zurzeit die Coronakrise bew\u00e4ltigen. Ist es da richtig, ihnen auch noch einen \u00f6kologischen Umbau aufzub\u00fcrden?<\/p>\n<p>Ich verstehe, dass f\u00fcr viele in der Pandemie andere Themen im Vordergrund stehen. Trotzdem m\u00fcssen sie sich genau jetzt dar\u00fcber Gedanken machen, wie sie sich k\u00fcnftig positionieren wollen. Es geht ja nicht nur um Anforderungen, sondern auch um Chancen, um neue M\u00e4rkte.<\/p>\n<p>Zum Beispiel?<\/p>\n<p>Alle Produkte und Prozesse m\u00fcssen einen Beitrag leisten, damit Europa treibhausgasneutral werden kann. Das f\u00e4ngt an beim Design: Wie kann ich Produkte entwickeln, die mit weniger Materialien die gleiche Leistung bieten und wiederverwendbar sind? Das ist ein riesiges Potenzial f\u00fcr k\u00fcnftige M\u00e4rkte, auch im Bereich Digitalisierung. Kreislaufwirtschaft kann es nur geben, wenn man die Stoffstr\u00f6me besser kennt. Besonders wichtig ist der konsequente Ausbau der erneuerbaren Energien. Ohne sie wird man keine gr\u00fcne Wasserstoffwirtschaft aufbauen k\u00f6nnen. All das, was man braucht, um erneuerbare Energien in den Markt zu bringen, ist eine Option \u2013 von Speichertechnologien bis zu digitalen L\u00f6sungen, die helfen, die Nachfrage zu flexibilisieren. Bei der Mobilit\u00e4t werden mit dem Verbrennungsmotor zwar gro\u00dfe M\u00e4rkte wegbrechen, aber durch die Elektromobilit\u00e4t neue entstehen.<\/p>\n<p>Innovative Technologien sind in vielen Bereichen wichtig, sei es zur Erzeugung gr\u00fcnen Wasserstoffs, sauberen Zements oder von Laborfleisch. Wie weit ist die \u00dcbersetzung in die Praxis?<\/p>\n<p>Teilweise sind die Technologien schon im Einsatz, andere gibt es in Pilotanlagen, oder sie sind zumindest im Labor so weit entwickelt, dass sie in den n\u00e4chsten Jahren anwendungsreif werden. Das ist erst mal gut. Das Problem ist, dass wir uns schwertun, das \u201cValley of Death\u201d zu \u00fcberwinden, dass also aus guten technologischen Ideen in der Breite angewandte Produkte werden. Da sind andere L\u00e4nder wie die USA und China viel schneller. Deutschland ist ein Land voller B\u00fcrokratie, Zweifel und Akzeptanzschwierigkeiten. Selbst zur Errichtung eines Windparks braucht man sechs bis acht Jahre, und das ist eine vergleichsweise einfache Technologie. Auch da m\u00fcssen wir schneller werden.<\/p>\n<p>Bis sich neue Technologien durchsetzen vergehen Jahre.<\/p>\n<p>Das stimmt. Allerdings stehen in diesem Jahrzehnt ohnehin gro\u00dfe Reinvestitionen an: etwa 50 Prozent der Stahlwerke, die gleiche Gr\u00f6\u00dfenordnung in der Chemie, nicht ganz so viel im Zementbereich. Da muss man gucken, dass die Investitionen \u2013 wir reden \u00fcber Milliarden \u2013 in die richtige Richtung gehen. F\u00fcr eine \u00dcbergangszeit braucht es Instrumente, damit sich diese ersten Anlagen, zum Beispiel zur wasserstoffbasierten Stahlerzeugung, im Wettbewerb behaupten k\u00f6nnen. Etwa durch Vertr\u00e4ge zwischen Anlagenbetreibern und Staat, in denen das eingesparte CO2 mit einem Preis versehen wird und die Differenzkosten f\u00fcr einen bestimmten Zeitraum ausgeglichen werden. Solche Instrumente sind auf Bundes- und EU-Ebene in der Diskussion. Parallel kann der Staat mittels Standards gr\u00fcne Produktm\u00e4rkte initiieren. Etwa indem Beh\u00f6rden f\u00fcr ihre Autoflotten einen Anteil gr\u00fcnen Stahls vorschreiben.<\/p>\n<p>Welchen Beitrag kann \u2013 oder muss \u2013 Marketing leisten?<\/p>\n<p>K\u00fcnftig wird es auch darauf ankommen, dass Konsumenten recycelte und langlebige Produkte nutzen. Das kommt nicht aus dem Nichts, daf\u00fcr muss man werben. Marketing spielt eine ganz wichtige Rolle, um Nachhaltigkeit und Qualit\u00e4t von Produkten herauszustellen und Innovationen Akzeptanz zu verschaffen. Es braucht ja immer beide: diejenigen, die es herstellen, und diejenigen, die es nutzen.<\/p>\n<p>Haben wir genug Fachkr\u00e4fte, die etwas von Nachhaltigkeit verstehen?<\/p>\n<p>Nein, haben wir nicht. Der Bereich hat sich erst in den letzten Jahren als Zukunftsfeld herausgemendelt, die Ausbildung hinkt hinterher. Auf der einen Seite sind es die aufs Marketing bezogenen Aktivit\u00e4ten, die zu wenig gelehrt werden, auf der anderen Seite gibt es auch zu wenig Verst\u00e4ndnis daf\u00fcr, wie Transformationsprozesse funktionieren. Unternehmen brauchen Mitarbeiter, die wissen, mit welchen innovativen Produkten man Systemver\u00e4nderungen beeinflussen und beschleunigen kann.<\/p>\n<p>Insgesamt ist der Green Deal anspruchsvoll und komplex. Mancher Unternehmer mag hoffen, dass das Projekt einfach wieder begraben wird.<\/p>\n<p>Diejenigen, die jetzt den Kopf in den Sand stecken, werden Schwierigkeiten haben, ihn jemals wieder herauszuziehen. Weltweit ist die Entscheidung gefallen; Europa, China, Japan, S\u00fcdkorea, Kanada und neuerdings auch wieder die USA haben sich Ziele f\u00fcr Treibhausneu\u00adtralit\u00e4t gesetzt. Wenn Unternehmen nicht wissen, wie sie ihre Kompetenz neu einsetzen wollen, werden sie es k\u00fcnftig schwer haben, Absatzm\u00e4rkte zu finden.<\/p>\n<p>Gibt es Unternehmen, die Sie als besonders progressiv wahrnehmen?Interessanterweise einige, die man bei dem Thema gar nicht so im Kopf hat, \u00adetwa aus der klassischen Stahlindustrie. Unternehmen wie Salzgitter oder Thyssenkrupp zeigen sich sehr offen gegen\u00fcber wasserstoffbasierten Technologien, inklusive mutiger \u00dcberlegungen, Standorte zu ver\u00e4ndern. Das imponiert mir. Oder Unternehmen wie Bosch mit dem Ziel, in der Nettobilanz treibhausgasneutral zu werden. Das hat Vorreiterpotenzial.<\/p>\n<p>Skeptiker sagen: 2050 werden wir auf dem Papier lauter klimaneutrale Unternehmen haben und trotzdem so viel CO2 rausblasen wie heute.<\/p>\n<p>Das glaube ich schon deshalb nicht, weil Klimaver\u00e4nderungen zu massiven Sch\u00e4den f\u00fchren. In China ist ein Drittel der Bev\u00f6lkerung abh\u00e4ngig vom Wassergleichgewicht des Himalaja, 400 Millionen Menschen. Oder denken Sie an die Feuer in Kalifornien. Deshalb muss 2050 global die Nettonull stehen. Und dann gibt es eben keine Kompensation mehr.<\/p>\n<p>Dieses Interview ist Teil der Titelgeschichte \u201cDer gr\u00fcne Hebel\u201d \u2013 Wie der Green Deal der EU das Marketing befl\u00fcgelt\u201d im Printmagazin der absatzwirtschaft, das Sie hier abonnieren k\u00f6nnen.<\/p>\n<p>absatzwirtschaft+<\/p>\n<p>Sie wollen weitere relevante Informationen und spannende Hintergr\u00fcnde f\u00fcr Ihre t\u00e4gliche Arbeit im Marketing? Dann\u00a0abonnieren Sie jetzt hier\u00a0unseren kostenfreien Newsletter.<\/p>\n<p>\n<!--noindex--><br \/>\n<a href=\"https:\/\/www.absatzwirtschaft.de\/klima-experte-weltweit-ist-die-entscheidung-gefallen-179273\/\" rel=\"nofollow\">Source link <\/a><br \/>\n<!--\/noindex--><\/p>\n","protected":false},"excerpt":{"rendered":"<p>Professor Manfred Fischedick, wissenschaftlicher Gesch\u00e4ftsf\u00fchrer des Wuppertal Instituts f\u00fcr Klima, Umwelt, Energie, spricht im Interview \u00fcber spannende Absatzm\u00e4rkte durch den \u201cGreen Deal\u201d der EU und die Gefahr, dass Unternehmen den Zeitpunkt zur Neupositionierung verpassen. Von Christine Mattauch Herr Professor Fischedick, der Gr\u00fcne Deal bedeutet nichts weniger als den \u00f6kologischen Umbau einer ganzen Volkswirtschaft. Kann das [&hellip;]<\/p>\n","protected":false},"author":1,"featured_media":1574,"comment_status":"open","ping_status":"open","sticky":false,"template":"","format":"standard","meta":{"footnotes":""},"categories":[5],"tags":[],"class_list":["post-1573","post","type-post","status-publish","format-standard","has-post-thumbnail","hentry","category-marketing-news"],"yoast_head":"<!-- This site is optimized with the Yoast SEO plugin v27.4 - https:\/\/yoast.com\/product\/yoast-seo-wordpress\/ -->\n<title>&quot;Weltweit ist die Entscheidung gefallen&quot; \u203a absatzwirtschaft - Super News<\/title>\n<meta name=\"robots\" content=\"index, follow, max-snippet:-1, max-image-preview:large, max-video-preview:-1\" \/>\n<link rel=\"canonical\" href=\"https:\/\/super-news.info\/de\/weltweit-ist-die-entscheidung-gefallen-absatzwirtschaft\/\" \/>\n<meta property=\"og:locale\" content=\"de_DE\" \/>\n<meta property=\"og:type\" content=\"article\" \/>\n<meta property=\"og:title\" content=\"&quot;Weltweit ist die Entscheidung gefallen&quot; \u203a absatzwirtschaft - Super News\" \/>\n<meta property=\"og:description\" content=\"Professor Manfred Fischedick, wissenschaftlicher Gesch\u00e4ftsf\u00fchrer des Wuppertal Instituts f\u00fcr Klima, Umwelt, Energie, spricht im Interview \u00fcber spannende Absatzm\u00e4rkte durch den \u201cGreen Deal\u201d der EU und die Gefahr, dass Unternehmen den Zeitpunkt zur Neupositionierung verpassen. Von Christine Mattauch Herr Professor Fischedick, der Gr\u00fcne Deal bedeutet nichts weniger als den \u00f6kologischen Umbau einer ganzen Volkswirtschaft. Kann das [&hellip;]\" \/>\n<meta property=\"og:url\" content=\"https:\/\/super-news.info\/de\/weltweit-ist-die-entscheidung-gefallen-absatzwirtschaft\/\" \/>\n<meta property=\"og:site_name\" content=\"Super News\" \/>\n<meta property=\"article:published_time\" content=\"2021-05-05T05:44:19+00:00\" \/>\n<meta property=\"article:modified_time\" content=\"2021-05-05T05:44:20+00:00\" \/>\n<meta property=\"og:image\" content=\"https:\/\/super-news.info\/de\/wp-content\/uploads\/sites\/13\/2021\/05\/Weltweit-ist-die-Entscheidung-gefallen-absatzwirtschaft.jpg\" \/>\n\t<meta property=\"og:image:width\" content=\"630\" \/>\n\t<meta property=\"og:image:height\" content=\"354\" \/>\n\t<meta property=\"og:image:type\" content=\"image\/jpeg\" \/>\n<meta name=\"author\" content=\"super news\" \/>\n<meta name=\"twitter:card\" content=\"summary_large_image\" \/>\n<meta name=\"twitter:label1\" content=\"Verfasst von\" \/>\n\t<meta name=\"twitter:data1\" content=\"super news\" \/>\n\t<meta name=\"twitter:label2\" content=\"Gesch\u00e4tzte Lesezeit\" \/>\n\t<meta name=\"twitter:data2\" content=\"6\u00a0Minuten\" \/>\n<script type=\"application\/ld+json\" class=\"yoast-schema-graph\">{\"@context\":\"https:\\\/\\\/schema.org\",\"@graph\":[{\"@type\":\"Article\",\"@id\":\"https:\\\/\\\/super-news.info\\\/de\\\/weltweit-ist-die-entscheidung-gefallen-absatzwirtschaft\\\/#article\",\"isPartOf\":{\"@id\":\"https:\\\/\\\/super-news.info\\\/de\\\/weltweit-ist-die-entscheidung-gefallen-absatzwirtschaft\\\/\"},\"author\":{\"name\":\"super news\",\"@id\":\"https:\\\/\\\/super-news.info\\\/de\\\/#\\\/schema\\\/person\\\/2b9ff946d06444e803cb306ffcfd1045\"},\"headline\":\"&#8222;Weltweit ist die Entscheidung gefallen&#8220; \u203a absatzwirtschaft\",\"datePublished\":\"2021-05-05T05:44:19+00:00\",\"dateModified\":\"2021-05-05T05:44:20+00:00\",\"mainEntityOfPage\":{\"@id\":\"https:\\\/\\\/super-news.info\\\/de\\\/weltweit-ist-die-entscheidung-gefallen-absatzwirtschaft\\\/\"},\"wordCount\":1115,\"commentCount\":0,\"image\":{\"@id\":\"https:\\\/\\\/super-news.info\\\/de\\\/weltweit-ist-die-entscheidung-gefallen-absatzwirtschaft\\\/#primaryimage\"},\"thumbnailUrl\":\"https:\\\/\\\/super-news.info\\\/de\\\/wp-content\\\/uploads\\\/sites\\\/13\\\/2021\\\/05\\\/Weltweit-ist-die-Entscheidung-gefallen-absatzwirtschaft.jpg\",\"articleSection\":[\"MARKETING NEWS\"],\"inLanguage\":\"de\",\"potentialAction\":[{\"@type\":\"CommentAction\",\"name\":\"Comment\",\"target\":[\"https:\\\/\\\/super-news.info\\\/de\\\/weltweit-ist-die-entscheidung-gefallen-absatzwirtschaft\\\/#respond\"]}]},{\"@type\":\"WebPage\",\"@id\":\"https:\\\/\\\/super-news.info\\\/de\\\/weltweit-ist-die-entscheidung-gefallen-absatzwirtschaft\\\/\",\"url\":\"https:\\\/\\\/super-news.info\\\/de\\\/weltweit-ist-die-entscheidung-gefallen-absatzwirtschaft\\\/\",\"name\":\"\\\"Weltweit ist die Entscheidung gefallen\\\" \u203a absatzwirtschaft - Super News\",\"isPartOf\":{\"@id\":\"https:\\\/\\\/super-news.info\\\/de\\\/#website\"},\"primaryImageOfPage\":{\"@id\":\"https:\\\/\\\/super-news.info\\\/de\\\/weltweit-ist-die-entscheidung-gefallen-absatzwirtschaft\\\/#primaryimage\"},\"image\":{\"@id\":\"https:\\\/\\\/super-news.info\\\/de\\\/weltweit-ist-die-entscheidung-gefallen-absatzwirtschaft\\\/#primaryimage\"},\"thumbnailUrl\":\"https:\\\/\\\/super-news.info\\\/de\\\/wp-content\\\/uploads\\\/sites\\\/13\\\/2021\\\/05\\\/Weltweit-ist-die-Entscheidung-gefallen-absatzwirtschaft.jpg\",\"datePublished\":\"2021-05-05T05:44:19+00:00\",\"dateModified\":\"2021-05-05T05:44:20+00:00\",\"author\":{\"@id\":\"https:\\\/\\\/super-news.info\\\/de\\\/#\\\/schema\\\/person\\\/2b9ff946d06444e803cb306ffcfd1045\"},\"breadcrumb\":{\"@id\":\"https:\\\/\\\/super-news.info\\\/de\\\/weltweit-ist-die-entscheidung-gefallen-absatzwirtschaft\\\/#breadcrumb\"},\"inLanguage\":\"de\",\"potentialAction\":[{\"@type\":\"ReadAction\",\"target\":[\"https:\\\/\\\/super-news.info\\\/de\\\/weltweit-ist-die-entscheidung-gefallen-absatzwirtschaft\\\/\"]}]},{\"@type\":\"ImageObject\",\"inLanguage\":\"de\",\"@id\":\"https:\\\/\\\/super-news.info\\\/de\\\/weltweit-ist-die-entscheidung-gefallen-absatzwirtschaft\\\/#primaryimage\",\"url\":\"https:\\\/\\\/super-news.info\\\/de\\\/wp-content\\\/uploads\\\/sites\\\/13\\\/2021\\\/05\\\/Weltweit-ist-die-Entscheidung-gefallen-absatzwirtschaft.jpg\",\"contentUrl\":\"https:\\\/\\\/super-news.info\\\/de\\\/wp-content\\\/uploads\\\/sites\\\/13\\\/2021\\\/05\\\/Weltweit-ist-die-Entscheidung-gefallen-absatzwirtschaft.jpg\",\"width\":630,\"height\":354,\"caption\":\"Fischedick\"},{\"@type\":\"BreadcrumbList\",\"@id\":\"https:\\\/\\\/super-news.info\\\/de\\\/weltweit-ist-die-entscheidung-gefallen-absatzwirtschaft\\\/#breadcrumb\",\"itemListElement\":[{\"@type\":\"ListItem\",\"position\":1,\"name\":\"Home\",\"item\":\"https:\\\/\\\/super-news.info\\\/de\\\/\"},{\"@type\":\"ListItem\",\"position\":2,\"name\":\"&#8222;Weltweit ist die Entscheidung gefallen&#8220; \u203a absatzwirtschaft\"}]},{\"@type\":\"WebSite\",\"@id\":\"https:\\\/\\\/super-news.info\\\/de\\\/#website\",\"url\":\"https:\\\/\\\/super-news.info\\\/de\\\/\",\"name\":\"Super News\",\"description\":\"Super News Germany\",\"potentialAction\":[{\"@type\":\"SearchAction\",\"target\":{\"@type\":\"EntryPoint\",\"urlTemplate\":\"https:\\\/\\\/super-news.info\\\/de\\\/?s={search_term_string}\"},\"query-input\":{\"@type\":\"PropertyValueSpecification\",\"valueRequired\":true,\"valueName\":\"search_term_string\"}}],\"inLanguage\":\"de\"},{\"@type\":\"Person\",\"@id\":\"https:\\\/\\\/super-news.info\\\/de\\\/#\\\/schema\\\/person\\\/2b9ff946d06444e803cb306ffcfd1045\",\"name\":\"super news\",\"image\":{\"@type\":\"ImageObject\",\"inLanguage\":\"de\",\"@id\":\"https:\\\/\\\/secure.gravatar.com\\\/avatar\\\/98e0b303f300d45b2a94684c5e4dda8baa4a5e9710b579f7493c8612061d08bf?s=96&d=mm&r=g\",\"url\":\"https:\\\/\\\/secure.gravatar.com\\\/avatar\\\/98e0b303f300d45b2a94684c5e4dda8baa4a5e9710b579f7493c8612061d08bf?s=96&d=mm&r=g\",\"contentUrl\":\"https:\\\/\\\/secure.gravatar.com\\\/avatar\\\/98e0b303f300d45b2a94684c5e4dda8baa4a5e9710b579f7493c8612061d08bf?s=96&d=mm&r=g\",\"caption\":\"super news\"},\"url\":\"https:\\\/\\\/super-news.info\\\/de\\\/author\\\/manuel\\\/\"}]}<\/script>\n<!-- \/ Yoast SEO plugin. -->","yoast_head_json":{"title":"\"Weltweit ist die Entscheidung gefallen\" \u203a absatzwirtschaft - Super News","robots":{"index":"index","follow":"follow","max-snippet":"max-snippet:-1","max-image-preview":"max-image-preview:large","max-video-preview":"max-video-preview:-1"},"canonical":"https:\/\/super-news.info\/de\/weltweit-ist-die-entscheidung-gefallen-absatzwirtschaft\/","og_locale":"de_DE","og_type":"article","og_title":"\"Weltweit ist die Entscheidung gefallen\" \u203a absatzwirtschaft - Super News","og_description":"Professor Manfred Fischedick, wissenschaftlicher Gesch\u00e4ftsf\u00fchrer des Wuppertal Instituts f\u00fcr Klima, Umwelt, Energie, spricht im Interview \u00fcber spannende Absatzm\u00e4rkte durch den \u201cGreen Deal\u201d der EU und die Gefahr, dass Unternehmen den Zeitpunkt zur Neupositionierung verpassen. Von Christine Mattauch Herr Professor Fischedick, der Gr\u00fcne Deal bedeutet nichts weniger als den \u00f6kologischen Umbau einer ganzen Volkswirtschaft. Kann das [&hellip;]","og_url":"https:\/\/super-news.info\/de\/weltweit-ist-die-entscheidung-gefallen-absatzwirtschaft\/","og_site_name":"Super News","article_published_time":"2021-05-05T05:44:19+00:00","article_modified_time":"2021-05-05T05:44:20+00:00","og_image":[{"width":630,"height":354,"url":"https:\/\/super-news.info\/de\/wp-content\/uploads\/sites\/13\/2021\/05\/Weltweit-ist-die-Entscheidung-gefallen-absatzwirtschaft.jpg","type":"image\/jpeg"}],"author":"super news","twitter_card":"summary_large_image","twitter_misc":{"Verfasst von":"super news","Gesch\u00e4tzte Lesezeit":"6\u00a0Minuten"},"schema":{"@context":"https:\/\/schema.org","@graph":[{"@type":"Article","@id":"https:\/\/super-news.info\/de\/weltweit-ist-die-entscheidung-gefallen-absatzwirtschaft\/#article","isPartOf":{"@id":"https:\/\/super-news.info\/de\/weltweit-ist-die-entscheidung-gefallen-absatzwirtschaft\/"},"author":{"name":"super news","@id":"https:\/\/super-news.info\/de\/#\/schema\/person\/2b9ff946d06444e803cb306ffcfd1045"},"headline":"&#8222;Weltweit ist die Entscheidung gefallen&#8220; \u203a absatzwirtschaft","datePublished":"2021-05-05T05:44:19+00:00","dateModified":"2021-05-05T05:44:20+00:00","mainEntityOfPage":{"@id":"https:\/\/super-news.info\/de\/weltweit-ist-die-entscheidung-gefallen-absatzwirtschaft\/"},"wordCount":1115,"commentCount":0,"image":{"@id":"https:\/\/super-news.info\/de\/weltweit-ist-die-entscheidung-gefallen-absatzwirtschaft\/#primaryimage"},"thumbnailUrl":"https:\/\/super-news.info\/de\/wp-content\/uploads\/sites\/13\/2021\/05\/Weltweit-ist-die-Entscheidung-gefallen-absatzwirtschaft.jpg","articleSection":["MARKETING NEWS"],"inLanguage":"de","potentialAction":[{"@type":"CommentAction","name":"Comment","target":["https:\/\/super-news.info\/de\/weltweit-ist-die-entscheidung-gefallen-absatzwirtschaft\/#respond"]}]},{"@type":"WebPage","@id":"https:\/\/super-news.info\/de\/weltweit-ist-die-entscheidung-gefallen-absatzwirtschaft\/","url":"https:\/\/super-news.info\/de\/weltweit-ist-die-entscheidung-gefallen-absatzwirtschaft\/","name":"\"Weltweit ist die Entscheidung gefallen\" \u203a absatzwirtschaft - Super News","isPartOf":{"@id":"https:\/\/super-news.info\/de\/#website"},"primaryImageOfPage":{"@id":"https:\/\/super-news.info\/de\/weltweit-ist-die-entscheidung-gefallen-absatzwirtschaft\/#primaryimage"},"image":{"@id":"https:\/\/super-news.info\/de\/weltweit-ist-die-entscheidung-gefallen-absatzwirtschaft\/#primaryimage"},"thumbnailUrl":"https:\/\/super-news.info\/de\/wp-content\/uploads\/sites\/13\/2021\/05\/Weltweit-ist-die-Entscheidung-gefallen-absatzwirtschaft.jpg","datePublished":"2021-05-05T05:44:19+00:00","dateModified":"2021-05-05T05:44:20+00:00","author":{"@id":"https:\/\/super-news.info\/de\/#\/schema\/person\/2b9ff946d06444e803cb306ffcfd1045"},"breadcrumb":{"@id":"https:\/\/super-news.info\/de\/weltweit-ist-die-entscheidung-gefallen-absatzwirtschaft\/#breadcrumb"},"inLanguage":"de","potentialAction":[{"@type":"ReadAction","target":["https:\/\/super-news.info\/de\/weltweit-ist-die-entscheidung-gefallen-absatzwirtschaft\/"]}]},{"@type":"ImageObject","inLanguage":"de","@id":"https:\/\/super-news.info\/de\/weltweit-ist-die-entscheidung-gefallen-absatzwirtschaft\/#primaryimage","url":"https:\/\/super-news.info\/de\/wp-content\/uploads\/sites\/13\/2021\/05\/Weltweit-ist-die-Entscheidung-gefallen-absatzwirtschaft.jpg","contentUrl":"https:\/\/super-news.info\/de\/wp-content\/uploads\/sites\/13\/2021\/05\/Weltweit-ist-die-Entscheidung-gefallen-absatzwirtschaft.jpg","width":630,"height":354,"caption":"Fischedick"},{"@type":"BreadcrumbList","@id":"https:\/\/super-news.info\/de\/weltweit-ist-die-entscheidung-gefallen-absatzwirtschaft\/#breadcrumb","itemListElement":[{"@type":"ListItem","position":1,"name":"Home","item":"https:\/\/super-news.info\/de\/"},{"@type":"ListItem","position":2,"name":"&#8222;Weltweit ist die Entscheidung gefallen&#8220; \u203a absatzwirtschaft"}]},{"@type":"WebSite","@id":"https:\/\/super-news.info\/de\/#website","url":"https:\/\/super-news.info\/de\/","name":"Super News","description":"Super News Germany","potentialAction":[{"@type":"SearchAction","target":{"@type":"EntryPoint","urlTemplate":"https:\/\/super-news.info\/de\/?s={search_term_string}"},"query-input":{"@type":"PropertyValueSpecification","valueRequired":true,"valueName":"search_term_string"}}],"inLanguage":"de"},{"@type":"Person","@id":"https:\/\/super-news.info\/de\/#\/schema\/person\/2b9ff946d06444e803cb306ffcfd1045","name":"super news","image":{"@type":"ImageObject","inLanguage":"de","@id":"https:\/\/secure.gravatar.com\/avatar\/98e0b303f300d45b2a94684c5e4dda8baa4a5e9710b579f7493c8612061d08bf?s=96&d=mm&r=g","url":"https:\/\/secure.gravatar.com\/avatar\/98e0b303f300d45b2a94684c5e4dda8baa4a5e9710b579f7493c8612061d08bf?s=96&d=mm&r=g","contentUrl":"https:\/\/secure.gravatar.com\/avatar\/98e0b303f300d45b2a94684c5e4dda8baa4a5e9710b579f7493c8612061d08bf?s=96&d=mm&r=g","caption":"super news"},"url":"https:\/\/super-news.info\/de\/author\/manuel\/"}]}},"_links":{"self":[{"href":"https:\/\/super-news.info\/de\/wp-json\/wp\/v2\/posts\/1573","targetHints":{"allow":["GET"]}}],"collection":[{"href":"https:\/\/super-news.info\/de\/wp-json\/wp\/v2\/posts"}],"about":[{"href":"https:\/\/super-news.info\/de\/wp-json\/wp\/v2\/types\/post"}],"author":[{"embeddable":true,"href":"https:\/\/super-news.info\/de\/wp-json\/wp\/v2\/users\/1"}],"replies":[{"embeddable":true,"href":"https:\/\/super-news.info\/de\/wp-json\/wp\/v2\/comments?post=1573"}],"version-history":[{"count":1,"href":"https:\/\/super-news.info\/de\/wp-json\/wp\/v2\/posts\/1573\/revisions"}],"predecessor-version":[{"id":1575,"href":"https:\/\/super-news.info\/de\/wp-json\/wp\/v2\/posts\/1573\/revisions\/1575"}],"wp:featuredmedia":[{"embeddable":true,"href":"https:\/\/super-news.info\/de\/wp-json\/wp\/v2\/media\/1574"}],"wp:attachment":[{"href":"https:\/\/super-news.info\/de\/wp-json\/wp\/v2\/media?parent=1573"}],"wp:term":[{"taxonomy":"category","embeddable":true,"href":"https:\/\/super-news.info\/de\/wp-json\/wp\/v2\/categories?post=1573"},{"taxonomy":"post_tag","embeddable":true,"href":"https:\/\/super-news.info\/de\/wp-json\/wp\/v2\/tags?post=1573"}],"curies":[{"name":"wp","href":"https:\/\/api.w.org\/{rel}","templated":true}]}}