{"id":1555,"date":"2021-05-02T05:19:56","date_gmt":"2021-05-02T05:19:56","guid":{"rendered":"https:\/\/super-news.info\/de\/simba-dickie-vollzieht-generationswechsel-absatzwirtschaft\/"},"modified":"2021-05-02T05:20:16","modified_gmt":"2021-05-02T05:20:16","slug":"simba-dickie-vollzieht-generationswechsel-absatzwirtschaft","status":"publish","type":"post","link":"https:\/\/super-news.info\/de\/simba-dickie-vollzieht-generationswechsel-absatzwirtschaft\/","title":{"rendered":"Simba Dickie vollzieht Generationswechsel \u203a absatzwirtschaft"},"content":{"rendered":"<p>\t  \t\t\t\t\t\t\t  \t\t\t\t\t\t\t\tFlorian Sieber tritt die Nachfolge seines Vaters Michael Sieber an.<br \/>\n\t  \t\t\t\t\t\t\t\t  \t\t\t\t\t\t\t  \t\t\t\t\t\t\t\t\t \u00a9 Simba Dickie<\/p>\n<p>\t\t\t\t\t\tDas gelingt l\u00e4ngst nicht jedem Familienunternehmen: Die F\u00fcrther Simba-Dickie-Gruppe bekommt einen neuen Vorstandschef, und zwar den, der bereits vor drei Jahren daf\u00fcr auserkoren wurde. Florian Sieber (36) \u00fcbernimmt den Chefposten von seinem Vater Michael Sieber. Der Senior bleibt als Gesellschafter an Bord.<\/p>\n<p>\t\t\t\t\t\tAnzeige<\/p>\n<p>\t\t\t\t\tVon Thomas Thieme<br \/>\n\t\t\t\t\tSimba Dickie bekommt einen neuen Chef: Florian Sieber \u00fcbernimmt zum 1. Mai die alleinige F\u00fchrung des Spielwarenherstellers aus dem fr\u00e4nkischen F\u00fcrth. Der 36-J\u00e4hrige folgt auf seinen Vater, Unternehmensgr\u00fcnder Michael Sieber (65), der sich aus dem operativen Gesch\u00e4ft zur\u00fcckzieht, aber weiterhin als Gesellschafter mit seiner Erfahrung im Familienunternehmen einbringen wird. <\/p>\n<p>Sieber Senior hatte das Unternehmen 1982 als Simba Toys zusammen mit seinem Vater Fritz gegr\u00fcndet.<\/p>\n<p>Dritte Generation \u00fcbernimmt Verantwortung<\/p>\n<p>Den \u00dcbergang der operativen Verantwortung p\u00fcnktlich zum 39. Jahrestag der Firmengr\u00fcndung \u2013 damals war der neue Chef noch nicht auf der Welt \u2013 beschreibt das Unternehmen in einer Mitteilung vom Freitag wie folgt: \u201cEin flie\u00dfender Generationswechsel kann nur gelingen, wenn zum richtigen Zeitpunkt das Steuer \u00fcbergeben wird. So haben wir die Weichen rechtzeitig gestellt und einen Wechsel vorbereitet.\u201d<\/p>\n<p>Bereits 2018 wurde Florian designierter Nachfolger und Co-CEO von Michael Sieber. Er ist nicht der einzige Vertreter der dritten Generation im Familienunternehmen: Auch seine beiden Cousins Maximilian und Felix Stork sind in verantwortungsvollen Positionen bei Simba Dickie t\u00e4tig. Das Bord der Firmengruppe besteht k\u00fcnftig aus Florian Sieber, Manfred Duschl (CFO) und Uwe Weiler (COO).<\/p>\n<p>Markensammler aus Mittelfranken<\/p>\n<p>Die Simba-Dickie-Gruppe ist neben Playmobil und Ravensburger einer der drei gr\u00f6\u00dften deutschen Spielwarenhersteller. Das Unternehmen besch\u00e4ftigt rund 3000 Mitarbeiter an 30 Standorten und acht Produktionsst\u00e4tten. Der Umsatz ist im Corona-Jahr 2020 um 1,8 Prozent auf rund 715 Millionen Euro gestiegen. Zur Gruppe geh\u00f6ren neben den Kernmarken Simba und Dickie auch mehr als ein Dutzend weitere Marken wie Big (Bobbycar), Schuco, Eichhorn, Smoby und Noris.<\/p>\n<p>Im Jahr 2013 hatten Vater und Sohn Sieber zudem den zuvor insolventen Modelleisenbahnhersteller M\u00e4rkling gekauft und unter F\u00fchrung von Florian Sieber wieder in die Spur gebracht. F\u00fcr den damals gerade 28-j\u00e4hrigen Betriebswirt war es die erste gro\u00dfe Herausforderung nach dem Masterstudium in Spanien und Frankreich sowie ersten beruflichen Schritten im Familienunternehmen und beim italienischen Spielwarenhersteller Androni Giocattoli.<\/p>\n<p>absatzwirtschaft+<\/p>\n<p>Sie wollen weitere relevante Informationen und spannende Hintergr\u00fcnde f\u00fcr Ihre t\u00e4gliche Arbeit im Marketing? Dann\u00a0abonnieren Sie jetzt hier\u00a0unseren kostenfreien Newsletter.<\/p>\n<p>\n<!--noindex--><br \/>\n<a href=\"https:\/\/www.absatzwirtschaft.de\/simba-dickie-vollzieht-generationswechsel-179263\/\" rel=\"nofollow\">Source link <\/a><br \/>\n<!--\/noindex--><\/p>\n","protected":false},"excerpt":{"rendered":"<p>Florian Sieber tritt die Nachfolge seines Vaters Michael Sieber an. \u00a9 Simba Dickie Das gelingt l\u00e4ngst nicht jedem Familienunternehmen: Die F\u00fcrther Simba-Dickie-Gruppe bekommt einen neuen Vorstandschef, und zwar den, der bereits vor drei Jahren daf\u00fcr auserkoren wurde. Florian Sieber (36) \u00fcbernimmt den Chefposten von seinem Vater Michael Sieber. Der Senior bleibt als Gesellschafter an Bord. [&hellip;]<\/p>\n","protected":false},"author":1,"featured_media":1556,"comment_status":"open","ping_status":"open","sticky":false,"template":"","format":"standard","meta":{"footnotes":""},"categories":[5],"tags":[],"class_list":["post-1555","post","type-post","status-publish","format-standard","has-post-thumbnail","hentry","category-marketing-news"],"yoast_head":"<!-- This site is optimized with the Yoast SEO plugin v27.4 - https:\/\/yoast.com\/product\/yoast-seo-wordpress\/ -->\n<title>Simba Dickie vollzieht Generationswechsel \u203a absatzwirtschaft - Super News<\/title>\n<meta name=\"robots\" content=\"index, follow, max-snippet:-1, max-image-preview:large, max-video-preview:-1\" \/>\n<link rel=\"canonical\" href=\"https:\/\/super-news.info\/de\/simba-dickie-vollzieht-generationswechsel-absatzwirtschaft\/\" \/>\n<meta property=\"og:locale\" content=\"de_DE\" \/>\n<meta property=\"og:type\" content=\"article\" \/>\n<meta property=\"og:title\" content=\"Simba Dickie vollzieht Generationswechsel \u203a absatzwirtschaft - Super News\" \/>\n<meta property=\"og:description\" content=\"Florian Sieber tritt die Nachfolge seines Vaters Michael Sieber an. \u00a9 Simba Dickie Das gelingt l\u00e4ngst nicht jedem Familienunternehmen: Die F\u00fcrther Simba-Dickie-Gruppe bekommt einen neuen Vorstandschef, und zwar den, der bereits vor drei Jahren daf\u00fcr auserkoren wurde. Florian Sieber (36) \u00fcbernimmt den Chefposten von seinem Vater Michael Sieber. Der Senior bleibt als Gesellschafter an Bord. [&hellip;]\" \/>\n<meta property=\"og:url\" content=\"https:\/\/super-news.info\/de\/simba-dickie-vollzieht-generationswechsel-absatzwirtschaft\/\" \/>\n<meta property=\"og:site_name\" content=\"Super News\" \/>\n<meta property=\"article:published_time\" content=\"2021-05-02T05:19:56+00:00\" \/>\n<meta property=\"article:modified_time\" content=\"2021-05-02T05:20:16+00:00\" \/>\n<meta property=\"og:image\" content=\"https:\/\/super-news.info\/de\/wp-content\/uploads\/sites\/13\/2021\/05\/Simba-Dickie-vollzieht-Generationswechsel-absatzwirtschaft.jpg\" \/>\n\t<meta property=\"og:image:width\" content=\"630\" \/>\n\t<meta property=\"og:image:height\" content=\"354\" \/>\n\t<meta property=\"og:image:type\" content=\"image\/jpeg\" \/>\n<meta name=\"author\" content=\"super news\" \/>\n<meta name=\"twitter:card\" content=\"summary_large_image\" \/>\n<meta name=\"twitter:label1\" content=\"Verfasst von\" \/>\n\t<meta name=\"twitter:data1\" content=\"super news\" \/>\n\t<meta name=\"twitter:label2\" content=\"Gesch\u00e4tzte Lesezeit\" \/>\n\t<meta name=\"twitter:data2\" content=\"2\u00a0Minuten\" \/>\n<script type=\"application\/ld+json\" class=\"yoast-schema-graph\">{\"@context\":\"https:\\\/\\\/schema.org\",\"@graph\":[{\"@type\":\"Article\",\"@id\":\"https:\\\/\\\/super-news.info\\\/de\\\/simba-dickie-vollzieht-generationswechsel-absatzwirtschaft\\\/#article\",\"isPartOf\":{\"@id\":\"https:\\\/\\\/super-news.info\\\/de\\\/simba-dickie-vollzieht-generationswechsel-absatzwirtschaft\\\/\"},\"author\":{\"name\":\"super news\",\"@id\":\"https:\\\/\\\/super-news.info\\\/de\\\/#\\\/schema\\\/person\\\/2b9ff946d06444e803cb306ffcfd1045\"},\"headline\":\"Simba Dickie vollzieht Generationswechsel \u203a absatzwirtschaft\",\"datePublished\":\"2021-05-02T05:19:56+00:00\",\"dateModified\":\"2021-05-02T05:20:16+00:00\",\"mainEntityOfPage\":{\"@id\":\"https:\\\/\\\/super-news.info\\\/de\\\/simba-dickie-vollzieht-generationswechsel-absatzwirtschaft\\\/\"},\"wordCount\":406,\"commentCount\":0,\"image\":{\"@id\":\"https:\\\/\\\/super-news.info\\\/de\\\/simba-dickie-vollzieht-generationswechsel-absatzwirtschaft\\\/#primaryimage\"},\"thumbnailUrl\":\"https:\\\/\\\/super-news.info\\\/de\\\/wp-content\\\/uploads\\\/sites\\\/13\\\/2021\\\/05\\\/Simba-Dickie-vollzieht-Generationswechsel-absatzwirtschaft.jpg\",\"articleSection\":[\"MARKETING NEWS\"],\"inLanguage\":\"de\",\"potentialAction\":[{\"@type\":\"CommentAction\",\"name\":\"Comment\",\"target\":[\"https:\\\/\\\/super-news.info\\\/de\\\/simba-dickie-vollzieht-generationswechsel-absatzwirtschaft\\\/#respond\"]}]},{\"@type\":\"WebPage\",\"@id\":\"https:\\\/\\\/super-news.info\\\/de\\\/simba-dickie-vollzieht-generationswechsel-absatzwirtschaft\\\/\",\"url\":\"https:\\\/\\\/super-news.info\\\/de\\\/simba-dickie-vollzieht-generationswechsel-absatzwirtschaft\\\/\",\"name\":\"Simba Dickie vollzieht Generationswechsel \u203a absatzwirtschaft - Super News\",\"isPartOf\":{\"@id\":\"https:\\\/\\\/super-news.info\\\/de\\\/#website\"},\"primaryImageOfPage\":{\"@id\":\"https:\\\/\\\/super-news.info\\\/de\\\/simba-dickie-vollzieht-generationswechsel-absatzwirtschaft\\\/#primaryimage\"},\"image\":{\"@id\":\"https:\\\/\\\/super-news.info\\\/de\\\/simba-dickie-vollzieht-generationswechsel-absatzwirtschaft\\\/#primaryimage\"},\"thumbnailUrl\":\"https:\\\/\\\/super-news.info\\\/de\\\/wp-content\\\/uploads\\\/sites\\\/13\\\/2021\\\/05\\\/Simba-Dickie-vollzieht-Generationswechsel-absatzwirtschaft.jpg\",\"datePublished\":\"2021-05-02T05:19:56+00:00\",\"dateModified\":\"2021-05-02T05:20:16+00:00\",\"author\":{\"@id\":\"https:\\\/\\\/super-news.info\\\/de\\\/#\\\/schema\\\/person\\\/2b9ff946d06444e803cb306ffcfd1045\"},\"breadcrumb\":{\"@id\":\"https:\\\/\\\/super-news.info\\\/de\\\/simba-dickie-vollzieht-generationswechsel-absatzwirtschaft\\\/#breadcrumb\"},\"inLanguage\":\"de\",\"potentialAction\":[{\"@type\":\"ReadAction\",\"target\":[\"https:\\\/\\\/super-news.info\\\/de\\\/simba-dickie-vollzieht-generationswechsel-absatzwirtschaft\\\/\"]}]},{\"@type\":\"ImageObject\",\"inLanguage\":\"de\",\"@id\":\"https:\\\/\\\/super-news.info\\\/de\\\/simba-dickie-vollzieht-generationswechsel-absatzwirtschaft\\\/#primaryimage\",\"url\":\"https:\\\/\\\/super-news.info\\\/de\\\/wp-content\\\/uploads\\\/sites\\\/13\\\/2021\\\/05\\\/Simba-Dickie-vollzieht-Generationswechsel-absatzwirtschaft.jpg\",\"contentUrl\":\"https:\\\/\\\/super-news.info\\\/de\\\/wp-content\\\/uploads\\\/sites\\\/13\\\/2021\\\/05\\\/Simba-Dickie-vollzieht-Generationswechsel-absatzwirtschaft.jpg\",\"width\":630,\"height\":354,\"caption\":\"Simba Dickie vollzieht Generationswechsel \u203a absatzwirtschaft\"},{\"@type\":\"BreadcrumbList\",\"@id\":\"https:\\\/\\\/super-news.info\\\/de\\\/simba-dickie-vollzieht-generationswechsel-absatzwirtschaft\\\/#breadcrumb\",\"itemListElement\":[{\"@type\":\"ListItem\",\"position\":1,\"name\":\"Home\",\"item\":\"https:\\\/\\\/super-news.info\\\/de\\\/\"},{\"@type\":\"ListItem\",\"position\":2,\"name\":\"Simba Dickie vollzieht Generationswechsel \u203a absatzwirtschaft\"}]},{\"@type\":\"WebSite\",\"@id\":\"https:\\\/\\\/super-news.info\\\/de\\\/#website\",\"url\":\"https:\\\/\\\/super-news.info\\\/de\\\/\",\"name\":\"Super News\",\"description\":\"Super News Germany\",\"potentialAction\":[{\"@type\":\"SearchAction\",\"target\":{\"@type\":\"EntryPoint\",\"urlTemplate\":\"https:\\\/\\\/super-news.info\\\/de\\\/?s={search_term_string}\"},\"query-input\":{\"@type\":\"PropertyValueSpecification\",\"valueRequired\":true,\"valueName\":\"search_term_string\"}}],\"inLanguage\":\"de\"},{\"@type\":\"Person\",\"@id\":\"https:\\\/\\\/super-news.info\\\/de\\\/#\\\/schema\\\/person\\\/2b9ff946d06444e803cb306ffcfd1045\",\"name\":\"super news\",\"image\":{\"@type\":\"ImageObject\",\"inLanguage\":\"de\",\"@id\":\"https:\\\/\\\/secure.gravatar.com\\\/avatar\\\/98e0b303f300d45b2a94684c5e4dda8baa4a5e9710b579f7493c8612061d08bf?s=96&d=mm&r=g\",\"url\":\"https:\\\/\\\/secure.gravatar.com\\\/avatar\\\/98e0b303f300d45b2a94684c5e4dda8baa4a5e9710b579f7493c8612061d08bf?s=96&d=mm&r=g\",\"contentUrl\":\"https:\\\/\\\/secure.gravatar.com\\\/avatar\\\/98e0b303f300d45b2a94684c5e4dda8baa4a5e9710b579f7493c8612061d08bf?s=96&d=mm&r=g\",\"caption\":\"super news\"},\"url\":\"https:\\\/\\\/super-news.info\\\/de\\\/author\\\/manuel\\\/\"}]}<\/script>\n<!-- \/ Yoast SEO plugin. -->","yoast_head_json":{"title":"Simba Dickie vollzieht Generationswechsel \u203a absatzwirtschaft - Super News","robots":{"index":"index","follow":"follow","max-snippet":"max-snippet:-1","max-image-preview":"max-image-preview:large","max-video-preview":"max-video-preview:-1"},"canonical":"https:\/\/super-news.info\/de\/simba-dickie-vollzieht-generationswechsel-absatzwirtschaft\/","og_locale":"de_DE","og_type":"article","og_title":"Simba Dickie vollzieht Generationswechsel \u203a absatzwirtschaft - Super News","og_description":"Florian Sieber tritt die Nachfolge seines Vaters Michael Sieber an. \u00a9 Simba Dickie Das gelingt l\u00e4ngst nicht jedem Familienunternehmen: Die F\u00fcrther Simba-Dickie-Gruppe bekommt einen neuen Vorstandschef, und zwar den, der bereits vor drei Jahren daf\u00fcr auserkoren wurde. Florian Sieber (36) \u00fcbernimmt den Chefposten von seinem Vater Michael Sieber. Der Senior bleibt als Gesellschafter an Bord. [&hellip;]","og_url":"https:\/\/super-news.info\/de\/simba-dickie-vollzieht-generationswechsel-absatzwirtschaft\/","og_site_name":"Super News","article_published_time":"2021-05-02T05:19:56+00:00","article_modified_time":"2021-05-02T05:20:16+00:00","og_image":[{"width":630,"height":354,"url":"https:\/\/super-news.info\/de\/wp-content\/uploads\/sites\/13\/2021\/05\/Simba-Dickie-vollzieht-Generationswechsel-absatzwirtschaft.jpg","type":"image\/jpeg"}],"author":"super news","twitter_card":"summary_large_image","twitter_misc":{"Verfasst von":"super news","Gesch\u00e4tzte Lesezeit":"2\u00a0Minuten"},"schema":{"@context":"https:\/\/schema.org","@graph":[{"@type":"Article","@id":"https:\/\/super-news.info\/de\/simba-dickie-vollzieht-generationswechsel-absatzwirtschaft\/#article","isPartOf":{"@id":"https:\/\/super-news.info\/de\/simba-dickie-vollzieht-generationswechsel-absatzwirtschaft\/"},"author":{"name":"super news","@id":"https:\/\/super-news.info\/de\/#\/schema\/person\/2b9ff946d06444e803cb306ffcfd1045"},"headline":"Simba Dickie vollzieht Generationswechsel \u203a absatzwirtschaft","datePublished":"2021-05-02T05:19:56+00:00","dateModified":"2021-05-02T05:20:16+00:00","mainEntityOfPage":{"@id":"https:\/\/super-news.info\/de\/simba-dickie-vollzieht-generationswechsel-absatzwirtschaft\/"},"wordCount":406,"commentCount":0,"image":{"@id":"https:\/\/super-news.info\/de\/simba-dickie-vollzieht-generationswechsel-absatzwirtschaft\/#primaryimage"},"thumbnailUrl":"https:\/\/super-news.info\/de\/wp-content\/uploads\/sites\/13\/2021\/05\/Simba-Dickie-vollzieht-Generationswechsel-absatzwirtschaft.jpg","articleSection":["MARKETING NEWS"],"inLanguage":"de","potentialAction":[{"@type":"CommentAction","name":"Comment","target":["https:\/\/super-news.info\/de\/simba-dickie-vollzieht-generationswechsel-absatzwirtschaft\/#respond"]}]},{"@type":"WebPage","@id":"https:\/\/super-news.info\/de\/simba-dickie-vollzieht-generationswechsel-absatzwirtschaft\/","url":"https:\/\/super-news.info\/de\/simba-dickie-vollzieht-generationswechsel-absatzwirtschaft\/","name":"Simba Dickie vollzieht Generationswechsel \u203a absatzwirtschaft - Super News","isPartOf":{"@id":"https:\/\/super-news.info\/de\/#website"},"primaryImageOfPage":{"@id":"https:\/\/super-news.info\/de\/simba-dickie-vollzieht-generationswechsel-absatzwirtschaft\/#primaryimage"},"image":{"@id":"https:\/\/super-news.info\/de\/simba-dickie-vollzieht-generationswechsel-absatzwirtschaft\/#primaryimage"},"thumbnailUrl":"https:\/\/super-news.info\/de\/wp-content\/uploads\/sites\/13\/2021\/05\/Simba-Dickie-vollzieht-Generationswechsel-absatzwirtschaft.jpg","datePublished":"2021-05-02T05:19:56+00:00","dateModified":"2021-05-02T05:20:16+00:00","author":{"@id":"https:\/\/super-news.info\/de\/#\/schema\/person\/2b9ff946d06444e803cb306ffcfd1045"},"breadcrumb":{"@id":"https:\/\/super-news.info\/de\/simba-dickie-vollzieht-generationswechsel-absatzwirtschaft\/#breadcrumb"},"inLanguage":"de","potentialAction":[{"@type":"ReadAction","target":["https:\/\/super-news.info\/de\/simba-dickie-vollzieht-generationswechsel-absatzwirtschaft\/"]}]},{"@type":"ImageObject","inLanguage":"de","@id":"https:\/\/super-news.info\/de\/simba-dickie-vollzieht-generationswechsel-absatzwirtschaft\/#primaryimage","url":"https:\/\/super-news.info\/de\/wp-content\/uploads\/sites\/13\/2021\/05\/Simba-Dickie-vollzieht-Generationswechsel-absatzwirtschaft.jpg","contentUrl":"https:\/\/super-news.info\/de\/wp-content\/uploads\/sites\/13\/2021\/05\/Simba-Dickie-vollzieht-Generationswechsel-absatzwirtschaft.jpg","width":630,"height":354,"caption":"Simba Dickie vollzieht Generationswechsel \u203a absatzwirtschaft"},{"@type":"BreadcrumbList","@id":"https:\/\/super-news.info\/de\/simba-dickie-vollzieht-generationswechsel-absatzwirtschaft\/#breadcrumb","itemListElement":[{"@type":"ListItem","position":1,"name":"Home","item":"https:\/\/super-news.info\/de\/"},{"@type":"ListItem","position":2,"name":"Simba Dickie vollzieht Generationswechsel \u203a absatzwirtschaft"}]},{"@type":"WebSite","@id":"https:\/\/super-news.info\/de\/#website","url":"https:\/\/super-news.info\/de\/","name":"Super News","description":"Super News Germany","potentialAction":[{"@type":"SearchAction","target":{"@type":"EntryPoint","urlTemplate":"https:\/\/super-news.info\/de\/?s={search_term_string}"},"query-input":{"@type":"PropertyValueSpecification","valueRequired":true,"valueName":"search_term_string"}}],"inLanguage":"de"},{"@type":"Person","@id":"https:\/\/super-news.info\/de\/#\/schema\/person\/2b9ff946d06444e803cb306ffcfd1045","name":"super news","image":{"@type":"ImageObject","inLanguage":"de","@id":"https:\/\/secure.gravatar.com\/avatar\/98e0b303f300d45b2a94684c5e4dda8baa4a5e9710b579f7493c8612061d08bf?s=96&d=mm&r=g","url":"https:\/\/secure.gravatar.com\/avatar\/98e0b303f300d45b2a94684c5e4dda8baa4a5e9710b579f7493c8612061d08bf?s=96&d=mm&r=g","contentUrl":"https:\/\/secure.gravatar.com\/avatar\/98e0b303f300d45b2a94684c5e4dda8baa4a5e9710b579f7493c8612061d08bf?s=96&d=mm&r=g","caption":"super news"},"url":"https:\/\/super-news.info\/de\/author\/manuel\/"}]}},"_links":{"self":[{"href":"https:\/\/super-news.info\/de\/wp-json\/wp\/v2\/posts\/1555","targetHints":{"allow":["GET"]}}],"collection":[{"href":"https:\/\/super-news.info\/de\/wp-json\/wp\/v2\/posts"}],"about":[{"href":"https:\/\/super-news.info\/de\/wp-json\/wp\/v2\/types\/post"}],"author":[{"embeddable":true,"href":"https:\/\/super-news.info\/de\/wp-json\/wp\/v2\/users\/1"}],"replies":[{"embeddable":true,"href":"https:\/\/super-news.info\/de\/wp-json\/wp\/v2\/comments?post=1555"}],"version-history":[{"count":1,"href":"https:\/\/super-news.info\/de\/wp-json\/wp\/v2\/posts\/1555\/revisions"}],"predecessor-version":[{"id":1557,"href":"https:\/\/super-news.info\/de\/wp-json\/wp\/v2\/posts\/1555\/revisions\/1557"}],"wp:featuredmedia":[{"embeddable":true,"href":"https:\/\/super-news.info\/de\/wp-json\/wp\/v2\/media\/1556"}],"wp:attachment":[{"href":"https:\/\/super-news.info\/de\/wp-json\/wp\/v2\/media?parent=1555"}],"wp:term":[{"taxonomy":"category","embeddable":true,"href":"https:\/\/super-news.info\/de\/wp-json\/wp\/v2\/categories?post=1555"},{"taxonomy":"post_tag","embeddable":true,"href":"https:\/\/super-news.info\/de\/wp-json\/wp\/v2\/tags?post=1555"}],"curies":[{"name":"wp","href":"https:\/\/api.w.org\/{rel}","templated":true}]}}