{"id":1543,"date":"2021-04-30T05:15:25","date_gmt":"2021-04-30T05:15:25","guid":{"rendered":"https:\/\/super-news.info\/de\/mercedes-benz-buendelt-marketing-pr-absatzwirtschaft\/"},"modified":"2021-04-30T05:15:27","modified_gmt":"2021-04-30T05:15:27","slug":"mercedes-benz-buendelt-marketing-pr-absatzwirtschaft","status":"publish","type":"post","link":"https:\/\/super-news.info\/de\/mercedes-benz-buendelt-marketing-pr-absatzwirtschaft\/","title":{"rendered":"Mercedes-Benz b\u00fcndelt Marketing &#038; PR \u203a absatzwirtschaft"},"content":{"rendered":"<p>\t\t\t\t\t\tMercedes-Benz stellt seine Marketing- und Kommunikationsaktivit\u00e4ten grundlegend neu auf. In einer gemeinsamen Einheit werden erstmals beide Disziplinen zusammengef\u00fchrt. Ziel ist ein weltweit einheitlicher Auftritt \u2013 sowohl f\u00fcr die Produkt- als auch die Unternehmensmarke Mercedes-Benz.<\/p>\n<p>\t\t\t\t\tVon Henning Eberhardt<br \/>\n\t\t\t\t\tBereits im Oktober 2020 verk\u00fcndete Mercedes-Benz eine strategische Ausrichtung, die insbesondere auf den Ausbau der Luxus-Positionierung der Marke Mercedes-Benz, ein deutliches Wachstum der Sub-Marken sowie eine forcierte Entwicklung von Elektroantrieben und Fahrzeug-Software zielt.<\/p>\n<p>Bettina Fetzer \u00fcbernimmt Marketing &amp; PR<\/p>\n<p>Zur Umsetzung dieser Strategie hat das Unternehmen nun eine umfassende Transformation der internen und externen Kooperationsmodelle f\u00fcr seine globalen Marketing- und Kommunikationsaktivit\u00e4ten beschlossen. Im Zuge dessen ist auch eine Weiterentwicklung des globalen Agenturnetzwerks von Mercedes-Benz initiiert. Die Leitung des neu geschaffenen und geb\u00fcndelten Bereichs obliegt k\u00fcnftig der bisherigen Marketingchefin Bettina Fetzer, die sowohl \u00fcber langj\u00e4hrige Erfahrung in der Presse- als auch Marketingkommunikation verf\u00fcgt.<\/p>\n<p>\u201cUnsere strategische Neuausrichtung erfordert mehr denn je einen global konsistenten Markenauftritt\u201d, sagt Fetzer. \u201cDaf\u00fcr sorgen die globalen und regionalen Teams in engster Zusammenarbeit und bieten unseren Kunden und Fans ein nachhaltiges Luxus-Erlebnis an allen Kontaktpunkten \u2013 weltweit\u201d, erg\u00e4nzt die Marketingchefin von Mercedes-Benz.<\/p>\n<p>Mercedes f\u00fchrt Kreation in Stuttgart zusammen<\/p>\n<p>Konkret will Mercedes die Kreation von globalen Brand-Marketing-Inhalten in den zentralen Bereichen in Stuttgart zusammenf\u00fchren. Im Performance Marketing werde laut dem Autohersteller \u201cdie Kreation, Aktivierung und Erfolgsmessung Regionen-\u00fcbergreifend harmonisiert\u201d und soll so eine \u201ceffiziente, personalisierte und datengesteuerte Kundenkommunikation\u201d erm\u00f6glichen.<\/p>\n<p>\u201cDiese organisatorische Zusammenf\u00fchrung stellt sicher, dass Mercedes-Benz mit einer Stimme gegen\u00fcber diversen Zielgruppen und Stakeholdern spricht\u201d, sagt Britta Seeger, die als Mitglied des Vorstands verantwortlich f\u00fcr den Vertrieb von Daimler und Mercedes-Benz ist. Mit der \u201cintelligenten B\u00fcndelung der Presse- und Marketingkompetenzen\u201d unterstreiche Mercedes-Benz \u201cseine Vorreiterrolle bei der Gestaltung einer kundenzentrierten, progressiven und globalen Kommunikation\u201d.<\/p>\n<p>Und Ola K\u00e4llenius, Vorstandsvorsitzender von Daimler und Mercedes-Benz, erg\u00e4nzt: \u201cMit der Neuaufstellung unserer weltweiten PR- und Marketingaktivit\u00e4ten schaffen wir die Grundlage, um unseren F\u00fchrungsanspruch bei elektrischen Antrieben und Fahrzeugsoftware mit noch mehr Schlagkraft zu vermitteln.\u201d <\/p>\n<p>J\u00f6rg Howe wechselt zu Daimler Truck<\/p>\n<p>Mit der B\u00fcndelung von Marketing und PR gehen bei Mercedes einige personelle und strukturelle Ver\u00e4nderungen einher:<\/p>\n<p>Im Zuge der geplanten B\u00f6rsennotierung des Daimler-Truck- und Busgesch\u00e4fts als unabh\u00e4ngiges Unternehmen wechselt Daimlers Kommunikationschef J\u00f6rg Howe zu Daimler Truck. Zum 1. Juli 2021 \u00fcbernimmt er dort die neu geschaffene Funktion des Generalbevollm\u00e4chtigten f\u00fcr Au\u00dfenbeziehungen und Kommunikation. In dieser Rolle berichtet Howe dann an Martin Daum, Vorstandsvorsitzender von Daimler Truck. \u201cIch danke J\u00f6rg f\u00fcr seine hervorragende Arbeit in den letzten 13 Jahren und ich freue mich sehr darauf, wie das Team um Bettina den Auftritt von Mercedes-Benz f\u00fcr eine neue \u00c4ra gestaltet\u201d, sagt Daimler-Chef K\u00e4llenius.Die Funktion des Head of Corporate Communications f\u00fcr Daimler und f\u00fcr Mercedes-Benz \u00fcbernimmt k\u00fcnftig Tobias Just. Just arbeitet bereits seit 2007 in verschiedenen Kommunikationsfunktionen f\u00fcr Daimler, zuletzt seit 2018 als Director Communications. Zuvor arbeitete er von 2005 bis 2007 als PR Referent bei Coca-Cola.Die Produkt-, Technologie- und Marken-Kommunikation f\u00fcr Mercedes\u2011Benz sowie die Kommunikation f\u00fcr Mercedes-Benz Vans wird weiterhin von Katja Bott verantwortet.<\/p>\n<p>absatzwirtschaft+<\/p>\n<p>Sie wollen weitere relevante Informationen und spannende Hintergr\u00fcnde f\u00fcr Ihre t\u00e4gliche Arbeit im Marketing? Dann\u00a0abonnieren Sie jetzt hier\u00a0unseren kostenfreien Newsletter.<\/p>\n<p>\n<!--noindex--><br \/>\n<a href=\"https:\/\/www.absatzwirtschaft.de\/transformation-mercedes-benz-buendelt-marketing-pr-179226\/\" rel=\"nofollow\">Source link <\/a><br \/>\n<!--\/noindex--><\/p>\n","protected":false},"excerpt":{"rendered":"<p>Mercedes-Benz stellt seine Marketing- und Kommunikationsaktivit\u00e4ten grundlegend neu auf. In einer gemeinsamen Einheit werden erstmals beide Disziplinen zusammengef\u00fchrt. Ziel ist ein weltweit einheitlicher Auftritt \u2013 sowohl f\u00fcr die Produkt- als auch die Unternehmensmarke Mercedes-Benz. Von Henning Eberhardt Bereits im Oktober 2020 verk\u00fcndete Mercedes-Benz eine strategische Ausrichtung, die insbesondere auf den Ausbau der Luxus-Positionierung der Marke [&hellip;]<\/p>\n","protected":false},"author":1,"featured_media":1544,"comment_status":"open","ping_status":"open","sticky":false,"template":"","format":"standard","meta":{"footnotes":""},"categories":[5],"tags":[],"class_list":["post-1543","post","type-post","status-publish","format-standard","has-post-thumbnail","hentry","category-marketing-news"],"yoast_head":"<!-- This site is optimized with the Yoast SEO plugin v27.4 - https:\/\/yoast.com\/product\/yoast-seo-wordpress\/ -->\n<title>Mercedes-Benz b\u00fcndelt Marketing &amp; PR \u203a absatzwirtschaft - Super News<\/title>\n<meta name=\"robots\" content=\"index, follow, max-snippet:-1, max-image-preview:large, max-video-preview:-1\" \/>\n<link rel=\"canonical\" href=\"https:\/\/super-news.info\/de\/mercedes-benz-buendelt-marketing-pr-absatzwirtschaft\/\" \/>\n<meta property=\"og:locale\" content=\"de_DE\" \/>\n<meta property=\"og:type\" content=\"article\" \/>\n<meta property=\"og:title\" content=\"Mercedes-Benz b\u00fcndelt Marketing &amp; PR \u203a absatzwirtschaft - Super News\" \/>\n<meta property=\"og:description\" content=\"Mercedes-Benz stellt seine Marketing- und Kommunikationsaktivit\u00e4ten grundlegend neu auf. In einer gemeinsamen Einheit werden erstmals beide Disziplinen zusammengef\u00fchrt. Ziel ist ein weltweit einheitlicher Auftritt \u2013 sowohl f\u00fcr die Produkt- als auch die Unternehmensmarke Mercedes-Benz. Von Henning Eberhardt Bereits im Oktober 2020 verk\u00fcndete Mercedes-Benz eine strategische Ausrichtung, die insbesondere auf den Ausbau der Luxus-Positionierung der Marke [&hellip;]\" \/>\n<meta property=\"og:url\" content=\"https:\/\/super-news.info\/de\/mercedes-benz-buendelt-marketing-pr-absatzwirtschaft\/\" \/>\n<meta property=\"og:site_name\" content=\"Super News\" \/>\n<meta property=\"article:published_time\" content=\"2021-04-30T05:15:25+00:00\" \/>\n<meta property=\"article:modified_time\" content=\"2021-04-30T05:15:27+00:00\" \/>\n<meta property=\"og:image\" content=\"https:\/\/super-news.info\/de\/wp-content\/uploads\/sites\/13\/2021\/04\/Mercedes-Benz-buendelt-Marketing-PR-absatzwirtschaft.jpg\" \/>\n\t<meta property=\"og:image:width\" content=\"630\" \/>\n\t<meta property=\"og:image:height\" content=\"354\" \/>\n\t<meta property=\"og:image:type\" content=\"image\/jpeg\" \/>\n<meta name=\"author\" content=\"super news\" \/>\n<meta name=\"twitter:card\" content=\"summary_large_image\" \/>\n<meta name=\"twitter:label1\" content=\"Verfasst von\" \/>\n\t<meta name=\"twitter:data1\" content=\"super news\" \/>\n\t<meta name=\"twitter:label2\" content=\"Gesch\u00e4tzte Lesezeit\" \/>\n\t<meta name=\"twitter:data2\" content=\"3\u00a0Minuten\" \/>\n<script type=\"application\/ld+json\" class=\"yoast-schema-graph\">{\"@context\":\"https:\\\/\\\/schema.org\",\"@graph\":[{\"@type\":\"Article\",\"@id\":\"https:\\\/\\\/super-news.info\\\/de\\\/mercedes-benz-buendelt-marketing-pr-absatzwirtschaft\\\/#article\",\"isPartOf\":{\"@id\":\"https:\\\/\\\/super-news.info\\\/de\\\/mercedes-benz-buendelt-marketing-pr-absatzwirtschaft\\\/\"},\"author\":{\"name\":\"super news\",\"@id\":\"https:\\\/\\\/super-news.info\\\/de\\\/#\\\/schema\\\/person\\\/2b9ff946d06444e803cb306ffcfd1045\"},\"headline\":\"Mercedes-Benz b\u00fcndelt Marketing &#038; PR \u203a absatzwirtschaft\",\"datePublished\":\"2021-04-30T05:15:25+00:00\",\"dateModified\":\"2021-04-30T05:15:27+00:00\",\"mainEntityOfPage\":{\"@id\":\"https:\\\/\\\/super-news.info\\\/de\\\/mercedes-benz-buendelt-marketing-pr-absatzwirtschaft\\\/\"},\"wordCount\":554,\"commentCount\":0,\"image\":{\"@id\":\"https:\\\/\\\/super-news.info\\\/de\\\/mercedes-benz-buendelt-marketing-pr-absatzwirtschaft\\\/#primaryimage\"},\"thumbnailUrl\":\"https:\\\/\\\/super-news.info\\\/de\\\/wp-content\\\/uploads\\\/sites\\\/13\\\/2021\\\/04\\\/Mercedes-Benz-buendelt-Marketing-PR-absatzwirtschaft.jpg\",\"articleSection\":[\"MARKETING NEWS\"],\"inLanguage\":\"de\",\"potentialAction\":[{\"@type\":\"CommentAction\",\"name\":\"Comment\",\"target\":[\"https:\\\/\\\/super-news.info\\\/de\\\/mercedes-benz-buendelt-marketing-pr-absatzwirtschaft\\\/#respond\"]}]},{\"@type\":\"WebPage\",\"@id\":\"https:\\\/\\\/super-news.info\\\/de\\\/mercedes-benz-buendelt-marketing-pr-absatzwirtschaft\\\/\",\"url\":\"https:\\\/\\\/super-news.info\\\/de\\\/mercedes-benz-buendelt-marketing-pr-absatzwirtschaft\\\/\",\"name\":\"Mercedes-Benz b\u00fcndelt Marketing & PR \u203a absatzwirtschaft - Super News\",\"isPartOf\":{\"@id\":\"https:\\\/\\\/super-news.info\\\/de\\\/#website\"},\"primaryImageOfPage\":{\"@id\":\"https:\\\/\\\/super-news.info\\\/de\\\/mercedes-benz-buendelt-marketing-pr-absatzwirtschaft\\\/#primaryimage\"},\"image\":{\"@id\":\"https:\\\/\\\/super-news.info\\\/de\\\/mercedes-benz-buendelt-marketing-pr-absatzwirtschaft\\\/#primaryimage\"},\"thumbnailUrl\":\"https:\\\/\\\/super-news.info\\\/de\\\/wp-content\\\/uploads\\\/sites\\\/13\\\/2021\\\/04\\\/Mercedes-Benz-buendelt-Marketing-PR-absatzwirtschaft.jpg\",\"datePublished\":\"2021-04-30T05:15:25+00:00\",\"dateModified\":\"2021-04-30T05:15:27+00:00\",\"author\":{\"@id\":\"https:\\\/\\\/super-news.info\\\/de\\\/#\\\/schema\\\/person\\\/2b9ff946d06444e803cb306ffcfd1045\"},\"breadcrumb\":{\"@id\":\"https:\\\/\\\/super-news.info\\\/de\\\/mercedes-benz-buendelt-marketing-pr-absatzwirtschaft\\\/#breadcrumb\"},\"inLanguage\":\"de\",\"potentialAction\":[{\"@type\":\"ReadAction\",\"target\":[\"https:\\\/\\\/super-news.info\\\/de\\\/mercedes-benz-buendelt-marketing-pr-absatzwirtschaft\\\/\"]}]},{\"@type\":\"ImageObject\",\"inLanguage\":\"de\",\"@id\":\"https:\\\/\\\/super-news.info\\\/de\\\/mercedes-benz-buendelt-marketing-pr-absatzwirtschaft\\\/#primaryimage\",\"url\":\"https:\\\/\\\/super-news.info\\\/de\\\/wp-content\\\/uploads\\\/sites\\\/13\\\/2021\\\/04\\\/Mercedes-Benz-buendelt-Marketing-PR-absatzwirtschaft.jpg\",\"contentUrl\":\"https:\\\/\\\/super-news.info\\\/de\\\/wp-content\\\/uploads\\\/sites\\\/13\\\/2021\\\/04\\\/Mercedes-Benz-buendelt-Marketing-PR-absatzwirtschaft.jpg\",\"width\":630,\"height\":354,\"caption\":\"Mercedes-Benz b\u00fcndelt Marketing & PR \u203a absatzwirtschaft\"},{\"@type\":\"BreadcrumbList\",\"@id\":\"https:\\\/\\\/super-news.info\\\/de\\\/mercedes-benz-buendelt-marketing-pr-absatzwirtschaft\\\/#breadcrumb\",\"itemListElement\":[{\"@type\":\"ListItem\",\"position\":1,\"name\":\"Home\",\"item\":\"https:\\\/\\\/super-news.info\\\/de\\\/\"},{\"@type\":\"ListItem\",\"position\":2,\"name\":\"Mercedes-Benz b\u00fcndelt Marketing &#038; PR \u203a absatzwirtschaft\"}]},{\"@type\":\"WebSite\",\"@id\":\"https:\\\/\\\/super-news.info\\\/de\\\/#website\",\"url\":\"https:\\\/\\\/super-news.info\\\/de\\\/\",\"name\":\"Super News\",\"description\":\"Super News Germany\",\"potentialAction\":[{\"@type\":\"SearchAction\",\"target\":{\"@type\":\"EntryPoint\",\"urlTemplate\":\"https:\\\/\\\/super-news.info\\\/de\\\/?s={search_term_string}\"},\"query-input\":{\"@type\":\"PropertyValueSpecification\",\"valueRequired\":true,\"valueName\":\"search_term_string\"}}],\"inLanguage\":\"de\"},{\"@type\":\"Person\",\"@id\":\"https:\\\/\\\/super-news.info\\\/de\\\/#\\\/schema\\\/person\\\/2b9ff946d06444e803cb306ffcfd1045\",\"name\":\"super news\",\"image\":{\"@type\":\"ImageObject\",\"inLanguage\":\"de\",\"@id\":\"https:\\\/\\\/secure.gravatar.com\\\/avatar\\\/98e0b303f300d45b2a94684c5e4dda8baa4a5e9710b579f7493c8612061d08bf?s=96&d=mm&r=g\",\"url\":\"https:\\\/\\\/secure.gravatar.com\\\/avatar\\\/98e0b303f300d45b2a94684c5e4dda8baa4a5e9710b579f7493c8612061d08bf?s=96&d=mm&r=g\",\"contentUrl\":\"https:\\\/\\\/secure.gravatar.com\\\/avatar\\\/98e0b303f300d45b2a94684c5e4dda8baa4a5e9710b579f7493c8612061d08bf?s=96&d=mm&r=g\",\"caption\":\"super news\"},\"url\":\"https:\\\/\\\/super-news.info\\\/de\\\/author\\\/manuel\\\/\"}]}<\/script>\n<!-- \/ Yoast SEO plugin. -->","yoast_head_json":{"title":"Mercedes-Benz b\u00fcndelt Marketing & PR \u203a absatzwirtschaft - Super News","robots":{"index":"index","follow":"follow","max-snippet":"max-snippet:-1","max-image-preview":"max-image-preview:large","max-video-preview":"max-video-preview:-1"},"canonical":"https:\/\/super-news.info\/de\/mercedes-benz-buendelt-marketing-pr-absatzwirtschaft\/","og_locale":"de_DE","og_type":"article","og_title":"Mercedes-Benz b\u00fcndelt Marketing & PR \u203a absatzwirtschaft - Super News","og_description":"Mercedes-Benz stellt seine Marketing- und Kommunikationsaktivit\u00e4ten grundlegend neu auf. In einer gemeinsamen Einheit werden erstmals beide Disziplinen zusammengef\u00fchrt. Ziel ist ein weltweit einheitlicher Auftritt \u2013 sowohl f\u00fcr die Produkt- als auch die Unternehmensmarke Mercedes-Benz. Von Henning Eberhardt Bereits im Oktober 2020 verk\u00fcndete Mercedes-Benz eine strategische Ausrichtung, die insbesondere auf den Ausbau der Luxus-Positionierung der Marke [&hellip;]","og_url":"https:\/\/super-news.info\/de\/mercedes-benz-buendelt-marketing-pr-absatzwirtschaft\/","og_site_name":"Super News","article_published_time":"2021-04-30T05:15:25+00:00","article_modified_time":"2021-04-30T05:15:27+00:00","og_image":[{"width":630,"height":354,"url":"https:\/\/super-news.info\/de\/wp-content\/uploads\/sites\/13\/2021\/04\/Mercedes-Benz-buendelt-Marketing-PR-absatzwirtschaft.jpg","type":"image\/jpeg"}],"author":"super news","twitter_card":"summary_large_image","twitter_misc":{"Verfasst von":"super news","Gesch\u00e4tzte Lesezeit":"3\u00a0Minuten"},"schema":{"@context":"https:\/\/schema.org","@graph":[{"@type":"Article","@id":"https:\/\/super-news.info\/de\/mercedes-benz-buendelt-marketing-pr-absatzwirtschaft\/#article","isPartOf":{"@id":"https:\/\/super-news.info\/de\/mercedes-benz-buendelt-marketing-pr-absatzwirtschaft\/"},"author":{"name":"super news","@id":"https:\/\/super-news.info\/de\/#\/schema\/person\/2b9ff946d06444e803cb306ffcfd1045"},"headline":"Mercedes-Benz b\u00fcndelt Marketing &#038; PR \u203a absatzwirtschaft","datePublished":"2021-04-30T05:15:25+00:00","dateModified":"2021-04-30T05:15:27+00:00","mainEntityOfPage":{"@id":"https:\/\/super-news.info\/de\/mercedes-benz-buendelt-marketing-pr-absatzwirtschaft\/"},"wordCount":554,"commentCount":0,"image":{"@id":"https:\/\/super-news.info\/de\/mercedes-benz-buendelt-marketing-pr-absatzwirtschaft\/#primaryimage"},"thumbnailUrl":"https:\/\/super-news.info\/de\/wp-content\/uploads\/sites\/13\/2021\/04\/Mercedes-Benz-buendelt-Marketing-PR-absatzwirtschaft.jpg","articleSection":["MARKETING NEWS"],"inLanguage":"de","potentialAction":[{"@type":"CommentAction","name":"Comment","target":["https:\/\/super-news.info\/de\/mercedes-benz-buendelt-marketing-pr-absatzwirtschaft\/#respond"]}]},{"@type":"WebPage","@id":"https:\/\/super-news.info\/de\/mercedes-benz-buendelt-marketing-pr-absatzwirtschaft\/","url":"https:\/\/super-news.info\/de\/mercedes-benz-buendelt-marketing-pr-absatzwirtschaft\/","name":"Mercedes-Benz b\u00fcndelt Marketing & PR \u203a absatzwirtschaft - Super News","isPartOf":{"@id":"https:\/\/super-news.info\/de\/#website"},"primaryImageOfPage":{"@id":"https:\/\/super-news.info\/de\/mercedes-benz-buendelt-marketing-pr-absatzwirtschaft\/#primaryimage"},"image":{"@id":"https:\/\/super-news.info\/de\/mercedes-benz-buendelt-marketing-pr-absatzwirtschaft\/#primaryimage"},"thumbnailUrl":"https:\/\/super-news.info\/de\/wp-content\/uploads\/sites\/13\/2021\/04\/Mercedes-Benz-buendelt-Marketing-PR-absatzwirtschaft.jpg","datePublished":"2021-04-30T05:15:25+00:00","dateModified":"2021-04-30T05:15:27+00:00","author":{"@id":"https:\/\/super-news.info\/de\/#\/schema\/person\/2b9ff946d06444e803cb306ffcfd1045"},"breadcrumb":{"@id":"https:\/\/super-news.info\/de\/mercedes-benz-buendelt-marketing-pr-absatzwirtschaft\/#breadcrumb"},"inLanguage":"de","potentialAction":[{"@type":"ReadAction","target":["https:\/\/super-news.info\/de\/mercedes-benz-buendelt-marketing-pr-absatzwirtschaft\/"]}]},{"@type":"ImageObject","inLanguage":"de","@id":"https:\/\/super-news.info\/de\/mercedes-benz-buendelt-marketing-pr-absatzwirtschaft\/#primaryimage","url":"https:\/\/super-news.info\/de\/wp-content\/uploads\/sites\/13\/2021\/04\/Mercedes-Benz-buendelt-Marketing-PR-absatzwirtschaft.jpg","contentUrl":"https:\/\/super-news.info\/de\/wp-content\/uploads\/sites\/13\/2021\/04\/Mercedes-Benz-buendelt-Marketing-PR-absatzwirtschaft.jpg","width":630,"height":354,"caption":"Mercedes-Benz b\u00fcndelt Marketing & PR \u203a absatzwirtschaft"},{"@type":"BreadcrumbList","@id":"https:\/\/super-news.info\/de\/mercedes-benz-buendelt-marketing-pr-absatzwirtschaft\/#breadcrumb","itemListElement":[{"@type":"ListItem","position":1,"name":"Home","item":"https:\/\/super-news.info\/de\/"},{"@type":"ListItem","position":2,"name":"Mercedes-Benz b\u00fcndelt Marketing &#038; PR \u203a absatzwirtschaft"}]},{"@type":"WebSite","@id":"https:\/\/super-news.info\/de\/#website","url":"https:\/\/super-news.info\/de\/","name":"Super News","description":"Super News Germany","potentialAction":[{"@type":"SearchAction","target":{"@type":"EntryPoint","urlTemplate":"https:\/\/super-news.info\/de\/?s={search_term_string}"},"query-input":{"@type":"PropertyValueSpecification","valueRequired":true,"valueName":"search_term_string"}}],"inLanguage":"de"},{"@type":"Person","@id":"https:\/\/super-news.info\/de\/#\/schema\/person\/2b9ff946d06444e803cb306ffcfd1045","name":"super news","image":{"@type":"ImageObject","inLanguage":"de","@id":"https:\/\/secure.gravatar.com\/avatar\/98e0b303f300d45b2a94684c5e4dda8baa4a5e9710b579f7493c8612061d08bf?s=96&d=mm&r=g","url":"https:\/\/secure.gravatar.com\/avatar\/98e0b303f300d45b2a94684c5e4dda8baa4a5e9710b579f7493c8612061d08bf?s=96&d=mm&r=g","contentUrl":"https:\/\/secure.gravatar.com\/avatar\/98e0b303f300d45b2a94684c5e4dda8baa4a5e9710b579f7493c8612061d08bf?s=96&d=mm&r=g","caption":"super news"},"url":"https:\/\/super-news.info\/de\/author\/manuel\/"}]}},"_links":{"self":[{"href":"https:\/\/super-news.info\/de\/wp-json\/wp\/v2\/posts\/1543","targetHints":{"allow":["GET"]}}],"collection":[{"href":"https:\/\/super-news.info\/de\/wp-json\/wp\/v2\/posts"}],"about":[{"href":"https:\/\/super-news.info\/de\/wp-json\/wp\/v2\/types\/post"}],"author":[{"embeddable":true,"href":"https:\/\/super-news.info\/de\/wp-json\/wp\/v2\/users\/1"}],"replies":[{"embeddable":true,"href":"https:\/\/super-news.info\/de\/wp-json\/wp\/v2\/comments?post=1543"}],"version-history":[{"count":1,"href":"https:\/\/super-news.info\/de\/wp-json\/wp\/v2\/posts\/1543\/revisions"}],"predecessor-version":[{"id":1545,"href":"https:\/\/super-news.info\/de\/wp-json\/wp\/v2\/posts\/1543\/revisions\/1545"}],"wp:featuredmedia":[{"embeddable":true,"href":"https:\/\/super-news.info\/de\/wp-json\/wp\/v2\/media\/1544"}],"wp:attachment":[{"href":"https:\/\/super-news.info\/de\/wp-json\/wp\/v2\/media?parent=1543"}],"wp:term":[{"taxonomy":"category","embeddable":true,"href":"https:\/\/super-news.info\/de\/wp-json\/wp\/v2\/categories?post=1543"},{"taxonomy":"post_tag","embeddable":true,"href":"https:\/\/super-news.info\/de\/wp-json\/wp\/v2\/tags?post=1543"}],"curies":[{"name":"wp","href":"https:\/\/api.w.org\/{rel}","templated":true}]}}