{"id":154,"date":"2020-08-29T14:22:07","date_gmt":"2020-08-29T14:22:07","guid":{"rendered":"https:\/\/super-news.info\/de\/podcasts-haltung-werbejobs-absatzwirtschaft\/"},"modified":"2020-08-31T11:04:35","modified_gmt":"2020-08-31T11:04:35","slug":"podcasts-haltung-werbejobs-absatzwirtschaft","status":"publish","type":"post","link":"https:\/\/super-news.info\/de\/podcasts-haltung-werbejobs-absatzwirtschaft\/","title":{"rendered":"Podcasts, Haltung, Werbejobs \u203a absatzwirtschaft"},"content":{"rendered":"<div>\n<p><span class=\"entry-ressort\">Abseits der Statistiken zu den direkt Betroffenen der Covid19-Pandemie gibt es eine Reihe von interessanten Zahlen und Untersuchungen zum Coronavirus und seinen Folgen f\u00fcr Wirtschaft und Gesellschaft. Relevante Studienergebnisse stellen wir hier genauer vor.<\/span><\/p>\n<p>&nbsp;<\/p>\n<\/div>\n<div>\n<p class=\"entry-author\"><em>Von <span class=\"vcard author\"><span class=\"fn\">Thomas Thieme<\/span><\/span><\/em><\/p>\n<h2>Diese Podcasts werden auf Spotify am meisten gestreamt<\/h2>\n<p>Corona hat den Trend zum Podcast-H\u00f6ren noch einmal angetrieben. Doch was sind die beliebteste Formate? Erstmals hat das Audioportal Spotify in diesem Jahr neben den Songs des Sommers auch die meistgestreamten Podcasts zwischen dem 1. Juni und 15. August 2020 ermittelt. Weltweit schaffte es aus einem Katalog von \u00fcber 1,5 Millionen Formaten \u201cThe Michelle Obama Podcast\u201d von Higher Ground und Spotify auf den ersten Platz. Der erst seit Ende Juli verf\u00fcgbare Podcast begeisterte bereits in kurzer Zeit eine Millionen-H\u00f6rerschaft.<\/p>\n<p><strong>Top 10 der meistgestreamten Podcasts des Sommers auf Spotify weltweit: <\/strong><\/p>\n<ol>\n<li>The Michelle Obama Podcast<\/li>\n<li>NPR News Now<\/li>\n<li>The Daily<\/li>\n<li>Call Her Daddy<\/li>\n<li>TED Talks Daily<\/li>\n<li>Harry Potter At Home: Readings<\/li>\n<li>Crime Junkie<\/li>\n<li>Gemischtes Hack<\/li>\n<li>Snacks Minute<\/li>\n<li>Mama Knows Best<\/li>\n<\/ol>\n<p>Mit dem Spotify Exclusive Podcast \u201cGemischtes Hack\u201d auf Platz 8 schaffte es auch ein deutsches Format in die Top 10 der meistgestreamten Podcasts weltweit. In Deutschland belegen Tommi Schmitt und Felix Lobrecht mit ihrem Podcast Platz 1 der meistgestreamten Podcasts, gefolgt von dem Nachrichtenformat \u201cTagesschau in 100 Sekunden\u201d auf Platz 2 und dem Spotify Exclusive Podcast \u201cFest &amp; Flauschig\u201d auf Platz 3.<\/p>\n<p><strong>Top 10 der meistgestreamten Podcasts des<br \/>\nSommers auf Spotify in Deutschland:&nbsp;<\/strong><\/p>\n<ol>\n<li>Gemischtes Hack<\/li>\n<li>Tagesschau in 100 Sekunden<\/li>\n<li>Fest &amp; Flauschig<\/li>\n<li>Nachrichten \u2013 Deutschlandfunk<\/li>\n<li>Verbrechen<\/li>\n<li>Dick &amp; Doof<\/li>\n<li>Mordlust<\/li>\n<li>Was jetzt?<\/li>\n<li>Hielscher oder Haase \u2013 Deutschlandfunk Nova<\/li>\n<li>Baywatch Berlin<\/li>\n<\/ol>\n<h2>Firmenchefs wollen B\u00fcrofl\u00e4chen reduzieren<\/h2>\n<p>Die Corona-Pandemie wird laut einer Studie die Arbeitswelt weiter umkrempeln und die Digitalisierung in Firmen beschleunigen. In einer Umfrage der Pr\u00fcfungsgesellschaft KPMG unter Chefs gro\u00dfer Unternehmen gaben 77 Prozent an, ihre Mittel zur digitalen Zusammenarbeit und Kommunikation weiter ausbauen zu wollen. 69 Prozent gehen ferner davon aus, dass ihr Unternehmen wegen Homeoffice k\u00fcnftig weniger B\u00fcrofl\u00e4chen ben\u00f6tigen wird.<\/p>\n<p>Rund drei Viertel der Befragten betonten, dass Homeoffice und Arbeiten aus<br \/>\nder Ferne ihre Arbeitskultur signifikant ver\u00e4ndert sowie den Kreis m\u00f6glicher<br \/>\nTalente erweitert h\u00e4tten. Die Kommunikation mit den Besch\u00e4ftigten habe sich in<br \/>\nder Krise sogar verbessert (68 Prozent).<\/p>\n<h2>Fitnessstudios mit deutlich weniger Kunden<\/h2>\n<p>Die Fitnessstudios haben in der Corona-Krise viele Kunden verloren. Verglichen mit dem Vorjahreszeitraum sei die Mitgliederzahl um 15 bis 20 Prozent gesunken, sagte der Vorsitzende des Bundesverbands Gesundheitsstudios Deutschland, Botond Mezey, dem Berliner \u201cTagesspiegel\u201d. Die bef\u00fcrchtete Insolvenzwelle sei aber bislang ausgeblieben. \u201cEs sieht derzeit nicht nach einer Pleitewelle aus\u201d, sagte Mezey.<\/p>\n<p>Der Verbandschef sch\u00e4tzt, dass rund f\u00fcnf Studios pro Woche aufgeben m\u00fcssen. Insgesamt gibt es demnach in Deutschland rund 9700 Fitnessanlagen, 2019 machte die Branche einen Umsatz von 5,5 Milliarden Euro. Wegen Covid-19 waren die Clubs in ganz Deutschland von M\u00e4rz bis Mitte Mai geschlossen, in vielen Bundesl\u00e4ndern durften die Studios erst im Juni wieder \u00f6ffnen.<\/p>\n<h2>Haltung in der Digitalbranche gefragt<\/h2>\n<p>Das diesj\u00e4hrige Motto der vollst\u00e4ndig digitalen Dmexco lautet \u201cAttitute matters\u201d. Passend dazu haben die Macher der Digitalmesse in ihrem aktuellen Dmexco-Report untersucht, welche Herausforderungen der Digitalbranche bevorstehen, welche Rolle Haltung in welchen Unternehmensbereichen spielt und welche Schwierigkeiten sich daraus ergeben k\u00f6nnen. Mit einem eindeutigen Ergebnis von 95 Prozent (national) und 90 Prozent (international) ist sich die Branche einig: Unternehmen m\u00fcssen Haltung zeigen. Besonders wichtig ist dies national in den Bereichen \u201cVertrauen\/Transparenz gegen\u00fcber Kunden\u201d (64 Prozent), \u201cKlimawandel\u201d (64 Prozent) und \u201cAbschw\u00e4chung der Corona-Krise\u201d (62 Prozent). International liegen ebenfalls \u201cVertrauen\/Transparenz gegen\u00fcber Kunden\u201d (63 Prozent) und \u201cKlimawandel\u201d (51 Prozent) ganz vorne. Die befragten Marketer sehen jedoch die \u201cAbschw\u00e4chung der Coronakrise\u201d gleichauf mit dem Thema \u201cPersonalisierung vs. Datenschutz\u201d (beides 49 Prozent).&nbsp;<\/p>\n<figure class=\"wp-block-image size-large\"><\/figure>\n<p>Eine Mehrheit der national (70 Prozent) und international (54 Prozent) Befragten glaubt, dass es nach der Corona-Krise wahrscheinlich kein Zur\u00fcck zu \u201cbusiness as usual\u201d gibt und sich etwas \u00e4ndern m\u00fcsse. Vor allem in drei Bereichen sehen die Befragten Herausforderungen und Handlungsdrang f\u00fcr die Zukunft: Unternehmen m\u00fcssten Puffer f\u00fcr kommende Krisen aufbauen (national: 62 Prozent, international: 53 Prozent), nachhaltiger wirtschaften (national: 72 Prozent, international: 58 Prozent) und sich noch dringender um die M\u00f6glichkeiten des digitalen Arbeitens k\u00fcmmern (national: 85 Prozent, international: 79 Prozent). Gleichzeitig glauben 49 Prozent der national und 42 Prozent der international Befragten, dass Gewinnmaximierung nicht mehr das oberste Prinzip von Unternehmensf\u00fchrung darstellen sollte.<\/p>\n<h2>Corona l\u00e4sst Werbe-Stellenmarkt einbrechen<\/h2>\n<p>Die Stellenangebotsanalyse des Zentralverbands der deutschen Werbewirtschaft (ZAW) zeigt einen R\u00fcckgang der freien Stellen in der Werbebranche von 38 Prozent im ersten Halbjahr 2020. Hauptausl\u00f6ser sind die Corona-Pandemie sowie die Ma\u00dfnahmen zu ihrer Eind\u00e4mmung. Insgesamt wurden laut ZAW-Trendanalyse 2582 Stellen im 1. Halbjahr im Vergleich zu 4168 Jobangeboten im 1. Halbjahr 2019 geschaltet. Parallel zu den ZAW-Daten zeichnen die Arbeitslosenzahlen der Bundesagentur f\u00fcr Arbeit ein \u00e4hnliches Bild. W\u00e4hrend die Monate Januar bis M\u00e4rz 2020 ein prozentuales Plus von durchschnittlich rund f\u00fcnf Prozent mehr Arbeitslosen im Bereich Werbung und Marketing aufwiesen, stiegen diese Zahlen anschlie\u00dfend drastisch: April: plus 22,6 Prozent, Mai: plus 34,5 Prozent \u2013 und im Juni ein negativer H\u00f6chststand mit plus 39,6 Prozent mehr Arbeitslosen als im Vorjahr.<\/p>\n<p>Bis auf Planner, Gestalter visuelles Marketing und Back Office sind alle Werbeberufe in den roten Zahlen. Der Nachfrager\u00fcckgang trifft klassische Agentur- und Medienberufe wie Grafiker (minus 58 Prozent) und Art-Direktoren (minus 54 Prozent) sowie Mediaexperten (minus 42 Prozent), aber auch die digitalen Berufe (IT-Experten: minus 38 Prozent). Etwas weniger betroffen waren die Jobangebote, die \u00fcberwiegend von werbenden Unternehmen geschaltet werden wie beispielsweise Marketingspezialisten (minus 23 Prozent).<\/p>\n<h2>E-Autos f\u00fcr Hersteller und K\u00e4ufer weiter teuer<\/h2>\n<p>Elektroautos d\u00fcrften die Gewinnmargen der Autobauer auf absehbare Zeit weiter belasten. Nach einer Studie der Unternehmensberatung PwC kostet sie die Herstellung eines E-Autos mit 300 Kilometern Reichweite derzeit rund 4500 Euro mehr als ein klassischer Verbrenner. Ein vergleichbarer Plug-in-Hybrid mit 100 Kilowatt Leistung koste die Autobauer 3600 Euro mehr. Die Mehrkosten k\u00f6nnten sie aber nur teilweise an die Autok\u00e4ufer weitergeben.<\/p>\n<p>Um die Vorgaben der EU zu erf\u00fcllen und Strafzahlungen zu vermeiden, m\u00fcssten Autohersteller den Anteil elektrifizierter Autos bis 2030 trotzdem auf 35 bis 45 Prozent erh\u00f6hen. Die K\u00e4ufer bek\u00e4men ein neues Fahrgef\u00fchl, Komfort und Zufahrt zu Null-Emissions-Zonen in St\u00e4dten, sagte PwC-Strategy&amp;-Branchenexperte J\u00f6rn Neuhausen \u2013 und bei Elektro-Kleinwagen mit 150 Kilometern Reichweite sogar heute schon niedrigere Gesamtkosten als mit einem Diesel oder Benziner.<\/p>\n<h2>Hamburg ist deutsche Social-Media-Hauptstadt<\/h2>\n<p>Auf den verschiedenen offiziellen Social Media-Plattformen der St\u00e4dte k\u00f6nnen sich Touristen und Einheimische \u00fcber Neuigkeiten und Termine informieren oder einen Eindruck \u00fcber die Stadt gewinnen. Welche Stadtportal am aktivsten auf den verschiedenen Kan\u00e4len ist, hat die digitale Marketing-Plattform Sendinblue ermittelt. Dazu wurde&nbsp;die Anzahl der Follower und der Beitr\u00e4ge auf den offiziellen Accounts der jeweiligen Stadtportale auf Facebook, Instagram, Twitter und Youtube ermittelt.<\/p>\n<p><strong>Top 10 der aktivten St\u00e4dte in Social Media <\/strong><\/p>\n<figure class=\"wp-block-table\">\n<table>\n<thead>\n<tr>\n<th>Stadt<\/th>\n<th class=\"has-text-align-center\" data-align=\"center\">Follower Gesamt<\/th>\n<th class=\"has-text-align-center\" data-align=\"center\">Beitr\u00e4ge Gesamt<\/th>\n<\/tr>\n<\/thead>\n<tbody>\n<tr>\n<td>Hamburg<\/td>\n<td class=\"has-text-align-center\" data-align=\"center\">1.256.000<\/td>\n<td class=\"has-text-align-center\" data-align=\"center\">14.000<\/td>\n<\/tr>\n<tr>\n<td>M\u00fcnchen<\/td>\n<td class=\"has-text-align-center\" data-align=\"center\">1.040.000<\/td>\n<td class=\"has-text-align-center\" data-align=\"center\">19.000<\/td>\n<\/tr>\n<tr>\n<td>K\u00f6ln<\/td>\n<td class=\"has-text-align-center\" data-align=\"center\">739.000<\/td>\n<td class=\"has-text-align-center\" data-align=\"center\">16.000<\/td>\n<\/tr>\n<tr>\n<td>Frankfurt am Main<\/td>\n<td class=\"has-text-align-center\" data-align=\"center\">455.000<\/td>\n<td class=\"has-text-align-center\" data-align=\"center\">21.000<\/td>\n<\/tr>\n<tr>\n<td>Berlin<\/td>\n<td class=\"has-text-align-center\" data-align=\"center\">168.000<\/td>\n<td class=\"has-text-align-center\" data-align=\"center\">146.000<\/td>\n<\/tr>\n<tr>\n<td>Dortmund<\/td>\n<td class=\"has-text-align-center\" data-align=\"center\">162.000<\/td>\n<td class=\"has-text-align-center\" data-align=\"center\">30.000<\/td>\n<\/tr>\n<tr>\n<td>D\u00fcsseldorf<\/td>\n<td class=\"has-text-align-center\" data-align=\"center\">158.000<\/td>\n<td class=\"has-text-align-center\" data-align=\"center\">13.000<\/td>\n<\/tr>\n<tr>\n<td>N\u00fcrnberg<\/td>\n<td class=\"has-text-align-center\" data-align=\"center\">157.000<\/td>\n<td class=\"has-text-align-center\" data-align=\"center\">15.000<\/td>\n<\/tr>\n<tr>\n<td>Stuttgart<\/td>\n<td class=\"has-text-align-center\" data-align=\"center\">145.000<\/td>\n<td class=\"has-text-align-center\" data-align=\"center\">10.000<\/td>\n<\/tr>\n<tr>\n<td>Bremen<\/td>\n<td class=\"has-text-align-center\" data-align=\"center\">132.000<\/td>\n<td class=\"has-text-align-center\" data-align=\"center\">11.000<\/td>\n<\/tr>\n<\/tbody>\n<\/table>\n<\/figure>\n<h2>Jeder zweite Deutsche nutzt Streaming-Angebote<\/h2>\n<p>Zum dritten Mal in Folge hat TV Spielfilm zusammen mit der Gesellschaft f\u00fcr Konsumforschung (GfK) das Thema Bewegtbild umfassend analysiert. Das zentrale Ergebnis: Streaming ist im Jahr 2020 bei der Mehrheit angekommen. Jeder zweite Deutsche nutzt mindestens einmal pro Monat ein Streaming-Abo (54 Prozent). Bei den unter 30-J\u00e4hrigen sind es sogar 82 Prozent. Damit ist Streaming aktuell das einzige Bewegtbildangebot mit kontinuierlichem Wachstum. Klassisches TV steht mit einem Nutzer-Anteil von 88 Prozent weiterhin an der Spitze der Bewegtbildangebote, verliert aber zum Vorjahr zwei Prozentpunkte. Die Mediatheken-Nutzung l\u00e4sst insgesamt ein wenig nach (um 6 Prozentpunkte). Bei den \u00fcber 50-J\u00e4hrigen stehen mit je 45 Prozent Nutzeranteil die Mediatheken von ARD und ZDF am h\u00f6chsten im Kurs. Von den unter 30-J\u00e4hrigen nutzen nur je 22 Prozent monatlich die \u00f6ffentlich-rechtlichen Mediatheken.<\/p>\n<p>Im Rennen um den beliebtesten Streaming-Anbieter bleibt es weiter spannend: Aktuell liegen Netflix und Amazon mit einer monatlichen Nutzung von 39 Prozent (Netflix) und 38 Prozent (Amazon) fast gleichauf. Disney+ landet auf Anhieb auf Platz drei \u2013 mit beachtlichen 12 Prozent. Eindeutiger Streaming-Sieger bei den J\u00fcngeren ist Netflix mit 72 Prozent. Gefolgt folgt Amazon Prime Video mit 51 Prozent. Knapp die H\u00e4lfte der Befragten (47 Prozent) sind der Meinung, dass Streaming-Abos klassisches TV langfristig abl\u00f6sen werden.<\/p>\n<p><em>mit Material der dpa<\/em><\/p>\n<h2>absatzwirtschaft+<\/h2>\n<p><em><strong>Sie wollen weitere relevante Informationen und spannende Hintergr\u00fcnde f\u00fcr Ihre t\u00e4gliche Arbeit im Marketing? Dann&nbsp;abonnieren Sie jetzt hier&nbsp;unseren kostenfreien Newsletter.<\/strong><\/em><\/p>\n<\/div>\n<p><a href=\"https:\/\/www.absatzwirtschaft.de\/top-8-corona-analysen-podcasts-haltung-werbejobs-174329\/\">Source link <\/a><\/p>\n","protected":false},"excerpt":{"rendered":"<p>Abseits der Statistiken zu den direkt Betroffenen der Covid19-Pandemie gibt es eine Reihe von interessanten Zahlen und Untersuchungen zum Coronavirus und seinen Folgen f\u00fcr Wirtschaft und Gesellschaft. Relevante Studienergebnisse stellen wir hier genauer vor. &nbsp; Von Thomas Thieme Diese Podcasts werden auf Spotify am meisten gestreamt Corona hat den Trend zum Podcast-H\u00f6ren noch einmal angetrieben. [&hellip;]<\/p>\n","protected":false},"author":1,"featured_media":155,"comment_status":"open","ping_status":"open","sticky":false,"template":"","format":"standard","meta":{"footnotes":""},"categories":[5],"tags":[],"class_list":["post-154","post","type-post","status-publish","format-standard","has-post-thumbnail","hentry","category-marketing-news"],"yoast_head":"<!-- This site is optimized with the Yoast SEO plugin v27.4 - https:\/\/yoast.com\/product\/yoast-seo-wordpress\/ -->\n<title>Podcasts, Haltung, Werbejobs \u203a absatzwirtschaft - Super News<\/title>\n<meta name=\"robots\" content=\"index, follow, max-snippet:-1, max-image-preview:large, max-video-preview:-1\" \/>\n<link rel=\"canonical\" href=\"https:\/\/super-news.info\/de\/podcasts-haltung-werbejobs-absatzwirtschaft\/\" \/>\n<meta property=\"og:locale\" content=\"de_DE\" \/>\n<meta property=\"og:type\" content=\"article\" \/>\n<meta property=\"og:title\" content=\"Podcasts, Haltung, Werbejobs \u203a absatzwirtschaft - Super News\" \/>\n<meta property=\"og:description\" content=\"Abseits der Statistiken zu den direkt Betroffenen der Covid19-Pandemie gibt es eine Reihe von interessanten Zahlen und Untersuchungen zum Coronavirus und seinen Folgen f\u00fcr Wirtschaft und Gesellschaft. Relevante Studienergebnisse stellen wir hier genauer vor. &nbsp; Von Thomas Thieme Diese Podcasts werden auf Spotify am meisten gestreamt Corona hat den Trend zum Podcast-H\u00f6ren noch einmal angetrieben. [&hellip;]\" \/>\n<meta property=\"og:url\" content=\"https:\/\/super-news.info\/de\/podcasts-haltung-werbejobs-absatzwirtschaft\/\" \/>\n<meta property=\"og:site_name\" content=\"Super News\" \/>\n<meta property=\"article:published_time\" content=\"2020-08-29T14:22:07+00:00\" \/>\n<meta property=\"article:modified_time\" content=\"2020-08-31T11:04:35+00:00\" \/>\n<meta property=\"og:image\" content=\"https:\/\/super-news.info\/de\/wp-content\/uploads\/sites\/13\/2020\/08\/1598710928_Podcasts-Haltung-Werbejobs-absatzwirtschaft.jpg\" \/>\n\t<meta property=\"og:image:width\" content=\"630\" \/>\n\t<meta property=\"og:image:height\" content=\"354\" \/>\n\t<meta property=\"og:image:type\" content=\"image\/jpeg\" \/>\n<meta name=\"author\" content=\"super news\" \/>\n<meta name=\"twitter:card\" content=\"summary_large_image\" \/>\n<meta name=\"twitter:label1\" content=\"Verfasst von\" \/>\n\t<meta name=\"twitter:data1\" content=\"super news\" \/>\n\t<meta name=\"twitter:label2\" content=\"Gesch\u00e4tzte Lesezeit\" \/>\n\t<meta name=\"twitter:data2\" content=\"7\u00a0Minuten\" \/>\n<script type=\"application\/ld+json\" class=\"yoast-schema-graph\">{\"@context\":\"https:\\\/\\\/schema.org\",\"@graph\":[{\"@type\":\"Article\",\"@id\":\"https:\\\/\\\/super-news.info\\\/de\\\/podcasts-haltung-werbejobs-absatzwirtschaft\\\/#article\",\"isPartOf\":{\"@id\":\"https:\\\/\\\/super-news.info\\\/de\\\/podcasts-haltung-werbejobs-absatzwirtschaft\\\/\"},\"author\":{\"name\":\"super news\",\"@id\":\"https:\\\/\\\/super-news.info\\\/de\\\/#\\\/schema\\\/person\\\/2b9ff946d06444e803cb306ffcfd1045\"},\"headline\":\"Podcasts, Haltung, Werbejobs \u203a absatzwirtschaft\",\"datePublished\":\"2020-08-29T14:22:07+00:00\",\"dateModified\":\"2020-08-31T11:04:35+00:00\",\"mainEntityOfPage\":{\"@id\":\"https:\\\/\\\/super-news.info\\\/de\\\/podcasts-haltung-werbejobs-absatzwirtschaft\\\/\"},\"wordCount\":1365,\"commentCount\":0,\"image\":{\"@id\":\"https:\\\/\\\/super-news.info\\\/de\\\/podcasts-haltung-werbejobs-absatzwirtschaft\\\/#primaryimage\"},\"thumbnailUrl\":\"https:\\\/\\\/super-news.info\\\/de\\\/wp-content\\\/uploads\\\/sites\\\/13\\\/2020\\\/08\\\/1598710928_Podcasts-Haltung-Werbejobs-absatzwirtschaft.jpg\",\"articleSection\":[\"MARKETING NEWS\"],\"inLanguage\":\"de\",\"potentialAction\":[{\"@type\":\"CommentAction\",\"name\":\"Comment\",\"target\":[\"https:\\\/\\\/super-news.info\\\/de\\\/podcasts-haltung-werbejobs-absatzwirtschaft\\\/#respond\"]}]},{\"@type\":\"WebPage\",\"@id\":\"https:\\\/\\\/super-news.info\\\/de\\\/podcasts-haltung-werbejobs-absatzwirtschaft\\\/\",\"url\":\"https:\\\/\\\/super-news.info\\\/de\\\/podcasts-haltung-werbejobs-absatzwirtschaft\\\/\",\"name\":\"Podcasts, Haltung, Werbejobs \u203a absatzwirtschaft - Super News\",\"isPartOf\":{\"@id\":\"https:\\\/\\\/super-news.info\\\/de\\\/#website\"},\"primaryImageOfPage\":{\"@id\":\"https:\\\/\\\/super-news.info\\\/de\\\/podcasts-haltung-werbejobs-absatzwirtschaft\\\/#primaryimage\"},\"image\":{\"@id\":\"https:\\\/\\\/super-news.info\\\/de\\\/podcasts-haltung-werbejobs-absatzwirtschaft\\\/#primaryimage\"},\"thumbnailUrl\":\"https:\\\/\\\/super-news.info\\\/de\\\/wp-content\\\/uploads\\\/sites\\\/13\\\/2020\\\/08\\\/1598710928_Podcasts-Haltung-Werbejobs-absatzwirtschaft.jpg\",\"datePublished\":\"2020-08-29T14:22:07+00:00\",\"dateModified\":\"2020-08-31T11:04:35+00:00\",\"author\":{\"@id\":\"https:\\\/\\\/super-news.info\\\/de\\\/#\\\/schema\\\/person\\\/2b9ff946d06444e803cb306ffcfd1045\"},\"breadcrumb\":{\"@id\":\"https:\\\/\\\/super-news.info\\\/de\\\/podcasts-haltung-werbejobs-absatzwirtschaft\\\/#breadcrumb\"},\"inLanguage\":\"de\",\"potentialAction\":[{\"@type\":\"ReadAction\",\"target\":[\"https:\\\/\\\/super-news.info\\\/de\\\/podcasts-haltung-werbejobs-absatzwirtschaft\\\/\"]}]},{\"@type\":\"ImageObject\",\"inLanguage\":\"de\",\"@id\":\"https:\\\/\\\/super-news.info\\\/de\\\/podcasts-haltung-werbejobs-absatzwirtschaft\\\/#primaryimage\",\"url\":\"https:\\\/\\\/super-news.info\\\/de\\\/wp-content\\\/uploads\\\/sites\\\/13\\\/2020\\\/08\\\/1598710928_Podcasts-Haltung-Werbejobs-absatzwirtschaft.jpg\",\"contentUrl\":\"https:\\\/\\\/super-news.info\\\/de\\\/wp-content\\\/uploads\\\/sites\\\/13\\\/2020\\\/08\\\/1598710928_Podcasts-Haltung-Werbejobs-absatzwirtschaft.jpg\",\"width\":630,\"height\":354,\"caption\":\"Podcasts, Haltung, Werbejobs \u203a absatzwirtschaft\"},{\"@type\":\"BreadcrumbList\",\"@id\":\"https:\\\/\\\/super-news.info\\\/de\\\/podcasts-haltung-werbejobs-absatzwirtschaft\\\/#breadcrumb\",\"itemListElement\":[{\"@type\":\"ListItem\",\"position\":1,\"name\":\"Home\",\"item\":\"https:\\\/\\\/super-news.info\\\/de\\\/\"},{\"@type\":\"ListItem\",\"position\":2,\"name\":\"Podcasts, Haltung, Werbejobs \u203a absatzwirtschaft\"}]},{\"@type\":\"WebSite\",\"@id\":\"https:\\\/\\\/super-news.info\\\/de\\\/#website\",\"url\":\"https:\\\/\\\/super-news.info\\\/de\\\/\",\"name\":\"Super News\",\"description\":\"Super News Germany\",\"potentialAction\":[{\"@type\":\"SearchAction\",\"target\":{\"@type\":\"EntryPoint\",\"urlTemplate\":\"https:\\\/\\\/super-news.info\\\/de\\\/?s={search_term_string}\"},\"query-input\":{\"@type\":\"PropertyValueSpecification\",\"valueRequired\":true,\"valueName\":\"search_term_string\"}}],\"inLanguage\":\"de\"},{\"@type\":\"Person\",\"@id\":\"https:\\\/\\\/super-news.info\\\/de\\\/#\\\/schema\\\/person\\\/2b9ff946d06444e803cb306ffcfd1045\",\"name\":\"super news\",\"image\":{\"@type\":\"ImageObject\",\"inLanguage\":\"de\",\"@id\":\"https:\\\/\\\/secure.gravatar.com\\\/avatar\\\/98e0b303f300d45b2a94684c5e4dda8baa4a5e9710b579f7493c8612061d08bf?s=96&d=mm&r=g\",\"url\":\"https:\\\/\\\/secure.gravatar.com\\\/avatar\\\/98e0b303f300d45b2a94684c5e4dda8baa4a5e9710b579f7493c8612061d08bf?s=96&d=mm&r=g\",\"contentUrl\":\"https:\\\/\\\/secure.gravatar.com\\\/avatar\\\/98e0b303f300d45b2a94684c5e4dda8baa4a5e9710b579f7493c8612061d08bf?s=96&d=mm&r=g\",\"caption\":\"super news\"},\"url\":\"https:\\\/\\\/super-news.info\\\/de\\\/author\\\/manuel\\\/\"}]}<\/script>\n<!-- \/ Yoast SEO plugin. -->","yoast_head_json":{"title":"Podcasts, Haltung, Werbejobs \u203a absatzwirtschaft - Super News","robots":{"index":"index","follow":"follow","max-snippet":"max-snippet:-1","max-image-preview":"max-image-preview:large","max-video-preview":"max-video-preview:-1"},"canonical":"https:\/\/super-news.info\/de\/podcasts-haltung-werbejobs-absatzwirtschaft\/","og_locale":"de_DE","og_type":"article","og_title":"Podcasts, Haltung, Werbejobs \u203a absatzwirtschaft - Super News","og_description":"Abseits der Statistiken zu den direkt Betroffenen der Covid19-Pandemie gibt es eine Reihe von interessanten Zahlen und Untersuchungen zum Coronavirus und seinen Folgen f\u00fcr Wirtschaft und Gesellschaft. Relevante Studienergebnisse stellen wir hier genauer vor. &nbsp; Von Thomas Thieme Diese Podcasts werden auf Spotify am meisten gestreamt Corona hat den Trend zum Podcast-H\u00f6ren noch einmal angetrieben. [&hellip;]","og_url":"https:\/\/super-news.info\/de\/podcasts-haltung-werbejobs-absatzwirtschaft\/","og_site_name":"Super News","article_published_time":"2020-08-29T14:22:07+00:00","article_modified_time":"2020-08-31T11:04:35+00:00","og_image":[{"width":630,"height":354,"url":"https:\/\/super-news.info\/de\/wp-content\/uploads\/sites\/13\/2020\/08\/1598710928_Podcasts-Haltung-Werbejobs-absatzwirtschaft.jpg","type":"image\/jpeg"}],"author":"super news","twitter_card":"summary_large_image","twitter_misc":{"Verfasst von":"super news","Gesch\u00e4tzte Lesezeit":"7\u00a0Minuten"},"schema":{"@context":"https:\/\/schema.org","@graph":[{"@type":"Article","@id":"https:\/\/super-news.info\/de\/podcasts-haltung-werbejobs-absatzwirtschaft\/#article","isPartOf":{"@id":"https:\/\/super-news.info\/de\/podcasts-haltung-werbejobs-absatzwirtschaft\/"},"author":{"name":"super news","@id":"https:\/\/super-news.info\/de\/#\/schema\/person\/2b9ff946d06444e803cb306ffcfd1045"},"headline":"Podcasts, Haltung, Werbejobs \u203a absatzwirtschaft","datePublished":"2020-08-29T14:22:07+00:00","dateModified":"2020-08-31T11:04:35+00:00","mainEntityOfPage":{"@id":"https:\/\/super-news.info\/de\/podcasts-haltung-werbejobs-absatzwirtschaft\/"},"wordCount":1365,"commentCount":0,"image":{"@id":"https:\/\/super-news.info\/de\/podcasts-haltung-werbejobs-absatzwirtschaft\/#primaryimage"},"thumbnailUrl":"https:\/\/super-news.info\/de\/wp-content\/uploads\/sites\/13\/2020\/08\/1598710928_Podcasts-Haltung-Werbejobs-absatzwirtschaft.jpg","articleSection":["MARKETING NEWS"],"inLanguage":"de","potentialAction":[{"@type":"CommentAction","name":"Comment","target":["https:\/\/super-news.info\/de\/podcasts-haltung-werbejobs-absatzwirtschaft\/#respond"]}]},{"@type":"WebPage","@id":"https:\/\/super-news.info\/de\/podcasts-haltung-werbejobs-absatzwirtschaft\/","url":"https:\/\/super-news.info\/de\/podcasts-haltung-werbejobs-absatzwirtschaft\/","name":"Podcasts, Haltung, Werbejobs \u203a absatzwirtschaft - Super News","isPartOf":{"@id":"https:\/\/super-news.info\/de\/#website"},"primaryImageOfPage":{"@id":"https:\/\/super-news.info\/de\/podcasts-haltung-werbejobs-absatzwirtschaft\/#primaryimage"},"image":{"@id":"https:\/\/super-news.info\/de\/podcasts-haltung-werbejobs-absatzwirtschaft\/#primaryimage"},"thumbnailUrl":"https:\/\/super-news.info\/de\/wp-content\/uploads\/sites\/13\/2020\/08\/1598710928_Podcasts-Haltung-Werbejobs-absatzwirtschaft.jpg","datePublished":"2020-08-29T14:22:07+00:00","dateModified":"2020-08-31T11:04:35+00:00","author":{"@id":"https:\/\/super-news.info\/de\/#\/schema\/person\/2b9ff946d06444e803cb306ffcfd1045"},"breadcrumb":{"@id":"https:\/\/super-news.info\/de\/podcasts-haltung-werbejobs-absatzwirtschaft\/#breadcrumb"},"inLanguage":"de","potentialAction":[{"@type":"ReadAction","target":["https:\/\/super-news.info\/de\/podcasts-haltung-werbejobs-absatzwirtschaft\/"]}]},{"@type":"ImageObject","inLanguage":"de","@id":"https:\/\/super-news.info\/de\/podcasts-haltung-werbejobs-absatzwirtschaft\/#primaryimage","url":"https:\/\/super-news.info\/de\/wp-content\/uploads\/sites\/13\/2020\/08\/1598710928_Podcasts-Haltung-Werbejobs-absatzwirtschaft.jpg","contentUrl":"https:\/\/super-news.info\/de\/wp-content\/uploads\/sites\/13\/2020\/08\/1598710928_Podcasts-Haltung-Werbejobs-absatzwirtschaft.jpg","width":630,"height":354,"caption":"Podcasts, Haltung, Werbejobs \u203a absatzwirtschaft"},{"@type":"BreadcrumbList","@id":"https:\/\/super-news.info\/de\/podcasts-haltung-werbejobs-absatzwirtschaft\/#breadcrumb","itemListElement":[{"@type":"ListItem","position":1,"name":"Home","item":"https:\/\/super-news.info\/de\/"},{"@type":"ListItem","position":2,"name":"Podcasts, Haltung, Werbejobs \u203a absatzwirtschaft"}]},{"@type":"WebSite","@id":"https:\/\/super-news.info\/de\/#website","url":"https:\/\/super-news.info\/de\/","name":"Super News","description":"Super News Germany","potentialAction":[{"@type":"SearchAction","target":{"@type":"EntryPoint","urlTemplate":"https:\/\/super-news.info\/de\/?s={search_term_string}"},"query-input":{"@type":"PropertyValueSpecification","valueRequired":true,"valueName":"search_term_string"}}],"inLanguage":"de"},{"@type":"Person","@id":"https:\/\/super-news.info\/de\/#\/schema\/person\/2b9ff946d06444e803cb306ffcfd1045","name":"super news","image":{"@type":"ImageObject","inLanguage":"de","@id":"https:\/\/secure.gravatar.com\/avatar\/98e0b303f300d45b2a94684c5e4dda8baa4a5e9710b579f7493c8612061d08bf?s=96&d=mm&r=g","url":"https:\/\/secure.gravatar.com\/avatar\/98e0b303f300d45b2a94684c5e4dda8baa4a5e9710b579f7493c8612061d08bf?s=96&d=mm&r=g","contentUrl":"https:\/\/secure.gravatar.com\/avatar\/98e0b303f300d45b2a94684c5e4dda8baa4a5e9710b579f7493c8612061d08bf?s=96&d=mm&r=g","caption":"super news"},"url":"https:\/\/super-news.info\/de\/author\/manuel\/"}]}},"_links":{"self":[{"href":"https:\/\/super-news.info\/de\/wp-json\/wp\/v2\/posts\/154","targetHints":{"allow":["GET"]}}],"collection":[{"href":"https:\/\/super-news.info\/de\/wp-json\/wp\/v2\/posts"}],"about":[{"href":"https:\/\/super-news.info\/de\/wp-json\/wp\/v2\/types\/post"}],"author":[{"embeddable":true,"href":"https:\/\/super-news.info\/de\/wp-json\/wp\/v2\/users\/1"}],"replies":[{"embeddable":true,"href":"https:\/\/super-news.info\/de\/wp-json\/wp\/v2\/comments?post=154"}],"version-history":[{"count":2,"href":"https:\/\/super-news.info\/de\/wp-json\/wp\/v2\/posts\/154\/revisions"}],"predecessor-version":[{"id":161,"href":"https:\/\/super-news.info\/de\/wp-json\/wp\/v2\/posts\/154\/revisions\/161"}],"wp:featuredmedia":[{"embeddable":true,"href":"https:\/\/super-news.info\/de\/wp-json\/wp\/v2\/media\/155"}],"wp:attachment":[{"href":"https:\/\/super-news.info\/de\/wp-json\/wp\/v2\/media?parent=154"}],"wp:term":[{"taxonomy":"category","embeddable":true,"href":"https:\/\/super-news.info\/de\/wp-json\/wp\/v2\/categories?post=154"},{"taxonomy":"post_tag","embeddable":true,"href":"https:\/\/super-news.info\/de\/wp-json\/wp\/v2\/tags?post=154"}],"curies":[{"name":"wp","href":"https:\/\/api.w.org\/{rel}","templated":true}]}}