{"id":1513,"date":"2021-04-25T04:45:46","date_gmt":"2021-04-25T04:45:46","guid":{"rendered":"https:\/\/super-news.info\/de\/warum-heisst-die-marke-so-heute-foen-absatzwirtschaft\/"},"modified":"2021-04-25T04:45:48","modified_gmt":"2021-04-25T04:45:48","slug":"warum-heisst-die-marke-so-heute-foen-absatzwirtschaft","status":"publish","type":"post","link":"https:\/\/super-news.info\/de\/warum-heisst-die-marke-so-heute-foen-absatzwirtschaft\/","title":{"rendered":"Warum hei\u00dft die Marke so? Heute: F\u00f6n \u203a absatzwirtschaft"},"content":{"rendered":"<p>\t  \t\t\t\t\t\t\t  \t\t\t\t\t\t\t\tIst es ein F\u00f6n oder ein Haartrockner? Das kommt darauf an, ob er Hersteller eine Lizenz hat.<br \/>\n\t  \t\t\t\t\t\t\t\t  \t\t\t\t\t\t\t  \t\t\t\t\t\t\t\t\t \u00a9 Nicol\u00e1s Flor\/Unsplash<\/p>\n<p>\t\t\t\t\t\tLange bevor die Menschen &#8222;gegoogelt&#8220; oder &#8222;geskypt&#8220; haben, &#8222;f\u00f6hnten&#8220; sie sich die Haare. Die Verbalisierung von Markennamen ist ein relativ seltenes, aber kein jungen Ph\u00e4nomen. In diesem Fall reicht die Geschichte der Marke weit \u00fcber 100 Jahre zur\u00fcck.<\/p>\n<p>\t\t\t\t\t\tAnzeige<\/p>\n<p>\t\t\t\t\tVon Bernd M. Samland<br \/>\n\t\t\t\t\tDer F\u00f6n oder auch Foen schreibt sich ohne \u201ch\u201d; denn er bezeichnet keinen warmen Fallwind (der schreibt sich \u201cF\u00f6hn\u201d), sondern eine Marke f\u00fcr elektrische Haartrockner. Der Begriff F\u00f6n wurde zun\u00e4chst als Wort-Bild-Marke am 16. Oktober 1908 von der Berliner Firma Sanitas registriert. Diese produzierte bereits um die Jahrhundertwende die ersten noch sehr klobigen, elektrischen Haartrockner.<\/p>\n<p>Das<br \/>\nUnternehmen wurde 1957 von der AEG gekauft und damit auch die Markenrechte an<br \/>\nF\u00f6n. AEG ging 1985 an die Daimler Benz AG und Mitte der 90er Jahre an<br \/>\nElectrolux. Dort landeten auch die Markenrechte. Heute lizenziert Electrolux<br \/>\ndie Marken AEG und F\u00f6n, sodass es immer noch AEG-F\u00f6n(e) zu kaufen gibt.<\/p>\n<p>Ohne Lizenz muss der F\u00f6n ein \u201cHaartrockner\u201d sein<\/p>\n<p>Auch wenn<br \/>\njeder von F\u00f6n oder F\u00f6hn spricht, m\u00fcssen alle anderen Hersteller und Importeure<br \/>\nvon Haartrocknern auf dieses Wort verzichten. Auf den Verpackungen steht dann<br \/>\nHaartrockner oder Dryer; bis in die 50er Jahre wurde auch noch das Wort<br \/>\n\u201cHei\u00dfluftdusche\u201d verwendet.<\/p>\n<p>Es gibt heute sogar wieder eine Firma Sanitas, die neben medizinischen Ger\u00e4ten auch Haartrockner vertreibt. Doch selbst dieses Unternehmen darf seine Ger\u00e4te nicht F\u00f6n nennen.<\/p>\n<p>\u201cF\u00f6hnen\u201d steht seit langem im Duden<\/p>\n<p>Durch den generischen Gebrauch des Markennamens, der sich nat\u00fcrlich an den meteorologischen Wind anlehnt, ist der Markenschutz allerdings stark geschw\u00e4cht. Es kann heute niemandem mehr untersagt werden zu sagen: \u201cIch f\u00f6hne mir die Haare\u201d; zumal \u201cf\u00f6hnen\u201d bereits seit vielen Jahren im Duden als regul\u00e4res Verb gef\u00fchrt wird.<\/p>\n<p>Die Verbalisierung von Markennamen ist ein seltenes Ph\u00e4nomen. Allerdings beschr\u00e4nkt es sich in diesem Fall auf den deutschsprachigen Raum, \u00e4hnlich wie \u201cto hoover\u201d f\u00fcr Staubsaugen auf den englischen Sprachraum. International gebr\u00e4uchlich hingegen sind aktuelle markenbasierte Verben wie \u201cgoogeln\u201d (to google) oder \u201cskypen\u201d (to skype).<\/p>\n<p>Der Artikel erschien zuerst\u00a0im\u00a0Printmagazin der absatzwirtschaft, das Sie hier abonnieren k\u00f6nnen.<\/p>\n<p>\t\t\t\t\tAlle Kolumnen von Bernd M. Samland lesen.<\/p>\n<p>\n<!--noindex--><br \/>\n<a href=\"https:\/\/www.absatzwirtschaft.de\/warum-heisst-die-marke-so-heute-foen-178844\/\" rel=\"nofollow\">Source link <\/a><br \/>\n<!--\/noindex--><\/p>\n","protected":false},"excerpt":{"rendered":"<p>Ist es ein F\u00f6n oder ein Haartrockner? Das kommt darauf an, ob er Hersteller eine Lizenz hat. \u00a9 Nicol\u00e1s Flor\/Unsplash Lange bevor die Menschen &#8222;gegoogelt&#8220; oder &#8222;geskypt&#8220; haben, &#8222;f\u00f6hnten&#8220; sie sich die Haare. Die Verbalisierung von Markennamen ist ein relativ seltenes, aber kein jungen Ph\u00e4nomen. In diesem Fall reicht die Geschichte der Marke weit \u00fcber [&hellip;]<\/p>\n","protected":false},"author":1,"featured_media":1514,"comment_status":"open","ping_status":"open","sticky":false,"template":"","format":"standard","meta":{"footnotes":""},"categories":[5],"tags":[],"class_list":["post-1513","post","type-post","status-publish","format-standard","has-post-thumbnail","hentry","category-marketing-news"],"yoast_head":"<!-- This site is optimized with the Yoast SEO plugin v27.4 - https:\/\/yoast.com\/product\/yoast-seo-wordpress\/ -->\n<title>Warum hei\u00dft die Marke so? Heute: F\u00f6n \u203a absatzwirtschaft - Super News<\/title>\n<meta name=\"robots\" content=\"index, follow, max-snippet:-1, max-image-preview:large, max-video-preview:-1\" \/>\n<link rel=\"canonical\" href=\"https:\/\/super-news.info\/de\/warum-heisst-die-marke-so-heute-foen-absatzwirtschaft\/\" \/>\n<meta property=\"og:locale\" content=\"de_DE\" \/>\n<meta property=\"og:type\" content=\"article\" \/>\n<meta property=\"og:title\" content=\"Warum hei\u00dft die Marke so? Heute: F\u00f6n \u203a absatzwirtschaft - Super News\" \/>\n<meta property=\"og:description\" content=\"Ist es ein F\u00f6n oder ein Haartrockner? Das kommt darauf an, ob er Hersteller eine Lizenz hat. \u00a9 Nicol\u00e1s Flor\/Unsplash Lange bevor die Menschen &#8222;gegoogelt&#8220; oder &#8222;geskypt&#8220; haben, &#8222;f\u00f6hnten&#8220; sie sich die Haare. Die Verbalisierung von Markennamen ist ein relativ seltenes, aber kein jungen Ph\u00e4nomen. In diesem Fall reicht die Geschichte der Marke weit \u00fcber [&hellip;]\" \/>\n<meta property=\"og:url\" content=\"https:\/\/super-news.info\/de\/warum-heisst-die-marke-so-heute-foen-absatzwirtschaft\/\" \/>\n<meta property=\"og:site_name\" content=\"Super News\" \/>\n<meta property=\"article:published_time\" content=\"2021-04-25T04:45:46+00:00\" \/>\n<meta property=\"article:modified_time\" content=\"2021-04-25T04:45:48+00:00\" \/>\n<meta property=\"og:image\" content=\"https:\/\/super-news.info\/de\/wp-content\/uploads\/sites\/13\/2021\/04\/Warum-heisst-die-Marke-so-Heute-Foen-absatzwirtschaft.jpg\" \/>\n\t<meta property=\"og:image:width\" content=\"630\" \/>\n\t<meta property=\"og:image:height\" content=\"354\" \/>\n\t<meta property=\"og:image:type\" content=\"image\/jpeg\" \/>\n<meta name=\"author\" content=\"super news\" \/>\n<meta name=\"twitter:card\" content=\"summary_large_image\" \/>\n<meta name=\"twitter:label1\" content=\"Verfasst von\" \/>\n\t<meta name=\"twitter:data1\" content=\"super news\" \/>\n\t<meta name=\"twitter:label2\" content=\"Gesch\u00e4tzte Lesezeit\" \/>\n\t<meta name=\"twitter:data2\" content=\"2\u00a0Minuten\" \/>\n<script type=\"application\/ld+json\" class=\"yoast-schema-graph\">{\"@context\":\"https:\\\/\\\/schema.org\",\"@graph\":[{\"@type\":\"Article\",\"@id\":\"https:\\\/\\\/super-news.info\\\/de\\\/warum-heisst-die-marke-so-heute-foen-absatzwirtschaft\\\/#article\",\"isPartOf\":{\"@id\":\"https:\\\/\\\/super-news.info\\\/de\\\/warum-heisst-die-marke-so-heute-foen-absatzwirtschaft\\\/\"},\"author\":{\"name\":\"super news\",\"@id\":\"https:\\\/\\\/super-news.info\\\/de\\\/#\\\/schema\\\/person\\\/2b9ff946d06444e803cb306ffcfd1045\"},\"headline\":\"Warum hei\u00dft die Marke so? Heute: F\u00f6n \u203a absatzwirtschaft\",\"datePublished\":\"2021-04-25T04:45:46+00:00\",\"dateModified\":\"2021-04-25T04:45:48+00:00\",\"mainEntityOfPage\":{\"@id\":\"https:\\\/\\\/super-news.info\\\/de\\\/warum-heisst-die-marke-so-heute-foen-absatzwirtschaft\\\/\"},\"wordCount\":400,\"commentCount\":0,\"image\":{\"@id\":\"https:\\\/\\\/super-news.info\\\/de\\\/warum-heisst-die-marke-so-heute-foen-absatzwirtschaft\\\/#primaryimage\"},\"thumbnailUrl\":\"https:\\\/\\\/super-news.info\\\/de\\\/wp-content\\\/uploads\\\/sites\\\/13\\\/2021\\\/04\\\/Warum-heisst-die-Marke-so-Heute-Foen-absatzwirtschaft.jpg\",\"articleSection\":[\"MARKETING NEWS\"],\"inLanguage\":\"de\",\"potentialAction\":[{\"@type\":\"CommentAction\",\"name\":\"Comment\",\"target\":[\"https:\\\/\\\/super-news.info\\\/de\\\/warum-heisst-die-marke-so-heute-foen-absatzwirtschaft\\\/#respond\"]}]},{\"@type\":\"WebPage\",\"@id\":\"https:\\\/\\\/super-news.info\\\/de\\\/warum-heisst-die-marke-so-heute-foen-absatzwirtschaft\\\/\",\"url\":\"https:\\\/\\\/super-news.info\\\/de\\\/warum-heisst-die-marke-so-heute-foen-absatzwirtschaft\\\/\",\"name\":\"Warum hei\u00dft die Marke so? Heute: F\u00f6n \u203a absatzwirtschaft - Super News\",\"isPartOf\":{\"@id\":\"https:\\\/\\\/super-news.info\\\/de\\\/#website\"},\"primaryImageOfPage\":{\"@id\":\"https:\\\/\\\/super-news.info\\\/de\\\/warum-heisst-die-marke-so-heute-foen-absatzwirtschaft\\\/#primaryimage\"},\"image\":{\"@id\":\"https:\\\/\\\/super-news.info\\\/de\\\/warum-heisst-die-marke-so-heute-foen-absatzwirtschaft\\\/#primaryimage\"},\"thumbnailUrl\":\"https:\\\/\\\/super-news.info\\\/de\\\/wp-content\\\/uploads\\\/sites\\\/13\\\/2021\\\/04\\\/Warum-heisst-die-Marke-so-Heute-Foen-absatzwirtschaft.jpg\",\"datePublished\":\"2021-04-25T04:45:46+00:00\",\"dateModified\":\"2021-04-25T04:45:48+00:00\",\"author\":{\"@id\":\"https:\\\/\\\/super-news.info\\\/de\\\/#\\\/schema\\\/person\\\/2b9ff946d06444e803cb306ffcfd1045\"},\"breadcrumb\":{\"@id\":\"https:\\\/\\\/super-news.info\\\/de\\\/warum-heisst-die-marke-so-heute-foen-absatzwirtschaft\\\/#breadcrumb\"},\"inLanguage\":\"de\",\"potentialAction\":[{\"@type\":\"ReadAction\",\"target\":[\"https:\\\/\\\/super-news.info\\\/de\\\/warum-heisst-die-marke-so-heute-foen-absatzwirtschaft\\\/\"]}]},{\"@type\":\"ImageObject\",\"inLanguage\":\"de\",\"@id\":\"https:\\\/\\\/super-news.info\\\/de\\\/warum-heisst-die-marke-so-heute-foen-absatzwirtschaft\\\/#primaryimage\",\"url\":\"https:\\\/\\\/super-news.info\\\/de\\\/wp-content\\\/uploads\\\/sites\\\/13\\\/2021\\\/04\\\/Warum-heisst-die-Marke-so-Heute-Foen-absatzwirtschaft.jpg\",\"contentUrl\":\"https:\\\/\\\/super-news.info\\\/de\\\/wp-content\\\/uploads\\\/sites\\\/13\\\/2021\\\/04\\\/Warum-heisst-die-Marke-so-Heute-Foen-absatzwirtschaft.jpg\",\"width\":630,\"height\":354,\"caption\":\"F\u00f6n\"},{\"@type\":\"BreadcrumbList\",\"@id\":\"https:\\\/\\\/super-news.info\\\/de\\\/warum-heisst-die-marke-so-heute-foen-absatzwirtschaft\\\/#breadcrumb\",\"itemListElement\":[{\"@type\":\"ListItem\",\"position\":1,\"name\":\"Home\",\"item\":\"https:\\\/\\\/super-news.info\\\/de\\\/\"},{\"@type\":\"ListItem\",\"position\":2,\"name\":\"Warum hei\u00dft die Marke so? Heute: F\u00f6n \u203a absatzwirtschaft\"}]},{\"@type\":\"WebSite\",\"@id\":\"https:\\\/\\\/super-news.info\\\/de\\\/#website\",\"url\":\"https:\\\/\\\/super-news.info\\\/de\\\/\",\"name\":\"Super News\",\"description\":\"Super News Germany\",\"potentialAction\":[{\"@type\":\"SearchAction\",\"target\":{\"@type\":\"EntryPoint\",\"urlTemplate\":\"https:\\\/\\\/super-news.info\\\/de\\\/?s={search_term_string}\"},\"query-input\":{\"@type\":\"PropertyValueSpecification\",\"valueRequired\":true,\"valueName\":\"search_term_string\"}}],\"inLanguage\":\"de\"},{\"@type\":\"Person\",\"@id\":\"https:\\\/\\\/super-news.info\\\/de\\\/#\\\/schema\\\/person\\\/2b9ff946d06444e803cb306ffcfd1045\",\"name\":\"super news\",\"image\":{\"@type\":\"ImageObject\",\"inLanguage\":\"de\",\"@id\":\"https:\\\/\\\/secure.gravatar.com\\\/avatar\\\/98e0b303f300d45b2a94684c5e4dda8baa4a5e9710b579f7493c8612061d08bf?s=96&d=mm&r=g\",\"url\":\"https:\\\/\\\/secure.gravatar.com\\\/avatar\\\/98e0b303f300d45b2a94684c5e4dda8baa4a5e9710b579f7493c8612061d08bf?s=96&d=mm&r=g\",\"contentUrl\":\"https:\\\/\\\/secure.gravatar.com\\\/avatar\\\/98e0b303f300d45b2a94684c5e4dda8baa4a5e9710b579f7493c8612061d08bf?s=96&d=mm&r=g\",\"caption\":\"super news\"},\"url\":\"https:\\\/\\\/super-news.info\\\/de\\\/author\\\/manuel\\\/\"}]}<\/script>\n<!-- \/ Yoast SEO plugin. -->","yoast_head_json":{"title":"Warum hei\u00dft die Marke so? Heute: F\u00f6n \u203a absatzwirtschaft - Super News","robots":{"index":"index","follow":"follow","max-snippet":"max-snippet:-1","max-image-preview":"max-image-preview:large","max-video-preview":"max-video-preview:-1"},"canonical":"https:\/\/super-news.info\/de\/warum-heisst-die-marke-so-heute-foen-absatzwirtschaft\/","og_locale":"de_DE","og_type":"article","og_title":"Warum hei\u00dft die Marke so? Heute: F\u00f6n \u203a absatzwirtschaft - Super News","og_description":"Ist es ein F\u00f6n oder ein Haartrockner? Das kommt darauf an, ob er Hersteller eine Lizenz hat. \u00a9 Nicol\u00e1s Flor\/Unsplash Lange bevor die Menschen &#8222;gegoogelt&#8220; oder &#8222;geskypt&#8220; haben, &#8222;f\u00f6hnten&#8220; sie sich die Haare. Die Verbalisierung von Markennamen ist ein relativ seltenes, aber kein jungen Ph\u00e4nomen. In diesem Fall reicht die Geschichte der Marke weit \u00fcber [&hellip;]","og_url":"https:\/\/super-news.info\/de\/warum-heisst-die-marke-so-heute-foen-absatzwirtschaft\/","og_site_name":"Super News","article_published_time":"2021-04-25T04:45:46+00:00","article_modified_time":"2021-04-25T04:45:48+00:00","og_image":[{"width":630,"height":354,"url":"https:\/\/super-news.info\/de\/wp-content\/uploads\/sites\/13\/2021\/04\/Warum-heisst-die-Marke-so-Heute-Foen-absatzwirtschaft.jpg","type":"image\/jpeg"}],"author":"super news","twitter_card":"summary_large_image","twitter_misc":{"Verfasst von":"super news","Gesch\u00e4tzte Lesezeit":"2\u00a0Minuten"},"schema":{"@context":"https:\/\/schema.org","@graph":[{"@type":"Article","@id":"https:\/\/super-news.info\/de\/warum-heisst-die-marke-so-heute-foen-absatzwirtschaft\/#article","isPartOf":{"@id":"https:\/\/super-news.info\/de\/warum-heisst-die-marke-so-heute-foen-absatzwirtschaft\/"},"author":{"name":"super news","@id":"https:\/\/super-news.info\/de\/#\/schema\/person\/2b9ff946d06444e803cb306ffcfd1045"},"headline":"Warum hei\u00dft die Marke so? Heute: F\u00f6n \u203a absatzwirtschaft","datePublished":"2021-04-25T04:45:46+00:00","dateModified":"2021-04-25T04:45:48+00:00","mainEntityOfPage":{"@id":"https:\/\/super-news.info\/de\/warum-heisst-die-marke-so-heute-foen-absatzwirtschaft\/"},"wordCount":400,"commentCount":0,"image":{"@id":"https:\/\/super-news.info\/de\/warum-heisst-die-marke-so-heute-foen-absatzwirtschaft\/#primaryimage"},"thumbnailUrl":"https:\/\/super-news.info\/de\/wp-content\/uploads\/sites\/13\/2021\/04\/Warum-heisst-die-Marke-so-Heute-Foen-absatzwirtschaft.jpg","articleSection":["MARKETING NEWS"],"inLanguage":"de","potentialAction":[{"@type":"CommentAction","name":"Comment","target":["https:\/\/super-news.info\/de\/warum-heisst-die-marke-so-heute-foen-absatzwirtschaft\/#respond"]}]},{"@type":"WebPage","@id":"https:\/\/super-news.info\/de\/warum-heisst-die-marke-so-heute-foen-absatzwirtschaft\/","url":"https:\/\/super-news.info\/de\/warum-heisst-die-marke-so-heute-foen-absatzwirtschaft\/","name":"Warum hei\u00dft die Marke so? Heute: F\u00f6n \u203a absatzwirtschaft - Super News","isPartOf":{"@id":"https:\/\/super-news.info\/de\/#website"},"primaryImageOfPage":{"@id":"https:\/\/super-news.info\/de\/warum-heisst-die-marke-so-heute-foen-absatzwirtschaft\/#primaryimage"},"image":{"@id":"https:\/\/super-news.info\/de\/warum-heisst-die-marke-so-heute-foen-absatzwirtschaft\/#primaryimage"},"thumbnailUrl":"https:\/\/super-news.info\/de\/wp-content\/uploads\/sites\/13\/2021\/04\/Warum-heisst-die-Marke-so-Heute-Foen-absatzwirtschaft.jpg","datePublished":"2021-04-25T04:45:46+00:00","dateModified":"2021-04-25T04:45:48+00:00","author":{"@id":"https:\/\/super-news.info\/de\/#\/schema\/person\/2b9ff946d06444e803cb306ffcfd1045"},"breadcrumb":{"@id":"https:\/\/super-news.info\/de\/warum-heisst-die-marke-so-heute-foen-absatzwirtschaft\/#breadcrumb"},"inLanguage":"de","potentialAction":[{"@type":"ReadAction","target":["https:\/\/super-news.info\/de\/warum-heisst-die-marke-so-heute-foen-absatzwirtschaft\/"]}]},{"@type":"ImageObject","inLanguage":"de","@id":"https:\/\/super-news.info\/de\/warum-heisst-die-marke-so-heute-foen-absatzwirtschaft\/#primaryimage","url":"https:\/\/super-news.info\/de\/wp-content\/uploads\/sites\/13\/2021\/04\/Warum-heisst-die-Marke-so-Heute-Foen-absatzwirtschaft.jpg","contentUrl":"https:\/\/super-news.info\/de\/wp-content\/uploads\/sites\/13\/2021\/04\/Warum-heisst-die-Marke-so-Heute-Foen-absatzwirtschaft.jpg","width":630,"height":354,"caption":"F\u00f6n"},{"@type":"BreadcrumbList","@id":"https:\/\/super-news.info\/de\/warum-heisst-die-marke-so-heute-foen-absatzwirtschaft\/#breadcrumb","itemListElement":[{"@type":"ListItem","position":1,"name":"Home","item":"https:\/\/super-news.info\/de\/"},{"@type":"ListItem","position":2,"name":"Warum hei\u00dft die Marke so? Heute: F\u00f6n \u203a absatzwirtschaft"}]},{"@type":"WebSite","@id":"https:\/\/super-news.info\/de\/#website","url":"https:\/\/super-news.info\/de\/","name":"Super News","description":"Super News Germany","potentialAction":[{"@type":"SearchAction","target":{"@type":"EntryPoint","urlTemplate":"https:\/\/super-news.info\/de\/?s={search_term_string}"},"query-input":{"@type":"PropertyValueSpecification","valueRequired":true,"valueName":"search_term_string"}}],"inLanguage":"de"},{"@type":"Person","@id":"https:\/\/super-news.info\/de\/#\/schema\/person\/2b9ff946d06444e803cb306ffcfd1045","name":"super news","image":{"@type":"ImageObject","inLanguage":"de","@id":"https:\/\/secure.gravatar.com\/avatar\/98e0b303f300d45b2a94684c5e4dda8baa4a5e9710b579f7493c8612061d08bf?s=96&d=mm&r=g","url":"https:\/\/secure.gravatar.com\/avatar\/98e0b303f300d45b2a94684c5e4dda8baa4a5e9710b579f7493c8612061d08bf?s=96&d=mm&r=g","contentUrl":"https:\/\/secure.gravatar.com\/avatar\/98e0b303f300d45b2a94684c5e4dda8baa4a5e9710b579f7493c8612061d08bf?s=96&d=mm&r=g","caption":"super news"},"url":"https:\/\/super-news.info\/de\/author\/manuel\/"}]}},"_links":{"self":[{"href":"https:\/\/super-news.info\/de\/wp-json\/wp\/v2\/posts\/1513","targetHints":{"allow":["GET"]}}],"collection":[{"href":"https:\/\/super-news.info\/de\/wp-json\/wp\/v2\/posts"}],"about":[{"href":"https:\/\/super-news.info\/de\/wp-json\/wp\/v2\/types\/post"}],"author":[{"embeddable":true,"href":"https:\/\/super-news.info\/de\/wp-json\/wp\/v2\/users\/1"}],"replies":[{"embeddable":true,"href":"https:\/\/super-news.info\/de\/wp-json\/wp\/v2\/comments?post=1513"}],"version-history":[{"count":1,"href":"https:\/\/super-news.info\/de\/wp-json\/wp\/v2\/posts\/1513\/revisions"}],"predecessor-version":[{"id":1515,"href":"https:\/\/super-news.info\/de\/wp-json\/wp\/v2\/posts\/1513\/revisions\/1515"}],"wp:featuredmedia":[{"embeddable":true,"href":"https:\/\/super-news.info\/de\/wp-json\/wp\/v2\/media\/1514"}],"wp:attachment":[{"href":"https:\/\/super-news.info\/de\/wp-json\/wp\/v2\/media?parent=1513"}],"wp:term":[{"taxonomy":"category","embeddable":true,"href":"https:\/\/super-news.info\/de\/wp-json\/wp\/v2\/categories?post=1513"},{"taxonomy":"post_tag","embeddable":true,"href":"https:\/\/super-news.info\/de\/wp-json\/wp\/v2\/tags?post=1513"}],"curies":[{"name":"wp","href":"https:\/\/api.w.org\/{rel}","templated":true}]}}