{"id":1501,"date":"2021-04-23T04:37:01","date_gmt":"2021-04-23T04:37:01","guid":{"rendered":"https:\/\/super-news.info\/de\/mehrheit-der-europaeer-lehnt-super-league-ab-absatzwirtschaft\/"},"modified":"2021-04-23T04:37:03","modified_gmt":"2021-04-23T04:37:03","slug":"mehrheit-der-europaeer-lehnt-super-league-ab-absatzwirtschaft","status":"publish","type":"post","link":"https:\/\/super-news.info\/de\/mehrheit-der-europaeer-lehnt-super-league-ab-absatzwirtschaft\/","title":{"rendered":"Mehrheit der Europ\u00e4er lehnt Super League ab \u203a absatzwirtschaft"},"content":{"rendered":"<p>\t\t\t\t\t\tDas Echo zur geplanten Einf\u00fchrung einer europ\u00e4ischen Eliteliga ist in der Fach- und Fanwelt vernichtend ausgefallen. Eine Ipsos-Umfrage hat dazu ein Stimmungsbild in f\u00fcnf europ\u00e4ischen L\u00e4ndern eingeholt. Dabei gibt es \u00fcberraschende Unterschiede zwischen einzelnen Nationen.<\/p>\n<p>\t\t\t\t\tVon Thomas Thieme<br \/>\n\t\t\t\t\tKaum angek\u00fcndigt, schon k\u00f6nnte die Super League auch schon wieder Geschichte sein. W\u00e4hrend der Gro\u00dfteil der zw\u00f6lf vermeintlichen Gr\u00fcndungsmitglieder nach dem \u00f6ffentlichen Aufschrei ihren R\u00fcckzug bekanntgegeben haben, sieht Real Madrids Pr\u00e4sident Florentino Perez das Projekt auf \u201cStand-by\u201d, wie er am Donnerstag einem spanischen Radiosender sagte. Man arbeite im Hintergrund weiter an der Eliteliga: \u201cEs wird etwas herauskommen, vom dem die Welt denkt, dass es das Beste ist\u201d, k\u00fcndigte Perez an.<\/p>\n<p>Was die Welt \u2013 oder zumindest Menschen aus f\u00fcnf gro\u00dfen europ\u00e4ischen Fu\u00dfballnationen \u2013 von den Pl\u00e4nen halten, wollte das Marktforschungsinstitut Ipsos herausfinden und hat dazu unmittelbar nach deren Bekanntwerden 5000 Personen im Alter von 18 bis 65 Jahren in Deutschland, Frankreich, Gro\u00dfbritannien, Italien und Spanien online befragt. <\/p>\n<p>Briten besonders kritisch, Bef\u00fcrworter in Spanien<\/p>\n<p>Das Ergebnis best\u00e4tigt die zahlreichen Gegner des umstrittenen Projekts: In weiten Teilen Europas wird eine exklusive Fu\u00dfballliga mehrheitlich abgelehnt. Dabei gibt es aber \u00fcberraschende nationale Unterschiede: So sind die spanischen Fans deutlich weniger kritisch als die deutschen oder die britischen.<\/p>\n<p>Hier die zentralen Ergebnisse der Untersuchung:<\/p>\n<p>Deutschland: Dass die Gr\u00fcndungsvereine der Super League unabh\u00e4ngig von ihrer sportlichen Leistung zu Beginn jeder Saison nennenswerte Geldbetr\u00e4ge als Darlehen erhalten sollten, kam hierzulande besonders schlecht an. 66 Prozent der Befragten hielten diese Idee f\u00fcr schlecht. 58 Prozent kritisierten dar\u00fcber hinaus, dass alle Gr\u00fcndungsmitglieder stets am Turnier teilnehmen d\u00fcrfen sollten, unabh\u00e4ngig von ihrer Leistung in den nationalen Ligen. 56 Prozent der Befragten sprachen sich zudem gegen die Idee aus, dass neben den dauerhaften Mitgliedern jedes Jahr lediglich f\u00fcnf weitere Vereine ausgew\u00e4hlt werden sollten, die ebenfalls am Wettbewerb teilnehmen d\u00fcrfen.Gro\u00dfbritannien: Noch deutlich kritischer wurden die Pl\u00e4ne von den britischen Befragten beurteilt. S\u00e4mtliche Ideen f\u00fcr die Umsetzung der Super League, nach denen bei der Online-Erhebung gefragt wurde, wurden von rund 70 Prozent der Briten abgelehnt. Eine Erkl\u00e4rung f\u00fcr die breite britische Ablehnung k\u00f6nnte sein, dass allein sechs Vereine aus der hiesigen Premier League als Gr\u00fcndungsmitglieder der Super League vorgesehen waren.Spanien: Die gr\u00f6\u00dften Bef\u00fcrworter des Projekts fanden sich in Spanien. Fast die H\u00e4lfte aller Spanier (49 Prozent) unterst\u00fctzte etwa die Vereinbarung, dass die Gr\u00fcndungsvereine unabh\u00e4ngig von ihrer Leistung jede Saison einen gro\u00dfen finanziellen Zuschuss erhalten sollten. Eine knappe Mehrheit von 54 Prozent sprach sich zudem f\u00fcr die Idee aus, dass neben den festen Mitgliedern j\u00e4hrlich nur f\u00fcnf weitere Clubs teilnehmen.Frankreich und Italien: In diesen beiden Nationen \u00fcberwog die Skepsis an dem Projekt, wenn auch weniger stark als in Gro\u00dfbritannien. So kritisierten zum Beispiel 59 Prozent der befragten Franzosen, dass die Gr\u00fcndungsmitglieder dauerhaft am Turnier teilnehmen, unabh\u00e4ngig von den Leistungen in der nationalen Liga. 57 Prozent der Italiener lehnten die finanzielle Ausstattung der Gr\u00fcndungsvereine vor Start der Saison.<\/p>\n<p>Zuspruch bei Fans gr\u00f6\u00dfer als bei Nicht-Fans<\/p>\n<p>Im internationalen Durchschnitt wurden alle abgefragten Merkmale der Liga von einer Mehrheit der Befragten abgelehnt. Bei einer Aufteilung nach fu\u00dfballinteressierten und nicht fu\u00dfballinteressierten Personen zeigte sich jedoch, dass passionierte Fu\u00dfball-Fans eher dazu neigen, die angesto\u00dfenen Ideen f\u00fcr die Gr\u00fcndung der Super League zu bef\u00fcrworten, als nicht interessierte Befragte. <\/p>\n<p>Die Bedeutung des Fu\u00dfballs als fester Bestandteil des Lebens vieler Europ\u00e4er unterstreichen weitere Ergebnisse der Studie: 62 Prozent der Befragten gaben an, oft mit ihrer Familie, Freunden oder Kollegen \u00fcber das Thema Fu\u00dfball zu sprechen, ebenso viele schauen sich h\u00e4ufig Spiele im Fernsehen an. 68 Prozent zeigen sich grunds\u00e4tzlich (sehr) interessiert an Profi-Fu\u00dfballturnieren. Das gr\u00f6\u00dfte Interesse am Fu\u00dfball bekundeten Italiener (75 Prozent), Spanier (73 Prozent) und Briten (71 Prozent). Auch in Deutschland bezeichnete sich die klare Mehrheit als fu\u00dfballinteressiert (65 Prozent), in Frankreich sagten dies 54 Prozent der Befragten.<\/p>\n<p>Lesen Sie hier im absatzwirtschaft-Gastbeitrag von Colin Fernando, Partner bei der Managementberatung Brand Trust, wieso die gesamte Kommunikation der Super League ein Musterbeispiel f\u00fcr verfehltes Storytelling ist.   <\/p>\n<p>absatzwirtschaft+<\/p>\n<p>Sie wollen weitere relevante Informationen und spannende Hintergr\u00fcnde f\u00fcr Ihre t\u00e4gliche Arbeit im Marketing? Dann\u00a0abonnieren Sie jetzt hier\u00a0unseren kostenfreien Newsletter.<\/p>\n<p>\n<!--noindex--><br \/>\n<a href=\"https:\/\/www.absatzwirtschaft.de\/studie-mehrheit-der-europaeer-lehnt-super-league-ab-179026\/\" rel=\"nofollow\">Source link <\/a><br \/>\n<!--\/noindex--><\/p>\n","protected":false},"excerpt":{"rendered":"<p>Das Echo zur geplanten Einf\u00fchrung einer europ\u00e4ischen Eliteliga ist in der Fach- und Fanwelt vernichtend ausgefallen. Eine Ipsos-Umfrage hat dazu ein Stimmungsbild in f\u00fcnf europ\u00e4ischen L\u00e4ndern eingeholt. Dabei gibt es \u00fcberraschende Unterschiede zwischen einzelnen Nationen. Von Thomas Thieme Kaum angek\u00fcndigt, schon k\u00f6nnte die Super League auch schon wieder Geschichte sein. W\u00e4hrend der Gro\u00dfteil der zw\u00f6lf [&hellip;]<\/p>\n","protected":false},"author":1,"featured_media":1502,"comment_status":"open","ping_status":"open","sticky":false,"template":"","format":"standard","meta":{"footnotes":""},"categories":[5],"tags":[],"class_list":["post-1501","post","type-post","status-publish","format-standard","has-post-thumbnail","hentry","category-marketing-news"],"yoast_head":"<!-- This site is optimized with the Yoast SEO plugin v27.4 - https:\/\/yoast.com\/product\/yoast-seo-wordpress\/ -->\n<title>Mehrheit der Europ\u00e4er lehnt Super League ab \u203a absatzwirtschaft - Super News<\/title>\n<meta name=\"robots\" content=\"index, follow, max-snippet:-1, max-image-preview:large, max-video-preview:-1\" \/>\n<link rel=\"canonical\" href=\"https:\/\/super-news.info\/de\/mehrheit-der-europaeer-lehnt-super-league-ab-absatzwirtschaft\/\" \/>\n<meta property=\"og:locale\" content=\"de_DE\" \/>\n<meta property=\"og:type\" content=\"article\" \/>\n<meta property=\"og:title\" content=\"Mehrheit der Europ\u00e4er lehnt Super League ab \u203a absatzwirtschaft - Super News\" \/>\n<meta property=\"og:description\" content=\"Das Echo zur geplanten Einf\u00fchrung einer europ\u00e4ischen Eliteliga ist in der Fach- und Fanwelt vernichtend ausgefallen. Eine Ipsos-Umfrage hat dazu ein Stimmungsbild in f\u00fcnf europ\u00e4ischen L\u00e4ndern eingeholt. Dabei gibt es \u00fcberraschende Unterschiede zwischen einzelnen Nationen. Von Thomas Thieme Kaum angek\u00fcndigt, schon k\u00f6nnte die Super League auch schon wieder Geschichte sein. W\u00e4hrend der Gro\u00dfteil der zw\u00f6lf [&hellip;]\" \/>\n<meta property=\"og:url\" content=\"https:\/\/super-news.info\/de\/mehrheit-der-europaeer-lehnt-super-league-ab-absatzwirtschaft\/\" \/>\n<meta property=\"og:site_name\" content=\"Super News\" \/>\n<meta property=\"article:published_time\" content=\"2021-04-23T04:37:01+00:00\" \/>\n<meta property=\"article:modified_time\" content=\"2021-04-23T04:37:03+00:00\" \/>\n<meta property=\"og:image\" content=\"https:\/\/super-news.info\/de\/wp-content\/uploads\/sites\/13\/2021\/04\/Mehrheit-der-Europaeer-lehnt-Super-League-ab-absatzwirtschaft.jpg\" \/>\n\t<meta property=\"og:image:width\" content=\"630\" \/>\n\t<meta property=\"og:image:height\" content=\"354\" \/>\n\t<meta property=\"og:image:type\" content=\"image\/jpeg\" \/>\n<meta name=\"author\" content=\"super news\" \/>\n<meta name=\"twitter:card\" content=\"summary_large_image\" \/>\n<meta name=\"twitter:label1\" content=\"Verfasst von\" \/>\n\t<meta name=\"twitter:data1\" content=\"super news\" \/>\n\t<meta name=\"twitter:label2\" content=\"Gesch\u00e4tzte Lesezeit\" \/>\n\t<meta name=\"twitter:data2\" content=\"4\u00a0Minuten\" \/>\n<script type=\"application\/ld+json\" class=\"yoast-schema-graph\">{\"@context\":\"https:\\\/\\\/schema.org\",\"@graph\":[{\"@type\":\"Article\",\"@id\":\"https:\\\/\\\/super-news.info\\\/de\\\/mehrheit-der-europaeer-lehnt-super-league-ab-absatzwirtschaft\\\/#article\",\"isPartOf\":{\"@id\":\"https:\\\/\\\/super-news.info\\\/de\\\/mehrheit-der-europaeer-lehnt-super-league-ab-absatzwirtschaft\\\/\"},\"author\":{\"name\":\"super news\",\"@id\":\"https:\\\/\\\/super-news.info\\\/de\\\/#\\\/schema\\\/person\\\/2b9ff946d06444e803cb306ffcfd1045\"},\"headline\":\"Mehrheit der Europ\u00e4er lehnt Super League ab \u203a absatzwirtschaft\",\"datePublished\":\"2021-04-23T04:37:01+00:00\",\"dateModified\":\"2021-04-23T04:37:03+00:00\",\"mainEntityOfPage\":{\"@id\":\"https:\\\/\\\/super-news.info\\\/de\\\/mehrheit-der-europaeer-lehnt-super-league-ab-absatzwirtschaft\\\/\"},\"wordCount\":736,\"commentCount\":0,\"image\":{\"@id\":\"https:\\\/\\\/super-news.info\\\/de\\\/mehrheit-der-europaeer-lehnt-super-league-ab-absatzwirtschaft\\\/#primaryimage\"},\"thumbnailUrl\":\"https:\\\/\\\/super-news.info\\\/de\\\/wp-content\\\/uploads\\\/sites\\\/13\\\/2021\\\/04\\\/Mehrheit-der-Europaeer-lehnt-Super-League-ab-absatzwirtschaft.jpg\",\"articleSection\":[\"MARKETING NEWS\"],\"inLanguage\":\"de\",\"potentialAction\":[{\"@type\":\"CommentAction\",\"name\":\"Comment\",\"target\":[\"https:\\\/\\\/super-news.info\\\/de\\\/mehrheit-der-europaeer-lehnt-super-league-ab-absatzwirtschaft\\\/#respond\"]}]},{\"@type\":\"WebPage\",\"@id\":\"https:\\\/\\\/super-news.info\\\/de\\\/mehrheit-der-europaeer-lehnt-super-league-ab-absatzwirtschaft\\\/\",\"url\":\"https:\\\/\\\/super-news.info\\\/de\\\/mehrheit-der-europaeer-lehnt-super-league-ab-absatzwirtschaft\\\/\",\"name\":\"Mehrheit der Europ\u00e4er lehnt Super League ab \u203a absatzwirtschaft - Super News\",\"isPartOf\":{\"@id\":\"https:\\\/\\\/super-news.info\\\/de\\\/#website\"},\"primaryImageOfPage\":{\"@id\":\"https:\\\/\\\/super-news.info\\\/de\\\/mehrheit-der-europaeer-lehnt-super-league-ab-absatzwirtschaft\\\/#primaryimage\"},\"image\":{\"@id\":\"https:\\\/\\\/super-news.info\\\/de\\\/mehrheit-der-europaeer-lehnt-super-league-ab-absatzwirtschaft\\\/#primaryimage\"},\"thumbnailUrl\":\"https:\\\/\\\/super-news.info\\\/de\\\/wp-content\\\/uploads\\\/sites\\\/13\\\/2021\\\/04\\\/Mehrheit-der-Europaeer-lehnt-Super-League-ab-absatzwirtschaft.jpg\",\"datePublished\":\"2021-04-23T04:37:01+00:00\",\"dateModified\":\"2021-04-23T04:37:03+00:00\",\"author\":{\"@id\":\"https:\\\/\\\/super-news.info\\\/de\\\/#\\\/schema\\\/person\\\/2b9ff946d06444e803cb306ffcfd1045\"},\"breadcrumb\":{\"@id\":\"https:\\\/\\\/super-news.info\\\/de\\\/mehrheit-der-europaeer-lehnt-super-league-ab-absatzwirtschaft\\\/#breadcrumb\"},\"inLanguage\":\"de\",\"potentialAction\":[{\"@type\":\"ReadAction\",\"target\":[\"https:\\\/\\\/super-news.info\\\/de\\\/mehrheit-der-europaeer-lehnt-super-league-ab-absatzwirtschaft\\\/\"]}]},{\"@type\":\"ImageObject\",\"inLanguage\":\"de\",\"@id\":\"https:\\\/\\\/super-news.info\\\/de\\\/mehrheit-der-europaeer-lehnt-super-league-ab-absatzwirtschaft\\\/#primaryimage\",\"url\":\"https:\\\/\\\/super-news.info\\\/de\\\/wp-content\\\/uploads\\\/sites\\\/13\\\/2021\\\/04\\\/Mehrheit-der-Europaeer-lehnt-Super-League-ab-absatzwirtschaft.jpg\",\"contentUrl\":\"https:\\\/\\\/super-news.info\\\/de\\\/wp-content\\\/uploads\\\/sites\\\/13\\\/2021\\\/04\\\/Mehrheit-der-Europaeer-lehnt-Super-League-ab-absatzwirtschaft.jpg\",\"width\":630,\"height\":354,\"caption\":\"Mehrheit der Europ\u00e4er lehnt Super League ab \u203a absatzwirtschaft\"},{\"@type\":\"BreadcrumbList\",\"@id\":\"https:\\\/\\\/super-news.info\\\/de\\\/mehrheit-der-europaeer-lehnt-super-league-ab-absatzwirtschaft\\\/#breadcrumb\",\"itemListElement\":[{\"@type\":\"ListItem\",\"position\":1,\"name\":\"Home\",\"item\":\"https:\\\/\\\/super-news.info\\\/de\\\/\"},{\"@type\":\"ListItem\",\"position\":2,\"name\":\"Mehrheit der Europ\u00e4er lehnt Super League ab \u203a absatzwirtschaft\"}]},{\"@type\":\"WebSite\",\"@id\":\"https:\\\/\\\/super-news.info\\\/de\\\/#website\",\"url\":\"https:\\\/\\\/super-news.info\\\/de\\\/\",\"name\":\"Super News\",\"description\":\"Super News Germany\",\"potentialAction\":[{\"@type\":\"SearchAction\",\"target\":{\"@type\":\"EntryPoint\",\"urlTemplate\":\"https:\\\/\\\/super-news.info\\\/de\\\/?s={search_term_string}\"},\"query-input\":{\"@type\":\"PropertyValueSpecification\",\"valueRequired\":true,\"valueName\":\"search_term_string\"}}],\"inLanguage\":\"de\"},{\"@type\":\"Person\",\"@id\":\"https:\\\/\\\/super-news.info\\\/de\\\/#\\\/schema\\\/person\\\/2b9ff946d06444e803cb306ffcfd1045\",\"name\":\"super news\",\"image\":{\"@type\":\"ImageObject\",\"inLanguage\":\"de\",\"@id\":\"https:\\\/\\\/secure.gravatar.com\\\/avatar\\\/98e0b303f300d45b2a94684c5e4dda8baa4a5e9710b579f7493c8612061d08bf?s=96&d=mm&r=g\",\"url\":\"https:\\\/\\\/secure.gravatar.com\\\/avatar\\\/98e0b303f300d45b2a94684c5e4dda8baa4a5e9710b579f7493c8612061d08bf?s=96&d=mm&r=g\",\"contentUrl\":\"https:\\\/\\\/secure.gravatar.com\\\/avatar\\\/98e0b303f300d45b2a94684c5e4dda8baa4a5e9710b579f7493c8612061d08bf?s=96&d=mm&r=g\",\"caption\":\"super news\"},\"url\":\"https:\\\/\\\/super-news.info\\\/de\\\/author\\\/manuel\\\/\"}]}<\/script>\n<!-- \/ Yoast SEO plugin. -->","yoast_head_json":{"title":"Mehrheit der Europ\u00e4er lehnt Super League ab \u203a absatzwirtschaft - Super News","robots":{"index":"index","follow":"follow","max-snippet":"max-snippet:-1","max-image-preview":"max-image-preview:large","max-video-preview":"max-video-preview:-1"},"canonical":"https:\/\/super-news.info\/de\/mehrheit-der-europaeer-lehnt-super-league-ab-absatzwirtschaft\/","og_locale":"de_DE","og_type":"article","og_title":"Mehrheit der Europ\u00e4er lehnt Super League ab \u203a absatzwirtschaft - Super News","og_description":"Das Echo zur geplanten Einf\u00fchrung einer europ\u00e4ischen Eliteliga ist in der Fach- und Fanwelt vernichtend ausgefallen. Eine Ipsos-Umfrage hat dazu ein Stimmungsbild in f\u00fcnf europ\u00e4ischen L\u00e4ndern eingeholt. Dabei gibt es \u00fcberraschende Unterschiede zwischen einzelnen Nationen. Von Thomas Thieme Kaum angek\u00fcndigt, schon k\u00f6nnte die Super League auch schon wieder Geschichte sein. W\u00e4hrend der Gro\u00dfteil der zw\u00f6lf [&hellip;]","og_url":"https:\/\/super-news.info\/de\/mehrheit-der-europaeer-lehnt-super-league-ab-absatzwirtschaft\/","og_site_name":"Super News","article_published_time":"2021-04-23T04:37:01+00:00","article_modified_time":"2021-04-23T04:37:03+00:00","og_image":[{"width":630,"height":354,"url":"https:\/\/super-news.info\/de\/wp-content\/uploads\/sites\/13\/2021\/04\/Mehrheit-der-Europaeer-lehnt-Super-League-ab-absatzwirtschaft.jpg","type":"image\/jpeg"}],"author":"super news","twitter_card":"summary_large_image","twitter_misc":{"Verfasst von":"super news","Gesch\u00e4tzte Lesezeit":"4\u00a0Minuten"},"schema":{"@context":"https:\/\/schema.org","@graph":[{"@type":"Article","@id":"https:\/\/super-news.info\/de\/mehrheit-der-europaeer-lehnt-super-league-ab-absatzwirtschaft\/#article","isPartOf":{"@id":"https:\/\/super-news.info\/de\/mehrheit-der-europaeer-lehnt-super-league-ab-absatzwirtschaft\/"},"author":{"name":"super news","@id":"https:\/\/super-news.info\/de\/#\/schema\/person\/2b9ff946d06444e803cb306ffcfd1045"},"headline":"Mehrheit der Europ\u00e4er lehnt Super League ab \u203a absatzwirtschaft","datePublished":"2021-04-23T04:37:01+00:00","dateModified":"2021-04-23T04:37:03+00:00","mainEntityOfPage":{"@id":"https:\/\/super-news.info\/de\/mehrheit-der-europaeer-lehnt-super-league-ab-absatzwirtschaft\/"},"wordCount":736,"commentCount":0,"image":{"@id":"https:\/\/super-news.info\/de\/mehrheit-der-europaeer-lehnt-super-league-ab-absatzwirtschaft\/#primaryimage"},"thumbnailUrl":"https:\/\/super-news.info\/de\/wp-content\/uploads\/sites\/13\/2021\/04\/Mehrheit-der-Europaeer-lehnt-Super-League-ab-absatzwirtschaft.jpg","articleSection":["MARKETING NEWS"],"inLanguage":"de","potentialAction":[{"@type":"CommentAction","name":"Comment","target":["https:\/\/super-news.info\/de\/mehrheit-der-europaeer-lehnt-super-league-ab-absatzwirtschaft\/#respond"]}]},{"@type":"WebPage","@id":"https:\/\/super-news.info\/de\/mehrheit-der-europaeer-lehnt-super-league-ab-absatzwirtschaft\/","url":"https:\/\/super-news.info\/de\/mehrheit-der-europaeer-lehnt-super-league-ab-absatzwirtschaft\/","name":"Mehrheit der Europ\u00e4er lehnt Super League ab \u203a absatzwirtschaft - Super News","isPartOf":{"@id":"https:\/\/super-news.info\/de\/#website"},"primaryImageOfPage":{"@id":"https:\/\/super-news.info\/de\/mehrheit-der-europaeer-lehnt-super-league-ab-absatzwirtschaft\/#primaryimage"},"image":{"@id":"https:\/\/super-news.info\/de\/mehrheit-der-europaeer-lehnt-super-league-ab-absatzwirtschaft\/#primaryimage"},"thumbnailUrl":"https:\/\/super-news.info\/de\/wp-content\/uploads\/sites\/13\/2021\/04\/Mehrheit-der-Europaeer-lehnt-Super-League-ab-absatzwirtschaft.jpg","datePublished":"2021-04-23T04:37:01+00:00","dateModified":"2021-04-23T04:37:03+00:00","author":{"@id":"https:\/\/super-news.info\/de\/#\/schema\/person\/2b9ff946d06444e803cb306ffcfd1045"},"breadcrumb":{"@id":"https:\/\/super-news.info\/de\/mehrheit-der-europaeer-lehnt-super-league-ab-absatzwirtschaft\/#breadcrumb"},"inLanguage":"de","potentialAction":[{"@type":"ReadAction","target":["https:\/\/super-news.info\/de\/mehrheit-der-europaeer-lehnt-super-league-ab-absatzwirtschaft\/"]}]},{"@type":"ImageObject","inLanguage":"de","@id":"https:\/\/super-news.info\/de\/mehrheit-der-europaeer-lehnt-super-league-ab-absatzwirtschaft\/#primaryimage","url":"https:\/\/super-news.info\/de\/wp-content\/uploads\/sites\/13\/2021\/04\/Mehrheit-der-Europaeer-lehnt-Super-League-ab-absatzwirtschaft.jpg","contentUrl":"https:\/\/super-news.info\/de\/wp-content\/uploads\/sites\/13\/2021\/04\/Mehrheit-der-Europaeer-lehnt-Super-League-ab-absatzwirtschaft.jpg","width":630,"height":354,"caption":"Mehrheit der Europ\u00e4er lehnt Super League ab \u203a absatzwirtschaft"},{"@type":"BreadcrumbList","@id":"https:\/\/super-news.info\/de\/mehrheit-der-europaeer-lehnt-super-league-ab-absatzwirtschaft\/#breadcrumb","itemListElement":[{"@type":"ListItem","position":1,"name":"Home","item":"https:\/\/super-news.info\/de\/"},{"@type":"ListItem","position":2,"name":"Mehrheit der Europ\u00e4er lehnt Super League ab \u203a absatzwirtschaft"}]},{"@type":"WebSite","@id":"https:\/\/super-news.info\/de\/#website","url":"https:\/\/super-news.info\/de\/","name":"Super News","description":"Super News Germany","potentialAction":[{"@type":"SearchAction","target":{"@type":"EntryPoint","urlTemplate":"https:\/\/super-news.info\/de\/?s={search_term_string}"},"query-input":{"@type":"PropertyValueSpecification","valueRequired":true,"valueName":"search_term_string"}}],"inLanguage":"de"},{"@type":"Person","@id":"https:\/\/super-news.info\/de\/#\/schema\/person\/2b9ff946d06444e803cb306ffcfd1045","name":"super news","image":{"@type":"ImageObject","inLanguage":"de","@id":"https:\/\/secure.gravatar.com\/avatar\/98e0b303f300d45b2a94684c5e4dda8baa4a5e9710b579f7493c8612061d08bf?s=96&d=mm&r=g","url":"https:\/\/secure.gravatar.com\/avatar\/98e0b303f300d45b2a94684c5e4dda8baa4a5e9710b579f7493c8612061d08bf?s=96&d=mm&r=g","contentUrl":"https:\/\/secure.gravatar.com\/avatar\/98e0b303f300d45b2a94684c5e4dda8baa4a5e9710b579f7493c8612061d08bf?s=96&d=mm&r=g","caption":"super news"},"url":"https:\/\/super-news.info\/de\/author\/manuel\/"}]}},"_links":{"self":[{"href":"https:\/\/super-news.info\/de\/wp-json\/wp\/v2\/posts\/1501","targetHints":{"allow":["GET"]}}],"collection":[{"href":"https:\/\/super-news.info\/de\/wp-json\/wp\/v2\/posts"}],"about":[{"href":"https:\/\/super-news.info\/de\/wp-json\/wp\/v2\/types\/post"}],"author":[{"embeddable":true,"href":"https:\/\/super-news.info\/de\/wp-json\/wp\/v2\/users\/1"}],"replies":[{"embeddable":true,"href":"https:\/\/super-news.info\/de\/wp-json\/wp\/v2\/comments?post=1501"}],"version-history":[{"count":1,"href":"https:\/\/super-news.info\/de\/wp-json\/wp\/v2\/posts\/1501\/revisions"}],"predecessor-version":[{"id":1503,"href":"https:\/\/super-news.info\/de\/wp-json\/wp\/v2\/posts\/1501\/revisions\/1503"}],"wp:featuredmedia":[{"embeddable":true,"href":"https:\/\/super-news.info\/de\/wp-json\/wp\/v2\/media\/1502"}],"wp:attachment":[{"href":"https:\/\/super-news.info\/de\/wp-json\/wp\/v2\/media?parent=1501"}],"wp:term":[{"taxonomy":"category","embeddable":true,"href":"https:\/\/super-news.info\/de\/wp-json\/wp\/v2\/categories?post=1501"},{"taxonomy":"post_tag","embeddable":true,"href":"https:\/\/super-news.info\/de\/wp-json\/wp\/v2\/tags?post=1501"}],"curies":[{"name":"wp","href":"https:\/\/api.w.org\/{rel}","templated":true}]}}