{"id":1477,"date":"2021-04-19T04:10:24","date_gmt":"2021-04-19T04:10:24","guid":{"rendered":"https:\/\/super-news.info\/de\/volvo-macht-herrik-van-der-gaag-zum-deutschlandchef-absatzwirtschaft\/"},"modified":"2021-04-19T04:10:26","modified_gmt":"2021-04-19T04:10:26","slug":"volvo-macht-herrik-van-der-gaag-zum-deutschlandchef-absatzwirtschaft","status":"publish","type":"post","link":"https:\/\/super-news.info\/de\/volvo-macht-herrik-van-der-gaag-zum-deutschlandchef-absatzwirtschaft\/","title":{"rendered":"Volvo macht Herrik van der Gaag zum Deutschlandchef \u203a absatzwirtschaft"},"content":{"rendered":"<p>\t\t\t\t\t\tDer schwedisch-chinesische Autobauer Volvo nennt sich  selbst den &#8222;schnellsten Transformator in der Automobilbranche&#8220;. Das zuk\u00fcnftige Gesch\u00e4ftsmodell, reinen Online-Vertrieb von Elektroautos, in zwei wichtigen europ\u00e4ischen M\u00e4rkten weiter vorantreiben, soll der neue Deutschlandchef Herrik van der Gaag.<\/p>\n<p>\t\t\t\t\tVon Thomas Thieme<br \/>\n\t\t\t\t\tHerrik van der Gaag wird neuer Gesch\u00e4ftsf\u00fchrer von Volvo Car Germany und ist in dieser Rolle ab 1. Mai f\u00fcr die beiden M\u00e4rkte Deutschland und Niederlande verantwortlich. Die beiden Landesgesellschaften des schwedischen Autobauers blieben rechtlich eigenst\u00e4ndige Unternehmen, hei\u00dft es in einer Mitteilung des Autokonzerns, der in Besitz der chinesischen Geely-Gruppe ist.<\/p>\n<p>Der 48-j\u00e4hrige Niederl\u00e4nder folgt auf Thomas Bauch (58), der sieben Jahre an der Spitze der deutschen Importeursgesellschaft gestanden hat und k\u00fcnftig internationale Aufgaben im Rahmen der kommerziellen Transformation f\u00fcr den Mutterkonzern Volvo Cars in G\u00f6teborg wahrnehmen werde, hei\u00dft es weiter.<\/p>\n<p>Volvo setzt konsequent auf E-Autos und Online-Verkauf<\/p>\n<p>Der Autobauer setzt laut fr\u00fcheren Ank\u00fcndigungen konsequenter als die Konkurrenz auf Elektromobilit\u00e4t und Online-Verkauf: Volvo will ab 2030 nur noch E-Autos und ausschlie\u00dflich \u00fcber den digitalen Vertriebsweg absetzen. F\u00fcr alle neu eingef\u00fchrten Elektromodelle gilt der reine Online-Vertrieb schon ab kommendem Jahr.<\/p>\n<p>Van der Gaag, der die niederl\u00e4ndische Landesgesellschaft seit seinem Einstieg bei Volvo f\u00fchrt, soll nun als Gesch\u00e4ftsf\u00fchrer f\u00fcr beide M\u00e4rkte die Geschwindigkeit bei der Einf\u00fchrung von Online-L\u00f6sungen erh\u00f6hen und die Kompetenzen beider M\u00e4rkte zusammenf\u00fchren. \u201cWir haben die Ambition, der schnellste Transformator in der Branche zu sein. Sowohl Deutschland als auch die Niederlande nehmen eine Vorreiterrolle innerhalb des Transformationsprozesses ein\u201d, sagt Bj\u00f6rn Annwall, der k\u00fcnftige CFO von Volvo Cars.<\/p>\n<p>Fr\u00fchere Station bei der US-Basketballliga NBA<\/p>\n<p>Van der Gaag war 2018 vom K\u00fcchen- und Badausr\u00fcster De Mandemakers Groep zum Autobauer gewechselt. Der Manager hat mehr als 25 Jahre Erfahrung im internationalen Gesch\u00e4ft, im Gro\u00dfhandel und im Verkauf. Zu seinen fr\u00fcheren Stationen z\u00e4hlen auch die US-Bekleidungsmarke Champion und die US-amerikanische Basketballliga NBA, f\u00fcr die er von 1999 bis 2006 als Senior Director Marketing &amp; Sales f\u00fcr Europa, Afrika und den Nahen Osten zust\u00e4ndig war.<\/p>\n<p>Seit van der Gaag die Volvo-Niederlassung in den Niederlanden Mitte 2018 \u00fcbernommen hat, ist der Marktanteil des Herstellers dort von 3,6 auf 5,8 Prozent gewachsen. In Deutschland liegt der Marktanteil mit 1,6 Prozent noch deutlich darunter. In sechs Wachstumsjahren in Folge unter Thomas Bauch seien die Verk\u00e4ufe allerdings von 27.500 auf 53.400 Autos nahezu verdoppelt worden. Dieses Tempo noch zu steigern, d\u00fcrfte eine zentrale Aufgabe f\u00fcr den neuen Deutschlandchef sein. \u201cIch bin davon \u00fcberzeugt, dass wir unser Tagesgesch\u00e4ft erfolgreich erledigen und uns gleichzeitig optimal f\u00fcr die Zukunft aufstellen k\u00f6nnen\u201d, sagt Herrik van der Gaag. <\/p>\n<p>absatzwirtschaft+<\/p>\n<p>Sie wollen weitere relevante Informationen und spannende Hintergr\u00fcnde f\u00fcr Ihre t\u00e4gliche Arbeit im Marketing? Dann\u00a0abonnieren Sie jetzt hier\u00a0unseren kostenfreien Newsletter.<\/p>\n<p>\n<!--noindex--><br \/>\n<a href=\"https:\/\/www.absatzwirtschaft.de\/volvo-macht-herrik-van-der-gaag-zum-deutschlandchef-178921\/\" rel=\"nofollow\">Source link <\/a><br \/>\n<!--\/noindex--><\/p>\n","protected":false},"excerpt":{"rendered":"<p>Der schwedisch-chinesische Autobauer Volvo nennt sich selbst den &#8222;schnellsten Transformator in der Automobilbranche&#8220;. Das zuk\u00fcnftige Gesch\u00e4ftsmodell, reinen Online-Vertrieb von Elektroautos, in zwei wichtigen europ\u00e4ischen M\u00e4rkten weiter vorantreiben, soll der neue Deutschlandchef Herrik van der Gaag. Von Thomas Thieme Herrik van der Gaag wird neuer Gesch\u00e4ftsf\u00fchrer von Volvo Car Germany und ist in dieser Rolle ab [&hellip;]<\/p>\n","protected":false},"author":1,"featured_media":1478,"comment_status":"open","ping_status":"open","sticky":false,"template":"","format":"standard","meta":{"footnotes":""},"categories":[5],"tags":[],"class_list":["post-1477","post","type-post","status-publish","format-standard","has-post-thumbnail","hentry","category-marketing-news"],"yoast_head":"<!-- This site is optimized with the Yoast SEO plugin v27.4 - https:\/\/yoast.com\/product\/yoast-seo-wordpress\/ -->\n<title>Volvo macht Herrik van der Gaag zum Deutschlandchef \u203a absatzwirtschaft - Super News<\/title>\n<meta name=\"robots\" content=\"index, follow, max-snippet:-1, max-image-preview:large, max-video-preview:-1\" \/>\n<link rel=\"canonical\" href=\"https:\/\/super-news.info\/de\/volvo-macht-herrik-van-der-gaag-zum-deutschlandchef-absatzwirtschaft\/\" \/>\n<meta property=\"og:locale\" content=\"de_DE\" \/>\n<meta property=\"og:type\" content=\"article\" \/>\n<meta property=\"og:title\" content=\"Volvo macht Herrik van der Gaag zum Deutschlandchef \u203a absatzwirtschaft - Super News\" \/>\n<meta property=\"og:description\" content=\"Der schwedisch-chinesische Autobauer Volvo nennt sich selbst den &#8222;schnellsten Transformator in der Automobilbranche&#8220;. Das zuk\u00fcnftige Gesch\u00e4ftsmodell, reinen Online-Vertrieb von Elektroautos, in zwei wichtigen europ\u00e4ischen M\u00e4rkten weiter vorantreiben, soll der neue Deutschlandchef Herrik van der Gaag. Von Thomas Thieme Herrik van der Gaag wird neuer Gesch\u00e4ftsf\u00fchrer von Volvo Car Germany und ist in dieser Rolle ab [&hellip;]\" \/>\n<meta property=\"og:url\" content=\"https:\/\/super-news.info\/de\/volvo-macht-herrik-van-der-gaag-zum-deutschlandchef-absatzwirtschaft\/\" \/>\n<meta property=\"og:site_name\" content=\"Super News\" \/>\n<meta property=\"article:published_time\" content=\"2021-04-19T04:10:24+00:00\" \/>\n<meta property=\"article:modified_time\" content=\"2021-04-19T04:10:26+00:00\" \/>\n<meta property=\"og:image\" content=\"https:\/\/super-news.info\/de\/wp-content\/uploads\/sites\/13\/2021\/04\/Volvo-macht-Herrik-van-der-Gaag-zum-Deutschlandchef-absatzwirtschaft.jpg\" \/>\n\t<meta property=\"og:image:width\" content=\"630\" \/>\n\t<meta property=\"og:image:height\" content=\"354\" \/>\n\t<meta property=\"og:image:type\" content=\"image\/jpeg\" \/>\n<meta name=\"author\" content=\"super news\" \/>\n<meta name=\"twitter:card\" content=\"summary_large_image\" \/>\n<meta name=\"twitter:label1\" content=\"Verfasst von\" \/>\n\t<meta name=\"twitter:data1\" content=\"super news\" \/>\n\t<meta name=\"twitter:label2\" content=\"Gesch\u00e4tzte Lesezeit\" \/>\n\t<meta name=\"twitter:data2\" content=\"2\u00a0Minuten\" \/>\n<script type=\"application\/ld+json\" class=\"yoast-schema-graph\">{\"@context\":\"https:\\\/\\\/schema.org\",\"@graph\":[{\"@type\":\"Article\",\"@id\":\"https:\\\/\\\/super-news.info\\\/de\\\/volvo-macht-herrik-van-der-gaag-zum-deutschlandchef-absatzwirtschaft\\\/#article\",\"isPartOf\":{\"@id\":\"https:\\\/\\\/super-news.info\\\/de\\\/volvo-macht-herrik-van-der-gaag-zum-deutschlandchef-absatzwirtschaft\\\/\"},\"author\":{\"name\":\"super news\",\"@id\":\"https:\\\/\\\/super-news.info\\\/de\\\/#\\\/schema\\\/person\\\/2b9ff946d06444e803cb306ffcfd1045\"},\"headline\":\"Volvo macht Herrik van der Gaag zum Deutschlandchef \u203a absatzwirtschaft\",\"datePublished\":\"2021-04-19T04:10:24+00:00\",\"dateModified\":\"2021-04-19T04:10:26+00:00\",\"mainEntityOfPage\":{\"@id\":\"https:\\\/\\\/super-news.info\\\/de\\\/volvo-macht-herrik-van-der-gaag-zum-deutschlandchef-absatzwirtschaft\\\/\"},\"wordCount\":487,\"commentCount\":0,\"image\":{\"@id\":\"https:\\\/\\\/super-news.info\\\/de\\\/volvo-macht-herrik-van-der-gaag-zum-deutschlandchef-absatzwirtschaft\\\/#primaryimage\"},\"thumbnailUrl\":\"https:\\\/\\\/super-news.info\\\/de\\\/wp-content\\\/uploads\\\/sites\\\/13\\\/2021\\\/04\\\/Volvo-macht-Herrik-van-der-Gaag-zum-Deutschlandchef-absatzwirtschaft.jpg\",\"articleSection\":[\"MARKETING NEWS\"],\"inLanguage\":\"de\",\"potentialAction\":[{\"@type\":\"CommentAction\",\"name\":\"Comment\",\"target\":[\"https:\\\/\\\/super-news.info\\\/de\\\/volvo-macht-herrik-van-der-gaag-zum-deutschlandchef-absatzwirtschaft\\\/#respond\"]}]},{\"@type\":\"WebPage\",\"@id\":\"https:\\\/\\\/super-news.info\\\/de\\\/volvo-macht-herrik-van-der-gaag-zum-deutschlandchef-absatzwirtschaft\\\/\",\"url\":\"https:\\\/\\\/super-news.info\\\/de\\\/volvo-macht-herrik-van-der-gaag-zum-deutschlandchef-absatzwirtschaft\\\/\",\"name\":\"Volvo macht Herrik van der Gaag zum Deutschlandchef \u203a absatzwirtschaft - Super News\",\"isPartOf\":{\"@id\":\"https:\\\/\\\/super-news.info\\\/de\\\/#website\"},\"primaryImageOfPage\":{\"@id\":\"https:\\\/\\\/super-news.info\\\/de\\\/volvo-macht-herrik-van-der-gaag-zum-deutschlandchef-absatzwirtschaft\\\/#primaryimage\"},\"image\":{\"@id\":\"https:\\\/\\\/super-news.info\\\/de\\\/volvo-macht-herrik-van-der-gaag-zum-deutschlandchef-absatzwirtschaft\\\/#primaryimage\"},\"thumbnailUrl\":\"https:\\\/\\\/super-news.info\\\/de\\\/wp-content\\\/uploads\\\/sites\\\/13\\\/2021\\\/04\\\/Volvo-macht-Herrik-van-der-Gaag-zum-Deutschlandchef-absatzwirtschaft.jpg\",\"datePublished\":\"2021-04-19T04:10:24+00:00\",\"dateModified\":\"2021-04-19T04:10:26+00:00\",\"author\":{\"@id\":\"https:\\\/\\\/super-news.info\\\/de\\\/#\\\/schema\\\/person\\\/2b9ff946d06444e803cb306ffcfd1045\"},\"breadcrumb\":{\"@id\":\"https:\\\/\\\/super-news.info\\\/de\\\/volvo-macht-herrik-van-der-gaag-zum-deutschlandchef-absatzwirtschaft\\\/#breadcrumb\"},\"inLanguage\":\"de\",\"potentialAction\":[{\"@type\":\"ReadAction\",\"target\":[\"https:\\\/\\\/super-news.info\\\/de\\\/volvo-macht-herrik-van-der-gaag-zum-deutschlandchef-absatzwirtschaft\\\/\"]}]},{\"@type\":\"ImageObject\",\"inLanguage\":\"de\",\"@id\":\"https:\\\/\\\/super-news.info\\\/de\\\/volvo-macht-herrik-van-der-gaag-zum-deutschlandchef-absatzwirtschaft\\\/#primaryimage\",\"url\":\"https:\\\/\\\/super-news.info\\\/de\\\/wp-content\\\/uploads\\\/sites\\\/13\\\/2021\\\/04\\\/Volvo-macht-Herrik-van-der-Gaag-zum-Deutschlandchef-absatzwirtschaft.jpg\",\"contentUrl\":\"https:\\\/\\\/super-news.info\\\/de\\\/wp-content\\\/uploads\\\/sites\\\/13\\\/2021\\\/04\\\/Volvo-macht-Herrik-van-der-Gaag-zum-Deutschlandchef-absatzwirtschaft.jpg\",\"width\":630,\"height\":354,\"caption\":\"Volvo macht Herrik van der Gaag zum Deutschlandchef \u203a absatzwirtschaft\"},{\"@type\":\"BreadcrumbList\",\"@id\":\"https:\\\/\\\/super-news.info\\\/de\\\/volvo-macht-herrik-van-der-gaag-zum-deutschlandchef-absatzwirtschaft\\\/#breadcrumb\",\"itemListElement\":[{\"@type\":\"ListItem\",\"position\":1,\"name\":\"Home\",\"item\":\"https:\\\/\\\/super-news.info\\\/de\\\/\"},{\"@type\":\"ListItem\",\"position\":2,\"name\":\"Volvo macht Herrik van der Gaag zum Deutschlandchef \u203a absatzwirtschaft\"}]},{\"@type\":\"WebSite\",\"@id\":\"https:\\\/\\\/super-news.info\\\/de\\\/#website\",\"url\":\"https:\\\/\\\/super-news.info\\\/de\\\/\",\"name\":\"Super News\",\"description\":\"Super News Germany\",\"potentialAction\":[{\"@type\":\"SearchAction\",\"target\":{\"@type\":\"EntryPoint\",\"urlTemplate\":\"https:\\\/\\\/super-news.info\\\/de\\\/?s={search_term_string}\"},\"query-input\":{\"@type\":\"PropertyValueSpecification\",\"valueRequired\":true,\"valueName\":\"search_term_string\"}}],\"inLanguage\":\"de\"},{\"@type\":\"Person\",\"@id\":\"https:\\\/\\\/super-news.info\\\/de\\\/#\\\/schema\\\/person\\\/2b9ff946d06444e803cb306ffcfd1045\",\"name\":\"super news\",\"image\":{\"@type\":\"ImageObject\",\"inLanguage\":\"de\",\"@id\":\"https:\\\/\\\/secure.gravatar.com\\\/avatar\\\/98e0b303f300d45b2a94684c5e4dda8baa4a5e9710b579f7493c8612061d08bf?s=96&d=mm&r=g\",\"url\":\"https:\\\/\\\/secure.gravatar.com\\\/avatar\\\/98e0b303f300d45b2a94684c5e4dda8baa4a5e9710b579f7493c8612061d08bf?s=96&d=mm&r=g\",\"contentUrl\":\"https:\\\/\\\/secure.gravatar.com\\\/avatar\\\/98e0b303f300d45b2a94684c5e4dda8baa4a5e9710b579f7493c8612061d08bf?s=96&d=mm&r=g\",\"caption\":\"super news\"},\"url\":\"https:\\\/\\\/super-news.info\\\/de\\\/author\\\/manuel\\\/\"}]}<\/script>\n<!-- \/ Yoast SEO plugin. -->","yoast_head_json":{"title":"Volvo macht Herrik van der Gaag zum Deutschlandchef \u203a absatzwirtschaft - Super News","robots":{"index":"index","follow":"follow","max-snippet":"max-snippet:-1","max-image-preview":"max-image-preview:large","max-video-preview":"max-video-preview:-1"},"canonical":"https:\/\/super-news.info\/de\/volvo-macht-herrik-van-der-gaag-zum-deutschlandchef-absatzwirtschaft\/","og_locale":"de_DE","og_type":"article","og_title":"Volvo macht Herrik van der Gaag zum Deutschlandchef \u203a absatzwirtschaft - Super News","og_description":"Der schwedisch-chinesische Autobauer Volvo nennt sich selbst den &#8222;schnellsten Transformator in der Automobilbranche&#8220;. Das zuk\u00fcnftige Gesch\u00e4ftsmodell, reinen Online-Vertrieb von Elektroautos, in zwei wichtigen europ\u00e4ischen M\u00e4rkten weiter vorantreiben, soll der neue Deutschlandchef Herrik van der Gaag. Von Thomas Thieme Herrik van der Gaag wird neuer Gesch\u00e4ftsf\u00fchrer von Volvo Car Germany und ist in dieser Rolle ab [&hellip;]","og_url":"https:\/\/super-news.info\/de\/volvo-macht-herrik-van-der-gaag-zum-deutschlandchef-absatzwirtschaft\/","og_site_name":"Super News","article_published_time":"2021-04-19T04:10:24+00:00","article_modified_time":"2021-04-19T04:10:26+00:00","og_image":[{"width":630,"height":354,"url":"https:\/\/super-news.info\/de\/wp-content\/uploads\/sites\/13\/2021\/04\/Volvo-macht-Herrik-van-der-Gaag-zum-Deutschlandchef-absatzwirtschaft.jpg","type":"image\/jpeg"}],"author":"super news","twitter_card":"summary_large_image","twitter_misc":{"Verfasst von":"super news","Gesch\u00e4tzte Lesezeit":"2\u00a0Minuten"},"schema":{"@context":"https:\/\/schema.org","@graph":[{"@type":"Article","@id":"https:\/\/super-news.info\/de\/volvo-macht-herrik-van-der-gaag-zum-deutschlandchef-absatzwirtschaft\/#article","isPartOf":{"@id":"https:\/\/super-news.info\/de\/volvo-macht-herrik-van-der-gaag-zum-deutschlandchef-absatzwirtschaft\/"},"author":{"name":"super news","@id":"https:\/\/super-news.info\/de\/#\/schema\/person\/2b9ff946d06444e803cb306ffcfd1045"},"headline":"Volvo macht Herrik van der Gaag zum Deutschlandchef \u203a absatzwirtschaft","datePublished":"2021-04-19T04:10:24+00:00","dateModified":"2021-04-19T04:10:26+00:00","mainEntityOfPage":{"@id":"https:\/\/super-news.info\/de\/volvo-macht-herrik-van-der-gaag-zum-deutschlandchef-absatzwirtschaft\/"},"wordCount":487,"commentCount":0,"image":{"@id":"https:\/\/super-news.info\/de\/volvo-macht-herrik-van-der-gaag-zum-deutschlandchef-absatzwirtschaft\/#primaryimage"},"thumbnailUrl":"https:\/\/super-news.info\/de\/wp-content\/uploads\/sites\/13\/2021\/04\/Volvo-macht-Herrik-van-der-Gaag-zum-Deutschlandchef-absatzwirtschaft.jpg","articleSection":["MARKETING NEWS"],"inLanguage":"de","potentialAction":[{"@type":"CommentAction","name":"Comment","target":["https:\/\/super-news.info\/de\/volvo-macht-herrik-van-der-gaag-zum-deutschlandchef-absatzwirtschaft\/#respond"]}]},{"@type":"WebPage","@id":"https:\/\/super-news.info\/de\/volvo-macht-herrik-van-der-gaag-zum-deutschlandchef-absatzwirtschaft\/","url":"https:\/\/super-news.info\/de\/volvo-macht-herrik-van-der-gaag-zum-deutschlandchef-absatzwirtschaft\/","name":"Volvo macht Herrik van der Gaag zum Deutschlandchef \u203a absatzwirtschaft - Super News","isPartOf":{"@id":"https:\/\/super-news.info\/de\/#website"},"primaryImageOfPage":{"@id":"https:\/\/super-news.info\/de\/volvo-macht-herrik-van-der-gaag-zum-deutschlandchef-absatzwirtschaft\/#primaryimage"},"image":{"@id":"https:\/\/super-news.info\/de\/volvo-macht-herrik-van-der-gaag-zum-deutschlandchef-absatzwirtschaft\/#primaryimage"},"thumbnailUrl":"https:\/\/super-news.info\/de\/wp-content\/uploads\/sites\/13\/2021\/04\/Volvo-macht-Herrik-van-der-Gaag-zum-Deutschlandchef-absatzwirtschaft.jpg","datePublished":"2021-04-19T04:10:24+00:00","dateModified":"2021-04-19T04:10:26+00:00","author":{"@id":"https:\/\/super-news.info\/de\/#\/schema\/person\/2b9ff946d06444e803cb306ffcfd1045"},"breadcrumb":{"@id":"https:\/\/super-news.info\/de\/volvo-macht-herrik-van-der-gaag-zum-deutschlandchef-absatzwirtschaft\/#breadcrumb"},"inLanguage":"de","potentialAction":[{"@type":"ReadAction","target":["https:\/\/super-news.info\/de\/volvo-macht-herrik-van-der-gaag-zum-deutschlandchef-absatzwirtschaft\/"]}]},{"@type":"ImageObject","inLanguage":"de","@id":"https:\/\/super-news.info\/de\/volvo-macht-herrik-van-der-gaag-zum-deutschlandchef-absatzwirtschaft\/#primaryimage","url":"https:\/\/super-news.info\/de\/wp-content\/uploads\/sites\/13\/2021\/04\/Volvo-macht-Herrik-van-der-Gaag-zum-Deutschlandchef-absatzwirtschaft.jpg","contentUrl":"https:\/\/super-news.info\/de\/wp-content\/uploads\/sites\/13\/2021\/04\/Volvo-macht-Herrik-van-der-Gaag-zum-Deutschlandchef-absatzwirtschaft.jpg","width":630,"height":354,"caption":"Volvo macht Herrik van der Gaag zum Deutschlandchef \u203a absatzwirtschaft"},{"@type":"BreadcrumbList","@id":"https:\/\/super-news.info\/de\/volvo-macht-herrik-van-der-gaag-zum-deutschlandchef-absatzwirtschaft\/#breadcrumb","itemListElement":[{"@type":"ListItem","position":1,"name":"Home","item":"https:\/\/super-news.info\/de\/"},{"@type":"ListItem","position":2,"name":"Volvo macht Herrik van der Gaag zum Deutschlandchef \u203a absatzwirtschaft"}]},{"@type":"WebSite","@id":"https:\/\/super-news.info\/de\/#website","url":"https:\/\/super-news.info\/de\/","name":"Super News","description":"Super News Germany","potentialAction":[{"@type":"SearchAction","target":{"@type":"EntryPoint","urlTemplate":"https:\/\/super-news.info\/de\/?s={search_term_string}"},"query-input":{"@type":"PropertyValueSpecification","valueRequired":true,"valueName":"search_term_string"}}],"inLanguage":"de"},{"@type":"Person","@id":"https:\/\/super-news.info\/de\/#\/schema\/person\/2b9ff946d06444e803cb306ffcfd1045","name":"super news","image":{"@type":"ImageObject","inLanguage":"de","@id":"https:\/\/secure.gravatar.com\/avatar\/98e0b303f300d45b2a94684c5e4dda8baa4a5e9710b579f7493c8612061d08bf?s=96&d=mm&r=g","url":"https:\/\/secure.gravatar.com\/avatar\/98e0b303f300d45b2a94684c5e4dda8baa4a5e9710b579f7493c8612061d08bf?s=96&d=mm&r=g","contentUrl":"https:\/\/secure.gravatar.com\/avatar\/98e0b303f300d45b2a94684c5e4dda8baa4a5e9710b579f7493c8612061d08bf?s=96&d=mm&r=g","caption":"super news"},"url":"https:\/\/super-news.info\/de\/author\/manuel\/"}]}},"_links":{"self":[{"href":"https:\/\/super-news.info\/de\/wp-json\/wp\/v2\/posts\/1477","targetHints":{"allow":["GET"]}}],"collection":[{"href":"https:\/\/super-news.info\/de\/wp-json\/wp\/v2\/posts"}],"about":[{"href":"https:\/\/super-news.info\/de\/wp-json\/wp\/v2\/types\/post"}],"author":[{"embeddable":true,"href":"https:\/\/super-news.info\/de\/wp-json\/wp\/v2\/users\/1"}],"replies":[{"embeddable":true,"href":"https:\/\/super-news.info\/de\/wp-json\/wp\/v2\/comments?post=1477"}],"version-history":[{"count":1,"href":"https:\/\/super-news.info\/de\/wp-json\/wp\/v2\/posts\/1477\/revisions"}],"predecessor-version":[{"id":1479,"href":"https:\/\/super-news.info\/de\/wp-json\/wp\/v2\/posts\/1477\/revisions\/1479"}],"wp:featuredmedia":[{"embeddable":true,"href":"https:\/\/super-news.info\/de\/wp-json\/wp\/v2\/media\/1478"}],"wp:attachment":[{"href":"https:\/\/super-news.info\/de\/wp-json\/wp\/v2\/media?parent=1477"}],"wp:term":[{"taxonomy":"category","embeddable":true,"href":"https:\/\/super-news.info\/de\/wp-json\/wp\/v2\/categories?post=1477"},{"taxonomy":"post_tag","embeddable":true,"href":"https:\/\/super-news.info\/de\/wp-json\/wp\/v2\/tags?post=1477"}],"curies":[{"name":"wp","href":"https:\/\/api.w.org\/{rel}","templated":true}]}}