{"id":1471,"date":"2021-04-18T03:55:36","date_gmt":"2021-04-18T03:55:36","guid":{"rendered":"https:\/\/super-news.info\/de\/erste-marketingchefin-beim-modekonzern-absatzwirtschaft\/"},"modified":"2021-04-18T03:55:38","modified_gmt":"2021-04-18T03:55:38","slug":"erste-marketingchefin-beim-modekonzern-absatzwirtschaft","status":"publish","type":"post","link":"https:\/\/super-news.info\/de\/erste-marketingchefin-beim-modekonzern-absatzwirtschaft\/","title":{"rendered":"Erste Marketingchefin beim Modekonzern \u203a absatzwirtschaft"},"content":{"rendered":"<p>\t  \t\t\t\t\t\t\t  \t\t\t\t\t\t\t\tMiah Sullivan kennt sich mit Mode aus. Ihre neue Aufgabe f\u00fchrt die Amerikanerin nach Metzingen.<br \/>\n\t  \t\t\t\t\t\t\t\t  \t\t\t\t\t\t\t  \t\t\t\t\t\t\t\t\t \u00a9 Hugo Boss<\/p>\n<p>\t\t\t\t\t\tMiah Sullivan wird Director Global Marketing &amp; Brand Communications<br \/>\nbei Hugo Boss. Es ist das erste Mal, dass eine Frau die Position beim schw\u00e4bischen Modekonzern \u00fcbernimmt. Der Vorstand bleibt indes M\u00e4nnersache.<\/p>\n<p>\t\t\t\t\t\tAnzeige<\/p>\n<p>\t\t\t\t\tVon Thomas Thieme<br \/>\n\t\t\t\t\tDer Modekonzern Hugo Boss hat die seit M\u00e4rz vakante Position des Marketingverantwortlichen neu besetzt. Miah Sullivan wird Director Global Marketing &amp; Brand Communications, wie das Unternehmen aus Metzingen am Freitag bekanntgab. Die 44-j\u00e4hrige Amerikanerin tritt ihre neue Position zum 1. Mai an.<\/p>\n<p>Die Managerin war zuvor in verschiedenen leitenden Funktionen beim italienischen Brillenhersteller Luxottica und beim italienischen Modeunternehmen Furla t\u00e4tig und zuletzt als Chief Marketing Officer  &amp; General Manager E-Commerce bei der amerikanischen Luxusmodemarke St. John Knits. <\/p>\n<p>Digitale Transformation im Fokus<\/p>\n<p>Sullivan soll bei ihrem neuen Arbeitgeber vor allem ihre Erfahrungen in der digitalen Transformation von Marketingaktivit\u00e4ten und in der Emotionalisierung von Marken und Produkten einbringen. <\/p>\n<p>Ihr Vorg\u00e4nger L\u00fcder Fromm hatte das Unternehmen im M\u00e4rz auf eigenen Wunsch verlassen. Die neue Marketingverantwortliche des M-Dax-Konzerns berichtet an Kreativ-Vorstand Ingo Wilts. Der Chief Brand Officer geh\u00f6rt dem Vorstand des einstigen reinen Herrenmodeausstatters seit 2016 an, so lange wie keiner seiner aktuell drei m\u00e4nnlichen Vorstandskollegen. Zum 1. Juni erg\u00e4nzt mit dem k\u00fcnftigen Boss-Chef Daniel Grieder ein weiterer Mann das Gremium.<\/p>\n<p>absatzwirtschaft+<\/p>\n<p>Sie wollen weitere relevante Informationen und spannende Hintergr\u00fcnde f\u00fcr Ihre t\u00e4gliche Arbeit im Marketing? Dann\u00a0abonnieren Sie jetzt hier\u00a0unseren kostenfreien Newsletter.<\/p>\n<p>\n<!--noindex--><br \/>\n<a href=\"https:\/\/www.absatzwirtschaft.de\/hugo-boss-erste-marketingchefin-beim-modekonzern-178936\/\" rel=\"nofollow\">Source link <\/a><br \/>\n<!--\/noindex--><\/p>\n","protected":false},"excerpt":{"rendered":"<p>Miah Sullivan kennt sich mit Mode aus. Ihre neue Aufgabe f\u00fchrt die Amerikanerin nach Metzingen. \u00a9 Hugo Boss Miah Sullivan wird Director Global Marketing &amp; Brand Communications bei Hugo Boss. Es ist das erste Mal, dass eine Frau die Position beim schw\u00e4bischen Modekonzern \u00fcbernimmt. Der Vorstand bleibt indes M\u00e4nnersache. Anzeige Von Thomas Thieme Der Modekonzern [&hellip;]<\/p>\n","protected":false},"author":1,"featured_media":1472,"comment_status":"open","ping_status":"open","sticky":false,"template":"","format":"standard","meta":{"footnotes":""},"categories":[5],"tags":[],"class_list":["post-1471","post","type-post","status-publish","format-standard","has-post-thumbnail","hentry","category-marketing-news"],"yoast_head":"<!-- This site is optimized with the Yoast SEO plugin v27.4 - https:\/\/yoast.com\/product\/yoast-seo-wordpress\/ -->\n<title>Erste Marketingchefin beim Modekonzern \u203a absatzwirtschaft - Super News<\/title>\n<meta name=\"robots\" content=\"index, follow, max-snippet:-1, max-image-preview:large, max-video-preview:-1\" \/>\n<link rel=\"canonical\" href=\"https:\/\/super-news.info\/de\/erste-marketingchefin-beim-modekonzern-absatzwirtschaft\/\" \/>\n<meta property=\"og:locale\" content=\"de_DE\" \/>\n<meta property=\"og:type\" content=\"article\" \/>\n<meta property=\"og:title\" content=\"Erste Marketingchefin beim Modekonzern \u203a absatzwirtschaft - Super News\" \/>\n<meta property=\"og:description\" content=\"Miah Sullivan kennt sich mit Mode aus. Ihre neue Aufgabe f\u00fchrt die Amerikanerin nach Metzingen. \u00a9 Hugo Boss Miah Sullivan wird Director Global Marketing &amp; Brand Communications bei Hugo Boss. Es ist das erste Mal, dass eine Frau die Position beim schw\u00e4bischen Modekonzern \u00fcbernimmt. Der Vorstand bleibt indes M\u00e4nnersache. Anzeige Von Thomas Thieme Der Modekonzern [&hellip;]\" \/>\n<meta property=\"og:url\" content=\"https:\/\/super-news.info\/de\/erste-marketingchefin-beim-modekonzern-absatzwirtschaft\/\" \/>\n<meta property=\"og:site_name\" content=\"Super News\" \/>\n<meta property=\"article:published_time\" content=\"2021-04-18T03:55:36+00:00\" \/>\n<meta property=\"article:modified_time\" content=\"2021-04-18T03:55:38+00:00\" \/>\n<meta property=\"og:image\" content=\"https:\/\/super-news.info\/de\/wp-content\/uploads\/sites\/13\/2021\/04\/Erste-Marketingchefin-beim-Modekonzern-absatzwirtschaft.jpg\" \/>\n\t<meta property=\"og:image:width\" content=\"630\" \/>\n\t<meta property=\"og:image:height\" content=\"354\" \/>\n\t<meta property=\"og:image:type\" content=\"image\/jpeg\" \/>\n<meta name=\"author\" content=\"super news\" \/>\n<meta name=\"twitter:card\" content=\"summary_large_image\" \/>\n<meta name=\"twitter:label1\" content=\"Verfasst von\" \/>\n\t<meta name=\"twitter:data1\" content=\"super news\" \/>\n\t<meta name=\"twitter:label2\" content=\"Gesch\u00e4tzte Lesezeit\" \/>\n\t<meta name=\"twitter:data2\" content=\"1\u00a0Minute\" \/>\n<script type=\"application\/ld+json\" class=\"yoast-schema-graph\">{\"@context\":\"https:\\\/\\\/schema.org\",\"@graph\":[{\"@type\":\"Article\",\"@id\":\"https:\\\/\\\/super-news.info\\\/de\\\/erste-marketingchefin-beim-modekonzern-absatzwirtschaft\\\/#article\",\"isPartOf\":{\"@id\":\"https:\\\/\\\/super-news.info\\\/de\\\/erste-marketingchefin-beim-modekonzern-absatzwirtschaft\\\/\"},\"author\":{\"name\":\"super news\",\"@id\":\"https:\\\/\\\/super-news.info\\\/de\\\/#\\\/schema\\\/person\\\/2b9ff946d06444e803cb306ffcfd1045\"},\"headline\":\"Erste Marketingchefin beim Modekonzern \u203a absatzwirtschaft\",\"datePublished\":\"2021-04-18T03:55:36+00:00\",\"dateModified\":\"2021-04-18T03:55:38+00:00\",\"mainEntityOfPage\":{\"@id\":\"https:\\\/\\\/super-news.info\\\/de\\\/erste-marketingchefin-beim-modekonzern-absatzwirtschaft\\\/\"},\"wordCount\":263,\"commentCount\":0,\"image\":{\"@id\":\"https:\\\/\\\/super-news.info\\\/de\\\/erste-marketingchefin-beim-modekonzern-absatzwirtschaft\\\/#primaryimage\"},\"thumbnailUrl\":\"https:\\\/\\\/super-news.info\\\/de\\\/wp-content\\\/uploads\\\/sites\\\/13\\\/2021\\\/04\\\/Erste-Marketingchefin-beim-Modekonzern-absatzwirtschaft.jpg\",\"articleSection\":[\"MARKETING NEWS\"],\"inLanguage\":\"de\",\"potentialAction\":[{\"@type\":\"CommentAction\",\"name\":\"Comment\",\"target\":[\"https:\\\/\\\/super-news.info\\\/de\\\/erste-marketingchefin-beim-modekonzern-absatzwirtschaft\\\/#respond\"]}]},{\"@type\":\"WebPage\",\"@id\":\"https:\\\/\\\/super-news.info\\\/de\\\/erste-marketingchefin-beim-modekonzern-absatzwirtschaft\\\/\",\"url\":\"https:\\\/\\\/super-news.info\\\/de\\\/erste-marketingchefin-beim-modekonzern-absatzwirtschaft\\\/\",\"name\":\"Erste Marketingchefin beim Modekonzern \u203a absatzwirtschaft - Super News\",\"isPartOf\":{\"@id\":\"https:\\\/\\\/super-news.info\\\/de\\\/#website\"},\"primaryImageOfPage\":{\"@id\":\"https:\\\/\\\/super-news.info\\\/de\\\/erste-marketingchefin-beim-modekonzern-absatzwirtschaft\\\/#primaryimage\"},\"image\":{\"@id\":\"https:\\\/\\\/super-news.info\\\/de\\\/erste-marketingchefin-beim-modekonzern-absatzwirtschaft\\\/#primaryimage\"},\"thumbnailUrl\":\"https:\\\/\\\/super-news.info\\\/de\\\/wp-content\\\/uploads\\\/sites\\\/13\\\/2021\\\/04\\\/Erste-Marketingchefin-beim-Modekonzern-absatzwirtschaft.jpg\",\"datePublished\":\"2021-04-18T03:55:36+00:00\",\"dateModified\":\"2021-04-18T03:55:38+00:00\",\"author\":{\"@id\":\"https:\\\/\\\/super-news.info\\\/de\\\/#\\\/schema\\\/person\\\/2b9ff946d06444e803cb306ffcfd1045\"},\"breadcrumb\":{\"@id\":\"https:\\\/\\\/super-news.info\\\/de\\\/erste-marketingchefin-beim-modekonzern-absatzwirtschaft\\\/#breadcrumb\"},\"inLanguage\":\"de\",\"potentialAction\":[{\"@type\":\"ReadAction\",\"target\":[\"https:\\\/\\\/super-news.info\\\/de\\\/erste-marketingchefin-beim-modekonzern-absatzwirtschaft\\\/\"]}]},{\"@type\":\"ImageObject\",\"inLanguage\":\"de\",\"@id\":\"https:\\\/\\\/super-news.info\\\/de\\\/erste-marketingchefin-beim-modekonzern-absatzwirtschaft\\\/#primaryimage\",\"url\":\"https:\\\/\\\/super-news.info\\\/de\\\/wp-content\\\/uploads\\\/sites\\\/13\\\/2021\\\/04\\\/Erste-Marketingchefin-beim-Modekonzern-absatzwirtschaft.jpg\",\"contentUrl\":\"https:\\\/\\\/super-news.info\\\/de\\\/wp-content\\\/uploads\\\/sites\\\/13\\\/2021\\\/04\\\/Erste-Marketingchefin-beim-Modekonzern-absatzwirtschaft.jpg\",\"width\":630,\"height\":354,\"caption\":\"Erste Marketingchefin beim Modekonzern \u203a absatzwirtschaft\"},{\"@type\":\"BreadcrumbList\",\"@id\":\"https:\\\/\\\/super-news.info\\\/de\\\/erste-marketingchefin-beim-modekonzern-absatzwirtschaft\\\/#breadcrumb\",\"itemListElement\":[{\"@type\":\"ListItem\",\"position\":1,\"name\":\"Home\",\"item\":\"https:\\\/\\\/super-news.info\\\/de\\\/\"},{\"@type\":\"ListItem\",\"position\":2,\"name\":\"Erste Marketingchefin beim Modekonzern \u203a absatzwirtschaft\"}]},{\"@type\":\"WebSite\",\"@id\":\"https:\\\/\\\/super-news.info\\\/de\\\/#website\",\"url\":\"https:\\\/\\\/super-news.info\\\/de\\\/\",\"name\":\"Super News\",\"description\":\"Super News Germany\",\"potentialAction\":[{\"@type\":\"SearchAction\",\"target\":{\"@type\":\"EntryPoint\",\"urlTemplate\":\"https:\\\/\\\/super-news.info\\\/de\\\/?s={search_term_string}\"},\"query-input\":{\"@type\":\"PropertyValueSpecification\",\"valueRequired\":true,\"valueName\":\"search_term_string\"}}],\"inLanguage\":\"de\"},{\"@type\":\"Person\",\"@id\":\"https:\\\/\\\/super-news.info\\\/de\\\/#\\\/schema\\\/person\\\/2b9ff946d06444e803cb306ffcfd1045\",\"name\":\"super news\",\"image\":{\"@type\":\"ImageObject\",\"inLanguage\":\"de\",\"@id\":\"https:\\\/\\\/secure.gravatar.com\\\/avatar\\\/98e0b303f300d45b2a94684c5e4dda8baa4a5e9710b579f7493c8612061d08bf?s=96&d=mm&r=g\",\"url\":\"https:\\\/\\\/secure.gravatar.com\\\/avatar\\\/98e0b303f300d45b2a94684c5e4dda8baa4a5e9710b579f7493c8612061d08bf?s=96&d=mm&r=g\",\"contentUrl\":\"https:\\\/\\\/secure.gravatar.com\\\/avatar\\\/98e0b303f300d45b2a94684c5e4dda8baa4a5e9710b579f7493c8612061d08bf?s=96&d=mm&r=g\",\"caption\":\"super news\"},\"url\":\"https:\\\/\\\/super-news.info\\\/de\\\/author\\\/manuel\\\/\"}]}<\/script>\n<!-- \/ Yoast SEO plugin. -->","yoast_head_json":{"title":"Erste Marketingchefin beim Modekonzern \u203a absatzwirtschaft - Super News","robots":{"index":"index","follow":"follow","max-snippet":"max-snippet:-1","max-image-preview":"max-image-preview:large","max-video-preview":"max-video-preview:-1"},"canonical":"https:\/\/super-news.info\/de\/erste-marketingchefin-beim-modekonzern-absatzwirtschaft\/","og_locale":"de_DE","og_type":"article","og_title":"Erste Marketingchefin beim Modekonzern \u203a absatzwirtschaft - Super News","og_description":"Miah Sullivan kennt sich mit Mode aus. Ihre neue Aufgabe f\u00fchrt die Amerikanerin nach Metzingen. \u00a9 Hugo Boss Miah Sullivan wird Director Global Marketing &amp; Brand Communications bei Hugo Boss. Es ist das erste Mal, dass eine Frau die Position beim schw\u00e4bischen Modekonzern \u00fcbernimmt. Der Vorstand bleibt indes M\u00e4nnersache. Anzeige Von Thomas Thieme Der Modekonzern [&hellip;]","og_url":"https:\/\/super-news.info\/de\/erste-marketingchefin-beim-modekonzern-absatzwirtschaft\/","og_site_name":"Super News","article_published_time":"2021-04-18T03:55:36+00:00","article_modified_time":"2021-04-18T03:55:38+00:00","og_image":[{"width":630,"height":354,"url":"https:\/\/super-news.info\/de\/wp-content\/uploads\/sites\/13\/2021\/04\/Erste-Marketingchefin-beim-Modekonzern-absatzwirtschaft.jpg","type":"image\/jpeg"}],"author":"super news","twitter_card":"summary_large_image","twitter_misc":{"Verfasst von":"super news","Gesch\u00e4tzte Lesezeit":"1\u00a0Minute"},"schema":{"@context":"https:\/\/schema.org","@graph":[{"@type":"Article","@id":"https:\/\/super-news.info\/de\/erste-marketingchefin-beim-modekonzern-absatzwirtschaft\/#article","isPartOf":{"@id":"https:\/\/super-news.info\/de\/erste-marketingchefin-beim-modekonzern-absatzwirtschaft\/"},"author":{"name":"super news","@id":"https:\/\/super-news.info\/de\/#\/schema\/person\/2b9ff946d06444e803cb306ffcfd1045"},"headline":"Erste Marketingchefin beim Modekonzern \u203a absatzwirtschaft","datePublished":"2021-04-18T03:55:36+00:00","dateModified":"2021-04-18T03:55:38+00:00","mainEntityOfPage":{"@id":"https:\/\/super-news.info\/de\/erste-marketingchefin-beim-modekonzern-absatzwirtschaft\/"},"wordCount":263,"commentCount":0,"image":{"@id":"https:\/\/super-news.info\/de\/erste-marketingchefin-beim-modekonzern-absatzwirtschaft\/#primaryimage"},"thumbnailUrl":"https:\/\/super-news.info\/de\/wp-content\/uploads\/sites\/13\/2021\/04\/Erste-Marketingchefin-beim-Modekonzern-absatzwirtschaft.jpg","articleSection":["MARKETING NEWS"],"inLanguage":"de","potentialAction":[{"@type":"CommentAction","name":"Comment","target":["https:\/\/super-news.info\/de\/erste-marketingchefin-beim-modekonzern-absatzwirtschaft\/#respond"]}]},{"@type":"WebPage","@id":"https:\/\/super-news.info\/de\/erste-marketingchefin-beim-modekonzern-absatzwirtschaft\/","url":"https:\/\/super-news.info\/de\/erste-marketingchefin-beim-modekonzern-absatzwirtschaft\/","name":"Erste Marketingchefin beim Modekonzern \u203a absatzwirtschaft - Super News","isPartOf":{"@id":"https:\/\/super-news.info\/de\/#website"},"primaryImageOfPage":{"@id":"https:\/\/super-news.info\/de\/erste-marketingchefin-beim-modekonzern-absatzwirtschaft\/#primaryimage"},"image":{"@id":"https:\/\/super-news.info\/de\/erste-marketingchefin-beim-modekonzern-absatzwirtschaft\/#primaryimage"},"thumbnailUrl":"https:\/\/super-news.info\/de\/wp-content\/uploads\/sites\/13\/2021\/04\/Erste-Marketingchefin-beim-Modekonzern-absatzwirtschaft.jpg","datePublished":"2021-04-18T03:55:36+00:00","dateModified":"2021-04-18T03:55:38+00:00","author":{"@id":"https:\/\/super-news.info\/de\/#\/schema\/person\/2b9ff946d06444e803cb306ffcfd1045"},"breadcrumb":{"@id":"https:\/\/super-news.info\/de\/erste-marketingchefin-beim-modekonzern-absatzwirtschaft\/#breadcrumb"},"inLanguage":"de","potentialAction":[{"@type":"ReadAction","target":["https:\/\/super-news.info\/de\/erste-marketingchefin-beim-modekonzern-absatzwirtschaft\/"]}]},{"@type":"ImageObject","inLanguage":"de","@id":"https:\/\/super-news.info\/de\/erste-marketingchefin-beim-modekonzern-absatzwirtschaft\/#primaryimage","url":"https:\/\/super-news.info\/de\/wp-content\/uploads\/sites\/13\/2021\/04\/Erste-Marketingchefin-beim-Modekonzern-absatzwirtschaft.jpg","contentUrl":"https:\/\/super-news.info\/de\/wp-content\/uploads\/sites\/13\/2021\/04\/Erste-Marketingchefin-beim-Modekonzern-absatzwirtschaft.jpg","width":630,"height":354,"caption":"Erste Marketingchefin beim Modekonzern \u203a absatzwirtschaft"},{"@type":"BreadcrumbList","@id":"https:\/\/super-news.info\/de\/erste-marketingchefin-beim-modekonzern-absatzwirtschaft\/#breadcrumb","itemListElement":[{"@type":"ListItem","position":1,"name":"Home","item":"https:\/\/super-news.info\/de\/"},{"@type":"ListItem","position":2,"name":"Erste Marketingchefin beim Modekonzern \u203a absatzwirtschaft"}]},{"@type":"WebSite","@id":"https:\/\/super-news.info\/de\/#website","url":"https:\/\/super-news.info\/de\/","name":"Super News","description":"Super News Germany","potentialAction":[{"@type":"SearchAction","target":{"@type":"EntryPoint","urlTemplate":"https:\/\/super-news.info\/de\/?s={search_term_string}"},"query-input":{"@type":"PropertyValueSpecification","valueRequired":true,"valueName":"search_term_string"}}],"inLanguage":"de"},{"@type":"Person","@id":"https:\/\/super-news.info\/de\/#\/schema\/person\/2b9ff946d06444e803cb306ffcfd1045","name":"super news","image":{"@type":"ImageObject","inLanguage":"de","@id":"https:\/\/secure.gravatar.com\/avatar\/98e0b303f300d45b2a94684c5e4dda8baa4a5e9710b579f7493c8612061d08bf?s=96&d=mm&r=g","url":"https:\/\/secure.gravatar.com\/avatar\/98e0b303f300d45b2a94684c5e4dda8baa4a5e9710b579f7493c8612061d08bf?s=96&d=mm&r=g","contentUrl":"https:\/\/secure.gravatar.com\/avatar\/98e0b303f300d45b2a94684c5e4dda8baa4a5e9710b579f7493c8612061d08bf?s=96&d=mm&r=g","caption":"super news"},"url":"https:\/\/super-news.info\/de\/author\/manuel\/"}]}},"_links":{"self":[{"href":"https:\/\/super-news.info\/de\/wp-json\/wp\/v2\/posts\/1471","targetHints":{"allow":["GET"]}}],"collection":[{"href":"https:\/\/super-news.info\/de\/wp-json\/wp\/v2\/posts"}],"about":[{"href":"https:\/\/super-news.info\/de\/wp-json\/wp\/v2\/types\/post"}],"author":[{"embeddable":true,"href":"https:\/\/super-news.info\/de\/wp-json\/wp\/v2\/users\/1"}],"replies":[{"embeddable":true,"href":"https:\/\/super-news.info\/de\/wp-json\/wp\/v2\/comments?post=1471"}],"version-history":[{"count":1,"href":"https:\/\/super-news.info\/de\/wp-json\/wp\/v2\/posts\/1471\/revisions"}],"predecessor-version":[{"id":1473,"href":"https:\/\/super-news.info\/de\/wp-json\/wp\/v2\/posts\/1471\/revisions\/1473"}],"wp:featuredmedia":[{"embeddable":true,"href":"https:\/\/super-news.info\/de\/wp-json\/wp\/v2\/media\/1472"}],"wp:attachment":[{"href":"https:\/\/super-news.info\/de\/wp-json\/wp\/v2\/media?parent=1471"}],"wp:term":[{"taxonomy":"category","embeddable":true,"href":"https:\/\/super-news.info\/de\/wp-json\/wp\/v2\/categories?post=1471"},{"taxonomy":"post_tag","embeddable":true,"href":"https:\/\/super-news.info\/de\/wp-json\/wp\/v2\/tags?post=1471"}],"curies":[{"name":"wp","href":"https:\/\/api.w.org\/{rel}","templated":true}]}}