{"id":1453,"date":"2021-04-15T03:42:02","date_gmt":"2021-04-15T03:42:02","guid":{"rendered":"https:\/\/super-news.info\/de\/klima-reallabor-e-autos-lufthansa-co2-kompensation-absatzwirtschaft\/"},"modified":"2021-04-15T03:42:04","modified_gmt":"2021-04-15T03:42:04","slug":"klima-reallabor-e-autos-lufthansa-co2-kompensation-absatzwirtschaft","status":"publish","type":"post","link":"https:\/\/super-news.info\/de\/klima-reallabor-e-autos-lufthansa-co2-kompensation-absatzwirtschaft\/","title":{"rendered":"Klima-Reallabor, E-Autos, Lufthansa-CO2-Kompensation \u203a absatzwirtschaft"},"content":{"rendered":"<p>\t\t\t\t\t\tT\u00e4glich prasseln unz\u00e4hlige Nachrichten auf die Marketingbranche ein, die je nach Aufgabengebiet mehr oder weniger Interesse wecken. Wir fassen die wichtigsten Business-News kompakt zusammen \u2013 diesmal mit einem Fokus auf Umweltthemen von E-Autos bis zur Lufthansa.<\/p>\n<p>\t\t\t\t\tVon Henning Eberhardt<br \/>\n\t\t\t\t\tDie neuesten ausgew\u00e4hlten Business-News drehen sich heute um<br \/>\ndie folgenden Themen:<\/p>\n<p>Reallabor f\u00fcr klimaneutrale<br \/>\nEnergieversorgung startetLufthansa bietet CO2-Kompensation auch<br \/>\nFirmenkunden anKaufbereitschaft f\u00fcr E-Autos gesunken<\/p>\n<p>Nachfolgend die Details im kompakten \u00dcberblick:<\/p>\n<p>Reallabor f\u00fcr klimaneutrale Energieversorgung startet<\/p>\n<p>Mit der symbolischen \u00dcbergabe eines F\u00f6rderbescheides \u00fcber mehr als 52 Millionen Euro durch Bundeswirtschaftsminister Peter Altmaier (CDU) ist das Norddeutsche Reallabor zur Transformation des Energiesystems gestartet. Im Verbund der L\u00e4nder Hamburg, Schleswig-Holstein und Mecklenburg-Vorpommern wollen mehr als 50 Partner aus Wirtschaft, Wissenschaft und Politik in den kommenden f\u00fcnf Jahren die Weichen f\u00fcr eine klimaneutrale Energieversorgung f\u00fcr Industrie, W\u00e4rme und Verkehr stellen. Insgesamt sind Investitionen von mehr als 300 Millionen Euro geplant. Eine zentrale Rolle spielt \u201cgr\u00fcner\u201d, durch Windenergie erzeugter Wasserstoff. Pro Jahr soll so eine halbe Million Tonnen Kohlendioxid CO2 eingespart werden.<\/p>\n<p>Bei der Bew\u00e4ltigung der Klimakrise gehe es nicht um die Frage Klima oder Wohlstand, \u201csondern um Klima und Wohlstand\u201d, sagte Altmaier am Mittwoch in Hamburg. Um dieses Ziel f\u00fcr Deutschland zu erreichen, sei das Norddeutsche Reallabor ein wichtiger Baustein. Pro Jahr gingen in Norddeutschland bisher drei Terawattstunden \u201c\u00dcberschussstrom\u201d aus der Windenergie ungenutzt verloren, sagte Hamburgs B\u00fcrgermeister Peter Tschentscher (SPD). Strom sei zwar ein universeller Energietr\u00e4ger, aber in Bereichen der Industrie oder gro\u00dfen Fahrzeugen wie Frachtschiffen oder Flugzeugen nicht effizient einsetzbar. \u201cWenn wir Erdgas, Erd\u00f6l, Kohle ersetzen wollen, dann brauchen wir einen stofflichen Energietr\u00e4ger, und das ist der Wasserstoff.\u201d<\/p>\n<p>Um das zu schaffen, m\u00fcsse \u201cgr\u00fcner\u201d Wasserstoff wettbewerbsf\u00e4hig sein, sagte Schleswig-Holsteins Energiewendeminister Jan-Philipp Albrecht (Gr\u00fcne). Nachteile gegen\u00fcber fossilen Energietr\u00e4gern m\u00fcssten abgebaut werden. Dazu sei eine grundlegende Reform der Steuern und Abgaben im Energiebereich n\u00f6tig. Die Staatssekret\u00e4rin im Energieministerium des Landes Mecklenburg-Vorpommern, Ina-Maria Ulbrich, betonte, wenn \u201cgr\u00fcner\u201d Wasserstoff unter Marktbedingungen eingesetzt werden solle, \u201cm\u00fcssen wir ran an die gesetzlichen Regelungen\u201d.<\/p>\n<p>Lufthansa bietet CO2-Kompensation auch Firmenkunden an<\/p>\n<p>Bei der Lufthansa k\u00f6nnen nun auch Firmenkunden die Klimafolgen ihrer Mitarbeiterfl\u00fcge pauschal lindern. \u00dcber die Plattform \u201cCompensaid\u201d kann die Verwendung nachhaltiger Kraftstoffe aus Biomasse ebenso gebucht werden wie Kompensationsma\u00dfnahmen, etwa bei Aufforstungsprojekten.<\/p>\n<p>Erster Firmenkunde ist die Axa-Versicherung, wie die<br \/>\nLufthansa am Mittwoch in Frankfurt mitteilte. Das Unternehmen hat demnach eine<br \/>\nKombination gebucht, bei der 15 Prozent des CO2-Aussto\u00dfes \u00fcber alternativen<br \/>\nTreibstoff und 85 Prozent kosteng\u00fcnstiger \u00fcber Klimaschutzprojekte kompensiert<br \/>\nwerden. Die Ausgleichsm\u00f6glichkeit stand bislang nur Einzelkunden zur Verf\u00fcgung,<br \/>\nwurde aber nur von einer kleinen Gruppe genutzt.<\/p>\n<p>Kaufbereitschaft f\u00fcr E-Autos gesunken<\/p>\n<p>Auf der einen Seite w\u00e4chst die Zahl der Elektroautos auf<br \/>\ndeutschen Stra\u00dfen rasant, auf der anderen Seite haben einer Umfrage zufolge<br \/>\nBedenken bez\u00fcglich der Ladem\u00f6glichkeiten und der Batteriesicherheit zugenommen.<br \/>\nWie die Unternehmensberatung Deloitte am Mittwoch mitteilte, gaben 2020 nur<br \/>\nnoch 41 Prozent der Befragten an, sie w\u00fcrden beim n\u00e4chsten Autokauf einen<br \/>\nalternativen Antrieb bevorzugen \u2013 zehn Prozentpunkte weniger als 2019.<\/p>\n<p>Ein vollelektrisches Auto w\u00fcnschten sich sieben Prozent der Befragten in Deutschland. Die Corona-Krise belaste die Zahlungsbereitschaft. 54 Prozent seien \u201cnicht bereit, einen Aufpreis von 400 Euro oder mehr f\u00fcr ein Fahrzeug mit alternativem Antrieb zu bezahlen\u201d.<\/p>\n<p>Als gr\u00f6\u00dfte Sorge bei E-Autos nannten nur noch 28 Prozent der<br \/>\nBefragten die geringere Reichweite. 2018 waren es noch 35 Prozent gewesen. Der<br \/>\nAnteil derer, die fehlende Ladem\u00f6glichkeiten als gr\u00f6\u00dfte Sorge nannten, stieg<br \/>\ndagegen von 20 auf 22 Prozent. Der Anteil derjenigen, die die Sicherheit der<br \/>\nBatterien nannten, legte sogar von f\u00fcnf auf zw\u00f6lf Prozent zu.<\/p>\n<p>\u201cDie Tatsache, dass die Menschen dennoch mehr Elektroautos gekauft haben, zeigt, dass die F\u00f6rderma\u00dfnahmen der Bundesregierung aus dem vergangenen Jahr greifen\u201d, sagte Deloitte-Branchenexperte Harald Proff. Neue Technik verunsichere Konsumenten h\u00e4ufig, und in unsicheren Zeiten sehnten sich Menschen st\u00e4rker nach Altbew\u00e4hrtem. Aber angesichts strengerer CO2-Vorgaben und des Trends zu Nachhaltigkeit auch bei Konsumenten sehe er keine Renaissance des Benziners.<\/p>\n<p>Deloitte hatte f\u00fcr seine Global Automotive Consumer Study im<br \/>\nSeptember und Oktober 2020 rund 24.000 Menschen in 23 L\u00e4ndern befragt, darunter<br \/>\n1050 in Deutschland.<\/p>\n<p>mit Material von der dpa<\/p>\n<p>Sie wollen weitere relevante Informationen und spannende Hintergr\u00fcnde f\u00fcr Ihre t\u00e4gliche Arbeit im Marketing? Dann\u00a0abonnieren Sie jetzt hier\u00a0unseren kostenfreien Newsletter.<\/p>\n<p>\n<!--noindex--><br \/>\n<a href=\"https:\/\/www.absatzwirtschaft.de\/business-news-klima-reallabor-e-autos-lufthansa-co2-kompensation-178891\/\" rel=\"nofollow\">Source link <\/a><br \/>\n<!--\/noindex--><\/p>\n","protected":false},"excerpt":{"rendered":"<p>T\u00e4glich prasseln unz\u00e4hlige Nachrichten auf die Marketingbranche ein, die je nach Aufgabengebiet mehr oder weniger Interesse wecken. Wir fassen die wichtigsten Business-News kompakt zusammen \u2013 diesmal mit einem Fokus auf Umweltthemen von E-Autos bis zur Lufthansa. Von Henning Eberhardt Die neuesten ausgew\u00e4hlten Business-News drehen sich heute um die folgenden Themen: Reallabor f\u00fcr klimaneutrale Energieversorgung startetLufthansa [&hellip;]<\/p>\n","protected":false},"author":1,"featured_media":1454,"comment_status":"open","ping_status":"open","sticky":false,"template":"","format":"standard","meta":{"footnotes":""},"categories":[5],"tags":[],"class_list":["post-1453","post","type-post","status-publish","format-standard","has-post-thumbnail","hentry","category-marketing-news"],"yoast_head":"<!-- This site is optimized with the Yoast SEO plugin v27.4 - https:\/\/yoast.com\/product\/yoast-seo-wordpress\/ -->\n<title>Klima-Reallabor, E-Autos, Lufthansa-CO2-Kompensation \u203a absatzwirtschaft - Super News<\/title>\n<meta name=\"robots\" content=\"index, follow, max-snippet:-1, max-image-preview:large, max-video-preview:-1\" \/>\n<link rel=\"canonical\" href=\"https:\/\/super-news.info\/de\/klima-reallabor-e-autos-lufthansa-co2-kompensation-absatzwirtschaft\/\" \/>\n<meta property=\"og:locale\" content=\"de_DE\" \/>\n<meta property=\"og:type\" content=\"article\" \/>\n<meta property=\"og:title\" content=\"Klima-Reallabor, E-Autos, Lufthansa-CO2-Kompensation \u203a absatzwirtschaft - Super News\" \/>\n<meta property=\"og:description\" content=\"T\u00e4glich prasseln unz\u00e4hlige Nachrichten auf die Marketingbranche ein, die je nach Aufgabengebiet mehr oder weniger Interesse wecken. Wir fassen die wichtigsten Business-News kompakt zusammen \u2013 diesmal mit einem Fokus auf Umweltthemen von E-Autos bis zur Lufthansa. Von Henning Eberhardt Die neuesten ausgew\u00e4hlten Business-News drehen sich heute um die folgenden Themen: Reallabor f\u00fcr klimaneutrale Energieversorgung startetLufthansa [&hellip;]\" \/>\n<meta property=\"og:url\" content=\"https:\/\/super-news.info\/de\/klima-reallabor-e-autos-lufthansa-co2-kompensation-absatzwirtschaft\/\" \/>\n<meta property=\"og:site_name\" content=\"Super News\" \/>\n<meta property=\"article:published_time\" content=\"2021-04-15T03:42:02+00:00\" \/>\n<meta property=\"article:modified_time\" content=\"2021-04-15T03:42:04+00:00\" \/>\n<meta property=\"og:image\" content=\"https:\/\/super-news.info\/de\/wp-content\/uploads\/sites\/13\/2021\/04\/Klima-Reallabor-E-Autos-Lufthansa-CO2-Kompensation-absatzwirtschaft.jpg\" \/>\n\t<meta property=\"og:image:width\" content=\"630\" \/>\n\t<meta property=\"og:image:height\" content=\"354\" \/>\n\t<meta property=\"og:image:type\" content=\"image\/jpeg\" \/>\n<meta name=\"author\" content=\"super news\" \/>\n<meta name=\"twitter:card\" content=\"summary_large_image\" \/>\n<meta name=\"twitter:label1\" content=\"Verfasst von\" \/>\n\t<meta name=\"twitter:data1\" content=\"super news\" \/>\n\t<meta name=\"twitter:label2\" content=\"Gesch\u00e4tzte Lesezeit\" \/>\n\t<meta name=\"twitter:data2\" content=\"4\u00a0Minuten\" \/>\n<script type=\"application\/ld+json\" class=\"yoast-schema-graph\">{\"@context\":\"https:\\\/\\\/schema.org\",\"@graph\":[{\"@type\":\"Article\",\"@id\":\"https:\\\/\\\/super-news.info\\\/de\\\/klima-reallabor-e-autos-lufthansa-co2-kompensation-absatzwirtschaft\\\/#article\",\"isPartOf\":{\"@id\":\"https:\\\/\\\/super-news.info\\\/de\\\/klima-reallabor-e-autos-lufthansa-co2-kompensation-absatzwirtschaft\\\/\"},\"author\":{\"name\":\"super news\",\"@id\":\"https:\\\/\\\/super-news.info\\\/de\\\/#\\\/schema\\\/person\\\/2b9ff946d06444e803cb306ffcfd1045\"},\"headline\":\"Klima-Reallabor, E-Autos, Lufthansa-CO2-Kompensation \u203a absatzwirtschaft\",\"datePublished\":\"2021-04-15T03:42:02+00:00\",\"dateModified\":\"2021-04-15T03:42:04+00:00\",\"mainEntityOfPage\":{\"@id\":\"https:\\\/\\\/super-news.info\\\/de\\\/klima-reallabor-e-autos-lufthansa-co2-kompensation-absatzwirtschaft\\\/\"},\"wordCount\":731,\"commentCount\":0,\"image\":{\"@id\":\"https:\\\/\\\/super-news.info\\\/de\\\/klima-reallabor-e-autos-lufthansa-co2-kompensation-absatzwirtschaft\\\/#primaryimage\"},\"thumbnailUrl\":\"https:\\\/\\\/super-news.info\\\/de\\\/wp-content\\\/uploads\\\/sites\\\/13\\\/2021\\\/04\\\/Klima-Reallabor-E-Autos-Lufthansa-CO2-Kompensation-absatzwirtschaft.jpg\",\"articleSection\":[\"MARKETING NEWS\"],\"inLanguage\":\"de\",\"potentialAction\":[{\"@type\":\"CommentAction\",\"name\":\"Comment\",\"target\":[\"https:\\\/\\\/super-news.info\\\/de\\\/klima-reallabor-e-autos-lufthansa-co2-kompensation-absatzwirtschaft\\\/#respond\"]}]},{\"@type\":\"WebPage\",\"@id\":\"https:\\\/\\\/super-news.info\\\/de\\\/klima-reallabor-e-autos-lufthansa-co2-kompensation-absatzwirtschaft\\\/\",\"url\":\"https:\\\/\\\/super-news.info\\\/de\\\/klima-reallabor-e-autos-lufthansa-co2-kompensation-absatzwirtschaft\\\/\",\"name\":\"Klima-Reallabor, E-Autos, Lufthansa-CO2-Kompensation \u203a absatzwirtschaft - Super News\",\"isPartOf\":{\"@id\":\"https:\\\/\\\/super-news.info\\\/de\\\/#website\"},\"primaryImageOfPage\":{\"@id\":\"https:\\\/\\\/super-news.info\\\/de\\\/klima-reallabor-e-autos-lufthansa-co2-kompensation-absatzwirtschaft\\\/#primaryimage\"},\"image\":{\"@id\":\"https:\\\/\\\/super-news.info\\\/de\\\/klima-reallabor-e-autos-lufthansa-co2-kompensation-absatzwirtschaft\\\/#primaryimage\"},\"thumbnailUrl\":\"https:\\\/\\\/super-news.info\\\/de\\\/wp-content\\\/uploads\\\/sites\\\/13\\\/2021\\\/04\\\/Klima-Reallabor-E-Autos-Lufthansa-CO2-Kompensation-absatzwirtschaft.jpg\",\"datePublished\":\"2021-04-15T03:42:02+00:00\",\"dateModified\":\"2021-04-15T03:42:04+00:00\",\"author\":{\"@id\":\"https:\\\/\\\/super-news.info\\\/de\\\/#\\\/schema\\\/person\\\/2b9ff946d06444e803cb306ffcfd1045\"},\"breadcrumb\":{\"@id\":\"https:\\\/\\\/super-news.info\\\/de\\\/klima-reallabor-e-autos-lufthansa-co2-kompensation-absatzwirtschaft\\\/#breadcrumb\"},\"inLanguage\":\"de\",\"potentialAction\":[{\"@type\":\"ReadAction\",\"target\":[\"https:\\\/\\\/super-news.info\\\/de\\\/klima-reallabor-e-autos-lufthansa-co2-kompensation-absatzwirtschaft\\\/\"]}]},{\"@type\":\"ImageObject\",\"inLanguage\":\"de\",\"@id\":\"https:\\\/\\\/super-news.info\\\/de\\\/klima-reallabor-e-autos-lufthansa-co2-kompensation-absatzwirtschaft\\\/#primaryimage\",\"url\":\"https:\\\/\\\/super-news.info\\\/de\\\/wp-content\\\/uploads\\\/sites\\\/13\\\/2021\\\/04\\\/Klima-Reallabor-E-Autos-Lufthansa-CO2-Kompensation-absatzwirtschaft.jpg\",\"contentUrl\":\"https:\\\/\\\/super-news.info\\\/de\\\/wp-content\\\/uploads\\\/sites\\\/13\\\/2021\\\/04\\\/Klima-Reallabor-E-Autos-Lufthansa-CO2-Kompensation-absatzwirtschaft.jpg\",\"width\":630,\"height\":354,\"caption\":\"Klima-Reallabor, E-Autos, Lufthansa-CO2-Kompensation \u203a absatzwirtschaft\"},{\"@type\":\"BreadcrumbList\",\"@id\":\"https:\\\/\\\/super-news.info\\\/de\\\/klima-reallabor-e-autos-lufthansa-co2-kompensation-absatzwirtschaft\\\/#breadcrumb\",\"itemListElement\":[{\"@type\":\"ListItem\",\"position\":1,\"name\":\"Home\",\"item\":\"https:\\\/\\\/super-news.info\\\/de\\\/\"},{\"@type\":\"ListItem\",\"position\":2,\"name\":\"Klima-Reallabor, E-Autos, Lufthansa-CO2-Kompensation \u203a absatzwirtschaft\"}]},{\"@type\":\"WebSite\",\"@id\":\"https:\\\/\\\/super-news.info\\\/de\\\/#website\",\"url\":\"https:\\\/\\\/super-news.info\\\/de\\\/\",\"name\":\"Super News\",\"description\":\"Super News Germany\",\"potentialAction\":[{\"@type\":\"SearchAction\",\"target\":{\"@type\":\"EntryPoint\",\"urlTemplate\":\"https:\\\/\\\/super-news.info\\\/de\\\/?s={search_term_string}\"},\"query-input\":{\"@type\":\"PropertyValueSpecification\",\"valueRequired\":true,\"valueName\":\"search_term_string\"}}],\"inLanguage\":\"de\"},{\"@type\":\"Person\",\"@id\":\"https:\\\/\\\/super-news.info\\\/de\\\/#\\\/schema\\\/person\\\/2b9ff946d06444e803cb306ffcfd1045\",\"name\":\"super news\",\"image\":{\"@type\":\"ImageObject\",\"inLanguage\":\"de\",\"@id\":\"https:\\\/\\\/secure.gravatar.com\\\/avatar\\\/98e0b303f300d45b2a94684c5e4dda8baa4a5e9710b579f7493c8612061d08bf?s=96&d=mm&r=g\",\"url\":\"https:\\\/\\\/secure.gravatar.com\\\/avatar\\\/98e0b303f300d45b2a94684c5e4dda8baa4a5e9710b579f7493c8612061d08bf?s=96&d=mm&r=g\",\"contentUrl\":\"https:\\\/\\\/secure.gravatar.com\\\/avatar\\\/98e0b303f300d45b2a94684c5e4dda8baa4a5e9710b579f7493c8612061d08bf?s=96&d=mm&r=g\",\"caption\":\"super news\"},\"url\":\"https:\\\/\\\/super-news.info\\\/de\\\/author\\\/manuel\\\/\"}]}<\/script>\n<!-- \/ Yoast SEO plugin. -->","yoast_head_json":{"title":"Klima-Reallabor, E-Autos, Lufthansa-CO2-Kompensation \u203a absatzwirtschaft - Super News","robots":{"index":"index","follow":"follow","max-snippet":"max-snippet:-1","max-image-preview":"max-image-preview:large","max-video-preview":"max-video-preview:-1"},"canonical":"https:\/\/super-news.info\/de\/klima-reallabor-e-autos-lufthansa-co2-kompensation-absatzwirtschaft\/","og_locale":"de_DE","og_type":"article","og_title":"Klima-Reallabor, E-Autos, Lufthansa-CO2-Kompensation \u203a absatzwirtschaft - Super News","og_description":"T\u00e4glich prasseln unz\u00e4hlige Nachrichten auf die Marketingbranche ein, die je nach Aufgabengebiet mehr oder weniger Interesse wecken. Wir fassen die wichtigsten Business-News kompakt zusammen \u2013 diesmal mit einem Fokus auf Umweltthemen von E-Autos bis zur Lufthansa. Von Henning Eberhardt Die neuesten ausgew\u00e4hlten Business-News drehen sich heute um die folgenden Themen: Reallabor f\u00fcr klimaneutrale Energieversorgung startetLufthansa [&hellip;]","og_url":"https:\/\/super-news.info\/de\/klima-reallabor-e-autos-lufthansa-co2-kompensation-absatzwirtschaft\/","og_site_name":"Super News","article_published_time":"2021-04-15T03:42:02+00:00","article_modified_time":"2021-04-15T03:42:04+00:00","og_image":[{"width":630,"height":354,"url":"https:\/\/super-news.info\/de\/wp-content\/uploads\/sites\/13\/2021\/04\/Klima-Reallabor-E-Autos-Lufthansa-CO2-Kompensation-absatzwirtschaft.jpg","type":"image\/jpeg"}],"author":"super news","twitter_card":"summary_large_image","twitter_misc":{"Verfasst von":"super news","Gesch\u00e4tzte Lesezeit":"4\u00a0Minuten"},"schema":{"@context":"https:\/\/schema.org","@graph":[{"@type":"Article","@id":"https:\/\/super-news.info\/de\/klima-reallabor-e-autos-lufthansa-co2-kompensation-absatzwirtschaft\/#article","isPartOf":{"@id":"https:\/\/super-news.info\/de\/klima-reallabor-e-autos-lufthansa-co2-kompensation-absatzwirtschaft\/"},"author":{"name":"super news","@id":"https:\/\/super-news.info\/de\/#\/schema\/person\/2b9ff946d06444e803cb306ffcfd1045"},"headline":"Klima-Reallabor, E-Autos, Lufthansa-CO2-Kompensation \u203a absatzwirtschaft","datePublished":"2021-04-15T03:42:02+00:00","dateModified":"2021-04-15T03:42:04+00:00","mainEntityOfPage":{"@id":"https:\/\/super-news.info\/de\/klima-reallabor-e-autos-lufthansa-co2-kompensation-absatzwirtschaft\/"},"wordCount":731,"commentCount":0,"image":{"@id":"https:\/\/super-news.info\/de\/klima-reallabor-e-autos-lufthansa-co2-kompensation-absatzwirtschaft\/#primaryimage"},"thumbnailUrl":"https:\/\/super-news.info\/de\/wp-content\/uploads\/sites\/13\/2021\/04\/Klima-Reallabor-E-Autos-Lufthansa-CO2-Kompensation-absatzwirtschaft.jpg","articleSection":["MARKETING NEWS"],"inLanguage":"de","potentialAction":[{"@type":"CommentAction","name":"Comment","target":["https:\/\/super-news.info\/de\/klima-reallabor-e-autos-lufthansa-co2-kompensation-absatzwirtschaft\/#respond"]}]},{"@type":"WebPage","@id":"https:\/\/super-news.info\/de\/klima-reallabor-e-autos-lufthansa-co2-kompensation-absatzwirtschaft\/","url":"https:\/\/super-news.info\/de\/klima-reallabor-e-autos-lufthansa-co2-kompensation-absatzwirtschaft\/","name":"Klima-Reallabor, E-Autos, Lufthansa-CO2-Kompensation \u203a absatzwirtschaft - Super News","isPartOf":{"@id":"https:\/\/super-news.info\/de\/#website"},"primaryImageOfPage":{"@id":"https:\/\/super-news.info\/de\/klima-reallabor-e-autos-lufthansa-co2-kompensation-absatzwirtschaft\/#primaryimage"},"image":{"@id":"https:\/\/super-news.info\/de\/klima-reallabor-e-autos-lufthansa-co2-kompensation-absatzwirtschaft\/#primaryimage"},"thumbnailUrl":"https:\/\/super-news.info\/de\/wp-content\/uploads\/sites\/13\/2021\/04\/Klima-Reallabor-E-Autos-Lufthansa-CO2-Kompensation-absatzwirtschaft.jpg","datePublished":"2021-04-15T03:42:02+00:00","dateModified":"2021-04-15T03:42:04+00:00","author":{"@id":"https:\/\/super-news.info\/de\/#\/schema\/person\/2b9ff946d06444e803cb306ffcfd1045"},"breadcrumb":{"@id":"https:\/\/super-news.info\/de\/klima-reallabor-e-autos-lufthansa-co2-kompensation-absatzwirtschaft\/#breadcrumb"},"inLanguage":"de","potentialAction":[{"@type":"ReadAction","target":["https:\/\/super-news.info\/de\/klima-reallabor-e-autos-lufthansa-co2-kompensation-absatzwirtschaft\/"]}]},{"@type":"ImageObject","inLanguage":"de","@id":"https:\/\/super-news.info\/de\/klima-reallabor-e-autos-lufthansa-co2-kompensation-absatzwirtschaft\/#primaryimage","url":"https:\/\/super-news.info\/de\/wp-content\/uploads\/sites\/13\/2021\/04\/Klima-Reallabor-E-Autos-Lufthansa-CO2-Kompensation-absatzwirtschaft.jpg","contentUrl":"https:\/\/super-news.info\/de\/wp-content\/uploads\/sites\/13\/2021\/04\/Klima-Reallabor-E-Autos-Lufthansa-CO2-Kompensation-absatzwirtschaft.jpg","width":630,"height":354,"caption":"Klima-Reallabor, E-Autos, Lufthansa-CO2-Kompensation \u203a absatzwirtschaft"},{"@type":"BreadcrumbList","@id":"https:\/\/super-news.info\/de\/klima-reallabor-e-autos-lufthansa-co2-kompensation-absatzwirtschaft\/#breadcrumb","itemListElement":[{"@type":"ListItem","position":1,"name":"Home","item":"https:\/\/super-news.info\/de\/"},{"@type":"ListItem","position":2,"name":"Klima-Reallabor, E-Autos, Lufthansa-CO2-Kompensation \u203a absatzwirtschaft"}]},{"@type":"WebSite","@id":"https:\/\/super-news.info\/de\/#website","url":"https:\/\/super-news.info\/de\/","name":"Super News","description":"Super News Germany","potentialAction":[{"@type":"SearchAction","target":{"@type":"EntryPoint","urlTemplate":"https:\/\/super-news.info\/de\/?s={search_term_string}"},"query-input":{"@type":"PropertyValueSpecification","valueRequired":true,"valueName":"search_term_string"}}],"inLanguage":"de"},{"@type":"Person","@id":"https:\/\/super-news.info\/de\/#\/schema\/person\/2b9ff946d06444e803cb306ffcfd1045","name":"super news","image":{"@type":"ImageObject","inLanguage":"de","@id":"https:\/\/secure.gravatar.com\/avatar\/98e0b303f300d45b2a94684c5e4dda8baa4a5e9710b579f7493c8612061d08bf?s=96&d=mm&r=g","url":"https:\/\/secure.gravatar.com\/avatar\/98e0b303f300d45b2a94684c5e4dda8baa4a5e9710b579f7493c8612061d08bf?s=96&d=mm&r=g","contentUrl":"https:\/\/secure.gravatar.com\/avatar\/98e0b303f300d45b2a94684c5e4dda8baa4a5e9710b579f7493c8612061d08bf?s=96&d=mm&r=g","caption":"super news"},"url":"https:\/\/super-news.info\/de\/author\/manuel\/"}]}},"_links":{"self":[{"href":"https:\/\/super-news.info\/de\/wp-json\/wp\/v2\/posts\/1453","targetHints":{"allow":["GET"]}}],"collection":[{"href":"https:\/\/super-news.info\/de\/wp-json\/wp\/v2\/posts"}],"about":[{"href":"https:\/\/super-news.info\/de\/wp-json\/wp\/v2\/types\/post"}],"author":[{"embeddable":true,"href":"https:\/\/super-news.info\/de\/wp-json\/wp\/v2\/users\/1"}],"replies":[{"embeddable":true,"href":"https:\/\/super-news.info\/de\/wp-json\/wp\/v2\/comments?post=1453"}],"version-history":[{"count":1,"href":"https:\/\/super-news.info\/de\/wp-json\/wp\/v2\/posts\/1453\/revisions"}],"predecessor-version":[{"id":1455,"href":"https:\/\/super-news.info\/de\/wp-json\/wp\/v2\/posts\/1453\/revisions\/1455"}],"wp:featuredmedia":[{"embeddable":true,"href":"https:\/\/super-news.info\/de\/wp-json\/wp\/v2\/media\/1454"}],"wp:attachment":[{"href":"https:\/\/super-news.info\/de\/wp-json\/wp\/v2\/media?parent=1453"}],"wp:term":[{"taxonomy":"category","embeddable":true,"href":"https:\/\/super-news.info\/de\/wp-json\/wp\/v2\/categories?post=1453"},{"taxonomy":"post_tag","embeddable":true,"href":"https:\/\/super-news.info\/de\/wp-json\/wp\/v2\/tags?post=1453"}],"curies":[{"name":"wp","href":"https:\/\/api.w.org\/{rel}","templated":true}]}}