{"id":1441,"date":"2021-04-13T03:30:10","date_gmt":"2021-04-13T03:30:10","guid":{"rendered":"https:\/\/super-news.info\/de\/bund-steckt-hunderte-millionen-in-mobiltechnologie-absatzwirtschaft\/"},"modified":"2021-04-13T03:30:11","modified_gmt":"2021-04-13T03:30:11","slug":"bund-steckt-hunderte-millionen-in-mobiltechnologie-absatzwirtschaft","status":"publish","type":"post","link":"https:\/\/super-news.info\/de\/bund-steckt-hunderte-millionen-in-mobiltechnologie-absatzwirtschaft\/","title":{"rendered":"Bund steckt Hunderte Millionen in Mobiltechnologie \u203a absatzwirtschaft"},"content":{"rendered":"<p>\t  \t\t\t\t\t\t\t  \t\t\t\t\t\t\t\tDigitale Transformation: Das 6G-Netz soll bis 2025 mit rund 700 Millionen Euro gef\u00f6rdert werden.<br \/>\n\t  \t\t\t\t\t\t\t\t  \t\t\t\t\t\t\t  \t\t\t\t\t\t\t\t\t \u00a9 Imago<\/p>\n<p>\t\t\t\t\t\tBei den meisten Verbrauchern in Deutschland ist die f\u00fcnfte Mobilfunkgeneration noch nicht angekommen, weil sie noch kein 5G-taugliches Endger\u00e4t haben. Das hindert die Verantwortlichen in der Politik nicht daran, schon heute die Entwicklung von 6G anzusto\u00dfen.<\/p>\n<p>\t\t\t\t\t\tAnzeige<\/p>\n<p>\t\t\t\t\tDie Bundesregierung will das Mobilfunknetz der n\u00e4chsten Generation mit mehreren hundert Millionen Euro f\u00f6rdern. \u201c6G wird die mobile Datentechnologie der Zukunft sein und unsere Kommunikation im n\u00e4chsten Jahrzehnt revolutionieren\u201d, sagte Forschungsministerin Anja Karliczek (CDU) dem \u201cHandelsblatt\u201d. \u201cWir m\u00fcssen jetzt schon an das \u00dcbermorgen denken und neue Schl\u00fcsseltechnologien und Standards in den Kommunikationstechnologien von Beginn an mitgestalten.\u201d<\/p>\n<p>5G soll 2030 von 6G abgel\u00f6st werden<\/p>\n<p>Demnach soll das 6G-Netz bis 2025 mit rund 700 Millionen<br \/>\nEuro gef\u00f6rdert werden. Ab 2030 soll es das 5G-Netz abl\u00f6sen.<\/p>\n<p>Die Ministerin erkl\u00e4rte, die digitale Transformation habe sich beschleunigt und die Notwendigkeit einer starken Netzinfrastruktur gezeigt. \u201cMit 4G stand uns erstmalig ein drahtloses Breitbandinternet zur Verf\u00fcgung, und einfachere Maschinenanwendungen wurden m\u00f6glich.\u201d 5G setze hier bereits wichtige Ma\u00dfst\u00e4be und werde die digitale Vernetzung auf die n\u00e4chste Ebene heben. \u201c6G aber wird die mobile Datentechnologie der Zukunft sein.\u201d<\/p>\n<p>Mit 6G w\u00fcrden Daten mehr als 100-mal schneller \u00fcbertragen als mit 5G \u2013 \u201cmit gro\u00dfen Vorteilen f\u00fcr die mobile Kommunikation jedes einzelnen Menschen, aber auch f\u00fcr unsere Industrie und Landwirtschaft\u201d, sagte Karliczek. Das er\u00f6ffne neue M\u00f6glichkeiten der Zusammenarbeit \u00fcber Entfernung, nicht nur im B\u00fcroalltag, sondern auch in der Produktion. In der Medizin sei eine Behandlung aus der Ferne dann viel besser m\u00f6glich.<\/p>\n<p>6G-Forschung wird vorangetrieben<\/p>\n<p>Mit der ersten deutschen 6G-Forschungsinitiative, die in dieser Woche startet und mit rund 200 Millionen Euro unterst\u00fctzt wird, setze die Bundesregierung einen Meilenstein hin zu einem Innovations\u00f6kosystem, betonte Karliczek.<\/p>\n<p>Weitere Ma\u00dfnahmen w\u00fcrden noch in diesem Jahr folgen. Diese Investitionen werden demnach durch das Zukunftspaket der Bundesregierung erm\u00f6glicht, aus dem alleine 685 Millionen Euro in die 6G-Forschung flie\u00dfen und die durch weitere Aktivit\u00e4ten des Forschungsministeriums erg\u00e4nzt werden. \u201cDurch diese zus\u00e4tzlichen Mittel aus dem Konjunkturpaket ist Deutschland im internationalen Wettlauf um die Entwicklung von 6G nun in einer sehr guten Startposition.\u201d<\/p>\n<p>Die hohen Investitionen seien n\u00f6tig, um langfristig die technologische Souver\u00e4nit\u00e4t Deutschlands und Europas zu st\u00e4rken, hie\u00df es weiter. Auch die EU hatte im Januar unter dem Titel \u201cHexa-X\u201d eine gro\u00dfe 6G-Initiative gestartet und stellt daf\u00fcr 900 Millionen Euro zur Verf\u00fcgung.<\/p>\n<p>he\/dpa<\/p>\n<p>absatzwirtschaft+<\/p>\n<p>Sie wollen weitere relevante Informationen und spannende Hintergr\u00fcnde f\u00fcr Ihre t\u00e4gliche Arbeit im Marketing? Dann\u00a0abonnieren Sie jetzt hier\u00a0unseren kostenfreien Newsletter.<\/p>\n<p>\n<!--noindex--><br \/>\n<a href=\"https:\/\/www.absatzwirtschaft.de\/6g-voraus-bund-steckt-hunderte-millionen-in-mobiltechnologie-178857\/\" rel=\"nofollow\">Source link <\/a><br \/>\n<!--\/noindex--><\/p>\n","protected":false},"excerpt":{"rendered":"<p>Digitale Transformation: Das 6G-Netz soll bis 2025 mit rund 700 Millionen Euro gef\u00f6rdert werden. \u00a9 Imago Bei den meisten Verbrauchern in Deutschland ist die f\u00fcnfte Mobilfunkgeneration noch nicht angekommen, weil sie noch kein 5G-taugliches Endger\u00e4t haben. Das hindert die Verantwortlichen in der Politik nicht daran, schon heute die Entwicklung von 6G anzusto\u00dfen. Anzeige Die Bundesregierung [&hellip;]<\/p>\n","protected":false},"author":1,"featured_media":1442,"comment_status":"open","ping_status":"open","sticky":false,"template":"","format":"standard","meta":{"footnotes":""},"categories":[5],"tags":[],"class_list":["post-1441","post","type-post","status-publish","format-standard","has-post-thumbnail","hentry","category-marketing-news"],"yoast_head":"<!-- This site is optimized with the Yoast SEO plugin v27.4 - https:\/\/yoast.com\/product\/yoast-seo-wordpress\/ -->\n<title>Bund steckt Hunderte Millionen in Mobiltechnologie \u203a absatzwirtschaft - Super News<\/title>\n<meta name=\"robots\" content=\"index, follow, max-snippet:-1, max-image-preview:large, max-video-preview:-1\" \/>\n<link rel=\"canonical\" href=\"https:\/\/super-news.info\/de\/bund-steckt-hunderte-millionen-in-mobiltechnologie-absatzwirtschaft\/\" \/>\n<meta property=\"og:locale\" content=\"de_DE\" \/>\n<meta property=\"og:type\" content=\"article\" \/>\n<meta property=\"og:title\" content=\"Bund steckt Hunderte Millionen in Mobiltechnologie \u203a absatzwirtschaft - Super News\" \/>\n<meta property=\"og:description\" content=\"Digitale Transformation: Das 6G-Netz soll bis 2025 mit rund 700 Millionen Euro gef\u00f6rdert werden. \u00a9 Imago Bei den meisten Verbrauchern in Deutschland ist die f\u00fcnfte Mobilfunkgeneration noch nicht angekommen, weil sie noch kein 5G-taugliches Endger\u00e4t haben. Das hindert die Verantwortlichen in der Politik nicht daran, schon heute die Entwicklung von 6G anzusto\u00dfen. Anzeige Die Bundesregierung [&hellip;]\" \/>\n<meta property=\"og:url\" content=\"https:\/\/super-news.info\/de\/bund-steckt-hunderte-millionen-in-mobiltechnologie-absatzwirtschaft\/\" \/>\n<meta property=\"og:site_name\" content=\"Super News\" \/>\n<meta property=\"article:published_time\" content=\"2021-04-13T03:30:10+00:00\" \/>\n<meta property=\"article:modified_time\" content=\"2021-04-13T03:30:11+00:00\" \/>\n<meta property=\"og:image\" content=\"https:\/\/super-news.info\/de\/wp-content\/uploads\/sites\/13\/2021\/04\/Bund-steckt-Hunderte-Millionen-in-Mobiltechnologie-absatzwirtschaft.jpg\" \/>\n\t<meta property=\"og:image:width\" content=\"630\" \/>\n\t<meta property=\"og:image:height\" content=\"354\" \/>\n\t<meta property=\"og:image:type\" content=\"image\/jpeg\" \/>\n<meta name=\"author\" content=\"super news\" \/>\n<meta name=\"twitter:card\" content=\"summary_large_image\" \/>\n<meta name=\"twitter:label1\" content=\"Verfasst von\" \/>\n\t<meta name=\"twitter:data1\" content=\"super news\" \/>\n\t<meta name=\"twitter:label2\" content=\"Gesch\u00e4tzte Lesezeit\" \/>\n\t<meta name=\"twitter:data2\" content=\"2\u00a0Minuten\" \/>\n<script type=\"application\/ld+json\" class=\"yoast-schema-graph\">{\"@context\":\"https:\\\/\\\/schema.org\",\"@graph\":[{\"@type\":\"Article\",\"@id\":\"https:\\\/\\\/super-news.info\\\/de\\\/bund-steckt-hunderte-millionen-in-mobiltechnologie-absatzwirtschaft\\\/#article\",\"isPartOf\":{\"@id\":\"https:\\\/\\\/super-news.info\\\/de\\\/bund-steckt-hunderte-millionen-in-mobiltechnologie-absatzwirtschaft\\\/\"},\"author\":{\"name\":\"super news\",\"@id\":\"https:\\\/\\\/super-news.info\\\/de\\\/#\\\/schema\\\/person\\\/2b9ff946d06444e803cb306ffcfd1045\"},\"headline\":\"Bund steckt Hunderte Millionen in Mobiltechnologie \u203a absatzwirtschaft\",\"datePublished\":\"2021-04-13T03:30:10+00:00\",\"dateModified\":\"2021-04-13T03:30:11+00:00\",\"mainEntityOfPage\":{\"@id\":\"https:\\\/\\\/super-news.info\\\/de\\\/bund-steckt-hunderte-millionen-in-mobiltechnologie-absatzwirtschaft\\\/\"},\"wordCount\":454,\"commentCount\":0,\"image\":{\"@id\":\"https:\\\/\\\/super-news.info\\\/de\\\/bund-steckt-hunderte-millionen-in-mobiltechnologie-absatzwirtschaft\\\/#primaryimage\"},\"thumbnailUrl\":\"https:\\\/\\\/super-news.info\\\/de\\\/wp-content\\\/uploads\\\/sites\\\/13\\\/2021\\\/04\\\/Bund-steckt-Hunderte-Millionen-in-Mobiltechnologie-absatzwirtschaft.jpg\",\"articleSection\":[\"MARKETING NEWS\"],\"inLanguage\":\"de\",\"potentialAction\":[{\"@type\":\"CommentAction\",\"name\":\"Comment\",\"target\":[\"https:\\\/\\\/super-news.info\\\/de\\\/bund-steckt-hunderte-millionen-in-mobiltechnologie-absatzwirtschaft\\\/#respond\"]}]},{\"@type\":\"WebPage\",\"@id\":\"https:\\\/\\\/super-news.info\\\/de\\\/bund-steckt-hunderte-millionen-in-mobiltechnologie-absatzwirtschaft\\\/\",\"url\":\"https:\\\/\\\/super-news.info\\\/de\\\/bund-steckt-hunderte-millionen-in-mobiltechnologie-absatzwirtschaft\\\/\",\"name\":\"Bund steckt Hunderte Millionen in Mobiltechnologie \u203a absatzwirtschaft - Super News\",\"isPartOf\":{\"@id\":\"https:\\\/\\\/super-news.info\\\/de\\\/#website\"},\"primaryImageOfPage\":{\"@id\":\"https:\\\/\\\/super-news.info\\\/de\\\/bund-steckt-hunderte-millionen-in-mobiltechnologie-absatzwirtschaft\\\/#primaryimage\"},\"image\":{\"@id\":\"https:\\\/\\\/super-news.info\\\/de\\\/bund-steckt-hunderte-millionen-in-mobiltechnologie-absatzwirtschaft\\\/#primaryimage\"},\"thumbnailUrl\":\"https:\\\/\\\/super-news.info\\\/de\\\/wp-content\\\/uploads\\\/sites\\\/13\\\/2021\\\/04\\\/Bund-steckt-Hunderte-Millionen-in-Mobiltechnologie-absatzwirtschaft.jpg\",\"datePublished\":\"2021-04-13T03:30:10+00:00\",\"dateModified\":\"2021-04-13T03:30:11+00:00\",\"author\":{\"@id\":\"https:\\\/\\\/super-news.info\\\/de\\\/#\\\/schema\\\/person\\\/2b9ff946d06444e803cb306ffcfd1045\"},\"breadcrumb\":{\"@id\":\"https:\\\/\\\/super-news.info\\\/de\\\/bund-steckt-hunderte-millionen-in-mobiltechnologie-absatzwirtschaft\\\/#breadcrumb\"},\"inLanguage\":\"de\",\"potentialAction\":[{\"@type\":\"ReadAction\",\"target\":[\"https:\\\/\\\/super-news.info\\\/de\\\/bund-steckt-hunderte-millionen-in-mobiltechnologie-absatzwirtschaft\\\/\"]}]},{\"@type\":\"ImageObject\",\"inLanguage\":\"de\",\"@id\":\"https:\\\/\\\/super-news.info\\\/de\\\/bund-steckt-hunderte-millionen-in-mobiltechnologie-absatzwirtschaft\\\/#primaryimage\",\"url\":\"https:\\\/\\\/super-news.info\\\/de\\\/wp-content\\\/uploads\\\/sites\\\/13\\\/2021\\\/04\\\/Bund-steckt-Hunderte-Millionen-in-Mobiltechnologie-absatzwirtschaft.jpg\",\"contentUrl\":\"https:\\\/\\\/super-news.info\\\/de\\\/wp-content\\\/uploads\\\/sites\\\/13\\\/2021\\\/04\\\/Bund-steckt-Hunderte-Millionen-in-Mobiltechnologie-absatzwirtschaft.jpg\",\"width\":630,\"height\":354,\"caption\":\"Bund steckt Hunderte Millionen in Mobiltechnologie \u203a absatzwirtschaft\"},{\"@type\":\"BreadcrumbList\",\"@id\":\"https:\\\/\\\/super-news.info\\\/de\\\/bund-steckt-hunderte-millionen-in-mobiltechnologie-absatzwirtschaft\\\/#breadcrumb\",\"itemListElement\":[{\"@type\":\"ListItem\",\"position\":1,\"name\":\"Home\",\"item\":\"https:\\\/\\\/super-news.info\\\/de\\\/\"},{\"@type\":\"ListItem\",\"position\":2,\"name\":\"Bund steckt Hunderte Millionen in Mobiltechnologie \u203a absatzwirtschaft\"}]},{\"@type\":\"WebSite\",\"@id\":\"https:\\\/\\\/super-news.info\\\/de\\\/#website\",\"url\":\"https:\\\/\\\/super-news.info\\\/de\\\/\",\"name\":\"Super News\",\"description\":\"Super News Germany\",\"potentialAction\":[{\"@type\":\"SearchAction\",\"target\":{\"@type\":\"EntryPoint\",\"urlTemplate\":\"https:\\\/\\\/super-news.info\\\/de\\\/?s={search_term_string}\"},\"query-input\":{\"@type\":\"PropertyValueSpecification\",\"valueRequired\":true,\"valueName\":\"search_term_string\"}}],\"inLanguage\":\"de\"},{\"@type\":\"Person\",\"@id\":\"https:\\\/\\\/super-news.info\\\/de\\\/#\\\/schema\\\/person\\\/2b9ff946d06444e803cb306ffcfd1045\",\"name\":\"super news\",\"image\":{\"@type\":\"ImageObject\",\"inLanguage\":\"de\",\"@id\":\"https:\\\/\\\/secure.gravatar.com\\\/avatar\\\/98e0b303f300d45b2a94684c5e4dda8baa4a5e9710b579f7493c8612061d08bf?s=96&d=mm&r=g\",\"url\":\"https:\\\/\\\/secure.gravatar.com\\\/avatar\\\/98e0b303f300d45b2a94684c5e4dda8baa4a5e9710b579f7493c8612061d08bf?s=96&d=mm&r=g\",\"contentUrl\":\"https:\\\/\\\/secure.gravatar.com\\\/avatar\\\/98e0b303f300d45b2a94684c5e4dda8baa4a5e9710b579f7493c8612061d08bf?s=96&d=mm&r=g\",\"caption\":\"super news\"},\"url\":\"https:\\\/\\\/super-news.info\\\/de\\\/author\\\/manuel\\\/\"}]}<\/script>\n<!-- \/ Yoast SEO plugin. -->","yoast_head_json":{"title":"Bund steckt Hunderte Millionen in Mobiltechnologie \u203a absatzwirtschaft - Super News","robots":{"index":"index","follow":"follow","max-snippet":"max-snippet:-1","max-image-preview":"max-image-preview:large","max-video-preview":"max-video-preview:-1"},"canonical":"https:\/\/super-news.info\/de\/bund-steckt-hunderte-millionen-in-mobiltechnologie-absatzwirtschaft\/","og_locale":"de_DE","og_type":"article","og_title":"Bund steckt Hunderte Millionen in Mobiltechnologie \u203a absatzwirtschaft - Super News","og_description":"Digitale Transformation: Das 6G-Netz soll bis 2025 mit rund 700 Millionen Euro gef\u00f6rdert werden. \u00a9 Imago Bei den meisten Verbrauchern in Deutschland ist die f\u00fcnfte Mobilfunkgeneration noch nicht angekommen, weil sie noch kein 5G-taugliches Endger\u00e4t haben. Das hindert die Verantwortlichen in der Politik nicht daran, schon heute die Entwicklung von 6G anzusto\u00dfen. Anzeige Die Bundesregierung [&hellip;]","og_url":"https:\/\/super-news.info\/de\/bund-steckt-hunderte-millionen-in-mobiltechnologie-absatzwirtschaft\/","og_site_name":"Super News","article_published_time":"2021-04-13T03:30:10+00:00","article_modified_time":"2021-04-13T03:30:11+00:00","og_image":[{"width":630,"height":354,"url":"https:\/\/super-news.info\/de\/wp-content\/uploads\/sites\/13\/2021\/04\/Bund-steckt-Hunderte-Millionen-in-Mobiltechnologie-absatzwirtschaft.jpg","type":"image\/jpeg"}],"author":"super news","twitter_card":"summary_large_image","twitter_misc":{"Verfasst von":"super news","Gesch\u00e4tzte Lesezeit":"2\u00a0Minuten"},"schema":{"@context":"https:\/\/schema.org","@graph":[{"@type":"Article","@id":"https:\/\/super-news.info\/de\/bund-steckt-hunderte-millionen-in-mobiltechnologie-absatzwirtschaft\/#article","isPartOf":{"@id":"https:\/\/super-news.info\/de\/bund-steckt-hunderte-millionen-in-mobiltechnologie-absatzwirtschaft\/"},"author":{"name":"super news","@id":"https:\/\/super-news.info\/de\/#\/schema\/person\/2b9ff946d06444e803cb306ffcfd1045"},"headline":"Bund steckt Hunderte Millionen in Mobiltechnologie \u203a absatzwirtschaft","datePublished":"2021-04-13T03:30:10+00:00","dateModified":"2021-04-13T03:30:11+00:00","mainEntityOfPage":{"@id":"https:\/\/super-news.info\/de\/bund-steckt-hunderte-millionen-in-mobiltechnologie-absatzwirtschaft\/"},"wordCount":454,"commentCount":0,"image":{"@id":"https:\/\/super-news.info\/de\/bund-steckt-hunderte-millionen-in-mobiltechnologie-absatzwirtschaft\/#primaryimage"},"thumbnailUrl":"https:\/\/super-news.info\/de\/wp-content\/uploads\/sites\/13\/2021\/04\/Bund-steckt-Hunderte-Millionen-in-Mobiltechnologie-absatzwirtschaft.jpg","articleSection":["MARKETING NEWS"],"inLanguage":"de","potentialAction":[{"@type":"CommentAction","name":"Comment","target":["https:\/\/super-news.info\/de\/bund-steckt-hunderte-millionen-in-mobiltechnologie-absatzwirtschaft\/#respond"]}]},{"@type":"WebPage","@id":"https:\/\/super-news.info\/de\/bund-steckt-hunderte-millionen-in-mobiltechnologie-absatzwirtschaft\/","url":"https:\/\/super-news.info\/de\/bund-steckt-hunderte-millionen-in-mobiltechnologie-absatzwirtschaft\/","name":"Bund steckt Hunderte Millionen in Mobiltechnologie \u203a absatzwirtschaft - Super News","isPartOf":{"@id":"https:\/\/super-news.info\/de\/#website"},"primaryImageOfPage":{"@id":"https:\/\/super-news.info\/de\/bund-steckt-hunderte-millionen-in-mobiltechnologie-absatzwirtschaft\/#primaryimage"},"image":{"@id":"https:\/\/super-news.info\/de\/bund-steckt-hunderte-millionen-in-mobiltechnologie-absatzwirtschaft\/#primaryimage"},"thumbnailUrl":"https:\/\/super-news.info\/de\/wp-content\/uploads\/sites\/13\/2021\/04\/Bund-steckt-Hunderte-Millionen-in-Mobiltechnologie-absatzwirtschaft.jpg","datePublished":"2021-04-13T03:30:10+00:00","dateModified":"2021-04-13T03:30:11+00:00","author":{"@id":"https:\/\/super-news.info\/de\/#\/schema\/person\/2b9ff946d06444e803cb306ffcfd1045"},"breadcrumb":{"@id":"https:\/\/super-news.info\/de\/bund-steckt-hunderte-millionen-in-mobiltechnologie-absatzwirtschaft\/#breadcrumb"},"inLanguage":"de","potentialAction":[{"@type":"ReadAction","target":["https:\/\/super-news.info\/de\/bund-steckt-hunderte-millionen-in-mobiltechnologie-absatzwirtschaft\/"]}]},{"@type":"ImageObject","inLanguage":"de","@id":"https:\/\/super-news.info\/de\/bund-steckt-hunderte-millionen-in-mobiltechnologie-absatzwirtschaft\/#primaryimage","url":"https:\/\/super-news.info\/de\/wp-content\/uploads\/sites\/13\/2021\/04\/Bund-steckt-Hunderte-Millionen-in-Mobiltechnologie-absatzwirtschaft.jpg","contentUrl":"https:\/\/super-news.info\/de\/wp-content\/uploads\/sites\/13\/2021\/04\/Bund-steckt-Hunderte-Millionen-in-Mobiltechnologie-absatzwirtschaft.jpg","width":630,"height":354,"caption":"Bund steckt Hunderte Millionen in Mobiltechnologie \u203a absatzwirtschaft"},{"@type":"BreadcrumbList","@id":"https:\/\/super-news.info\/de\/bund-steckt-hunderte-millionen-in-mobiltechnologie-absatzwirtschaft\/#breadcrumb","itemListElement":[{"@type":"ListItem","position":1,"name":"Home","item":"https:\/\/super-news.info\/de\/"},{"@type":"ListItem","position":2,"name":"Bund steckt Hunderte Millionen in Mobiltechnologie \u203a absatzwirtschaft"}]},{"@type":"WebSite","@id":"https:\/\/super-news.info\/de\/#website","url":"https:\/\/super-news.info\/de\/","name":"Super News","description":"Super News Germany","potentialAction":[{"@type":"SearchAction","target":{"@type":"EntryPoint","urlTemplate":"https:\/\/super-news.info\/de\/?s={search_term_string}"},"query-input":{"@type":"PropertyValueSpecification","valueRequired":true,"valueName":"search_term_string"}}],"inLanguage":"de"},{"@type":"Person","@id":"https:\/\/super-news.info\/de\/#\/schema\/person\/2b9ff946d06444e803cb306ffcfd1045","name":"super news","image":{"@type":"ImageObject","inLanguage":"de","@id":"https:\/\/secure.gravatar.com\/avatar\/98e0b303f300d45b2a94684c5e4dda8baa4a5e9710b579f7493c8612061d08bf?s=96&d=mm&r=g","url":"https:\/\/secure.gravatar.com\/avatar\/98e0b303f300d45b2a94684c5e4dda8baa4a5e9710b579f7493c8612061d08bf?s=96&d=mm&r=g","contentUrl":"https:\/\/secure.gravatar.com\/avatar\/98e0b303f300d45b2a94684c5e4dda8baa4a5e9710b579f7493c8612061d08bf?s=96&d=mm&r=g","caption":"super news"},"url":"https:\/\/super-news.info\/de\/author\/manuel\/"}]}},"_links":{"self":[{"href":"https:\/\/super-news.info\/de\/wp-json\/wp\/v2\/posts\/1441","targetHints":{"allow":["GET"]}}],"collection":[{"href":"https:\/\/super-news.info\/de\/wp-json\/wp\/v2\/posts"}],"about":[{"href":"https:\/\/super-news.info\/de\/wp-json\/wp\/v2\/types\/post"}],"author":[{"embeddable":true,"href":"https:\/\/super-news.info\/de\/wp-json\/wp\/v2\/users\/1"}],"replies":[{"embeddable":true,"href":"https:\/\/super-news.info\/de\/wp-json\/wp\/v2\/comments?post=1441"}],"version-history":[{"count":1,"href":"https:\/\/super-news.info\/de\/wp-json\/wp\/v2\/posts\/1441\/revisions"}],"predecessor-version":[{"id":1443,"href":"https:\/\/super-news.info\/de\/wp-json\/wp\/v2\/posts\/1441\/revisions\/1443"}],"wp:featuredmedia":[{"embeddable":true,"href":"https:\/\/super-news.info\/de\/wp-json\/wp\/v2\/media\/1442"}],"wp:attachment":[{"href":"https:\/\/super-news.info\/de\/wp-json\/wp\/v2\/media?parent=1441"}],"wp:term":[{"taxonomy":"category","embeddable":true,"href":"https:\/\/super-news.info\/de\/wp-json\/wp\/v2\/categories?post=1441"},{"taxonomy":"post_tag","embeddable":true,"href":"https:\/\/super-news.info\/de\/wp-json\/wp\/v2\/tags?post=1441"}],"curies":[{"name":"wp","href":"https:\/\/api.w.org\/{rel}","templated":true}]}}