{"id":1429,"date":"2021-04-11T03:20:25","date_gmt":"2021-04-11T03:20:25","guid":{"rendered":"https:\/\/super-news.info\/de\/elektro-s-klasse-im-kampf-der-welten-absatzwirtschaft\/"},"modified":"2021-04-11T03:20:27","modified_gmt":"2021-04-11T03:20:27","slug":"elektro-s-klasse-im-kampf-der-welten-absatzwirtschaft","status":"publish","type":"post","link":"https:\/\/super-news.info\/de\/elektro-s-klasse-im-kampf-der-welten-absatzwirtschaft\/","title":{"rendered":"Elektro-S-Klasse im &#8222;Kampf der Welten&#8220; \u203a absatzwirtschaft"},"content":{"rendered":"<p>\t\t\t\t\t\tNeue Autos hat der Daimler-Konzern in den vergangenen Jahren viele vorgestellt, aber wohl kaum ein Fahrzeug von solcher Bedeutung: Die Elektro-S-Klasse k\u00f6nnte Gradmesser werden, ob die Stuttgarter im E-Zeitalter mit Tesla &amp; Co. Schritt halten k\u00f6nnen.<\/p>\n<p>\t\t\t\t\tWenn der Autobauer Daimler der Welt am Donnerstag sein neues<br \/>\nFahrzeugmodell pr\u00e4sentiert, dann ist das mehr als eine gew\u00f6hnliche<br \/>\nProduktpremiere. Die futuristisch anmutende Elektro-S-Klasse mit den Namen EQS<br \/>\nsoll beim Stuttgarter Traditionskonzern nicht weniger als den Aufbruch in ein<br \/>\nneues Zeitalter verk\u00f6rpern \u2013 und damit auf lange Sicht auch helfen, die Zukunft<br \/>\ndes milliardenschweren Unternehmens zu sichern.<\/p>\n<p>EQS als Technologietr\u00e4ger und Symbol f\u00fcr Innovation<\/p>\n<p>\u201cDie Bedeutung des EQS f\u00fcr den Ruf von Daimler als E-Auto-Bauer ist immens\u201d, sagt Branchenexperte Ferdinand Dudenh\u00f6ffer. Das neue Fahrzeug sei zugleich Technologietr\u00e4ger und Symbol f\u00fcr die Innovationsf\u00e4higkeit des Konzerns. Das ist umso wichtiger, weil Daimler bisher kaum als E-Auto-Vorreiter in Erscheinung getreten ist. Vielmehr werfen Kritiker dem Konzern vor, strategisch zu lange an eine goldene Zukunft von Benzin- und Dieselautos geglaubt und wertvolle Jahre bei der Entwicklung von E-Autos verschlafen zu haben.<\/p>\n<p>Inzwischen hat Konzernchef Ola K\u00e4llenius wortgewaltig die Aufholjagd eingel\u00e4utet. Daimler strebe nicht weniger als \u201cdie f\u00fchrende Position\u201d bei Elektroantrieben und Fahrzeug-Software an, verk\u00fcndete er im Herbst. Ob das angesichts des technologischen Vorsprungs gro\u00dfer Konkurrenten realistisch ist, bleibt dahingestellt: Nicht nur in den USA (Tesla) und China (Nio, Baidu), sondern auch in Europa selbst ist die E-Auto-Konkurrenz inzwischen riesig.<\/p>\n<p>Autohersteller im Wettbewerb mit Digitalkonzernen<\/p>\n<p>Etablierte Hersteller m\u00fcssen sich im E-Zeitalter nicht nur mit langj\u00e4hrigen Konkurrenten messen, sondern auch gegen Digitalkonzerne wie Google, Apple oder Alibaba bestehen. Diese bewegten sich immer st\u00e4rker in das Feld der Automobilbauer hinein, sagt Stefan Bratzel, Direktor des Instituts Center of Automotive Management in Bergisch Gladbach. Es handle sich um \u201ceinen Kampf der Welten\u201d zwischen etablierten Autobauern und modernen Technologiekonzernen. Bei E-Autos sei die Bedeutung von Softwarekompetenz inzwischen noch wichtiger als die reine Automotive-Erfahrung. Dudenh\u00f6ffer urteilt: \u201cFahrzeug-Software wird das beherrschende Thema der n\u00e4chsten 20 Jahre. Und Fahrzeug-Software ist kein preisg\u00fcnstiges Vergn\u00fcgen.\u201d<\/p>\n<p>Kein Wunder, dass auch Daimler gro\u00dfe Summen investiert, um<br \/>\neinen konkurrenzf\u00e4higen E-Softwarebaukasten f\u00fcr seine Elektromodelle bauen zu<br \/>\nk\u00f6nnen. Technologisch basiert der EQS auf einer neuen reinen<br \/>\nElektroauto-Architektur namens EVA, die in K\u00fcrze auch in weiteren<br \/>\nElektromodellen verbaut sein soll. Zudem ist eine zweite E-Fahrzeugplattform<br \/>\nnamens MMA in Planung, diese soll ab 2025 bereitstehen.<\/p>\n<p>Softwareplattformen f\u00fcr E-Autos<\/p>\n<p>Technologisch hochkomplexe Softwareplattformen f\u00fcr E-Autos<br \/>\nsind wichtig, weil sie im engen Markt den Unterschied machen k\u00f6nnen. Lange<br \/>\nh\u00e4tten vor allem die deutschen Hersteller versucht, ihre alten<br \/>\nVerbrennermodelle in E-Autos umzumodeln und mit zahlreichen dezentralen<br \/>\nSteuereinheiten zu arbeiten, sagen die Mobilit\u00e4tsforscher Ellen Enkel und<br \/>\nKarsten Neuberger von der Uni Duisburg.<\/p>\n<p>Doch inzwischen h\u00e4tten die meisten umgedacht. Denn eine zentrale Softwareplattform erm\u00f6gliche nicht nur schnellere Updates, sondern biete auch mehr Variabilit\u00e4t und Funktionalit\u00e4t. \u201cEin Beispiel sind die Fahrerassistenzsysteme, die teilautonomes Fahren erm\u00f6glichen.\u201d<\/p>\n<p>EQS mit gro\u00dfen Versprechen bei Aerodynamik und Ladezeiten<\/p>\n<p>Beim EQS handle es sich um die \u201cbedeutendste Mercedes-Neuvorstellung der letzten zehn Jahre\u201d, sagt Dudenh\u00f6ffer. Das neue Flaggschiff f\u00e4llt optisch durch seine rahmenlosen T\u00fcren, eine nahtlos in die Motorhaubenpartie \u00fcbergehende Frontscheibe und ein 1,41 Meter breites Display im Inneren auf. Daimler sichert den Kunden eine Batteriereichweite von bis zu 770 Kilometern nach dem neuen Pr\u00fcfstandard WLTP zu. Auch bei der Aerodynamik und den Ladezeiten sind die Versprechen gro\u00df.<\/p>\n<p>\u201cWenn der EQS die versprochene WLTP-Norm auch bei Alltagsbelastung ungef\u00e4hr einh\u00e4lt, w\u00fcrde Mercedes tats\u00e4chlich das Model S von Tesla schlagen, das mehrere Jahre in Folge der Verkaufsschlager des E-Pioniers war\u201d, sagt Enkel. Dass der EQS ebenso wie die herk\u00f6mmliche Verbrenner-S-Klasse als Luxus-Limousine kein Modell f\u00fcr den Durchschnittsb\u00fcrger ist, sei erstmal zweitrangig. Zum Fahrzeugpreis macht das Unternehmen noch keine Angaben. \u201cDie S-Klasse war und ist der erfolgreichste Pkw der Oberklasse und diente bei Mercedes immer als Vorreiter f\u00fcr neue Technologien, die dann im Laufe der Zeit in die unteren Fahrzeugklassen vererbt wurden\u201d, sagt Enkel.<\/p>\n<p>Daimler mit Hoffnung an der B\u00f6rse<\/p>\n<p>Ob das auch im Elektrozeitalter gelingt? Die Hoffnung der<br \/>\nAnleger, dass Daimler noch rechtzeitig umgesteuert hat, ist zumindest an der<br \/>\nB\u00f6rse schon zu sp\u00fcren. Der Skandal um vermeintlich manipulierte<br \/>\nDiesel-Fahrzeuge und eine in Expertenaugen lange Jahre fehlende<br \/>\nInnovationskraft lie\u00dfen auch den Kurs zwischenzeitlich rapide abst\u00fcrzen, doch<br \/>\nseit Herbst geht es wieder deutlich bergauf.<\/p>\n<p>Auch die E-Auto-Verk\u00e4ufe steigen, allerdings noch auf sehr niedrigem Niveau. Im ersten Quartal waren 2,8 Prozent aller weltweit verkauften Mercedes-Pkw reine Elektroautos. Noch halten \u00c4ngste vor zu geringer Reichweite und vergleichsweise hohe Kosten viele Verbraucher vom Umstieg zur\u00fcck \u2013 das sich dies \u00e4ndert, ist nach Ansicht von Branchenexperten aber nur eine Frage der Zeit. So sieht es inzwischen auch Daimler: Bis 2030 sollen Elektro- und Hybridautos beim Stuttgarter Konzern die H\u00e4lfte des Absatzes ausmachen.<\/p>\n<p>Von Michael Brehme, dpa<\/p>\n<p>absatzwirtschaft+<\/p>\n<p>Sie wollen weitere relevante Informationen und spannende Hintergr\u00fcnde f\u00fcr Ihre t\u00e4gliche Arbeit im Marketing? Dann\u00a0abonnieren Sie jetzt hier\u00a0unseren kostenfreien Newsletter.<\/p>\n<p>\n<!--noindex--><br \/>\n<a href=\"https:\/\/www.absatzwirtschaft.de\/daimler-vs-tesla-elektro-s-klasse-im-kampf-der-welten-178837\/\" rel=\"nofollow\">Source link <\/a><br \/>\n<!--\/noindex--><\/p>\n","protected":false},"excerpt":{"rendered":"<p>Neue Autos hat der Daimler-Konzern in den vergangenen Jahren viele vorgestellt, aber wohl kaum ein Fahrzeug von solcher Bedeutung: Die Elektro-S-Klasse k\u00f6nnte Gradmesser werden, ob die Stuttgarter im E-Zeitalter mit Tesla &amp; Co. Schritt halten k\u00f6nnen. Wenn der Autobauer Daimler der Welt am Donnerstag sein neues Fahrzeugmodell pr\u00e4sentiert, dann ist das mehr als eine gew\u00f6hnliche [&hellip;]<\/p>\n","protected":false},"author":1,"featured_media":1430,"comment_status":"open","ping_status":"open","sticky":false,"template":"","format":"standard","meta":{"footnotes":""},"categories":[5],"tags":[],"class_list":["post-1429","post","type-post","status-publish","format-standard","has-post-thumbnail","hentry","category-marketing-news"],"yoast_head":"<!-- This site is optimized with the Yoast SEO plugin v27.4 - https:\/\/yoast.com\/product\/yoast-seo-wordpress\/ -->\n<title>Elektro-S-Klasse im &quot;Kampf der Welten&quot; \u203a absatzwirtschaft - Super News<\/title>\n<meta name=\"robots\" content=\"index, follow, max-snippet:-1, max-image-preview:large, max-video-preview:-1\" \/>\n<link rel=\"canonical\" href=\"https:\/\/super-news.info\/de\/elektro-s-klasse-im-kampf-der-welten-absatzwirtschaft\/\" \/>\n<meta property=\"og:locale\" content=\"de_DE\" \/>\n<meta property=\"og:type\" content=\"article\" \/>\n<meta property=\"og:title\" content=\"Elektro-S-Klasse im &quot;Kampf der Welten&quot; \u203a absatzwirtschaft - Super News\" \/>\n<meta property=\"og:description\" content=\"Neue Autos hat der Daimler-Konzern in den vergangenen Jahren viele vorgestellt, aber wohl kaum ein Fahrzeug von solcher Bedeutung: Die Elektro-S-Klasse k\u00f6nnte Gradmesser werden, ob die Stuttgarter im E-Zeitalter mit Tesla &amp; Co. Schritt halten k\u00f6nnen. Wenn der Autobauer Daimler der Welt am Donnerstag sein neues Fahrzeugmodell pr\u00e4sentiert, dann ist das mehr als eine gew\u00f6hnliche [&hellip;]\" \/>\n<meta property=\"og:url\" content=\"https:\/\/super-news.info\/de\/elektro-s-klasse-im-kampf-der-welten-absatzwirtschaft\/\" \/>\n<meta property=\"og:site_name\" content=\"Super News\" \/>\n<meta property=\"article:published_time\" content=\"2021-04-11T03:20:25+00:00\" \/>\n<meta property=\"article:modified_time\" content=\"2021-04-11T03:20:27+00:00\" \/>\n<meta property=\"og:image\" content=\"https:\/\/super-news.info\/de\/wp-content\/uploads\/sites\/13\/2021\/04\/Elektro-S-Klasse-im-Kampf-der-Welten-absatzwirtschaft.jpg\" \/>\n\t<meta property=\"og:image:width\" content=\"630\" \/>\n\t<meta property=\"og:image:height\" content=\"354\" \/>\n\t<meta property=\"og:image:type\" content=\"image\/jpeg\" \/>\n<meta name=\"author\" content=\"super news\" \/>\n<meta name=\"twitter:card\" content=\"summary_large_image\" \/>\n<meta name=\"twitter:label1\" content=\"Verfasst von\" \/>\n\t<meta name=\"twitter:data1\" content=\"super news\" \/>\n\t<meta name=\"twitter:label2\" content=\"Gesch\u00e4tzte Lesezeit\" \/>\n\t<meta name=\"twitter:data2\" content=\"4\u00a0Minuten\" \/>\n<script type=\"application\/ld+json\" class=\"yoast-schema-graph\">{\"@context\":\"https:\\\/\\\/schema.org\",\"@graph\":[{\"@type\":\"Article\",\"@id\":\"https:\\\/\\\/super-news.info\\\/de\\\/elektro-s-klasse-im-kampf-der-welten-absatzwirtschaft\\\/#article\",\"isPartOf\":{\"@id\":\"https:\\\/\\\/super-news.info\\\/de\\\/elektro-s-klasse-im-kampf-der-welten-absatzwirtschaft\\\/\"},\"author\":{\"name\":\"super news\",\"@id\":\"https:\\\/\\\/super-news.info\\\/de\\\/#\\\/schema\\\/person\\\/2b9ff946d06444e803cb306ffcfd1045\"},\"headline\":\"Elektro-S-Klasse im &#8222;Kampf der Welten&#8220; \u203a absatzwirtschaft\",\"datePublished\":\"2021-04-11T03:20:25+00:00\",\"dateModified\":\"2021-04-11T03:20:27+00:00\",\"mainEntityOfPage\":{\"@id\":\"https:\\\/\\\/super-news.info\\\/de\\\/elektro-s-klasse-im-kampf-der-welten-absatzwirtschaft\\\/\"},\"wordCount\":855,\"commentCount\":0,\"image\":{\"@id\":\"https:\\\/\\\/super-news.info\\\/de\\\/elektro-s-klasse-im-kampf-der-welten-absatzwirtschaft\\\/#primaryimage\"},\"thumbnailUrl\":\"https:\\\/\\\/super-news.info\\\/de\\\/wp-content\\\/uploads\\\/sites\\\/13\\\/2021\\\/04\\\/Elektro-S-Klasse-im-Kampf-der-Welten-absatzwirtschaft.jpg\",\"articleSection\":[\"MARKETING NEWS\"],\"inLanguage\":\"de\",\"potentialAction\":[{\"@type\":\"CommentAction\",\"name\":\"Comment\",\"target\":[\"https:\\\/\\\/super-news.info\\\/de\\\/elektro-s-klasse-im-kampf-der-welten-absatzwirtschaft\\\/#respond\"]}]},{\"@type\":\"WebPage\",\"@id\":\"https:\\\/\\\/super-news.info\\\/de\\\/elektro-s-klasse-im-kampf-der-welten-absatzwirtschaft\\\/\",\"url\":\"https:\\\/\\\/super-news.info\\\/de\\\/elektro-s-klasse-im-kampf-der-welten-absatzwirtschaft\\\/\",\"name\":\"Elektro-S-Klasse im \\\"Kampf der Welten\\\" \u203a absatzwirtschaft - Super News\",\"isPartOf\":{\"@id\":\"https:\\\/\\\/super-news.info\\\/de\\\/#website\"},\"primaryImageOfPage\":{\"@id\":\"https:\\\/\\\/super-news.info\\\/de\\\/elektro-s-klasse-im-kampf-der-welten-absatzwirtschaft\\\/#primaryimage\"},\"image\":{\"@id\":\"https:\\\/\\\/super-news.info\\\/de\\\/elektro-s-klasse-im-kampf-der-welten-absatzwirtschaft\\\/#primaryimage\"},\"thumbnailUrl\":\"https:\\\/\\\/super-news.info\\\/de\\\/wp-content\\\/uploads\\\/sites\\\/13\\\/2021\\\/04\\\/Elektro-S-Klasse-im-Kampf-der-Welten-absatzwirtschaft.jpg\",\"datePublished\":\"2021-04-11T03:20:25+00:00\",\"dateModified\":\"2021-04-11T03:20:27+00:00\",\"author\":{\"@id\":\"https:\\\/\\\/super-news.info\\\/de\\\/#\\\/schema\\\/person\\\/2b9ff946d06444e803cb306ffcfd1045\"},\"breadcrumb\":{\"@id\":\"https:\\\/\\\/super-news.info\\\/de\\\/elektro-s-klasse-im-kampf-der-welten-absatzwirtschaft\\\/#breadcrumb\"},\"inLanguage\":\"de\",\"potentialAction\":[{\"@type\":\"ReadAction\",\"target\":[\"https:\\\/\\\/super-news.info\\\/de\\\/elektro-s-klasse-im-kampf-der-welten-absatzwirtschaft\\\/\"]}]},{\"@type\":\"ImageObject\",\"inLanguage\":\"de\",\"@id\":\"https:\\\/\\\/super-news.info\\\/de\\\/elektro-s-klasse-im-kampf-der-welten-absatzwirtschaft\\\/#primaryimage\",\"url\":\"https:\\\/\\\/super-news.info\\\/de\\\/wp-content\\\/uploads\\\/sites\\\/13\\\/2021\\\/04\\\/Elektro-S-Klasse-im-Kampf-der-Welten-absatzwirtschaft.jpg\",\"contentUrl\":\"https:\\\/\\\/super-news.info\\\/de\\\/wp-content\\\/uploads\\\/sites\\\/13\\\/2021\\\/04\\\/Elektro-S-Klasse-im-Kampf-der-Welten-absatzwirtschaft.jpg\",\"width\":630,\"height\":354,\"caption\":\"Elektro-S-Klasse im \\\"Kampf der Welten\\\" \u203a absatzwirtschaft\"},{\"@type\":\"BreadcrumbList\",\"@id\":\"https:\\\/\\\/super-news.info\\\/de\\\/elektro-s-klasse-im-kampf-der-welten-absatzwirtschaft\\\/#breadcrumb\",\"itemListElement\":[{\"@type\":\"ListItem\",\"position\":1,\"name\":\"Home\",\"item\":\"https:\\\/\\\/super-news.info\\\/de\\\/\"},{\"@type\":\"ListItem\",\"position\":2,\"name\":\"Elektro-S-Klasse im &#8222;Kampf der Welten&#8220; \u203a absatzwirtschaft\"}]},{\"@type\":\"WebSite\",\"@id\":\"https:\\\/\\\/super-news.info\\\/de\\\/#website\",\"url\":\"https:\\\/\\\/super-news.info\\\/de\\\/\",\"name\":\"Super News\",\"description\":\"Super News Germany\",\"potentialAction\":[{\"@type\":\"SearchAction\",\"target\":{\"@type\":\"EntryPoint\",\"urlTemplate\":\"https:\\\/\\\/super-news.info\\\/de\\\/?s={search_term_string}\"},\"query-input\":{\"@type\":\"PropertyValueSpecification\",\"valueRequired\":true,\"valueName\":\"search_term_string\"}}],\"inLanguage\":\"de\"},{\"@type\":\"Person\",\"@id\":\"https:\\\/\\\/super-news.info\\\/de\\\/#\\\/schema\\\/person\\\/2b9ff946d06444e803cb306ffcfd1045\",\"name\":\"super news\",\"image\":{\"@type\":\"ImageObject\",\"inLanguage\":\"de\",\"@id\":\"https:\\\/\\\/secure.gravatar.com\\\/avatar\\\/98e0b303f300d45b2a94684c5e4dda8baa4a5e9710b579f7493c8612061d08bf?s=96&d=mm&r=g\",\"url\":\"https:\\\/\\\/secure.gravatar.com\\\/avatar\\\/98e0b303f300d45b2a94684c5e4dda8baa4a5e9710b579f7493c8612061d08bf?s=96&d=mm&r=g\",\"contentUrl\":\"https:\\\/\\\/secure.gravatar.com\\\/avatar\\\/98e0b303f300d45b2a94684c5e4dda8baa4a5e9710b579f7493c8612061d08bf?s=96&d=mm&r=g\",\"caption\":\"super news\"},\"url\":\"https:\\\/\\\/super-news.info\\\/de\\\/author\\\/manuel\\\/\"}]}<\/script>\n<!-- \/ Yoast SEO plugin. -->","yoast_head_json":{"title":"Elektro-S-Klasse im \"Kampf der Welten\" \u203a absatzwirtschaft - Super News","robots":{"index":"index","follow":"follow","max-snippet":"max-snippet:-1","max-image-preview":"max-image-preview:large","max-video-preview":"max-video-preview:-1"},"canonical":"https:\/\/super-news.info\/de\/elektro-s-klasse-im-kampf-der-welten-absatzwirtschaft\/","og_locale":"de_DE","og_type":"article","og_title":"Elektro-S-Klasse im \"Kampf der Welten\" \u203a absatzwirtschaft - Super News","og_description":"Neue Autos hat der Daimler-Konzern in den vergangenen Jahren viele vorgestellt, aber wohl kaum ein Fahrzeug von solcher Bedeutung: Die Elektro-S-Klasse k\u00f6nnte Gradmesser werden, ob die Stuttgarter im E-Zeitalter mit Tesla &amp; Co. Schritt halten k\u00f6nnen. Wenn der Autobauer Daimler der Welt am Donnerstag sein neues Fahrzeugmodell pr\u00e4sentiert, dann ist das mehr als eine gew\u00f6hnliche [&hellip;]","og_url":"https:\/\/super-news.info\/de\/elektro-s-klasse-im-kampf-der-welten-absatzwirtschaft\/","og_site_name":"Super News","article_published_time":"2021-04-11T03:20:25+00:00","article_modified_time":"2021-04-11T03:20:27+00:00","og_image":[{"width":630,"height":354,"url":"https:\/\/super-news.info\/de\/wp-content\/uploads\/sites\/13\/2021\/04\/Elektro-S-Klasse-im-Kampf-der-Welten-absatzwirtschaft.jpg","type":"image\/jpeg"}],"author":"super news","twitter_card":"summary_large_image","twitter_misc":{"Verfasst von":"super news","Gesch\u00e4tzte Lesezeit":"4\u00a0Minuten"},"schema":{"@context":"https:\/\/schema.org","@graph":[{"@type":"Article","@id":"https:\/\/super-news.info\/de\/elektro-s-klasse-im-kampf-der-welten-absatzwirtschaft\/#article","isPartOf":{"@id":"https:\/\/super-news.info\/de\/elektro-s-klasse-im-kampf-der-welten-absatzwirtschaft\/"},"author":{"name":"super news","@id":"https:\/\/super-news.info\/de\/#\/schema\/person\/2b9ff946d06444e803cb306ffcfd1045"},"headline":"Elektro-S-Klasse im &#8222;Kampf der Welten&#8220; \u203a absatzwirtschaft","datePublished":"2021-04-11T03:20:25+00:00","dateModified":"2021-04-11T03:20:27+00:00","mainEntityOfPage":{"@id":"https:\/\/super-news.info\/de\/elektro-s-klasse-im-kampf-der-welten-absatzwirtschaft\/"},"wordCount":855,"commentCount":0,"image":{"@id":"https:\/\/super-news.info\/de\/elektro-s-klasse-im-kampf-der-welten-absatzwirtschaft\/#primaryimage"},"thumbnailUrl":"https:\/\/super-news.info\/de\/wp-content\/uploads\/sites\/13\/2021\/04\/Elektro-S-Klasse-im-Kampf-der-Welten-absatzwirtschaft.jpg","articleSection":["MARKETING NEWS"],"inLanguage":"de","potentialAction":[{"@type":"CommentAction","name":"Comment","target":["https:\/\/super-news.info\/de\/elektro-s-klasse-im-kampf-der-welten-absatzwirtschaft\/#respond"]}]},{"@type":"WebPage","@id":"https:\/\/super-news.info\/de\/elektro-s-klasse-im-kampf-der-welten-absatzwirtschaft\/","url":"https:\/\/super-news.info\/de\/elektro-s-klasse-im-kampf-der-welten-absatzwirtschaft\/","name":"Elektro-S-Klasse im \"Kampf der Welten\" \u203a absatzwirtschaft - Super News","isPartOf":{"@id":"https:\/\/super-news.info\/de\/#website"},"primaryImageOfPage":{"@id":"https:\/\/super-news.info\/de\/elektro-s-klasse-im-kampf-der-welten-absatzwirtschaft\/#primaryimage"},"image":{"@id":"https:\/\/super-news.info\/de\/elektro-s-klasse-im-kampf-der-welten-absatzwirtschaft\/#primaryimage"},"thumbnailUrl":"https:\/\/super-news.info\/de\/wp-content\/uploads\/sites\/13\/2021\/04\/Elektro-S-Klasse-im-Kampf-der-Welten-absatzwirtschaft.jpg","datePublished":"2021-04-11T03:20:25+00:00","dateModified":"2021-04-11T03:20:27+00:00","author":{"@id":"https:\/\/super-news.info\/de\/#\/schema\/person\/2b9ff946d06444e803cb306ffcfd1045"},"breadcrumb":{"@id":"https:\/\/super-news.info\/de\/elektro-s-klasse-im-kampf-der-welten-absatzwirtschaft\/#breadcrumb"},"inLanguage":"de","potentialAction":[{"@type":"ReadAction","target":["https:\/\/super-news.info\/de\/elektro-s-klasse-im-kampf-der-welten-absatzwirtschaft\/"]}]},{"@type":"ImageObject","inLanguage":"de","@id":"https:\/\/super-news.info\/de\/elektro-s-klasse-im-kampf-der-welten-absatzwirtschaft\/#primaryimage","url":"https:\/\/super-news.info\/de\/wp-content\/uploads\/sites\/13\/2021\/04\/Elektro-S-Klasse-im-Kampf-der-Welten-absatzwirtschaft.jpg","contentUrl":"https:\/\/super-news.info\/de\/wp-content\/uploads\/sites\/13\/2021\/04\/Elektro-S-Klasse-im-Kampf-der-Welten-absatzwirtschaft.jpg","width":630,"height":354,"caption":"Elektro-S-Klasse im \"Kampf der Welten\" \u203a absatzwirtschaft"},{"@type":"BreadcrumbList","@id":"https:\/\/super-news.info\/de\/elektro-s-klasse-im-kampf-der-welten-absatzwirtschaft\/#breadcrumb","itemListElement":[{"@type":"ListItem","position":1,"name":"Home","item":"https:\/\/super-news.info\/de\/"},{"@type":"ListItem","position":2,"name":"Elektro-S-Klasse im &#8222;Kampf der Welten&#8220; \u203a absatzwirtschaft"}]},{"@type":"WebSite","@id":"https:\/\/super-news.info\/de\/#website","url":"https:\/\/super-news.info\/de\/","name":"Super News","description":"Super News Germany","potentialAction":[{"@type":"SearchAction","target":{"@type":"EntryPoint","urlTemplate":"https:\/\/super-news.info\/de\/?s={search_term_string}"},"query-input":{"@type":"PropertyValueSpecification","valueRequired":true,"valueName":"search_term_string"}}],"inLanguage":"de"},{"@type":"Person","@id":"https:\/\/super-news.info\/de\/#\/schema\/person\/2b9ff946d06444e803cb306ffcfd1045","name":"super news","image":{"@type":"ImageObject","inLanguage":"de","@id":"https:\/\/secure.gravatar.com\/avatar\/98e0b303f300d45b2a94684c5e4dda8baa4a5e9710b579f7493c8612061d08bf?s=96&d=mm&r=g","url":"https:\/\/secure.gravatar.com\/avatar\/98e0b303f300d45b2a94684c5e4dda8baa4a5e9710b579f7493c8612061d08bf?s=96&d=mm&r=g","contentUrl":"https:\/\/secure.gravatar.com\/avatar\/98e0b303f300d45b2a94684c5e4dda8baa4a5e9710b579f7493c8612061d08bf?s=96&d=mm&r=g","caption":"super news"},"url":"https:\/\/super-news.info\/de\/author\/manuel\/"}]}},"_links":{"self":[{"href":"https:\/\/super-news.info\/de\/wp-json\/wp\/v2\/posts\/1429","targetHints":{"allow":["GET"]}}],"collection":[{"href":"https:\/\/super-news.info\/de\/wp-json\/wp\/v2\/posts"}],"about":[{"href":"https:\/\/super-news.info\/de\/wp-json\/wp\/v2\/types\/post"}],"author":[{"embeddable":true,"href":"https:\/\/super-news.info\/de\/wp-json\/wp\/v2\/users\/1"}],"replies":[{"embeddable":true,"href":"https:\/\/super-news.info\/de\/wp-json\/wp\/v2\/comments?post=1429"}],"version-history":[{"count":1,"href":"https:\/\/super-news.info\/de\/wp-json\/wp\/v2\/posts\/1429\/revisions"}],"predecessor-version":[{"id":1431,"href":"https:\/\/super-news.info\/de\/wp-json\/wp\/v2\/posts\/1429\/revisions\/1431"}],"wp:featuredmedia":[{"embeddable":true,"href":"https:\/\/super-news.info\/de\/wp-json\/wp\/v2\/media\/1430"}],"wp:attachment":[{"href":"https:\/\/super-news.info\/de\/wp-json\/wp\/v2\/media?parent=1429"}],"wp:term":[{"taxonomy":"category","embeddable":true,"href":"https:\/\/super-news.info\/de\/wp-json\/wp\/v2\/categories?post=1429"},{"taxonomy":"post_tag","embeddable":true,"href":"https:\/\/super-news.info\/de\/wp-json\/wp\/v2\/tags?post=1429"}],"curies":[{"name":"wp","href":"https:\/\/api.w.org\/{rel}","templated":true}]}}