{"id":1417,"date":"2021-04-09T03:16:49","date_gmt":"2021-04-09T03:16:49","guid":{"rendered":"https:\/\/super-news.info\/de\/jolanda-schwirtz-ueber-new-work-nachhaltigkeit-und-leadership-absatzwirtschaft\/"},"modified":"2021-04-09T03:16:51","modified_gmt":"2021-04-09T03:16:51","slug":"jolanda-schwirtz-ueber-new-work-nachhaltigkeit-und-leadership-absatzwirtschaft","status":"publish","type":"post","link":"https:\/\/super-news.info\/de\/jolanda-schwirtz-ueber-new-work-nachhaltigkeit-und-leadership-absatzwirtschaft\/","title":{"rendered":"Jolanda Schwirtz \u00fcber New Work, Nachhaltigkeit und Leadership \u203a absatzwirtschaft"},"content":{"rendered":"<p>\t  \t\t\t\t\t\t\t  \t\t\t\t\t\t\t\tNestl\u00e9-Managerin Schwirtz: &#8222;Nicht die Energie mit den letzten f\u00fcnf Prozent verschwenden.&#8220;<br \/>\n\t  \t\t\t\t\t\t\t\t  \t\t\t\t\t\t\t  \t\t\t\t\t\t\t\t\t \u00a9 Nestl\u00e9<\/p>\n<p>\t\t\t\t\t\tJolanda Schwirtz arbeitet bereits seit zwei Jahrzehnten f\u00fcr Nestl\u00e9. Im Videointerview beschreibt die Marketing-Expertin ihre F\u00fchrungsphilosophie, gibt Insights in die Markenf\u00fchrung bei Nestl\u00e9 und erkl\u00e4rt, wie sich die Corona-Krise auf das Verhalten der Konsumenten auswirkt.<\/p>\n<p>\t\t\t\t\t\tAnzeige<\/p>\n<p>\t\t\t\t\tVon Henning Eberhardt<br \/>\n\t\t\t\t\tIn der neunten Folge unserer Video-Interviewreihe \u201cDrum &amp; Talk by absatzwirtschaft\u201d ist Jolanda Schwirtz zu Gast. Sie ist seit 2019 Marketing, Communication and Digital Transformation Director bei Nestl\u00e9 Deutschland.<\/p>\n<p>Schwirtz\u2019 Karriere bei Nestl\u00e9 startete aber schon viel fr\u00fcher, n\u00e4mlich im Jahr 2001 in den Niederlanden. Ab 2007 leitete sie unter anderem den Einkauf und den Logistikbereich von Nestl\u00e9 Deutschland. 2013 \u00fcbernahm Schwirtz die Verantwortung f\u00fcr die \u201cQualit\u00e4tsinitiative Q4\u201d und anschlie\u00dfend auch f\u00fcr das \u201cNestl\u00e9 Competence Center\u201d. Im Oktober 2016 wurde sie Communication &amp; Corporate Marketing Director.<\/p>\n<p>Themen aus dem Videointerview mit Nestl\u00e9-Managerin Jolanda<br \/>\nSchwirtz im \u00dcberblick:<\/p>\n<p>Wie ist das Rollenverst\u00e4ndnis von Jolanda Schwirtz? (ab 01:15)So sieht ein Arbeitstag der Nestl\u00e9-Marketingchefin aus (02:20)Welche F\u00fchrungsphilosophie hat sie? (04:35)Warum die \u201clicense to operate\u201d das Geheimnis zum erfolgreichen Managen ist (07:41)Wie hat sich die \u201cgesellschaftliche Verantwortung\u201d bei Nestl\u00e9 entwickelt? (09:48)Insights zum Krisenmanagement von Nestl\u00e9 w\u00e4hrend Corona (11:50)So geht Markenf\u00fchrung in Zeiten von \u201cHaltung\u201d und Digitalit\u00e4t (14:34)Hat sich das Verhalten der Konsumenten in der Corona-Krise ver\u00e4ndert? (16:46)Jolanda Schwirtz privat \u2013 5 schnelle Fragen: Wie sie ihre Mitarbeiter beschreiben, was sie gern nochmal erleben w\u00fcrde und ihr Lieblingsinstrument (19:15)<\/p>\n<p>Bleiben Sie uns gewogen und im Takt!<\/p>\n<p>absatzwirtschaft+<\/p>\n<p>Sie wollen weitere relevante Informationen und spannende Hintergr\u00fcnde f\u00fcr Ihre t\u00e4gliche Arbeit im Marketing? Dann\u00a0abonnieren Sie jetzt hier\u00a0unseren kostenfreien Newsletter.<\/p>\n<p>\n<!--noindex--><br \/>\n<a href=\"https:\/\/www.absatzwirtschaft.de\/jolanda-schwirtz-ueber-nachhaltigkeit-new-work-und-leadership-178752\/\" rel=\"nofollow\">Source link <\/a><br \/>\n<!--\/noindex--><\/p>\n","protected":false},"excerpt":{"rendered":"<p>Nestl\u00e9-Managerin Schwirtz: &#8222;Nicht die Energie mit den letzten f\u00fcnf Prozent verschwenden.&#8220; \u00a9 Nestl\u00e9 Jolanda Schwirtz arbeitet bereits seit zwei Jahrzehnten f\u00fcr Nestl\u00e9. Im Videointerview beschreibt die Marketing-Expertin ihre F\u00fchrungsphilosophie, gibt Insights in die Markenf\u00fchrung bei Nestl\u00e9 und erkl\u00e4rt, wie sich die Corona-Krise auf das Verhalten der Konsumenten auswirkt. Anzeige Von Henning Eberhardt In der neunten [&hellip;]<\/p>\n","protected":false},"author":1,"featured_media":1418,"comment_status":"open","ping_status":"open","sticky":false,"template":"","format":"standard","meta":{"footnotes":""},"categories":[5],"tags":[],"class_list":["post-1417","post","type-post","status-publish","format-standard","has-post-thumbnail","hentry","category-marketing-news"],"yoast_head":"<!-- This site is optimized with the Yoast SEO plugin v27.4 - https:\/\/yoast.com\/product\/yoast-seo-wordpress\/ -->\n<title>Jolanda Schwirtz \u00fcber New Work, Nachhaltigkeit und Leadership \u203a absatzwirtschaft - Super News<\/title>\n<meta name=\"robots\" content=\"index, follow, max-snippet:-1, max-image-preview:large, max-video-preview:-1\" \/>\n<link rel=\"canonical\" href=\"https:\/\/super-news.info\/de\/jolanda-schwirtz-ueber-new-work-nachhaltigkeit-und-leadership-absatzwirtschaft\/\" \/>\n<meta property=\"og:locale\" content=\"de_DE\" \/>\n<meta property=\"og:type\" content=\"article\" \/>\n<meta property=\"og:title\" content=\"Jolanda Schwirtz \u00fcber New Work, Nachhaltigkeit und Leadership \u203a absatzwirtschaft - Super News\" \/>\n<meta property=\"og:description\" content=\"Nestl\u00e9-Managerin Schwirtz: &#8222;Nicht die Energie mit den letzten f\u00fcnf Prozent verschwenden.&#8220; \u00a9 Nestl\u00e9 Jolanda Schwirtz arbeitet bereits seit zwei Jahrzehnten f\u00fcr Nestl\u00e9. Im Videointerview beschreibt die Marketing-Expertin ihre F\u00fchrungsphilosophie, gibt Insights in die Markenf\u00fchrung bei Nestl\u00e9 und erkl\u00e4rt, wie sich die Corona-Krise auf das Verhalten der Konsumenten auswirkt. Anzeige Von Henning Eberhardt In der neunten [&hellip;]\" \/>\n<meta property=\"og:url\" content=\"https:\/\/super-news.info\/de\/jolanda-schwirtz-ueber-new-work-nachhaltigkeit-und-leadership-absatzwirtschaft\/\" \/>\n<meta property=\"og:site_name\" content=\"Super News\" \/>\n<meta property=\"article:published_time\" content=\"2021-04-09T03:16:49+00:00\" \/>\n<meta property=\"article:modified_time\" content=\"2021-04-09T03:16:51+00:00\" \/>\n<meta property=\"og:image\" content=\"https:\/\/super-news.info\/de\/wp-content\/uploads\/sites\/13\/2021\/04\/Jolanda-Schwirtz-ueber-New-Work-Nachhaltigkeit-und-Leadership-absatzwirtschaft.jpg\" \/>\n\t<meta property=\"og:image:width\" content=\"630\" \/>\n\t<meta property=\"og:image:height\" content=\"354\" \/>\n\t<meta property=\"og:image:type\" content=\"image\/jpeg\" \/>\n<meta name=\"author\" content=\"super news\" \/>\n<meta name=\"twitter:card\" content=\"summary_large_image\" \/>\n<meta name=\"twitter:label1\" content=\"Verfasst von\" \/>\n\t<meta name=\"twitter:data1\" content=\"super news\" \/>\n\t<meta name=\"twitter:label2\" content=\"Gesch\u00e4tzte Lesezeit\" \/>\n\t<meta name=\"twitter:data2\" content=\"1\u00a0Minute\" \/>\n<script type=\"application\/ld+json\" class=\"yoast-schema-graph\">{\"@context\":\"https:\\\/\\\/schema.org\",\"@graph\":[{\"@type\":\"Article\",\"@id\":\"https:\\\/\\\/super-news.info\\\/de\\\/jolanda-schwirtz-ueber-new-work-nachhaltigkeit-und-leadership-absatzwirtschaft\\\/#article\",\"isPartOf\":{\"@id\":\"https:\\\/\\\/super-news.info\\\/de\\\/jolanda-schwirtz-ueber-new-work-nachhaltigkeit-und-leadership-absatzwirtschaft\\\/\"},\"author\":{\"name\":\"super news\",\"@id\":\"https:\\\/\\\/super-news.info\\\/de\\\/#\\\/schema\\\/person\\\/2b9ff946d06444e803cb306ffcfd1045\"},\"headline\":\"Jolanda Schwirtz \u00fcber New Work, Nachhaltigkeit und Leadership \u203a absatzwirtschaft\",\"datePublished\":\"2021-04-09T03:16:49+00:00\",\"dateModified\":\"2021-04-09T03:16:51+00:00\",\"mainEntityOfPage\":{\"@id\":\"https:\\\/\\\/super-news.info\\\/de\\\/jolanda-schwirtz-ueber-new-work-nachhaltigkeit-und-leadership-absatzwirtschaft\\\/\"},\"wordCount\":291,\"commentCount\":0,\"image\":{\"@id\":\"https:\\\/\\\/super-news.info\\\/de\\\/jolanda-schwirtz-ueber-new-work-nachhaltigkeit-und-leadership-absatzwirtschaft\\\/#primaryimage\"},\"thumbnailUrl\":\"https:\\\/\\\/super-news.info\\\/de\\\/wp-content\\\/uploads\\\/sites\\\/13\\\/2021\\\/04\\\/Jolanda-Schwirtz-ueber-New-Work-Nachhaltigkeit-und-Leadership-absatzwirtschaft.jpg\",\"articleSection\":[\"MARKETING NEWS\"],\"inLanguage\":\"de\",\"potentialAction\":[{\"@type\":\"CommentAction\",\"name\":\"Comment\",\"target\":[\"https:\\\/\\\/super-news.info\\\/de\\\/jolanda-schwirtz-ueber-new-work-nachhaltigkeit-und-leadership-absatzwirtschaft\\\/#respond\"]}]},{\"@type\":\"WebPage\",\"@id\":\"https:\\\/\\\/super-news.info\\\/de\\\/jolanda-schwirtz-ueber-new-work-nachhaltigkeit-und-leadership-absatzwirtschaft\\\/\",\"url\":\"https:\\\/\\\/super-news.info\\\/de\\\/jolanda-schwirtz-ueber-new-work-nachhaltigkeit-und-leadership-absatzwirtschaft\\\/\",\"name\":\"Jolanda Schwirtz \u00fcber New Work, Nachhaltigkeit und Leadership \u203a absatzwirtschaft - Super News\",\"isPartOf\":{\"@id\":\"https:\\\/\\\/super-news.info\\\/de\\\/#website\"},\"primaryImageOfPage\":{\"@id\":\"https:\\\/\\\/super-news.info\\\/de\\\/jolanda-schwirtz-ueber-new-work-nachhaltigkeit-und-leadership-absatzwirtschaft\\\/#primaryimage\"},\"image\":{\"@id\":\"https:\\\/\\\/super-news.info\\\/de\\\/jolanda-schwirtz-ueber-new-work-nachhaltigkeit-und-leadership-absatzwirtschaft\\\/#primaryimage\"},\"thumbnailUrl\":\"https:\\\/\\\/super-news.info\\\/de\\\/wp-content\\\/uploads\\\/sites\\\/13\\\/2021\\\/04\\\/Jolanda-Schwirtz-ueber-New-Work-Nachhaltigkeit-und-Leadership-absatzwirtschaft.jpg\",\"datePublished\":\"2021-04-09T03:16:49+00:00\",\"dateModified\":\"2021-04-09T03:16:51+00:00\",\"author\":{\"@id\":\"https:\\\/\\\/super-news.info\\\/de\\\/#\\\/schema\\\/person\\\/2b9ff946d06444e803cb306ffcfd1045\"},\"breadcrumb\":{\"@id\":\"https:\\\/\\\/super-news.info\\\/de\\\/jolanda-schwirtz-ueber-new-work-nachhaltigkeit-und-leadership-absatzwirtschaft\\\/#breadcrumb\"},\"inLanguage\":\"de\",\"potentialAction\":[{\"@type\":\"ReadAction\",\"target\":[\"https:\\\/\\\/super-news.info\\\/de\\\/jolanda-schwirtz-ueber-new-work-nachhaltigkeit-und-leadership-absatzwirtschaft\\\/\"]}]},{\"@type\":\"ImageObject\",\"inLanguage\":\"de\",\"@id\":\"https:\\\/\\\/super-news.info\\\/de\\\/jolanda-schwirtz-ueber-new-work-nachhaltigkeit-und-leadership-absatzwirtschaft\\\/#primaryimage\",\"url\":\"https:\\\/\\\/super-news.info\\\/de\\\/wp-content\\\/uploads\\\/sites\\\/13\\\/2021\\\/04\\\/Jolanda-Schwirtz-ueber-New-Work-Nachhaltigkeit-und-Leadership-absatzwirtschaft.jpg\",\"contentUrl\":\"https:\\\/\\\/super-news.info\\\/de\\\/wp-content\\\/uploads\\\/sites\\\/13\\\/2021\\\/04\\\/Jolanda-Schwirtz-ueber-New-Work-Nachhaltigkeit-und-Leadership-absatzwirtschaft.jpg\",\"width\":630,\"height\":354,\"caption\":\"Jolanda Schwirtz \u00fcber New Work, Nachhaltigkeit und Leadership \u203a absatzwirtschaft\"},{\"@type\":\"BreadcrumbList\",\"@id\":\"https:\\\/\\\/super-news.info\\\/de\\\/jolanda-schwirtz-ueber-new-work-nachhaltigkeit-und-leadership-absatzwirtschaft\\\/#breadcrumb\",\"itemListElement\":[{\"@type\":\"ListItem\",\"position\":1,\"name\":\"Home\",\"item\":\"https:\\\/\\\/super-news.info\\\/de\\\/\"},{\"@type\":\"ListItem\",\"position\":2,\"name\":\"Jolanda Schwirtz \u00fcber New Work, Nachhaltigkeit und Leadership \u203a absatzwirtschaft\"}]},{\"@type\":\"WebSite\",\"@id\":\"https:\\\/\\\/super-news.info\\\/de\\\/#website\",\"url\":\"https:\\\/\\\/super-news.info\\\/de\\\/\",\"name\":\"Super News\",\"description\":\"Super News Germany\",\"potentialAction\":[{\"@type\":\"SearchAction\",\"target\":{\"@type\":\"EntryPoint\",\"urlTemplate\":\"https:\\\/\\\/super-news.info\\\/de\\\/?s={search_term_string}\"},\"query-input\":{\"@type\":\"PropertyValueSpecification\",\"valueRequired\":true,\"valueName\":\"search_term_string\"}}],\"inLanguage\":\"de\"},{\"@type\":\"Person\",\"@id\":\"https:\\\/\\\/super-news.info\\\/de\\\/#\\\/schema\\\/person\\\/2b9ff946d06444e803cb306ffcfd1045\",\"name\":\"super news\",\"image\":{\"@type\":\"ImageObject\",\"inLanguage\":\"de\",\"@id\":\"https:\\\/\\\/secure.gravatar.com\\\/avatar\\\/98e0b303f300d45b2a94684c5e4dda8baa4a5e9710b579f7493c8612061d08bf?s=96&d=mm&r=g\",\"url\":\"https:\\\/\\\/secure.gravatar.com\\\/avatar\\\/98e0b303f300d45b2a94684c5e4dda8baa4a5e9710b579f7493c8612061d08bf?s=96&d=mm&r=g\",\"contentUrl\":\"https:\\\/\\\/secure.gravatar.com\\\/avatar\\\/98e0b303f300d45b2a94684c5e4dda8baa4a5e9710b579f7493c8612061d08bf?s=96&d=mm&r=g\",\"caption\":\"super news\"},\"url\":\"https:\\\/\\\/super-news.info\\\/de\\\/author\\\/manuel\\\/\"}]}<\/script>\n<!-- \/ Yoast SEO plugin. -->","yoast_head_json":{"title":"Jolanda Schwirtz \u00fcber New Work, Nachhaltigkeit und Leadership \u203a absatzwirtschaft - Super News","robots":{"index":"index","follow":"follow","max-snippet":"max-snippet:-1","max-image-preview":"max-image-preview:large","max-video-preview":"max-video-preview:-1"},"canonical":"https:\/\/super-news.info\/de\/jolanda-schwirtz-ueber-new-work-nachhaltigkeit-und-leadership-absatzwirtschaft\/","og_locale":"de_DE","og_type":"article","og_title":"Jolanda Schwirtz \u00fcber New Work, Nachhaltigkeit und Leadership \u203a absatzwirtschaft - Super News","og_description":"Nestl\u00e9-Managerin Schwirtz: &#8222;Nicht die Energie mit den letzten f\u00fcnf Prozent verschwenden.&#8220; \u00a9 Nestl\u00e9 Jolanda Schwirtz arbeitet bereits seit zwei Jahrzehnten f\u00fcr Nestl\u00e9. Im Videointerview beschreibt die Marketing-Expertin ihre F\u00fchrungsphilosophie, gibt Insights in die Markenf\u00fchrung bei Nestl\u00e9 und erkl\u00e4rt, wie sich die Corona-Krise auf das Verhalten der Konsumenten auswirkt. Anzeige Von Henning Eberhardt In der neunten [&hellip;]","og_url":"https:\/\/super-news.info\/de\/jolanda-schwirtz-ueber-new-work-nachhaltigkeit-und-leadership-absatzwirtschaft\/","og_site_name":"Super News","article_published_time":"2021-04-09T03:16:49+00:00","article_modified_time":"2021-04-09T03:16:51+00:00","og_image":[{"width":630,"height":354,"url":"https:\/\/super-news.info\/de\/wp-content\/uploads\/sites\/13\/2021\/04\/Jolanda-Schwirtz-ueber-New-Work-Nachhaltigkeit-und-Leadership-absatzwirtschaft.jpg","type":"image\/jpeg"}],"author":"super news","twitter_card":"summary_large_image","twitter_misc":{"Verfasst von":"super news","Gesch\u00e4tzte Lesezeit":"1\u00a0Minute"},"schema":{"@context":"https:\/\/schema.org","@graph":[{"@type":"Article","@id":"https:\/\/super-news.info\/de\/jolanda-schwirtz-ueber-new-work-nachhaltigkeit-und-leadership-absatzwirtschaft\/#article","isPartOf":{"@id":"https:\/\/super-news.info\/de\/jolanda-schwirtz-ueber-new-work-nachhaltigkeit-und-leadership-absatzwirtschaft\/"},"author":{"name":"super news","@id":"https:\/\/super-news.info\/de\/#\/schema\/person\/2b9ff946d06444e803cb306ffcfd1045"},"headline":"Jolanda Schwirtz \u00fcber New Work, Nachhaltigkeit und Leadership \u203a absatzwirtschaft","datePublished":"2021-04-09T03:16:49+00:00","dateModified":"2021-04-09T03:16:51+00:00","mainEntityOfPage":{"@id":"https:\/\/super-news.info\/de\/jolanda-schwirtz-ueber-new-work-nachhaltigkeit-und-leadership-absatzwirtschaft\/"},"wordCount":291,"commentCount":0,"image":{"@id":"https:\/\/super-news.info\/de\/jolanda-schwirtz-ueber-new-work-nachhaltigkeit-und-leadership-absatzwirtschaft\/#primaryimage"},"thumbnailUrl":"https:\/\/super-news.info\/de\/wp-content\/uploads\/sites\/13\/2021\/04\/Jolanda-Schwirtz-ueber-New-Work-Nachhaltigkeit-und-Leadership-absatzwirtschaft.jpg","articleSection":["MARKETING NEWS"],"inLanguage":"de","potentialAction":[{"@type":"CommentAction","name":"Comment","target":["https:\/\/super-news.info\/de\/jolanda-schwirtz-ueber-new-work-nachhaltigkeit-und-leadership-absatzwirtschaft\/#respond"]}]},{"@type":"WebPage","@id":"https:\/\/super-news.info\/de\/jolanda-schwirtz-ueber-new-work-nachhaltigkeit-und-leadership-absatzwirtschaft\/","url":"https:\/\/super-news.info\/de\/jolanda-schwirtz-ueber-new-work-nachhaltigkeit-und-leadership-absatzwirtschaft\/","name":"Jolanda Schwirtz \u00fcber New Work, Nachhaltigkeit und Leadership \u203a absatzwirtschaft - Super News","isPartOf":{"@id":"https:\/\/super-news.info\/de\/#website"},"primaryImageOfPage":{"@id":"https:\/\/super-news.info\/de\/jolanda-schwirtz-ueber-new-work-nachhaltigkeit-und-leadership-absatzwirtschaft\/#primaryimage"},"image":{"@id":"https:\/\/super-news.info\/de\/jolanda-schwirtz-ueber-new-work-nachhaltigkeit-und-leadership-absatzwirtschaft\/#primaryimage"},"thumbnailUrl":"https:\/\/super-news.info\/de\/wp-content\/uploads\/sites\/13\/2021\/04\/Jolanda-Schwirtz-ueber-New-Work-Nachhaltigkeit-und-Leadership-absatzwirtschaft.jpg","datePublished":"2021-04-09T03:16:49+00:00","dateModified":"2021-04-09T03:16:51+00:00","author":{"@id":"https:\/\/super-news.info\/de\/#\/schema\/person\/2b9ff946d06444e803cb306ffcfd1045"},"breadcrumb":{"@id":"https:\/\/super-news.info\/de\/jolanda-schwirtz-ueber-new-work-nachhaltigkeit-und-leadership-absatzwirtschaft\/#breadcrumb"},"inLanguage":"de","potentialAction":[{"@type":"ReadAction","target":["https:\/\/super-news.info\/de\/jolanda-schwirtz-ueber-new-work-nachhaltigkeit-und-leadership-absatzwirtschaft\/"]}]},{"@type":"ImageObject","inLanguage":"de","@id":"https:\/\/super-news.info\/de\/jolanda-schwirtz-ueber-new-work-nachhaltigkeit-und-leadership-absatzwirtschaft\/#primaryimage","url":"https:\/\/super-news.info\/de\/wp-content\/uploads\/sites\/13\/2021\/04\/Jolanda-Schwirtz-ueber-New-Work-Nachhaltigkeit-und-Leadership-absatzwirtschaft.jpg","contentUrl":"https:\/\/super-news.info\/de\/wp-content\/uploads\/sites\/13\/2021\/04\/Jolanda-Schwirtz-ueber-New-Work-Nachhaltigkeit-und-Leadership-absatzwirtschaft.jpg","width":630,"height":354,"caption":"Jolanda Schwirtz \u00fcber New Work, Nachhaltigkeit und Leadership \u203a absatzwirtschaft"},{"@type":"BreadcrumbList","@id":"https:\/\/super-news.info\/de\/jolanda-schwirtz-ueber-new-work-nachhaltigkeit-und-leadership-absatzwirtschaft\/#breadcrumb","itemListElement":[{"@type":"ListItem","position":1,"name":"Home","item":"https:\/\/super-news.info\/de\/"},{"@type":"ListItem","position":2,"name":"Jolanda Schwirtz \u00fcber New Work, Nachhaltigkeit und Leadership \u203a absatzwirtschaft"}]},{"@type":"WebSite","@id":"https:\/\/super-news.info\/de\/#website","url":"https:\/\/super-news.info\/de\/","name":"Super News","description":"Super News Germany","potentialAction":[{"@type":"SearchAction","target":{"@type":"EntryPoint","urlTemplate":"https:\/\/super-news.info\/de\/?s={search_term_string}"},"query-input":{"@type":"PropertyValueSpecification","valueRequired":true,"valueName":"search_term_string"}}],"inLanguage":"de"},{"@type":"Person","@id":"https:\/\/super-news.info\/de\/#\/schema\/person\/2b9ff946d06444e803cb306ffcfd1045","name":"super news","image":{"@type":"ImageObject","inLanguage":"de","@id":"https:\/\/secure.gravatar.com\/avatar\/98e0b303f300d45b2a94684c5e4dda8baa4a5e9710b579f7493c8612061d08bf?s=96&d=mm&r=g","url":"https:\/\/secure.gravatar.com\/avatar\/98e0b303f300d45b2a94684c5e4dda8baa4a5e9710b579f7493c8612061d08bf?s=96&d=mm&r=g","contentUrl":"https:\/\/secure.gravatar.com\/avatar\/98e0b303f300d45b2a94684c5e4dda8baa4a5e9710b579f7493c8612061d08bf?s=96&d=mm&r=g","caption":"super news"},"url":"https:\/\/super-news.info\/de\/author\/manuel\/"}]}},"_links":{"self":[{"href":"https:\/\/super-news.info\/de\/wp-json\/wp\/v2\/posts\/1417","targetHints":{"allow":["GET"]}}],"collection":[{"href":"https:\/\/super-news.info\/de\/wp-json\/wp\/v2\/posts"}],"about":[{"href":"https:\/\/super-news.info\/de\/wp-json\/wp\/v2\/types\/post"}],"author":[{"embeddable":true,"href":"https:\/\/super-news.info\/de\/wp-json\/wp\/v2\/users\/1"}],"replies":[{"embeddable":true,"href":"https:\/\/super-news.info\/de\/wp-json\/wp\/v2\/comments?post=1417"}],"version-history":[{"count":1,"href":"https:\/\/super-news.info\/de\/wp-json\/wp\/v2\/posts\/1417\/revisions"}],"predecessor-version":[{"id":1419,"href":"https:\/\/super-news.info\/de\/wp-json\/wp\/v2\/posts\/1417\/revisions\/1419"}],"wp:featuredmedia":[{"embeddable":true,"href":"https:\/\/super-news.info\/de\/wp-json\/wp\/v2\/media\/1418"}],"wp:attachment":[{"href":"https:\/\/super-news.info\/de\/wp-json\/wp\/v2\/media?parent=1417"}],"wp:term":[{"taxonomy":"category","embeddable":true,"href":"https:\/\/super-news.info\/de\/wp-json\/wp\/v2\/categories?post=1417"},{"taxonomy":"post_tag","embeddable":true,"href":"https:\/\/super-news.info\/de\/wp-json\/wp\/v2\/tags?post=1417"}],"curies":[{"name":"wp","href":"https:\/\/api.w.org\/{rel}","templated":true}]}}