{"id":1411,"date":"2021-04-08T03:15:00","date_gmt":"2021-04-08T03:15:00","guid":{"rendered":"https:\/\/super-news.info\/de\/generation-z-steht-auf-marken-mit-haltung-absatzwirtschaft\/"},"modified":"2021-04-08T03:15:09","modified_gmt":"2021-04-08T03:15:09","slug":"generation-z-steht-auf-marken-mit-haltung-absatzwirtschaft","status":"publish","type":"post","link":"https:\/\/super-news.info\/de\/generation-z-steht-auf-marken-mit-haltung-absatzwirtschaft\/","title":{"rendered":"Generation Z steht auf Marken mit Haltung \u203a absatzwirtschaft"},"content":{"rendered":"<p>\t\t\t\t\t\tNichts weniger als die &#8222;Wahrheit \u00fcber die Generation Z&#8220; will die McCann Worldgroup ans Licht bringen und hat dazu junge Menschen in 26 L\u00e4ndern zu ihren Einstellungen, Vorlieben und \u00dcberzeugungen befragt. Dabei ging es auch um die Erwartungen, die jungen Menschen an Marken haben und welchen Umgang sie mit ihnen pflegen.<\/p>\n<p>\t\t\t\t\tVon Thomas Thieme<br \/>\n\t\t\t\t\tSchon klar, die Alten<br \/>\nhaben das meiste Geld und sind die lukrativste Zielgruppe f\u00fcr Marken. Doch wer<br \/>\nlangfristig erfolgreich sein will, muss auch den Nachwuchs und die wichtigsten<br \/>\nTrends im Blick haben, um nicht irgendwann den Anschluss zu verlieren. Eine<br \/>\nGruppe, die von der Werbewirtschaft deswegen zum<br \/>\nLieblings-Marktforschungsobjekt auserkoren ist, sind die Angeh\u00f6rigen der<br \/>\nsogenannte Generation Z, die rund um die Jahrtausendwende Geborenen.<\/p>\n<p>Um deren Perspektiven zu beleuchten, haben Marktforscher der Werbeagentur McCann im Rahmen der Studie \u201cTruth about Gen Z\u201d mehr als 32.000 Unter-24-J\u00e4hrige aus 26 L\u00e4ndern befragt. Einige Kernergebnisse, die f\u00fcr das Marketing im deutschen Markt relevant sind:<\/p>\n<p>Meinungsstark: Anders als die verbreitete Vorstellung, die Gen Z sei eine Herde von Mitl\u00e4ufern, sch\u00e4tzt diese Generation Innovation, Kreativit\u00e4t und Authentizit\u00e4t sehr. 61 Prozent der Befragten in Deutschland sind der Meinung, dass jeder Mensch die Freiheit haben sollten, sich so auszudr\u00fccken, wie sie oder er es f\u00fcr richtig halten. Sie lehnen damit ab, die eigene Meinung zur\u00fcckzuhalten oder nur vorsichtig zu artikulieren, um andere nicht zu verletzen.Divers: Um sich zu engagieren, setzt die Gen Z auf Diversit\u00e4t. 62 Prozent der Befragten empfinden, dass der beste Weg, eine kreative Idee zu entwickeln, darin besteht, eine Gruppe von Menschen zusammenzubringen, die unterschiedlich aussehen und alle anders denken.Gestresst: Die Gen Z steckt in einem Dilemma. Zwar wird ihr Aktivismus, ihr Engagement und ihre Mobilisierung erst durch das Internet und die allumfassende Vernetzung m\u00f6glich und ihre Austauschm\u00f6glichkeiten sprengen Zeit und Raum. Aber angesichts unbegrenzter Erreichbarkeit und Informationsflut f\u00fchlen sich viele Befragte gestresst. 60 Prozent der Befragten f\u00fchlen sich dazu gedr\u00e4ngt, st\u00e4ndig besch\u00e4ftigt sein zu m\u00fcssen.Einsam: 63 Prozent der Gen Z in Deutschland geben an, dass sie sich oft einsam f\u00fchlen, selbst wenn sie von Freunden und Familie umgeben sind. Und wie die j\u00fcngste \u201cEinsamkeitspandemie\u201d unterstreicht, hat das digitale Zeitalter seine Grenzen: 77 Prozent stimmen zu, dass emotionale Verbindungen heute schw\u00e4cher sind als in der Vergangenheit.<\/p>\n<p>Psychische Probleme sind laut der Studie die Nummer 1<br \/>\nder schwierigsten Themen f\u00fcr die Generation Z \u2013 noch vor Beziehungsproblemen<br \/>\nund Geldsorgen. Doch die Gen Z gehe dagegen an. In der durch Corona<br \/>\nkatalysierten Isolation, schaffe sie ihre eigene Kultur des Wohlbefindens und<br \/>\nder Gesundheit, worin eine gro\u00dfe Chance f\u00fcr Marken bestehe.<\/p>\n<p>Die Studienmacher empfehlen Markenherstellern, sich die Kernideale der Generation \u2013 Offenheit, Kreativit\u00e4t und Authentizit\u00e4t \u2013 zu eigen zu machen. Die gr\u00f6\u00dfte Chance bestehe darin, dass Marken die Gen Z bef\u00e4higen, ihre Vision der Welt voranzutreiben, und sich als Partner etablieren. Die Gen Z sei weltweit die gr\u00f6\u00dfte Alters-Kohorte und ihr Einfluss sowie ihre Kaufkraft w\u00fcchsen t\u00e4glich. Marken, die im Sinne eines Wandels, f\u00fcr mehr Nachhaltigkeit, Diversit\u00e4t und Umweltschutz handelten, belohne die Gen Z mit Loyalit\u00e4t, wie weitere Ergebnisse der Studie zeigen:<\/p>\n<p>Zahlungsbereit: In Deutschland sind 57 Prozent der Gen Z bereit, mehr f\u00fcr ein Produkt zu zahlen, wenn die Marke ein Thema unterst\u00fctzt, das ihnen am Herzen liegt.Selbstbewusst: Die Gen Z zeigt sich bemerkenswert selbstbewusst: 56 Prozent der in Deutschland Befragten finden, dass sie die Macht haben, das Verhalten einer Marke zum Besseren zu ver\u00e4ndern. Und die Generation ist dahingehend radikal, dass sie generell viel schneller auf die Stra\u00dfe geht oder sich anders \u2013 wie beispielsweise auf Social Media \u2013 f\u00fcr ihre Ziele engagiert.<\/p>\n<p>\u201cWir leben bereits in einer Welt, die die Gen Z pr\u00e4gt \u2013 in einer Kultur der Offenheit, von Kreativit\u00e4t und Authentizit\u00e4t. Dabei will die junge Generation nicht nur neue Ideen, sondern die Probleme wirklich anpacken und nachhaltig l\u00f6sen. Sie wird dabei in Deutschland \u00e4hnlich pr\u00e4gend sein, wie die 68er oder die Friedensbewegung der 80er Jahre\u201d, sagt Christian Bihn von McCann D\u00fcsseldorf. \u201cDie Gen Z legt die Verantwortung f\u00fcr den Wandel in die H\u00e4nde der gesamten Gesellschaft. Marken k\u00f6nnen dabei Partner oder Gegner sein, das wurde selten zuvor von einer Generation so schwarz-wei\u00df gesehen, worauf Marken reagieren m\u00fcssen.\u201d<\/p>\n<p>Weitere Informationen zur Studie \u201cTruth about Gen Z\u201d erhalten Sie hier.<\/p>\n<p>absatzwirtschaft+<\/p>\n<p>Sie wollen weitere relevante Informationen und spannende Hintergr\u00fcnde f\u00fcr Ihre t\u00e4gliche Arbeit im Marketing? Dann\u00a0abonnieren Sie jetzt hier\u00a0unseren kostenfreien Newsletter.<\/p>\n<p>\n<!--noindex--><br \/>\n<a href=\"https:\/\/www.absatzwirtschaft.de\/studie-generation-z-steht-auf-marken-mit-haltung-178730\/\" rel=\"nofollow\">Source link <\/a><br \/>\n<!--\/noindex--><\/p>\n","protected":false},"excerpt":{"rendered":"<p>Nichts weniger als die &#8222;Wahrheit \u00fcber die Generation Z&#8220; will die McCann Worldgroup ans Licht bringen und hat dazu junge Menschen in 26 L\u00e4ndern zu ihren Einstellungen, Vorlieben und \u00dcberzeugungen befragt. Dabei ging es auch um die Erwartungen, die jungen Menschen an Marken haben und welchen Umgang sie mit ihnen pflegen. Von Thomas Thieme Schon [&hellip;]<\/p>\n","protected":false},"author":1,"featured_media":1412,"comment_status":"open","ping_status":"open","sticky":false,"template":"","format":"standard","meta":{"footnotes":""},"categories":[5],"tags":[],"class_list":["post-1411","post","type-post","status-publish","format-standard","has-post-thumbnail","hentry","category-marketing-news"],"yoast_head":"<!-- This site is optimized with the Yoast SEO plugin v27.4 - https:\/\/yoast.com\/product\/yoast-seo-wordpress\/ -->\n<title>Generation Z steht auf Marken mit Haltung \u203a absatzwirtschaft - Super News<\/title>\n<meta name=\"robots\" content=\"index, follow, max-snippet:-1, max-image-preview:large, max-video-preview:-1\" \/>\n<link rel=\"canonical\" href=\"https:\/\/super-news.info\/de\/generation-z-steht-auf-marken-mit-haltung-absatzwirtschaft\/\" \/>\n<meta property=\"og:locale\" content=\"de_DE\" \/>\n<meta property=\"og:type\" content=\"article\" \/>\n<meta property=\"og:title\" content=\"Generation Z steht auf Marken mit Haltung \u203a absatzwirtschaft - Super News\" \/>\n<meta property=\"og:description\" content=\"Nichts weniger als die &#8222;Wahrheit \u00fcber die Generation Z&#8220; will die McCann Worldgroup ans Licht bringen und hat dazu junge Menschen in 26 L\u00e4ndern zu ihren Einstellungen, Vorlieben und \u00dcberzeugungen befragt. Dabei ging es auch um die Erwartungen, die jungen Menschen an Marken haben und welchen Umgang sie mit ihnen pflegen. Von Thomas Thieme Schon [&hellip;]\" \/>\n<meta property=\"og:url\" content=\"https:\/\/super-news.info\/de\/generation-z-steht-auf-marken-mit-haltung-absatzwirtschaft\/\" \/>\n<meta property=\"og:site_name\" content=\"Super News\" \/>\n<meta property=\"article:published_time\" content=\"2021-04-08T03:15:00+00:00\" \/>\n<meta property=\"article:modified_time\" content=\"2021-04-08T03:15:09+00:00\" \/>\n<meta property=\"og:image\" content=\"https:\/\/super-news.info\/de\/wp-content\/uploads\/sites\/13\/2021\/04\/Generation-Z-steht-auf-Marken-mit-Haltung-absatzwirtschaft.jpg\" \/>\n\t<meta property=\"og:image:width\" content=\"630\" \/>\n\t<meta property=\"og:image:height\" content=\"354\" \/>\n\t<meta property=\"og:image:type\" content=\"image\/jpeg\" \/>\n<meta name=\"author\" content=\"super news\" \/>\n<meta name=\"twitter:card\" content=\"summary_large_image\" \/>\n<meta name=\"twitter:label1\" content=\"Verfasst von\" \/>\n\t<meta name=\"twitter:data1\" content=\"super news\" \/>\n\t<meta name=\"twitter:label2\" content=\"Gesch\u00e4tzte Lesezeit\" \/>\n\t<meta name=\"twitter:data2\" content=\"4\u00a0Minuten\" \/>\n<script type=\"application\/ld+json\" class=\"yoast-schema-graph\">{\"@context\":\"https:\\\/\\\/schema.org\",\"@graph\":[{\"@type\":\"Article\",\"@id\":\"https:\\\/\\\/super-news.info\\\/de\\\/generation-z-steht-auf-marken-mit-haltung-absatzwirtschaft\\\/#article\",\"isPartOf\":{\"@id\":\"https:\\\/\\\/super-news.info\\\/de\\\/generation-z-steht-auf-marken-mit-haltung-absatzwirtschaft\\\/\"},\"author\":{\"name\":\"super news\",\"@id\":\"https:\\\/\\\/super-news.info\\\/de\\\/#\\\/schema\\\/person\\\/2b9ff946d06444e803cb306ffcfd1045\"},\"headline\":\"Generation Z steht auf Marken mit Haltung \u203a absatzwirtschaft\",\"datePublished\":\"2021-04-08T03:15:00+00:00\",\"dateModified\":\"2021-04-08T03:15:09+00:00\",\"mainEntityOfPage\":{\"@id\":\"https:\\\/\\\/super-news.info\\\/de\\\/generation-z-steht-auf-marken-mit-haltung-absatzwirtschaft\\\/\"},\"wordCount\":766,\"commentCount\":0,\"image\":{\"@id\":\"https:\\\/\\\/super-news.info\\\/de\\\/generation-z-steht-auf-marken-mit-haltung-absatzwirtschaft\\\/#primaryimage\"},\"thumbnailUrl\":\"https:\\\/\\\/super-news.info\\\/de\\\/wp-content\\\/uploads\\\/sites\\\/13\\\/2021\\\/04\\\/Generation-Z-steht-auf-Marken-mit-Haltung-absatzwirtschaft.jpg\",\"articleSection\":[\"MARKETING NEWS\"],\"inLanguage\":\"de\",\"potentialAction\":[{\"@type\":\"CommentAction\",\"name\":\"Comment\",\"target\":[\"https:\\\/\\\/super-news.info\\\/de\\\/generation-z-steht-auf-marken-mit-haltung-absatzwirtschaft\\\/#respond\"]}]},{\"@type\":\"WebPage\",\"@id\":\"https:\\\/\\\/super-news.info\\\/de\\\/generation-z-steht-auf-marken-mit-haltung-absatzwirtschaft\\\/\",\"url\":\"https:\\\/\\\/super-news.info\\\/de\\\/generation-z-steht-auf-marken-mit-haltung-absatzwirtschaft\\\/\",\"name\":\"Generation Z steht auf Marken mit Haltung \u203a absatzwirtschaft - Super News\",\"isPartOf\":{\"@id\":\"https:\\\/\\\/super-news.info\\\/de\\\/#website\"},\"primaryImageOfPage\":{\"@id\":\"https:\\\/\\\/super-news.info\\\/de\\\/generation-z-steht-auf-marken-mit-haltung-absatzwirtschaft\\\/#primaryimage\"},\"image\":{\"@id\":\"https:\\\/\\\/super-news.info\\\/de\\\/generation-z-steht-auf-marken-mit-haltung-absatzwirtschaft\\\/#primaryimage\"},\"thumbnailUrl\":\"https:\\\/\\\/super-news.info\\\/de\\\/wp-content\\\/uploads\\\/sites\\\/13\\\/2021\\\/04\\\/Generation-Z-steht-auf-Marken-mit-Haltung-absatzwirtschaft.jpg\",\"datePublished\":\"2021-04-08T03:15:00+00:00\",\"dateModified\":\"2021-04-08T03:15:09+00:00\",\"author\":{\"@id\":\"https:\\\/\\\/super-news.info\\\/de\\\/#\\\/schema\\\/person\\\/2b9ff946d06444e803cb306ffcfd1045\"},\"breadcrumb\":{\"@id\":\"https:\\\/\\\/super-news.info\\\/de\\\/generation-z-steht-auf-marken-mit-haltung-absatzwirtschaft\\\/#breadcrumb\"},\"inLanguage\":\"de\",\"potentialAction\":[{\"@type\":\"ReadAction\",\"target\":[\"https:\\\/\\\/super-news.info\\\/de\\\/generation-z-steht-auf-marken-mit-haltung-absatzwirtschaft\\\/\"]}]},{\"@type\":\"ImageObject\",\"inLanguage\":\"de\",\"@id\":\"https:\\\/\\\/super-news.info\\\/de\\\/generation-z-steht-auf-marken-mit-haltung-absatzwirtschaft\\\/#primaryimage\",\"url\":\"https:\\\/\\\/super-news.info\\\/de\\\/wp-content\\\/uploads\\\/sites\\\/13\\\/2021\\\/04\\\/Generation-Z-steht-auf-Marken-mit-Haltung-absatzwirtschaft.jpg\",\"contentUrl\":\"https:\\\/\\\/super-news.info\\\/de\\\/wp-content\\\/uploads\\\/sites\\\/13\\\/2021\\\/04\\\/Generation-Z-steht-auf-Marken-mit-Haltung-absatzwirtschaft.jpg\",\"width\":630,\"height\":354,\"caption\":\"GenZ\"},{\"@type\":\"BreadcrumbList\",\"@id\":\"https:\\\/\\\/super-news.info\\\/de\\\/generation-z-steht-auf-marken-mit-haltung-absatzwirtschaft\\\/#breadcrumb\",\"itemListElement\":[{\"@type\":\"ListItem\",\"position\":1,\"name\":\"Home\",\"item\":\"https:\\\/\\\/super-news.info\\\/de\\\/\"},{\"@type\":\"ListItem\",\"position\":2,\"name\":\"Generation Z steht auf Marken mit Haltung \u203a absatzwirtschaft\"}]},{\"@type\":\"WebSite\",\"@id\":\"https:\\\/\\\/super-news.info\\\/de\\\/#website\",\"url\":\"https:\\\/\\\/super-news.info\\\/de\\\/\",\"name\":\"Super News\",\"description\":\"Super News Germany\",\"potentialAction\":[{\"@type\":\"SearchAction\",\"target\":{\"@type\":\"EntryPoint\",\"urlTemplate\":\"https:\\\/\\\/super-news.info\\\/de\\\/?s={search_term_string}\"},\"query-input\":{\"@type\":\"PropertyValueSpecification\",\"valueRequired\":true,\"valueName\":\"search_term_string\"}}],\"inLanguage\":\"de\"},{\"@type\":\"Person\",\"@id\":\"https:\\\/\\\/super-news.info\\\/de\\\/#\\\/schema\\\/person\\\/2b9ff946d06444e803cb306ffcfd1045\",\"name\":\"super news\",\"image\":{\"@type\":\"ImageObject\",\"inLanguage\":\"de\",\"@id\":\"https:\\\/\\\/secure.gravatar.com\\\/avatar\\\/98e0b303f300d45b2a94684c5e4dda8baa4a5e9710b579f7493c8612061d08bf?s=96&d=mm&r=g\",\"url\":\"https:\\\/\\\/secure.gravatar.com\\\/avatar\\\/98e0b303f300d45b2a94684c5e4dda8baa4a5e9710b579f7493c8612061d08bf?s=96&d=mm&r=g\",\"contentUrl\":\"https:\\\/\\\/secure.gravatar.com\\\/avatar\\\/98e0b303f300d45b2a94684c5e4dda8baa4a5e9710b579f7493c8612061d08bf?s=96&d=mm&r=g\",\"caption\":\"super news\"},\"url\":\"https:\\\/\\\/super-news.info\\\/de\\\/author\\\/manuel\\\/\"}]}<\/script>\n<!-- \/ Yoast SEO plugin. -->","yoast_head_json":{"title":"Generation Z steht auf Marken mit Haltung \u203a absatzwirtschaft - Super News","robots":{"index":"index","follow":"follow","max-snippet":"max-snippet:-1","max-image-preview":"max-image-preview:large","max-video-preview":"max-video-preview:-1"},"canonical":"https:\/\/super-news.info\/de\/generation-z-steht-auf-marken-mit-haltung-absatzwirtschaft\/","og_locale":"de_DE","og_type":"article","og_title":"Generation Z steht auf Marken mit Haltung \u203a absatzwirtschaft - Super News","og_description":"Nichts weniger als die &#8222;Wahrheit \u00fcber die Generation Z&#8220; will die McCann Worldgroup ans Licht bringen und hat dazu junge Menschen in 26 L\u00e4ndern zu ihren Einstellungen, Vorlieben und \u00dcberzeugungen befragt. Dabei ging es auch um die Erwartungen, die jungen Menschen an Marken haben und welchen Umgang sie mit ihnen pflegen. Von Thomas Thieme Schon [&hellip;]","og_url":"https:\/\/super-news.info\/de\/generation-z-steht-auf-marken-mit-haltung-absatzwirtschaft\/","og_site_name":"Super News","article_published_time":"2021-04-08T03:15:00+00:00","article_modified_time":"2021-04-08T03:15:09+00:00","og_image":[{"width":630,"height":354,"url":"https:\/\/super-news.info\/de\/wp-content\/uploads\/sites\/13\/2021\/04\/Generation-Z-steht-auf-Marken-mit-Haltung-absatzwirtschaft.jpg","type":"image\/jpeg"}],"author":"super news","twitter_card":"summary_large_image","twitter_misc":{"Verfasst von":"super news","Gesch\u00e4tzte Lesezeit":"4\u00a0Minuten"},"schema":{"@context":"https:\/\/schema.org","@graph":[{"@type":"Article","@id":"https:\/\/super-news.info\/de\/generation-z-steht-auf-marken-mit-haltung-absatzwirtschaft\/#article","isPartOf":{"@id":"https:\/\/super-news.info\/de\/generation-z-steht-auf-marken-mit-haltung-absatzwirtschaft\/"},"author":{"name":"super news","@id":"https:\/\/super-news.info\/de\/#\/schema\/person\/2b9ff946d06444e803cb306ffcfd1045"},"headline":"Generation Z steht auf Marken mit Haltung \u203a absatzwirtschaft","datePublished":"2021-04-08T03:15:00+00:00","dateModified":"2021-04-08T03:15:09+00:00","mainEntityOfPage":{"@id":"https:\/\/super-news.info\/de\/generation-z-steht-auf-marken-mit-haltung-absatzwirtschaft\/"},"wordCount":766,"commentCount":0,"image":{"@id":"https:\/\/super-news.info\/de\/generation-z-steht-auf-marken-mit-haltung-absatzwirtschaft\/#primaryimage"},"thumbnailUrl":"https:\/\/super-news.info\/de\/wp-content\/uploads\/sites\/13\/2021\/04\/Generation-Z-steht-auf-Marken-mit-Haltung-absatzwirtschaft.jpg","articleSection":["MARKETING NEWS"],"inLanguage":"de","potentialAction":[{"@type":"CommentAction","name":"Comment","target":["https:\/\/super-news.info\/de\/generation-z-steht-auf-marken-mit-haltung-absatzwirtschaft\/#respond"]}]},{"@type":"WebPage","@id":"https:\/\/super-news.info\/de\/generation-z-steht-auf-marken-mit-haltung-absatzwirtschaft\/","url":"https:\/\/super-news.info\/de\/generation-z-steht-auf-marken-mit-haltung-absatzwirtschaft\/","name":"Generation Z steht auf Marken mit Haltung \u203a absatzwirtschaft - Super News","isPartOf":{"@id":"https:\/\/super-news.info\/de\/#website"},"primaryImageOfPage":{"@id":"https:\/\/super-news.info\/de\/generation-z-steht-auf-marken-mit-haltung-absatzwirtschaft\/#primaryimage"},"image":{"@id":"https:\/\/super-news.info\/de\/generation-z-steht-auf-marken-mit-haltung-absatzwirtschaft\/#primaryimage"},"thumbnailUrl":"https:\/\/super-news.info\/de\/wp-content\/uploads\/sites\/13\/2021\/04\/Generation-Z-steht-auf-Marken-mit-Haltung-absatzwirtschaft.jpg","datePublished":"2021-04-08T03:15:00+00:00","dateModified":"2021-04-08T03:15:09+00:00","author":{"@id":"https:\/\/super-news.info\/de\/#\/schema\/person\/2b9ff946d06444e803cb306ffcfd1045"},"breadcrumb":{"@id":"https:\/\/super-news.info\/de\/generation-z-steht-auf-marken-mit-haltung-absatzwirtschaft\/#breadcrumb"},"inLanguage":"de","potentialAction":[{"@type":"ReadAction","target":["https:\/\/super-news.info\/de\/generation-z-steht-auf-marken-mit-haltung-absatzwirtschaft\/"]}]},{"@type":"ImageObject","inLanguage":"de","@id":"https:\/\/super-news.info\/de\/generation-z-steht-auf-marken-mit-haltung-absatzwirtschaft\/#primaryimage","url":"https:\/\/super-news.info\/de\/wp-content\/uploads\/sites\/13\/2021\/04\/Generation-Z-steht-auf-Marken-mit-Haltung-absatzwirtschaft.jpg","contentUrl":"https:\/\/super-news.info\/de\/wp-content\/uploads\/sites\/13\/2021\/04\/Generation-Z-steht-auf-Marken-mit-Haltung-absatzwirtschaft.jpg","width":630,"height":354,"caption":"GenZ"},{"@type":"BreadcrumbList","@id":"https:\/\/super-news.info\/de\/generation-z-steht-auf-marken-mit-haltung-absatzwirtschaft\/#breadcrumb","itemListElement":[{"@type":"ListItem","position":1,"name":"Home","item":"https:\/\/super-news.info\/de\/"},{"@type":"ListItem","position":2,"name":"Generation Z steht auf Marken mit Haltung \u203a absatzwirtschaft"}]},{"@type":"WebSite","@id":"https:\/\/super-news.info\/de\/#website","url":"https:\/\/super-news.info\/de\/","name":"Super News","description":"Super News Germany","potentialAction":[{"@type":"SearchAction","target":{"@type":"EntryPoint","urlTemplate":"https:\/\/super-news.info\/de\/?s={search_term_string}"},"query-input":{"@type":"PropertyValueSpecification","valueRequired":true,"valueName":"search_term_string"}}],"inLanguage":"de"},{"@type":"Person","@id":"https:\/\/super-news.info\/de\/#\/schema\/person\/2b9ff946d06444e803cb306ffcfd1045","name":"super news","image":{"@type":"ImageObject","inLanguage":"de","@id":"https:\/\/secure.gravatar.com\/avatar\/98e0b303f300d45b2a94684c5e4dda8baa4a5e9710b579f7493c8612061d08bf?s=96&d=mm&r=g","url":"https:\/\/secure.gravatar.com\/avatar\/98e0b303f300d45b2a94684c5e4dda8baa4a5e9710b579f7493c8612061d08bf?s=96&d=mm&r=g","contentUrl":"https:\/\/secure.gravatar.com\/avatar\/98e0b303f300d45b2a94684c5e4dda8baa4a5e9710b579f7493c8612061d08bf?s=96&d=mm&r=g","caption":"super news"},"url":"https:\/\/super-news.info\/de\/author\/manuel\/"}]}},"_links":{"self":[{"href":"https:\/\/super-news.info\/de\/wp-json\/wp\/v2\/posts\/1411","targetHints":{"allow":["GET"]}}],"collection":[{"href":"https:\/\/super-news.info\/de\/wp-json\/wp\/v2\/posts"}],"about":[{"href":"https:\/\/super-news.info\/de\/wp-json\/wp\/v2\/types\/post"}],"author":[{"embeddable":true,"href":"https:\/\/super-news.info\/de\/wp-json\/wp\/v2\/users\/1"}],"replies":[{"embeddable":true,"href":"https:\/\/super-news.info\/de\/wp-json\/wp\/v2\/comments?post=1411"}],"version-history":[{"count":1,"href":"https:\/\/super-news.info\/de\/wp-json\/wp\/v2\/posts\/1411\/revisions"}],"predecessor-version":[{"id":1413,"href":"https:\/\/super-news.info\/de\/wp-json\/wp\/v2\/posts\/1411\/revisions\/1413"}],"wp:featuredmedia":[{"embeddable":true,"href":"https:\/\/super-news.info\/de\/wp-json\/wp\/v2\/media\/1412"}],"wp:attachment":[{"href":"https:\/\/super-news.info\/de\/wp-json\/wp\/v2\/media?parent=1411"}],"wp:term":[{"taxonomy":"category","embeddable":true,"href":"https:\/\/super-news.info\/de\/wp-json\/wp\/v2\/categories?post=1411"},{"taxonomy":"post_tag","embeddable":true,"href":"https:\/\/super-news.info\/de\/wp-json\/wp\/v2\/tags?post=1411"}],"curies":[{"name":"wp","href":"https:\/\/api.w.org\/{rel}","templated":true}]}}