{"id":1393,"date":"2021-04-05T03:02:12","date_gmt":"2021-04-05T03:02:12","guid":{"rendered":"https:\/\/super-news.info\/de\/niewoehner-wechselt-als-marketingchef-von-renault-zu-nissan-absatzwirtschaft\/"},"modified":"2021-04-05T03:02:14","modified_gmt":"2021-04-05T03:02:14","slug":"niewoehner-wechselt-als-marketingchef-von-renault-zu-nissan-absatzwirtschaft","status":"publish","type":"post","link":"https:\/\/super-news.info\/de\/niewoehner-wechselt-als-marketingchef-von-renault-zu-nissan-absatzwirtschaft\/","title":{"rendered":"Niew\u00f6hner wechselt als Marketingchef von Renault zu Nissan \u203a absatzwirtschaft"},"content":{"rendered":"<p>\t  \t\t\t\t\t\t\t  \t\t\t\t\t\t\t\tFrank Niew\u00f6hner ist neuer Direktor Marketing beim Nissan Center Europe.<br \/>\n\t  \t\t\t\t\t\t\t\t  \t\t\t\t\t\t\t  \t\t\t\t\t\t\t\t\t \u00a9 Nissan<\/p>\n<p>\t\t\t\t\t\tNissan hat personelle Wechsel in den Bereichen Marketing, Vertrieb sowie Dealer Network Development &amp; Costumer Quality (DND &amp; CQ) vorgenommen. Neu an Bord und ab sofort f\u00fcr das Marketing von Nissan in der DACH-Region verantwortlich ist Frank Niew\u00f6hner.<\/p>\n<p>\t\t\t\t\t\tAnzeige<\/p>\n<p>\t\t\t\t\tVon Henning Eberhardt<br \/>\n\t\t\t\t\tFrank Niew\u00f6hner ist bei Nissan neuer Marketingchef in der DACH-Region. Der 48-j\u00e4hrige K\u00f6lner, zuletzt an der Spitze des Marketings in der Deutschlandzentrale des Nissan-Allianzpartners Renault, folgt auf Vincent Ricoux (45), der jetzt den Vertrieb bei Nissan leitet. Pascal Michaeli (46), bisher Sales Director, \u00fcbernimmt die vakante Position als neuer Direktor DND &amp; CQ. Alle \u00c4nderungen treten mit dem 1. April 2021 in Kraft.<\/p>\n<p>Niew\u00f6hner verf\u00fcgt \u00fcber viele Jahre Marketing- und Vertriebserfahrung in der Industrie. Nach einem Maschinenbaustudium an der RWTH Aachen und weiteren Stationen im In- und Ausland begann er seine Karriere in der Automobilwirtschaft 1999 bei der Ford-Werke AG in K\u00f6ln. Dort durchlief er diverse Leitungsfunktionen mit nationalen und internationalen Verantwortlichkeiten, ehe er 2016 zu Renault Deutschland wechselte.<\/p>\n<p>Nissan auf dem Weg zur Elektrifizierung<\/p>\n<p>\u201cNissan steht vor dem n\u00e4chsten gro\u00dfen Schritt auf dem Weg zur Elektrifizierung des Line-ups\u201d, sagt Guillaume Pelletreau, Gesch\u00e4ftsf\u00fchrer von Nissan Center Europe. Niew\u00f6hner solle den Businessplan \u201cNissan Next\u201d umsetzen, der bis Ende 2023 unter anderem einen Anteil elektrifizierter Antriebe von mehr als 50 Prozent vorsieht.<\/p>\n<p>Die Laufbahn des neuen Sales-Chefs Ricoux im<br \/>\nAutomotive-Bereich ist international gepr\u00e4gt mit Stationen in Asien und Europa.<br \/>\nNach Etappen bei Peugeot, unter anderem in China und in der T\u00fcrkei, wechselte<br \/>\ner 2013 zu Nissan in die Europazentrale nach Montigny (Paris), ehe er das<br \/>\nMarketing bei Central &amp; Eastern Europe leitete. 2018 wechselte Ricoux dann<br \/>\nnach Br\u00fchl an die Spitze der Marketingabteilung des Nissan Center Europe.<\/p>\n<p>Ricouxs Vorg\u00e4nger Michaeli bekleidet seit September 2018 die Position des Vertriebsdirektors bei Nissan. Er absolvierte ein Wirtschaftsstudium an der RWTH Aachen und startete im Anschluss bei MAN Nutzfahrzeuge in M\u00fcnchen seine Berufslaufbahn. 2003 wechselte Michaeli zu Toyota Deutschland nach K\u00f6ln und hatte diverse Management-Positionen im Bereich Vertrieb inne, ehe er 2017 zu Nissan kam.<\/p>\n<p>absatzwirtschaft+<\/p>\n<p>Sie wollen weitere relevante Informationen und spannende Hintergr\u00fcnde f\u00fcr Ihre t\u00e4gliche Arbeit im Marketing? Dann\u00a0abonnieren Sie jetzt hier\u00a0unseren kostenfreien Newsletter.<\/p>\n<p>\n<!--noindex--><br \/>\n<a href=\"https:\/\/www.absatzwirtschaft.de\/niewoehner-wechselt-als-marketingchef-von-renault-zu-nissan-178632\/\" rel=\"nofollow\">Source link <\/a><br \/>\n<!--\/noindex--><\/p>\n","protected":false},"excerpt":{"rendered":"<p>Frank Niew\u00f6hner ist neuer Direktor Marketing beim Nissan Center Europe. \u00a9 Nissan Nissan hat personelle Wechsel in den Bereichen Marketing, Vertrieb sowie Dealer Network Development &amp; Costumer Quality (DND &amp; CQ) vorgenommen. Neu an Bord und ab sofort f\u00fcr das Marketing von Nissan in der DACH-Region verantwortlich ist Frank Niew\u00f6hner. Anzeige Von Henning Eberhardt Frank [&hellip;]<\/p>\n","protected":false},"author":1,"featured_media":1394,"comment_status":"open","ping_status":"open","sticky":false,"template":"","format":"standard","meta":{"footnotes":""},"categories":[5],"tags":[],"class_list":["post-1393","post","type-post","status-publish","format-standard","has-post-thumbnail","hentry","category-marketing-news"],"yoast_head":"<!-- This site is optimized with the Yoast SEO plugin v27.4 - https:\/\/yoast.com\/product\/yoast-seo-wordpress\/ -->\n<title>Niew\u00f6hner wechselt als Marketingchef von Renault zu Nissan \u203a absatzwirtschaft - Super News<\/title>\n<meta name=\"robots\" content=\"index, follow, max-snippet:-1, max-image-preview:large, max-video-preview:-1\" \/>\n<link rel=\"canonical\" href=\"https:\/\/super-news.info\/de\/niewoehner-wechselt-als-marketingchef-von-renault-zu-nissan-absatzwirtschaft\/\" \/>\n<meta property=\"og:locale\" content=\"de_DE\" \/>\n<meta property=\"og:type\" content=\"article\" \/>\n<meta property=\"og:title\" content=\"Niew\u00f6hner wechselt als Marketingchef von Renault zu Nissan \u203a absatzwirtschaft - Super News\" \/>\n<meta property=\"og:description\" content=\"Frank Niew\u00f6hner ist neuer Direktor Marketing beim Nissan Center Europe. \u00a9 Nissan Nissan hat personelle Wechsel in den Bereichen Marketing, Vertrieb sowie Dealer Network Development &amp; Costumer Quality (DND &amp; CQ) vorgenommen. Neu an Bord und ab sofort f\u00fcr das Marketing von Nissan in der DACH-Region verantwortlich ist Frank Niew\u00f6hner. Anzeige Von Henning Eberhardt Frank [&hellip;]\" \/>\n<meta property=\"og:url\" content=\"https:\/\/super-news.info\/de\/niewoehner-wechselt-als-marketingchef-von-renault-zu-nissan-absatzwirtschaft\/\" \/>\n<meta property=\"og:site_name\" content=\"Super News\" \/>\n<meta property=\"article:published_time\" content=\"2021-04-05T03:02:12+00:00\" \/>\n<meta property=\"article:modified_time\" content=\"2021-04-05T03:02:14+00:00\" \/>\n<meta property=\"og:image\" content=\"https:\/\/super-news.info\/de\/wp-content\/uploads\/sites\/13\/2021\/04\/Niewoehner-wechselt-als-Marketingchef-von-Renault-zu-Nissan-absatzwirtschaft.jpg\" \/>\n\t<meta property=\"og:image:width\" content=\"630\" \/>\n\t<meta property=\"og:image:height\" content=\"354\" \/>\n\t<meta property=\"og:image:type\" content=\"image\/jpeg\" \/>\n<meta name=\"author\" content=\"super news\" \/>\n<meta name=\"twitter:card\" content=\"summary_large_image\" \/>\n<meta name=\"twitter:label1\" content=\"Verfasst von\" \/>\n\t<meta name=\"twitter:data1\" content=\"super news\" \/>\n\t<meta name=\"twitter:label2\" content=\"Gesch\u00e4tzte Lesezeit\" \/>\n\t<meta name=\"twitter:data2\" content=\"2\u00a0Minuten\" \/>\n<script type=\"application\/ld+json\" class=\"yoast-schema-graph\">{\"@context\":\"https:\\\/\\\/schema.org\",\"@graph\":[{\"@type\":\"Article\",\"@id\":\"https:\\\/\\\/super-news.info\\\/de\\\/niewoehner-wechselt-als-marketingchef-von-renault-zu-nissan-absatzwirtschaft\\\/#article\",\"isPartOf\":{\"@id\":\"https:\\\/\\\/super-news.info\\\/de\\\/niewoehner-wechselt-als-marketingchef-von-renault-zu-nissan-absatzwirtschaft\\\/\"},\"author\":{\"name\":\"super news\",\"@id\":\"https:\\\/\\\/super-news.info\\\/de\\\/#\\\/schema\\\/person\\\/2b9ff946d06444e803cb306ffcfd1045\"},\"headline\":\"Niew\u00f6hner wechselt als Marketingchef von Renault zu Nissan \u203a absatzwirtschaft\",\"datePublished\":\"2021-04-05T03:02:12+00:00\",\"dateModified\":\"2021-04-05T03:02:14+00:00\",\"mainEntityOfPage\":{\"@id\":\"https:\\\/\\\/super-news.info\\\/de\\\/niewoehner-wechselt-als-marketingchef-von-renault-zu-nissan-absatzwirtschaft\\\/\"},\"wordCount\":387,\"commentCount\":0,\"image\":{\"@id\":\"https:\\\/\\\/super-news.info\\\/de\\\/niewoehner-wechselt-als-marketingchef-von-renault-zu-nissan-absatzwirtschaft\\\/#primaryimage\"},\"thumbnailUrl\":\"https:\\\/\\\/super-news.info\\\/de\\\/wp-content\\\/uploads\\\/sites\\\/13\\\/2021\\\/04\\\/Niewoehner-wechselt-als-Marketingchef-von-Renault-zu-Nissan-absatzwirtschaft.jpg\",\"articleSection\":[\"MARKETING NEWS\"],\"inLanguage\":\"de\",\"potentialAction\":[{\"@type\":\"CommentAction\",\"name\":\"Comment\",\"target\":[\"https:\\\/\\\/super-news.info\\\/de\\\/niewoehner-wechselt-als-marketingchef-von-renault-zu-nissan-absatzwirtschaft\\\/#respond\"]}]},{\"@type\":\"WebPage\",\"@id\":\"https:\\\/\\\/super-news.info\\\/de\\\/niewoehner-wechselt-als-marketingchef-von-renault-zu-nissan-absatzwirtschaft\\\/\",\"url\":\"https:\\\/\\\/super-news.info\\\/de\\\/niewoehner-wechselt-als-marketingchef-von-renault-zu-nissan-absatzwirtschaft\\\/\",\"name\":\"Niew\u00f6hner wechselt als Marketingchef von Renault zu Nissan \u203a absatzwirtschaft - Super News\",\"isPartOf\":{\"@id\":\"https:\\\/\\\/super-news.info\\\/de\\\/#website\"},\"primaryImageOfPage\":{\"@id\":\"https:\\\/\\\/super-news.info\\\/de\\\/niewoehner-wechselt-als-marketingchef-von-renault-zu-nissan-absatzwirtschaft\\\/#primaryimage\"},\"image\":{\"@id\":\"https:\\\/\\\/super-news.info\\\/de\\\/niewoehner-wechselt-als-marketingchef-von-renault-zu-nissan-absatzwirtschaft\\\/#primaryimage\"},\"thumbnailUrl\":\"https:\\\/\\\/super-news.info\\\/de\\\/wp-content\\\/uploads\\\/sites\\\/13\\\/2021\\\/04\\\/Niewoehner-wechselt-als-Marketingchef-von-Renault-zu-Nissan-absatzwirtschaft.jpg\",\"datePublished\":\"2021-04-05T03:02:12+00:00\",\"dateModified\":\"2021-04-05T03:02:14+00:00\",\"author\":{\"@id\":\"https:\\\/\\\/super-news.info\\\/de\\\/#\\\/schema\\\/person\\\/2b9ff946d06444e803cb306ffcfd1045\"},\"breadcrumb\":{\"@id\":\"https:\\\/\\\/super-news.info\\\/de\\\/niewoehner-wechselt-als-marketingchef-von-renault-zu-nissan-absatzwirtschaft\\\/#breadcrumb\"},\"inLanguage\":\"de\",\"potentialAction\":[{\"@type\":\"ReadAction\",\"target\":[\"https:\\\/\\\/super-news.info\\\/de\\\/niewoehner-wechselt-als-marketingchef-von-renault-zu-nissan-absatzwirtschaft\\\/\"]}]},{\"@type\":\"ImageObject\",\"inLanguage\":\"de\",\"@id\":\"https:\\\/\\\/super-news.info\\\/de\\\/niewoehner-wechselt-als-marketingchef-von-renault-zu-nissan-absatzwirtschaft\\\/#primaryimage\",\"url\":\"https:\\\/\\\/super-news.info\\\/de\\\/wp-content\\\/uploads\\\/sites\\\/13\\\/2021\\\/04\\\/Niewoehner-wechselt-als-Marketingchef-von-Renault-zu-Nissan-absatzwirtschaft.jpg\",\"contentUrl\":\"https:\\\/\\\/super-news.info\\\/de\\\/wp-content\\\/uploads\\\/sites\\\/13\\\/2021\\\/04\\\/Niewoehner-wechselt-als-Marketingchef-von-Renault-zu-Nissan-absatzwirtschaft.jpg\",\"width\":630,\"height\":354,\"caption\":\"Frank Niew\u00f6hner\"},{\"@type\":\"BreadcrumbList\",\"@id\":\"https:\\\/\\\/super-news.info\\\/de\\\/niewoehner-wechselt-als-marketingchef-von-renault-zu-nissan-absatzwirtschaft\\\/#breadcrumb\",\"itemListElement\":[{\"@type\":\"ListItem\",\"position\":1,\"name\":\"Home\",\"item\":\"https:\\\/\\\/super-news.info\\\/de\\\/\"},{\"@type\":\"ListItem\",\"position\":2,\"name\":\"Niew\u00f6hner wechselt als Marketingchef von Renault zu Nissan \u203a absatzwirtschaft\"}]},{\"@type\":\"WebSite\",\"@id\":\"https:\\\/\\\/super-news.info\\\/de\\\/#website\",\"url\":\"https:\\\/\\\/super-news.info\\\/de\\\/\",\"name\":\"Super News\",\"description\":\"Super News Germany\",\"potentialAction\":[{\"@type\":\"SearchAction\",\"target\":{\"@type\":\"EntryPoint\",\"urlTemplate\":\"https:\\\/\\\/super-news.info\\\/de\\\/?s={search_term_string}\"},\"query-input\":{\"@type\":\"PropertyValueSpecification\",\"valueRequired\":true,\"valueName\":\"search_term_string\"}}],\"inLanguage\":\"de\"},{\"@type\":\"Person\",\"@id\":\"https:\\\/\\\/super-news.info\\\/de\\\/#\\\/schema\\\/person\\\/2b9ff946d06444e803cb306ffcfd1045\",\"name\":\"super news\",\"image\":{\"@type\":\"ImageObject\",\"inLanguage\":\"de\",\"@id\":\"https:\\\/\\\/secure.gravatar.com\\\/avatar\\\/98e0b303f300d45b2a94684c5e4dda8baa4a5e9710b579f7493c8612061d08bf?s=96&d=mm&r=g\",\"url\":\"https:\\\/\\\/secure.gravatar.com\\\/avatar\\\/98e0b303f300d45b2a94684c5e4dda8baa4a5e9710b579f7493c8612061d08bf?s=96&d=mm&r=g\",\"contentUrl\":\"https:\\\/\\\/secure.gravatar.com\\\/avatar\\\/98e0b303f300d45b2a94684c5e4dda8baa4a5e9710b579f7493c8612061d08bf?s=96&d=mm&r=g\",\"caption\":\"super news\"},\"url\":\"https:\\\/\\\/super-news.info\\\/de\\\/author\\\/manuel\\\/\"}]}<\/script>\n<!-- \/ Yoast SEO plugin. -->","yoast_head_json":{"title":"Niew\u00f6hner wechselt als Marketingchef von Renault zu Nissan \u203a absatzwirtschaft - Super News","robots":{"index":"index","follow":"follow","max-snippet":"max-snippet:-1","max-image-preview":"max-image-preview:large","max-video-preview":"max-video-preview:-1"},"canonical":"https:\/\/super-news.info\/de\/niewoehner-wechselt-als-marketingchef-von-renault-zu-nissan-absatzwirtschaft\/","og_locale":"de_DE","og_type":"article","og_title":"Niew\u00f6hner wechselt als Marketingchef von Renault zu Nissan \u203a absatzwirtschaft - Super News","og_description":"Frank Niew\u00f6hner ist neuer Direktor Marketing beim Nissan Center Europe. \u00a9 Nissan Nissan hat personelle Wechsel in den Bereichen Marketing, Vertrieb sowie Dealer Network Development &amp; Costumer Quality (DND &amp; CQ) vorgenommen. Neu an Bord und ab sofort f\u00fcr das Marketing von Nissan in der DACH-Region verantwortlich ist Frank Niew\u00f6hner. Anzeige Von Henning Eberhardt Frank [&hellip;]","og_url":"https:\/\/super-news.info\/de\/niewoehner-wechselt-als-marketingchef-von-renault-zu-nissan-absatzwirtschaft\/","og_site_name":"Super News","article_published_time":"2021-04-05T03:02:12+00:00","article_modified_time":"2021-04-05T03:02:14+00:00","og_image":[{"width":630,"height":354,"url":"https:\/\/super-news.info\/de\/wp-content\/uploads\/sites\/13\/2021\/04\/Niewoehner-wechselt-als-Marketingchef-von-Renault-zu-Nissan-absatzwirtschaft.jpg","type":"image\/jpeg"}],"author":"super news","twitter_card":"summary_large_image","twitter_misc":{"Verfasst von":"super news","Gesch\u00e4tzte Lesezeit":"2\u00a0Minuten"},"schema":{"@context":"https:\/\/schema.org","@graph":[{"@type":"Article","@id":"https:\/\/super-news.info\/de\/niewoehner-wechselt-als-marketingchef-von-renault-zu-nissan-absatzwirtschaft\/#article","isPartOf":{"@id":"https:\/\/super-news.info\/de\/niewoehner-wechselt-als-marketingchef-von-renault-zu-nissan-absatzwirtschaft\/"},"author":{"name":"super news","@id":"https:\/\/super-news.info\/de\/#\/schema\/person\/2b9ff946d06444e803cb306ffcfd1045"},"headline":"Niew\u00f6hner wechselt als Marketingchef von Renault zu Nissan \u203a absatzwirtschaft","datePublished":"2021-04-05T03:02:12+00:00","dateModified":"2021-04-05T03:02:14+00:00","mainEntityOfPage":{"@id":"https:\/\/super-news.info\/de\/niewoehner-wechselt-als-marketingchef-von-renault-zu-nissan-absatzwirtschaft\/"},"wordCount":387,"commentCount":0,"image":{"@id":"https:\/\/super-news.info\/de\/niewoehner-wechselt-als-marketingchef-von-renault-zu-nissan-absatzwirtschaft\/#primaryimage"},"thumbnailUrl":"https:\/\/super-news.info\/de\/wp-content\/uploads\/sites\/13\/2021\/04\/Niewoehner-wechselt-als-Marketingchef-von-Renault-zu-Nissan-absatzwirtschaft.jpg","articleSection":["MARKETING NEWS"],"inLanguage":"de","potentialAction":[{"@type":"CommentAction","name":"Comment","target":["https:\/\/super-news.info\/de\/niewoehner-wechselt-als-marketingchef-von-renault-zu-nissan-absatzwirtschaft\/#respond"]}]},{"@type":"WebPage","@id":"https:\/\/super-news.info\/de\/niewoehner-wechselt-als-marketingchef-von-renault-zu-nissan-absatzwirtschaft\/","url":"https:\/\/super-news.info\/de\/niewoehner-wechselt-als-marketingchef-von-renault-zu-nissan-absatzwirtschaft\/","name":"Niew\u00f6hner wechselt als Marketingchef von Renault zu Nissan \u203a absatzwirtschaft - Super News","isPartOf":{"@id":"https:\/\/super-news.info\/de\/#website"},"primaryImageOfPage":{"@id":"https:\/\/super-news.info\/de\/niewoehner-wechselt-als-marketingchef-von-renault-zu-nissan-absatzwirtschaft\/#primaryimage"},"image":{"@id":"https:\/\/super-news.info\/de\/niewoehner-wechselt-als-marketingchef-von-renault-zu-nissan-absatzwirtschaft\/#primaryimage"},"thumbnailUrl":"https:\/\/super-news.info\/de\/wp-content\/uploads\/sites\/13\/2021\/04\/Niewoehner-wechselt-als-Marketingchef-von-Renault-zu-Nissan-absatzwirtschaft.jpg","datePublished":"2021-04-05T03:02:12+00:00","dateModified":"2021-04-05T03:02:14+00:00","author":{"@id":"https:\/\/super-news.info\/de\/#\/schema\/person\/2b9ff946d06444e803cb306ffcfd1045"},"breadcrumb":{"@id":"https:\/\/super-news.info\/de\/niewoehner-wechselt-als-marketingchef-von-renault-zu-nissan-absatzwirtschaft\/#breadcrumb"},"inLanguage":"de","potentialAction":[{"@type":"ReadAction","target":["https:\/\/super-news.info\/de\/niewoehner-wechselt-als-marketingchef-von-renault-zu-nissan-absatzwirtschaft\/"]}]},{"@type":"ImageObject","inLanguage":"de","@id":"https:\/\/super-news.info\/de\/niewoehner-wechselt-als-marketingchef-von-renault-zu-nissan-absatzwirtschaft\/#primaryimage","url":"https:\/\/super-news.info\/de\/wp-content\/uploads\/sites\/13\/2021\/04\/Niewoehner-wechselt-als-Marketingchef-von-Renault-zu-Nissan-absatzwirtschaft.jpg","contentUrl":"https:\/\/super-news.info\/de\/wp-content\/uploads\/sites\/13\/2021\/04\/Niewoehner-wechselt-als-Marketingchef-von-Renault-zu-Nissan-absatzwirtschaft.jpg","width":630,"height":354,"caption":"Frank Niew\u00f6hner"},{"@type":"BreadcrumbList","@id":"https:\/\/super-news.info\/de\/niewoehner-wechselt-als-marketingchef-von-renault-zu-nissan-absatzwirtschaft\/#breadcrumb","itemListElement":[{"@type":"ListItem","position":1,"name":"Home","item":"https:\/\/super-news.info\/de\/"},{"@type":"ListItem","position":2,"name":"Niew\u00f6hner wechselt als Marketingchef von Renault zu Nissan \u203a absatzwirtschaft"}]},{"@type":"WebSite","@id":"https:\/\/super-news.info\/de\/#website","url":"https:\/\/super-news.info\/de\/","name":"Super News","description":"Super News Germany","potentialAction":[{"@type":"SearchAction","target":{"@type":"EntryPoint","urlTemplate":"https:\/\/super-news.info\/de\/?s={search_term_string}"},"query-input":{"@type":"PropertyValueSpecification","valueRequired":true,"valueName":"search_term_string"}}],"inLanguage":"de"},{"@type":"Person","@id":"https:\/\/super-news.info\/de\/#\/schema\/person\/2b9ff946d06444e803cb306ffcfd1045","name":"super news","image":{"@type":"ImageObject","inLanguage":"de","@id":"https:\/\/secure.gravatar.com\/avatar\/98e0b303f300d45b2a94684c5e4dda8baa4a5e9710b579f7493c8612061d08bf?s=96&d=mm&r=g","url":"https:\/\/secure.gravatar.com\/avatar\/98e0b303f300d45b2a94684c5e4dda8baa4a5e9710b579f7493c8612061d08bf?s=96&d=mm&r=g","contentUrl":"https:\/\/secure.gravatar.com\/avatar\/98e0b303f300d45b2a94684c5e4dda8baa4a5e9710b579f7493c8612061d08bf?s=96&d=mm&r=g","caption":"super news"},"url":"https:\/\/super-news.info\/de\/author\/manuel\/"}]}},"_links":{"self":[{"href":"https:\/\/super-news.info\/de\/wp-json\/wp\/v2\/posts\/1393","targetHints":{"allow":["GET"]}}],"collection":[{"href":"https:\/\/super-news.info\/de\/wp-json\/wp\/v2\/posts"}],"about":[{"href":"https:\/\/super-news.info\/de\/wp-json\/wp\/v2\/types\/post"}],"author":[{"embeddable":true,"href":"https:\/\/super-news.info\/de\/wp-json\/wp\/v2\/users\/1"}],"replies":[{"embeddable":true,"href":"https:\/\/super-news.info\/de\/wp-json\/wp\/v2\/comments?post=1393"}],"version-history":[{"count":1,"href":"https:\/\/super-news.info\/de\/wp-json\/wp\/v2\/posts\/1393\/revisions"}],"predecessor-version":[{"id":1395,"href":"https:\/\/super-news.info\/de\/wp-json\/wp\/v2\/posts\/1393\/revisions\/1395"}],"wp:featuredmedia":[{"embeddable":true,"href":"https:\/\/super-news.info\/de\/wp-json\/wp\/v2\/media\/1394"}],"wp:attachment":[{"href":"https:\/\/super-news.info\/de\/wp-json\/wp\/v2\/media?parent=1393"}],"wp:term":[{"taxonomy":"category","embeddable":true,"href":"https:\/\/super-news.info\/de\/wp-json\/wp\/v2\/categories?post=1393"},{"taxonomy":"post_tag","embeddable":true,"href":"https:\/\/super-news.info\/de\/wp-json\/wp\/v2\/tags?post=1393"}],"curies":[{"name":"wp","href":"https:\/\/api.w.org\/{rel}","templated":true}]}}