{"id":1381,"date":"2021-04-03T02:46:46","date_gmt":"2021-04-03T02:46:46","guid":{"rendered":"https:\/\/super-news.info\/de\/neue-chefs-bei-e-on-und-rwe-absatzwirtschaft\/"},"modified":"2021-04-03T02:46:48","modified_gmt":"2021-04-03T02:46:48","slug":"neue-chefs-bei-e-on-und-rwe-absatzwirtschaft","status":"publish","type":"post","link":"https:\/\/super-news.info\/de\/neue-chefs-bei-e-on-und-rwe-absatzwirtschaft\/","title":{"rendered":"neue Chefs bei E.on und RWE \u203a absatzwirtschaft"},"content":{"rendered":"<p>\t\t\t\t\t\tAtomausstieg und Energiewende haben die Stromkonzerne E.on und RWE zu einem weitreichenden Umbau ihrer Gesch\u00e4ftsmodelle gezwungen. Die Architekten dieses Wandels, Johannes Teyssen und Rolf Martin Schmitz, treten jetzt ab. Ihre Bilanz f\u00e4llt unterschiedlich aus.<\/p>\n<p>\t\t\t\t\tAls Johannes Teyssen im Jahr 2010 zum Chef des E.on-Konzerns aufstieg, \u00fcbernahm er die Leitung eines Stromriesen. Mehr als 275 Milliarden Kilowattstunden produzierte E.on damals. Nur ein gutes Zehntel ist davon \u00fcbrig geblieben, da Teyssen (61) an diesem Donnerstag (1. April) das Ruder an seinen Nachfolger Leonhard Birnbaum (54) abgibt. Wenn die letzten drei Atomkraftwerke Ende kommenden Jahres abgeschaltet sind, wird sich E.on ganz von der Stromproduktion verabschiedet haben.<\/p>\n<p>Teyssens spektakult\u00e4er Deal mit RWE<\/p>\n<p>Teyssen hat den Konzern in den vergangenen Jahren komplett umgekrempelt \u2013 aus dem Kilowatt-Champion ist so die Nummer eins der Energienetze geworden. Unter dem Druck des Atomausstiegs und der Energiewende hatte er zun\u00e4chst die Stromerzeugung aus Kohle und Gas abgesto\u00dfen und dann in einem spektakul\u00e4ren Deal mit dem langj\u00e4hrigen Rivalen RWE die Gesch\u00e4ftsfelder der beiden Unternehmen neu verteilt. E.on \u00fcbernahm die Strom- und Gasnetze und das Kundengesch\u00e4ft der RWE-Tochter Innogy und gab seine erneuerbaren Energien an RWE ab.<\/p>\n<p>Johannes Teyssen, Vorsitzender des Vorstands der E.on SE (links) und\u00a0Rolf Martin Schmitz, Vorsitzender des Vorstands von RWE (Foto: E.on)<\/p>\n<p>Bei Atomkraft \u201cim Labyrinth\u201d verirrt<\/p>\n<p>Teyssen selbst vollzog in dieser Zeit einen Positionswechsel. Bei seinem Amtsantritt hatte er die Atomkraft als unverzichtbar bezeichnet, weil sie Kosten f\u00fcr die Kunden niedrig halte, ohne das Klima zu belasten. Inzwischen ist die Kernenergie f\u00fcr ihn \u201czu teuer, zu riskant und politisch zu brisant\u201d, wie er k\u00fcrzlich dem \u201cHandelsblatt\u201d sagte. Beim Thema Atomkraft h\u00e4tten er und seine Kollegen sich damals \u201cim Labyrinth verrannt\u201d.<\/p>\n<p>Dominant wie einst bei der Erzeugung ist E.on inzwischen beim Transport und dem Verkauf von Strom. Mit einer L\u00e4nge von rund 700.000 Kilometern betreibt E.on das mit Abstand umfassendste Verteilnetz in Deutschland. Auch die Kundenzahl ist mit 14 Millionen in Deutschland un\u00fcbertroffen. Europaweit beliefert E.on sogar gut 40 Millionen Haushalte und Betriebe mit Strom und Gas und sieht sich mit einer Gesamtl\u00e4nge seines Stromnetzes von 1,5 Millionen Kilometern als \u201cdie Drehscheibe der europ\u00e4ischen Energiewende\u201d.<\/p>\n<p>Schwere Stellung f\u00fcr mittelst\u00e4ndische Wettbewerber <\/p>\n<p>Kleinere Versorger sehen das mit Sorge. E.on und RWE k\u00f6nnten \u201cmittelst\u00e4ndische Wettbewerber aus dem Markt dr\u00e4ngen\u201d, warnen sie. In vielen deutschen Regionen k\u00f6nne E.on beim Stromverkauf auf einen Marktanteil von bis zu 70 Prozent kommen. Mit zwei Klagen vor dem Gericht der Europ\u00e4ischen Union versuchen sie deshalb, die Genehmigung des Deals durch die Br\u00fcsseler Kommission nachtr\u00e4glich zu Fall zu bringen. <\/p>\n<p>Teyssen h\u00e4lt solche Bef\u00fcrchtungen angesichts der gro\u00dfen Zahl von Stromanbietern in Deutschland f\u00fcr unbegr\u00fcndet. Er kann dabei auf Zahlen der Bundesnetzagentur verweisen, nach denen die Haushalte durchschnittlich zwischen 138 Stromanbietern w\u00e4hlen k\u00f6nnen.<\/p>\n<p>Energiebranche vor Digitalisierung <\/p>\n<p>Die Konkurrenz f\u00fcrchtet die Finanzkraft von E.on bei der Digitalisierung der Energiebranche. \u201cWer nicht voll digital arbeitet, arbeitet bald gar nicht mehr\u201d, hat Teyssen-Nachfolger Birnbaum bereits als Devise ausgegeben.<\/p>\n<p>Dazu passend zieht zum 1. April 2021 Victoria Ossadnik in den E.on-Vorstand ein. Sie ist derzeit Vorsitzende der Gesch\u00e4ftsf\u00fchrung der E.on Energie Deutschland. Ossadnik wird im Vorstand f\u00fcr die Digitalisierung des Konzerns verantwortlich sein ubnd ist die erste Frau in dem F\u00fchrungsgremium.<\/p>\n<p>In Verbindung mit den Energienetzen biete die Digitalisierung gro\u00dfe Wachstumschancen f\u00fcr E.on, denn ob Solaranlage oder Windrad, alle neuen Anlagen \u201cm\u00fcssen an unsere Netze angeschlossen werden\u201d. Je entschlossener die Energiewende vorangetrieben werde, desto besser f\u00fcr E.on.<\/p>\n<p>An der B\u00f6rse hat die neue E.on bislang keine gro\u00dfe Begeisterung ausgel\u00f6st. Der Aktienkurs ist seit der Bekanntgabe des Deals mit RWE nur wenig gestiegen, w\u00e4hrend die RWE-Aktie deutlich zugelegt hat. E.on habe ein \u201cbetr\u00e4chtliches Aufholpotenzial\u201d, r\u00e4umte Teyssen in der vergangenen Woche ein, als er seine letzte E.on-Bilanz vorlegte.<\/p>\n<p>RWE und der Hambacher Forst<\/p>\n<p>Bei RWE folgt der Chefwechsel Ende April, wenn der Vorstandsvorsitzende Rolf Martin Schmitz (63) den Stab an seinen bisherigen Finanzchef Markus Krebber (48) \u00fcbergibt. Schmitz stand als Chef des gr\u00f6\u00dften europ\u00e4ischen Braunkohleverstromers in den vergangenen Monaten viel st\u00e4rker in der Kritik als Teyssen. Vor allem im Ringen um den Erhalt des Hambacher Forsts wurde er zum Buhmann der Klimaaktivisten.<\/p>\n<p>\u201cEs gibt keine Chance, den Wald stehen zu lassen\u201d, gab sich der in M\u00f6nchengladbach am Rande des Braunkohlereviers geborene Ingenieur lange beinhart. Am Ende wurde der Erhalt des umk\u00e4mpften Walds im Kohleausstiegsgesetz festgeschrieben. RWE bekam eine Entsch\u00e4digung von 2,6 Milliarden Euro f\u00fcr das Braunkohle-Aus zugesagt. Kritiker nennen das ein Milliardengeschenk.<\/p>\n<p>RWE sieht sich als f\u00fchrend beim \u00d6kostrom<\/p>\n<p>Lieber als \u00fcber die Braunkohle will Schmitz \u00fcber \u00d6kostrom<br \/>\nreden. RWE sei inzwischen eines der weltweit f\u00fchrenden Unternehmen im Bereich<br \/>\nerneuerbare Energien. In mehr als 15 L\u00e4ndern drehen sich Windr\u00e4der oder liefern<br \/>\nSolarparks der Essener Strom. Die aktuellen Produktionszahlen spiegeln den<br \/>\nangestrebten Wandel noch nicht so recht wider. Im vergangenen Jahr kam gerade<br \/>\nein F\u00fcnftel des von RWE erzeugten Stroms aus erneuerbaren Energien. Das soll<br \/>\nsich schrittweise \u00e4ndern. Bis zum Jahr 2040, nach dem Aus des letzten<br \/>\nBraunkohlekraftwerks, will RWE klimaneutral sein.<\/p>\n<p>he\/dpa<\/p>\n<p>absatzwirtschaft+<\/p>\n<p>Sie wollen weitere relevante Informationen und spannende Hintergr\u00fcnde f\u00fcr Ihre t\u00e4gliche Arbeit im Marketing? Dann\u00a0abonnieren Sie jetzt hier\u00a0unseren kostenfreien Newsletter.<\/p>\n<p>\n<!--noindex--><br \/>\n<a href=\"https:\/\/www.absatzwirtschaft.de\/stuehleruecken-in-der-strombranche-neue-chefs-bei-e-on-und-rwe-178664\/\" rel=\"nofollow\">Source link <\/a><br \/>\n<!--\/noindex--><\/p>\n","protected":false},"excerpt":{"rendered":"<p>Atomausstieg und Energiewende haben die Stromkonzerne E.on und RWE zu einem weitreichenden Umbau ihrer Gesch\u00e4ftsmodelle gezwungen. Die Architekten dieses Wandels, Johannes Teyssen und Rolf Martin Schmitz, treten jetzt ab. Ihre Bilanz f\u00e4llt unterschiedlich aus. Als Johannes Teyssen im Jahr 2010 zum Chef des E.on-Konzerns aufstieg, \u00fcbernahm er die Leitung eines Stromriesen. Mehr als 275 Milliarden [&hellip;]<\/p>\n","protected":false},"author":1,"featured_media":1382,"comment_status":"open","ping_status":"open","sticky":false,"template":"","format":"standard","meta":{"footnotes":""},"categories":[5],"tags":[],"class_list":["post-1381","post","type-post","status-publish","format-standard","has-post-thumbnail","hentry","category-marketing-news"],"yoast_head":"<!-- This site is optimized with the Yoast SEO plugin v27.4 - https:\/\/yoast.com\/product\/yoast-seo-wordpress\/ -->\n<title>neue Chefs bei E.on und RWE \u203a absatzwirtschaft - Super News<\/title>\n<meta name=\"robots\" content=\"index, follow, max-snippet:-1, max-image-preview:large, max-video-preview:-1\" \/>\n<link rel=\"canonical\" href=\"https:\/\/super-news.info\/de\/neue-chefs-bei-e-on-und-rwe-absatzwirtschaft\/\" \/>\n<meta property=\"og:locale\" content=\"de_DE\" \/>\n<meta property=\"og:type\" content=\"article\" \/>\n<meta property=\"og:title\" content=\"neue Chefs bei E.on und RWE \u203a absatzwirtschaft - Super News\" \/>\n<meta property=\"og:description\" content=\"Atomausstieg und Energiewende haben die Stromkonzerne E.on und RWE zu einem weitreichenden Umbau ihrer Gesch\u00e4ftsmodelle gezwungen. Die Architekten dieses Wandels, Johannes Teyssen und Rolf Martin Schmitz, treten jetzt ab. Ihre Bilanz f\u00e4llt unterschiedlich aus. Als Johannes Teyssen im Jahr 2010 zum Chef des E.on-Konzerns aufstieg, \u00fcbernahm er die Leitung eines Stromriesen. Mehr als 275 Milliarden [&hellip;]\" \/>\n<meta property=\"og:url\" content=\"https:\/\/super-news.info\/de\/neue-chefs-bei-e-on-und-rwe-absatzwirtschaft\/\" \/>\n<meta property=\"og:site_name\" content=\"Super News\" \/>\n<meta property=\"article:published_time\" content=\"2021-04-03T02:46:46+00:00\" \/>\n<meta property=\"article:modified_time\" content=\"2021-04-03T02:46:48+00:00\" \/>\n<meta property=\"og:image\" content=\"https:\/\/super-news.info\/de\/wp-content\/uploads\/sites\/13\/2021\/04\/neue-Chefs-bei-Eon-und-RWE-absatzwirtschaft.jpg\" \/>\n\t<meta property=\"og:image:width\" content=\"630\" \/>\n\t<meta property=\"og:image:height\" content=\"354\" \/>\n\t<meta property=\"og:image:type\" content=\"image\/jpeg\" \/>\n<meta name=\"author\" content=\"super news\" \/>\n<meta name=\"twitter:card\" content=\"summary_large_image\" \/>\n<meta name=\"twitter:label1\" content=\"Verfasst von\" \/>\n\t<meta name=\"twitter:data1\" content=\"super news\" \/>\n\t<meta name=\"twitter:label2\" content=\"Gesch\u00e4tzte Lesezeit\" \/>\n\t<meta name=\"twitter:data2\" content=\"4\u00a0Minuten\" \/>\n<script type=\"application\/ld+json\" class=\"yoast-schema-graph\">{\"@context\":\"https:\\\/\\\/schema.org\",\"@graph\":[{\"@type\":\"Article\",\"@id\":\"https:\\\/\\\/super-news.info\\\/de\\\/neue-chefs-bei-e-on-und-rwe-absatzwirtschaft\\\/#article\",\"isPartOf\":{\"@id\":\"https:\\\/\\\/super-news.info\\\/de\\\/neue-chefs-bei-e-on-und-rwe-absatzwirtschaft\\\/\"},\"author\":{\"name\":\"super news\",\"@id\":\"https:\\\/\\\/super-news.info\\\/de\\\/#\\\/schema\\\/person\\\/2b9ff946d06444e803cb306ffcfd1045\"},\"headline\":\"neue Chefs bei E.on und RWE \u203a absatzwirtschaft\",\"datePublished\":\"2021-04-03T02:46:46+00:00\",\"dateModified\":\"2021-04-03T02:46:48+00:00\",\"mainEntityOfPage\":{\"@id\":\"https:\\\/\\\/super-news.info\\\/de\\\/neue-chefs-bei-e-on-und-rwe-absatzwirtschaft\\\/\"},\"wordCount\":907,\"commentCount\":0,\"image\":{\"@id\":\"https:\\\/\\\/super-news.info\\\/de\\\/neue-chefs-bei-e-on-und-rwe-absatzwirtschaft\\\/#primaryimage\"},\"thumbnailUrl\":\"https:\\\/\\\/super-news.info\\\/de\\\/wp-content\\\/uploads\\\/sites\\\/13\\\/2021\\\/04\\\/neue-Chefs-bei-Eon-und-RWE-absatzwirtschaft.jpg\",\"articleSection\":[\"MARKETING NEWS\"],\"inLanguage\":\"de\",\"potentialAction\":[{\"@type\":\"CommentAction\",\"name\":\"Comment\",\"target\":[\"https:\\\/\\\/super-news.info\\\/de\\\/neue-chefs-bei-e-on-und-rwe-absatzwirtschaft\\\/#respond\"]}]},{\"@type\":\"WebPage\",\"@id\":\"https:\\\/\\\/super-news.info\\\/de\\\/neue-chefs-bei-e-on-und-rwe-absatzwirtschaft\\\/\",\"url\":\"https:\\\/\\\/super-news.info\\\/de\\\/neue-chefs-bei-e-on-und-rwe-absatzwirtschaft\\\/\",\"name\":\"neue Chefs bei E.on und RWE \u203a absatzwirtschaft - Super News\",\"isPartOf\":{\"@id\":\"https:\\\/\\\/super-news.info\\\/de\\\/#website\"},\"primaryImageOfPage\":{\"@id\":\"https:\\\/\\\/super-news.info\\\/de\\\/neue-chefs-bei-e-on-und-rwe-absatzwirtschaft\\\/#primaryimage\"},\"image\":{\"@id\":\"https:\\\/\\\/super-news.info\\\/de\\\/neue-chefs-bei-e-on-und-rwe-absatzwirtschaft\\\/#primaryimage\"},\"thumbnailUrl\":\"https:\\\/\\\/super-news.info\\\/de\\\/wp-content\\\/uploads\\\/sites\\\/13\\\/2021\\\/04\\\/neue-Chefs-bei-Eon-und-RWE-absatzwirtschaft.jpg\",\"datePublished\":\"2021-04-03T02:46:46+00:00\",\"dateModified\":\"2021-04-03T02:46:48+00:00\",\"author\":{\"@id\":\"https:\\\/\\\/super-news.info\\\/de\\\/#\\\/schema\\\/person\\\/2b9ff946d06444e803cb306ffcfd1045\"},\"breadcrumb\":{\"@id\":\"https:\\\/\\\/super-news.info\\\/de\\\/neue-chefs-bei-e-on-und-rwe-absatzwirtschaft\\\/#breadcrumb\"},\"inLanguage\":\"de\",\"potentialAction\":[{\"@type\":\"ReadAction\",\"target\":[\"https:\\\/\\\/super-news.info\\\/de\\\/neue-chefs-bei-e-on-und-rwe-absatzwirtschaft\\\/\"]}]},{\"@type\":\"ImageObject\",\"inLanguage\":\"de\",\"@id\":\"https:\\\/\\\/super-news.info\\\/de\\\/neue-chefs-bei-e-on-und-rwe-absatzwirtschaft\\\/#primaryimage\",\"url\":\"https:\\\/\\\/super-news.info\\\/de\\\/wp-content\\\/uploads\\\/sites\\\/13\\\/2021\\\/04\\\/neue-Chefs-bei-Eon-und-RWE-absatzwirtschaft.jpg\",\"contentUrl\":\"https:\\\/\\\/super-news.info\\\/de\\\/wp-content\\\/uploads\\\/sites\\\/13\\\/2021\\\/04\\\/neue-Chefs-bei-Eon-und-RWE-absatzwirtschaft.jpg\",\"width\":630,\"height\":354,\"caption\":\"neue Chefs bei E.on und RWE \u203a absatzwirtschaft\"},{\"@type\":\"BreadcrumbList\",\"@id\":\"https:\\\/\\\/super-news.info\\\/de\\\/neue-chefs-bei-e-on-und-rwe-absatzwirtschaft\\\/#breadcrumb\",\"itemListElement\":[{\"@type\":\"ListItem\",\"position\":1,\"name\":\"Home\",\"item\":\"https:\\\/\\\/super-news.info\\\/de\\\/\"},{\"@type\":\"ListItem\",\"position\":2,\"name\":\"neue Chefs bei E.on und RWE \u203a absatzwirtschaft\"}]},{\"@type\":\"WebSite\",\"@id\":\"https:\\\/\\\/super-news.info\\\/de\\\/#website\",\"url\":\"https:\\\/\\\/super-news.info\\\/de\\\/\",\"name\":\"Super News\",\"description\":\"Super News Germany\",\"potentialAction\":[{\"@type\":\"SearchAction\",\"target\":{\"@type\":\"EntryPoint\",\"urlTemplate\":\"https:\\\/\\\/super-news.info\\\/de\\\/?s={search_term_string}\"},\"query-input\":{\"@type\":\"PropertyValueSpecification\",\"valueRequired\":true,\"valueName\":\"search_term_string\"}}],\"inLanguage\":\"de\"},{\"@type\":\"Person\",\"@id\":\"https:\\\/\\\/super-news.info\\\/de\\\/#\\\/schema\\\/person\\\/2b9ff946d06444e803cb306ffcfd1045\",\"name\":\"super news\",\"image\":{\"@type\":\"ImageObject\",\"inLanguage\":\"de\",\"@id\":\"https:\\\/\\\/secure.gravatar.com\\\/avatar\\\/98e0b303f300d45b2a94684c5e4dda8baa4a5e9710b579f7493c8612061d08bf?s=96&d=mm&r=g\",\"url\":\"https:\\\/\\\/secure.gravatar.com\\\/avatar\\\/98e0b303f300d45b2a94684c5e4dda8baa4a5e9710b579f7493c8612061d08bf?s=96&d=mm&r=g\",\"contentUrl\":\"https:\\\/\\\/secure.gravatar.com\\\/avatar\\\/98e0b303f300d45b2a94684c5e4dda8baa4a5e9710b579f7493c8612061d08bf?s=96&d=mm&r=g\",\"caption\":\"super news\"},\"url\":\"https:\\\/\\\/super-news.info\\\/de\\\/author\\\/manuel\\\/\"}]}<\/script>\n<!-- \/ Yoast SEO plugin. -->","yoast_head_json":{"title":"neue Chefs bei E.on und RWE \u203a absatzwirtschaft - Super News","robots":{"index":"index","follow":"follow","max-snippet":"max-snippet:-1","max-image-preview":"max-image-preview:large","max-video-preview":"max-video-preview:-1"},"canonical":"https:\/\/super-news.info\/de\/neue-chefs-bei-e-on-und-rwe-absatzwirtschaft\/","og_locale":"de_DE","og_type":"article","og_title":"neue Chefs bei E.on und RWE \u203a absatzwirtschaft - Super News","og_description":"Atomausstieg und Energiewende haben die Stromkonzerne E.on und RWE zu einem weitreichenden Umbau ihrer Gesch\u00e4ftsmodelle gezwungen. Die Architekten dieses Wandels, Johannes Teyssen und Rolf Martin Schmitz, treten jetzt ab. Ihre Bilanz f\u00e4llt unterschiedlich aus. Als Johannes Teyssen im Jahr 2010 zum Chef des E.on-Konzerns aufstieg, \u00fcbernahm er die Leitung eines Stromriesen. Mehr als 275 Milliarden [&hellip;]","og_url":"https:\/\/super-news.info\/de\/neue-chefs-bei-e-on-und-rwe-absatzwirtschaft\/","og_site_name":"Super News","article_published_time":"2021-04-03T02:46:46+00:00","article_modified_time":"2021-04-03T02:46:48+00:00","og_image":[{"width":630,"height":354,"url":"https:\/\/super-news.info\/de\/wp-content\/uploads\/sites\/13\/2021\/04\/neue-Chefs-bei-Eon-und-RWE-absatzwirtschaft.jpg","type":"image\/jpeg"}],"author":"super news","twitter_card":"summary_large_image","twitter_misc":{"Verfasst von":"super news","Gesch\u00e4tzte Lesezeit":"4\u00a0Minuten"},"schema":{"@context":"https:\/\/schema.org","@graph":[{"@type":"Article","@id":"https:\/\/super-news.info\/de\/neue-chefs-bei-e-on-und-rwe-absatzwirtschaft\/#article","isPartOf":{"@id":"https:\/\/super-news.info\/de\/neue-chefs-bei-e-on-und-rwe-absatzwirtschaft\/"},"author":{"name":"super news","@id":"https:\/\/super-news.info\/de\/#\/schema\/person\/2b9ff946d06444e803cb306ffcfd1045"},"headline":"neue Chefs bei E.on und RWE \u203a absatzwirtschaft","datePublished":"2021-04-03T02:46:46+00:00","dateModified":"2021-04-03T02:46:48+00:00","mainEntityOfPage":{"@id":"https:\/\/super-news.info\/de\/neue-chefs-bei-e-on-und-rwe-absatzwirtschaft\/"},"wordCount":907,"commentCount":0,"image":{"@id":"https:\/\/super-news.info\/de\/neue-chefs-bei-e-on-und-rwe-absatzwirtschaft\/#primaryimage"},"thumbnailUrl":"https:\/\/super-news.info\/de\/wp-content\/uploads\/sites\/13\/2021\/04\/neue-Chefs-bei-Eon-und-RWE-absatzwirtschaft.jpg","articleSection":["MARKETING NEWS"],"inLanguage":"de","potentialAction":[{"@type":"CommentAction","name":"Comment","target":["https:\/\/super-news.info\/de\/neue-chefs-bei-e-on-und-rwe-absatzwirtschaft\/#respond"]}]},{"@type":"WebPage","@id":"https:\/\/super-news.info\/de\/neue-chefs-bei-e-on-und-rwe-absatzwirtschaft\/","url":"https:\/\/super-news.info\/de\/neue-chefs-bei-e-on-und-rwe-absatzwirtschaft\/","name":"neue Chefs bei E.on und RWE \u203a absatzwirtschaft - Super News","isPartOf":{"@id":"https:\/\/super-news.info\/de\/#website"},"primaryImageOfPage":{"@id":"https:\/\/super-news.info\/de\/neue-chefs-bei-e-on-und-rwe-absatzwirtschaft\/#primaryimage"},"image":{"@id":"https:\/\/super-news.info\/de\/neue-chefs-bei-e-on-und-rwe-absatzwirtschaft\/#primaryimage"},"thumbnailUrl":"https:\/\/super-news.info\/de\/wp-content\/uploads\/sites\/13\/2021\/04\/neue-Chefs-bei-Eon-und-RWE-absatzwirtschaft.jpg","datePublished":"2021-04-03T02:46:46+00:00","dateModified":"2021-04-03T02:46:48+00:00","author":{"@id":"https:\/\/super-news.info\/de\/#\/schema\/person\/2b9ff946d06444e803cb306ffcfd1045"},"breadcrumb":{"@id":"https:\/\/super-news.info\/de\/neue-chefs-bei-e-on-und-rwe-absatzwirtschaft\/#breadcrumb"},"inLanguage":"de","potentialAction":[{"@type":"ReadAction","target":["https:\/\/super-news.info\/de\/neue-chefs-bei-e-on-und-rwe-absatzwirtschaft\/"]}]},{"@type":"ImageObject","inLanguage":"de","@id":"https:\/\/super-news.info\/de\/neue-chefs-bei-e-on-und-rwe-absatzwirtschaft\/#primaryimage","url":"https:\/\/super-news.info\/de\/wp-content\/uploads\/sites\/13\/2021\/04\/neue-Chefs-bei-Eon-und-RWE-absatzwirtschaft.jpg","contentUrl":"https:\/\/super-news.info\/de\/wp-content\/uploads\/sites\/13\/2021\/04\/neue-Chefs-bei-Eon-und-RWE-absatzwirtschaft.jpg","width":630,"height":354,"caption":"neue Chefs bei E.on und RWE \u203a absatzwirtschaft"},{"@type":"BreadcrumbList","@id":"https:\/\/super-news.info\/de\/neue-chefs-bei-e-on-und-rwe-absatzwirtschaft\/#breadcrumb","itemListElement":[{"@type":"ListItem","position":1,"name":"Home","item":"https:\/\/super-news.info\/de\/"},{"@type":"ListItem","position":2,"name":"neue Chefs bei E.on und RWE \u203a absatzwirtschaft"}]},{"@type":"WebSite","@id":"https:\/\/super-news.info\/de\/#website","url":"https:\/\/super-news.info\/de\/","name":"Super News","description":"Super News Germany","potentialAction":[{"@type":"SearchAction","target":{"@type":"EntryPoint","urlTemplate":"https:\/\/super-news.info\/de\/?s={search_term_string}"},"query-input":{"@type":"PropertyValueSpecification","valueRequired":true,"valueName":"search_term_string"}}],"inLanguage":"de"},{"@type":"Person","@id":"https:\/\/super-news.info\/de\/#\/schema\/person\/2b9ff946d06444e803cb306ffcfd1045","name":"super news","image":{"@type":"ImageObject","inLanguage":"de","@id":"https:\/\/secure.gravatar.com\/avatar\/98e0b303f300d45b2a94684c5e4dda8baa4a5e9710b579f7493c8612061d08bf?s=96&d=mm&r=g","url":"https:\/\/secure.gravatar.com\/avatar\/98e0b303f300d45b2a94684c5e4dda8baa4a5e9710b579f7493c8612061d08bf?s=96&d=mm&r=g","contentUrl":"https:\/\/secure.gravatar.com\/avatar\/98e0b303f300d45b2a94684c5e4dda8baa4a5e9710b579f7493c8612061d08bf?s=96&d=mm&r=g","caption":"super news"},"url":"https:\/\/super-news.info\/de\/author\/manuel\/"}]}},"_links":{"self":[{"href":"https:\/\/super-news.info\/de\/wp-json\/wp\/v2\/posts\/1381","targetHints":{"allow":["GET"]}}],"collection":[{"href":"https:\/\/super-news.info\/de\/wp-json\/wp\/v2\/posts"}],"about":[{"href":"https:\/\/super-news.info\/de\/wp-json\/wp\/v2\/types\/post"}],"author":[{"embeddable":true,"href":"https:\/\/super-news.info\/de\/wp-json\/wp\/v2\/users\/1"}],"replies":[{"embeddable":true,"href":"https:\/\/super-news.info\/de\/wp-json\/wp\/v2\/comments?post=1381"}],"version-history":[{"count":1,"href":"https:\/\/super-news.info\/de\/wp-json\/wp\/v2\/posts\/1381\/revisions"}],"predecessor-version":[{"id":1383,"href":"https:\/\/super-news.info\/de\/wp-json\/wp\/v2\/posts\/1381\/revisions\/1383"}],"wp:featuredmedia":[{"embeddable":true,"href":"https:\/\/super-news.info\/de\/wp-json\/wp\/v2\/media\/1382"}],"wp:attachment":[{"href":"https:\/\/super-news.info\/de\/wp-json\/wp\/v2\/media?parent=1381"}],"wp:term":[{"taxonomy":"category","embeddable":true,"href":"https:\/\/super-news.info\/de\/wp-json\/wp\/v2\/categories?post=1381"},{"taxonomy":"post_tag","embeddable":true,"href":"https:\/\/super-news.info\/de\/wp-json\/wp\/v2\/tags?post=1381"}],"curies":[{"name":"wp","href":"https:\/\/api.w.org\/{rel}","templated":true}]}}