{"id":1369,"date":"2021-04-01T02:39:43","date_gmt":"2021-04-01T02:39:43","guid":{"rendered":"https:\/\/super-news.info\/de\/macht-uns-corona-zu-besseren-menschen-absatzwirtschaft\/"},"modified":"2021-04-01T02:39:45","modified_gmt":"2021-04-01T02:39:45","slug":"macht-uns-corona-zu-besseren-menschen-absatzwirtschaft","status":"publish","type":"post","link":"https:\/\/super-news.info\/de\/macht-uns-corona-zu-besseren-menschen-absatzwirtschaft\/","title":{"rendered":"Macht uns Corona zu besseren Menschen? \u203a absatzwirtschaft"},"content":{"rendered":"<p>\t\t\t\t\t\tDie Psychologie des Engagements f\u00fcr Nachhaltigkeit ist ein Ausdruck der Konsum-Sinnkrise w\u00e4hrend der Coronavirus-Pandemie. Eine tiefenpsychologische Betrachtung zum kulturellen Umbruch von der Maximierung zur nachhaltigen Sinn-Sehnsucht.<\/p>\n<p>\t\t\t\t\tVon Rochus Winkler, Gesch\u00e4ftsf\u00fchrender Gesellschafter,<br \/>\nConcept M<\/p>\n<p>Nachhaltigkeit und \u00f6kologisches Bewusstsein liegen im Trend, insbesondere Jugendliche und junge Erwachsene treiben die Themen voran. Die \u201cGeneration Greta\u201d und die \u201cFridays for Future\u201d-Bewegung stehen f\u00fcr die Sehnsucht nach einer gr\u00fcnen, heilen Welt ohne Menschen- und Tierleid. Aber auch die Zielgruppen ab 30 Jahre geraten unter moralischen Druck. Und im Prinzip wird die bewusste und kritische Haltung der jungen Generation als angemessen empfunden.<\/p>\n<p>Diese Entwicklung fand schon vor Corona statt, doch nun hat<br \/>\nsie sich rasant beschleunigt, wie einige Beispiele aus den Medien zeigen:<\/p>\n<p>Im deutschen Fr\u00fchst\u00fccksfernsehen wird dargestellt, welche<br \/>\nGem\u00fcsesorten man im eigenen Wohnzimmer z\u00fcchten kann.Bienen- beziehungsweise Insektensterben waren vor Corona<br \/>\neines der medialen Topthemen.Vor Corona sprach die Gesellschaft von Feinstaub und der<br \/>\nb\u00f6sen Automobilindustrie und forderte autofreie Innenst\u00e4dte und die<br \/>\nlangersehnte Elektromobilit\u00e4t, die unsere Gegenwart zunehmend pr\u00e4gt.Laut einer aktuellen Studie der Europ\u00e4ischen<br \/>\nInvestitionsbank (EIB) sind 40 Prozent aller Europ\u00e4er zu Verhaltens\u00e4nderungen<br \/>\nbereit, und viele glauben fest daran, dass sie mit pers\u00f6nlichen<br \/>\nVerhaltens\u00e4nderungen etwas bewirken k\u00f6nnen.<\/p>\n<p>Woher r\u00fchrt dieser Stimmungswandel?<\/p>\n<p>Von der Maximierung zur nachhaltigen Sinn-Sehnsucht<\/p>\n<p>Psychologisch ist die Auseinandersetzung mit Nachhaltigkeit und \u00d6kologie eine Vermittlungsform, die nach den letzten Jahren des Maximierungskonsums entstand. Konsumieren um jeden Preis und nach dem Motto \u201cIch \u2013 Jetzt \u2013 alles \u2013 zu jeder Zeit\u201d ist sp\u00e4testens mit Corona in sich zusammengebrochen. Denn parallel zur \u201cMaximierungskultur\u201d entwickelte sich eine \u201cBesinnungskultur\u201d, in der wir nach neuen Leitmotiven und letztlich nach dem Sinn des eigenen Lebens suchten. Corona ist in dem Kontext als Notbremse zu verstehen, die uns zu einer neuen Werteorientierung verholfen hat.<\/p>\n<p>Wie stellt sich das seelische Erleben von Nachhaltigkeit und<br \/>\n\u00f6kologischer Orientierung dar?<\/p>\n<p>Die Motive stellen sich als besonders spannungsvoll heraus: Zum einen m\u00f6chte man seine eigene \u00f6kologische Gesinnung demonstrieren und sich zu einer w\u00fcnschenswerten, gr\u00fcnen und leidfreien Welt bekennen. Zum anderen f\u00f6rderten Tiefeninterviews, die Concept M mit Probanden f\u00fchrte, die Erkenntnis zutage, dass die Konkretisierungen fehlen. Vielfach griffen die Befragten zu Allgemeinpl\u00e4tzen, beispielsweise, dass die \u201cErd\u00f6lindustrie ausgedient h\u00e4tte\u201d oder dass \u201cdie Politiker mal aufwachen m\u00fcssten, um zu sehen was mit der Welt gerade passiert\u201d.<\/p>\n<p>Die Forderung nach \u00f6kologischem Handeln jedes Einzelnen wird<br \/>\ngestellt, und zwar mit einem moralisch hoch erhobenen Finger. Die tats\u00e4chlichen<br \/>\nBebilderungen, wie dies im Alltag geschehen soll, fokussieren sich jedoch auf einige<br \/>\nwenige, eingeschliffene Verhaltensweisen: M\u00fcll trennen, M\u00fcll vermeiden, Bestellungen<br \/>\nreduzieren, mehr Fahrrad fahren. Auch der Einkauf regionaler Produkte oder von<br \/>\nMode aus zweiter Hand werden oft erw\u00e4hnt.<\/p>\n<p>Die konsequente Einhaltung \u00f6kologisch, beziehungsweise<br \/>\nnachhaltig einwandfreier Alltagshandlungen stellt sich dabei als Ideal heraus, dem<br \/>\nnachzueifern im Alltag immer wieder durchbrochen wird \u2013 bei schlechtem Wetter<br \/>\nwird dann doch das Auto genutzt, und manchmal machen auch Online- Bestellungen<br \/>\nauf dem Wohnzimmersofa Spa\u00df und vertreiben die Langeweile.<\/p>\n<p>F\u00fcnf tiefenpsychologische Befunde<\/p>\n<p>Das Thema des \u00f6kologischen und nachhaltigen Handelns ist also spannungsvoll, beziehungsweise fragil. Es l\u00e4sst sich mit tiefenpsychologischen Methoden erkl\u00e4ren. Dabei ergeben sich die folgenden f\u00fcnf Befunde:<\/p>\n<p>1. Das Engagement f\u00fcr Natur und Umwelt l\u00e4sst den Konsumenten an einer ideellen Werteorientierung teilhaben. Doch bei der Ausf\u00fchrung der vern\u00fcnftigen Vorhaben ergibt sich h\u00e4ufig ein Widerspruch mit regressiver Lust, Vergn\u00fcgen und Bequemlichkeit.2. Getragen wird diese demonstrative Wertehaltung von allumfassenden Naturbildern. Dabei werden sowohl naturverbundene Vorstellungen von paradiesischen Zust\u00e4nden entwickelt \u2013 oder apokalyptische Bilder der Zerst\u00f6rung gezeichnet. Diese Weltzeichnungen sind quasi kindlich. Das Bild der Intaktheit der Welt wird im fr\u00fchen Kindesalter vermittelt. Bunte Kinderb\u00fccher mit gl\u00fccklichen Tieren auf einem romantischen Bauernhof sind beziehungsweise bleiben die klassischen Erkl\u00e4rungsmuster der Erwachsenen.3. Aktuell leben wir in einer durch Corona best\u00e4rkten Besinnungskultur, in der wir uns viel intensiver mit uns selbst auseinandersetzen. Dazu geh\u00f6rt auch, dar\u00fcber nachzudenken, ob wir in einer lebenswerten, gerechten Welt leben. Werden aber die Kriseneinschl\u00e4ge pers\u00f6nlich sp\u00fcrbar, geraten auch Nachhaltigkeit und \u00f6kologisches Bewusstsein wieder in den Hintergrund. Die individuelle Bedeutung kann also angesichts von Kurzarbeit, Arbeitslosigkeit, privaten R\u00fcckschl\u00e4gen geringer werden.4. Die Konzerne sollen es richten. Unternehmen fungieren als Blitzableiter, und alle nachhaltigen Verfehlungen, die man selbst im Alltag unternimmt, werden auf sie projiziert. Nicht die eigene M\u00fcllvermeidung wird allt\u00e4glich umgesetzt, sondern stattdessen wird Klage gef\u00fchrt \u00fcber die \u201cgro\u00dfen Packungen\u201d, die die Industrie uns kaufen l\u00e4sst.5. Konkrete Umsetzungen des eigenen Umweltengagements m\u00fcnden oftmals zu einem Aufreiben in Einzelaktionen. Der Sinn der eigenen Aktivit\u00e4ten f\u00fcr die Weltverbesserung kann dadurch zunehmend in Frage gestellt werden.<\/p>\n<p>Fazit<\/p>\n<p>Das Thema des \u00f6kologischen, nachhaltigen Tuns erscheint auf den ersten Blick f\u00fcr viele Menschen hochattraktiv, ist jedoch in der Konsequenz ambivalent. Eine pers\u00f6nliche Beruhigung kann am besten dann stattfinden, wenn wir uns in moralische Vergleiche und Verrechnungen mit anderen Menschen begeben. Dann schneiden wir meist besser ab \u201cals die Allgemeinheit\u201d.<\/p>\n<p>Rochus Winkler, Mitbegr\u00fcnder von Concept M, hat sich mit den psychologischen Besonderheiten des Umweltengagements besch\u00e4ftigt. Das \u00f6kologische Bewusstsein in Deutschland beobachtet der Forscher im Rahmen seiner qualitativen, quantitativen Forschung und Beratung seit \u00fcber 20 Jahren. Im Rahmen der Initiativstudie \u201cMoral am Regal\u201d wurden 2020\/2021 \u00fcber 2000 Deutsche befragt.<\/p>\n<p>Concept M ist eines der f\u00fchrenden, globalen Institute f\u00fcr Kultur- und Konsumforschung. Die Gr\u00fcnder Rochus Winkler, Thomas Ebenfeld, Dirk Ziems verstehen sich als Orientierungsgeber und Lotsen in eruptiven M\u00e4rkten.<\/p>\n<p>absatzwirtschaft+<\/p>\n<p>Sie wollen weitere relevante Informationen und spannende Hintergr\u00fcnde f\u00fcr Ihre t\u00e4gliche Arbeit im Marketing? Dann\u00a0abonnieren Sie jetzt hier\u00a0unseren kostenfreien Newsletter.<\/p>\n<p>\n<!--noindex--><br \/>\n<a href=\"https:\/\/www.absatzwirtschaft.de\/macht-uns-corona-zu-besseren-menschen-178640\/\" rel=\"nofollow\">Source link <\/a><br \/>\n<!--\/noindex--><\/p>\n","protected":false},"excerpt":{"rendered":"<p>Die Psychologie des Engagements f\u00fcr Nachhaltigkeit ist ein Ausdruck der Konsum-Sinnkrise w\u00e4hrend der Coronavirus-Pandemie. Eine tiefenpsychologische Betrachtung zum kulturellen Umbruch von der Maximierung zur nachhaltigen Sinn-Sehnsucht. Von Rochus Winkler, Gesch\u00e4ftsf\u00fchrender Gesellschafter, Concept M Nachhaltigkeit und \u00f6kologisches Bewusstsein liegen im Trend, insbesondere Jugendliche und junge Erwachsene treiben die Themen voran. Die \u201cGeneration Greta\u201d und die \u201cFridays [&hellip;]<\/p>\n","protected":false},"author":1,"featured_media":1370,"comment_status":"open","ping_status":"open","sticky":false,"template":"","format":"standard","meta":{"footnotes":""},"categories":[5],"tags":[],"class_list":["post-1369","post","type-post","status-publish","format-standard","has-post-thumbnail","hentry","category-marketing-news"],"yoast_head":"<!-- This site is optimized with the Yoast SEO plugin v27.4 - https:\/\/yoast.com\/product\/yoast-seo-wordpress\/ -->\n<title>Macht uns Corona zu besseren Menschen? \u203a absatzwirtschaft - Super News<\/title>\n<meta name=\"robots\" content=\"index, follow, max-snippet:-1, max-image-preview:large, max-video-preview:-1\" \/>\n<link rel=\"canonical\" href=\"https:\/\/super-news.info\/de\/macht-uns-corona-zu-besseren-menschen-absatzwirtschaft\/\" \/>\n<meta property=\"og:locale\" content=\"de_DE\" \/>\n<meta property=\"og:type\" content=\"article\" \/>\n<meta property=\"og:title\" content=\"Macht uns Corona zu besseren Menschen? \u203a absatzwirtschaft - Super News\" \/>\n<meta property=\"og:description\" content=\"Die Psychologie des Engagements f\u00fcr Nachhaltigkeit ist ein Ausdruck der Konsum-Sinnkrise w\u00e4hrend der Coronavirus-Pandemie. Eine tiefenpsychologische Betrachtung zum kulturellen Umbruch von der Maximierung zur nachhaltigen Sinn-Sehnsucht. Von Rochus Winkler, Gesch\u00e4ftsf\u00fchrender Gesellschafter, Concept M Nachhaltigkeit und \u00f6kologisches Bewusstsein liegen im Trend, insbesondere Jugendliche und junge Erwachsene treiben die Themen voran. Die \u201cGeneration Greta\u201d und die \u201cFridays [&hellip;]\" \/>\n<meta property=\"og:url\" content=\"https:\/\/super-news.info\/de\/macht-uns-corona-zu-besseren-menschen-absatzwirtschaft\/\" \/>\n<meta property=\"og:site_name\" content=\"Super News\" \/>\n<meta property=\"article:published_time\" content=\"2021-04-01T02:39:43+00:00\" \/>\n<meta property=\"article:modified_time\" content=\"2021-04-01T02:39:45+00:00\" \/>\n<meta property=\"og:image\" content=\"https:\/\/super-news.info\/de\/wp-content\/uploads\/sites\/13\/2021\/04\/Macht-uns-Corona-zu-besseren-Menschen-absatzwirtschaft.jpg\" \/>\n\t<meta property=\"og:image:width\" content=\"630\" \/>\n\t<meta property=\"og:image:height\" content=\"354\" \/>\n\t<meta property=\"og:image:type\" content=\"image\/jpeg\" \/>\n<meta name=\"author\" content=\"super news\" \/>\n<meta name=\"twitter:card\" content=\"summary_large_image\" \/>\n<meta name=\"twitter:label1\" content=\"Verfasst von\" \/>\n\t<meta name=\"twitter:data1\" content=\"super news\" \/>\n\t<meta name=\"twitter:label2\" content=\"Gesch\u00e4tzte Lesezeit\" \/>\n\t<meta name=\"twitter:data2\" content=\"5\u00a0Minuten\" \/>\n<script type=\"application\/ld+json\" class=\"yoast-schema-graph\">{\"@context\":\"https:\\\/\\\/schema.org\",\"@graph\":[{\"@type\":\"Article\",\"@id\":\"https:\\\/\\\/super-news.info\\\/de\\\/macht-uns-corona-zu-besseren-menschen-absatzwirtschaft\\\/#article\",\"isPartOf\":{\"@id\":\"https:\\\/\\\/super-news.info\\\/de\\\/macht-uns-corona-zu-besseren-menschen-absatzwirtschaft\\\/\"},\"author\":{\"name\":\"super news\",\"@id\":\"https:\\\/\\\/super-news.info\\\/de\\\/#\\\/schema\\\/person\\\/2b9ff946d06444e803cb306ffcfd1045\"},\"headline\":\"Macht uns Corona zu besseren Menschen? \u203a absatzwirtschaft\",\"datePublished\":\"2021-04-01T02:39:43+00:00\",\"dateModified\":\"2021-04-01T02:39:45+00:00\",\"mainEntityOfPage\":{\"@id\":\"https:\\\/\\\/super-news.info\\\/de\\\/macht-uns-corona-zu-besseren-menschen-absatzwirtschaft\\\/\"},\"wordCount\":952,\"commentCount\":0,\"image\":{\"@id\":\"https:\\\/\\\/super-news.info\\\/de\\\/macht-uns-corona-zu-besseren-menschen-absatzwirtschaft\\\/#primaryimage\"},\"thumbnailUrl\":\"https:\\\/\\\/super-news.info\\\/de\\\/wp-content\\\/uploads\\\/sites\\\/13\\\/2021\\\/04\\\/Macht-uns-Corona-zu-besseren-Menschen-absatzwirtschaft.jpg\",\"articleSection\":[\"MARKETING NEWS\"],\"inLanguage\":\"de\",\"potentialAction\":[{\"@type\":\"CommentAction\",\"name\":\"Comment\",\"target\":[\"https:\\\/\\\/super-news.info\\\/de\\\/macht-uns-corona-zu-besseren-menschen-absatzwirtschaft\\\/#respond\"]}]},{\"@type\":\"WebPage\",\"@id\":\"https:\\\/\\\/super-news.info\\\/de\\\/macht-uns-corona-zu-besseren-menschen-absatzwirtschaft\\\/\",\"url\":\"https:\\\/\\\/super-news.info\\\/de\\\/macht-uns-corona-zu-besseren-menschen-absatzwirtschaft\\\/\",\"name\":\"Macht uns Corona zu besseren Menschen? \u203a absatzwirtschaft - Super News\",\"isPartOf\":{\"@id\":\"https:\\\/\\\/super-news.info\\\/de\\\/#website\"},\"primaryImageOfPage\":{\"@id\":\"https:\\\/\\\/super-news.info\\\/de\\\/macht-uns-corona-zu-besseren-menschen-absatzwirtschaft\\\/#primaryimage\"},\"image\":{\"@id\":\"https:\\\/\\\/super-news.info\\\/de\\\/macht-uns-corona-zu-besseren-menschen-absatzwirtschaft\\\/#primaryimage\"},\"thumbnailUrl\":\"https:\\\/\\\/super-news.info\\\/de\\\/wp-content\\\/uploads\\\/sites\\\/13\\\/2021\\\/04\\\/Macht-uns-Corona-zu-besseren-Menschen-absatzwirtschaft.jpg\",\"datePublished\":\"2021-04-01T02:39:43+00:00\",\"dateModified\":\"2021-04-01T02:39:45+00:00\",\"author\":{\"@id\":\"https:\\\/\\\/super-news.info\\\/de\\\/#\\\/schema\\\/person\\\/2b9ff946d06444e803cb306ffcfd1045\"},\"breadcrumb\":{\"@id\":\"https:\\\/\\\/super-news.info\\\/de\\\/macht-uns-corona-zu-besseren-menschen-absatzwirtschaft\\\/#breadcrumb\"},\"inLanguage\":\"de\",\"potentialAction\":[{\"@type\":\"ReadAction\",\"target\":[\"https:\\\/\\\/super-news.info\\\/de\\\/macht-uns-corona-zu-besseren-menschen-absatzwirtschaft\\\/\"]}]},{\"@type\":\"ImageObject\",\"inLanguage\":\"de\",\"@id\":\"https:\\\/\\\/super-news.info\\\/de\\\/macht-uns-corona-zu-besseren-menschen-absatzwirtschaft\\\/#primaryimage\",\"url\":\"https:\\\/\\\/super-news.info\\\/de\\\/wp-content\\\/uploads\\\/sites\\\/13\\\/2021\\\/04\\\/Macht-uns-Corona-zu-besseren-Menschen-absatzwirtschaft.jpg\",\"contentUrl\":\"https:\\\/\\\/super-news.info\\\/de\\\/wp-content\\\/uploads\\\/sites\\\/13\\\/2021\\\/04\\\/Macht-uns-Corona-zu-besseren-Menschen-absatzwirtschaft.jpg\",\"width\":630,\"height\":354,\"caption\":\"Macht uns Corona zu besseren Menschen? \u203a absatzwirtschaft\"},{\"@type\":\"BreadcrumbList\",\"@id\":\"https:\\\/\\\/super-news.info\\\/de\\\/macht-uns-corona-zu-besseren-menschen-absatzwirtschaft\\\/#breadcrumb\",\"itemListElement\":[{\"@type\":\"ListItem\",\"position\":1,\"name\":\"Home\",\"item\":\"https:\\\/\\\/super-news.info\\\/de\\\/\"},{\"@type\":\"ListItem\",\"position\":2,\"name\":\"Macht uns Corona zu besseren Menschen? \u203a absatzwirtschaft\"}]},{\"@type\":\"WebSite\",\"@id\":\"https:\\\/\\\/super-news.info\\\/de\\\/#website\",\"url\":\"https:\\\/\\\/super-news.info\\\/de\\\/\",\"name\":\"Super News\",\"description\":\"Super News Germany\",\"potentialAction\":[{\"@type\":\"SearchAction\",\"target\":{\"@type\":\"EntryPoint\",\"urlTemplate\":\"https:\\\/\\\/super-news.info\\\/de\\\/?s={search_term_string}\"},\"query-input\":{\"@type\":\"PropertyValueSpecification\",\"valueRequired\":true,\"valueName\":\"search_term_string\"}}],\"inLanguage\":\"de\"},{\"@type\":\"Person\",\"@id\":\"https:\\\/\\\/super-news.info\\\/de\\\/#\\\/schema\\\/person\\\/2b9ff946d06444e803cb306ffcfd1045\",\"name\":\"super news\",\"image\":{\"@type\":\"ImageObject\",\"inLanguage\":\"de\",\"@id\":\"https:\\\/\\\/secure.gravatar.com\\\/avatar\\\/98e0b303f300d45b2a94684c5e4dda8baa4a5e9710b579f7493c8612061d08bf?s=96&d=mm&r=g\",\"url\":\"https:\\\/\\\/secure.gravatar.com\\\/avatar\\\/98e0b303f300d45b2a94684c5e4dda8baa4a5e9710b579f7493c8612061d08bf?s=96&d=mm&r=g\",\"contentUrl\":\"https:\\\/\\\/secure.gravatar.com\\\/avatar\\\/98e0b303f300d45b2a94684c5e4dda8baa4a5e9710b579f7493c8612061d08bf?s=96&d=mm&r=g\",\"caption\":\"super news\"},\"url\":\"https:\\\/\\\/super-news.info\\\/de\\\/author\\\/manuel\\\/\"}]}<\/script>\n<!-- \/ Yoast SEO plugin. -->","yoast_head_json":{"title":"Macht uns Corona zu besseren Menschen? \u203a absatzwirtschaft - Super News","robots":{"index":"index","follow":"follow","max-snippet":"max-snippet:-1","max-image-preview":"max-image-preview:large","max-video-preview":"max-video-preview:-1"},"canonical":"https:\/\/super-news.info\/de\/macht-uns-corona-zu-besseren-menschen-absatzwirtschaft\/","og_locale":"de_DE","og_type":"article","og_title":"Macht uns Corona zu besseren Menschen? \u203a absatzwirtschaft - Super News","og_description":"Die Psychologie des Engagements f\u00fcr Nachhaltigkeit ist ein Ausdruck der Konsum-Sinnkrise w\u00e4hrend der Coronavirus-Pandemie. Eine tiefenpsychologische Betrachtung zum kulturellen Umbruch von der Maximierung zur nachhaltigen Sinn-Sehnsucht. Von Rochus Winkler, Gesch\u00e4ftsf\u00fchrender Gesellschafter, Concept M Nachhaltigkeit und \u00f6kologisches Bewusstsein liegen im Trend, insbesondere Jugendliche und junge Erwachsene treiben die Themen voran. Die \u201cGeneration Greta\u201d und die \u201cFridays [&hellip;]","og_url":"https:\/\/super-news.info\/de\/macht-uns-corona-zu-besseren-menschen-absatzwirtschaft\/","og_site_name":"Super News","article_published_time":"2021-04-01T02:39:43+00:00","article_modified_time":"2021-04-01T02:39:45+00:00","og_image":[{"width":630,"height":354,"url":"https:\/\/super-news.info\/de\/wp-content\/uploads\/sites\/13\/2021\/04\/Macht-uns-Corona-zu-besseren-Menschen-absatzwirtschaft.jpg","type":"image\/jpeg"}],"author":"super news","twitter_card":"summary_large_image","twitter_misc":{"Verfasst von":"super news","Gesch\u00e4tzte Lesezeit":"5\u00a0Minuten"},"schema":{"@context":"https:\/\/schema.org","@graph":[{"@type":"Article","@id":"https:\/\/super-news.info\/de\/macht-uns-corona-zu-besseren-menschen-absatzwirtschaft\/#article","isPartOf":{"@id":"https:\/\/super-news.info\/de\/macht-uns-corona-zu-besseren-menschen-absatzwirtschaft\/"},"author":{"name":"super news","@id":"https:\/\/super-news.info\/de\/#\/schema\/person\/2b9ff946d06444e803cb306ffcfd1045"},"headline":"Macht uns Corona zu besseren Menschen? \u203a absatzwirtschaft","datePublished":"2021-04-01T02:39:43+00:00","dateModified":"2021-04-01T02:39:45+00:00","mainEntityOfPage":{"@id":"https:\/\/super-news.info\/de\/macht-uns-corona-zu-besseren-menschen-absatzwirtschaft\/"},"wordCount":952,"commentCount":0,"image":{"@id":"https:\/\/super-news.info\/de\/macht-uns-corona-zu-besseren-menschen-absatzwirtschaft\/#primaryimage"},"thumbnailUrl":"https:\/\/super-news.info\/de\/wp-content\/uploads\/sites\/13\/2021\/04\/Macht-uns-Corona-zu-besseren-Menschen-absatzwirtschaft.jpg","articleSection":["MARKETING NEWS"],"inLanguage":"de","potentialAction":[{"@type":"CommentAction","name":"Comment","target":["https:\/\/super-news.info\/de\/macht-uns-corona-zu-besseren-menschen-absatzwirtschaft\/#respond"]}]},{"@type":"WebPage","@id":"https:\/\/super-news.info\/de\/macht-uns-corona-zu-besseren-menschen-absatzwirtschaft\/","url":"https:\/\/super-news.info\/de\/macht-uns-corona-zu-besseren-menschen-absatzwirtschaft\/","name":"Macht uns Corona zu besseren Menschen? \u203a absatzwirtschaft - Super News","isPartOf":{"@id":"https:\/\/super-news.info\/de\/#website"},"primaryImageOfPage":{"@id":"https:\/\/super-news.info\/de\/macht-uns-corona-zu-besseren-menschen-absatzwirtschaft\/#primaryimage"},"image":{"@id":"https:\/\/super-news.info\/de\/macht-uns-corona-zu-besseren-menschen-absatzwirtschaft\/#primaryimage"},"thumbnailUrl":"https:\/\/super-news.info\/de\/wp-content\/uploads\/sites\/13\/2021\/04\/Macht-uns-Corona-zu-besseren-Menschen-absatzwirtschaft.jpg","datePublished":"2021-04-01T02:39:43+00:00","dateModified":"2021-04-01T02:39:45+00:00","author":{"@id":"https:\/\/super-news.info\/de\/#\/schema\/person\/2b9ff946d06444e803cb306ffcfd1045"},"breadcrumb":{"@id":"https:\/\/super-news.info\/de\/macht-uns-corona-zu-besseren-menschen-absatzwirtschaft\/#breadcrumb"},"inLanguage":"de","potentialAction":[{"@type":"ReadAction","target":["https:\/\/super-news.info\/de\/macht-uns-corona-zu-besseren-menschen-absatzwirtschaft\/"]}]},{"@type":"ImageObject","inLanguage":"de","@id":"https:\/\/super-news.info\/de\/macht-uns-corona-zu-besseren-menschen-absatzwirtschaft\/#primaryimage","url":"https:\/\/super-news.info\/de\/wp-content\/uploads\/sites\/13\/2021\/04\/Macht-uns-Corona-zu-besseren-Menschen-absatzwirtschaft.jpg","contentUrl":"https:\/\/super-news.info\/de\/wp-content\/uploads\/sites\/13\/2021\/04\/Macht-uns-Corona-zu-besseren-Menschen-absatzwirtschaft.jpg","width":630,"height":354,"caption":"Macht uns Corona zu besseren Menschen? \u203a absatzwirtschaft"},{"@type":"BreadcrumbList","@id":"https:\/\/super-news.info\/de\/macht-uns-corona-zu-besseren-menschen-absatzwirtschaft\/#breadcrumb","itemListElement":[{"@type":"ListItem","position":1,"name":"Home","item":"https:\/\/super-news.info\/de\/"},{"@type":"ListItem","position":2,"name":"Macht uns Corona zu besseren Menschen? \u203a absatzwirtschaft"}]},{"@type":"WebSite","@id":"https:\/\/super-news.info\/de\/#website","url":"https:\/\/super-news.info\/de\/","name":"Super News","description":"Super News Germany","potentialAction":[{"@type":"SearchAction","target":{"@type":"EntryPoint","urlTemplate":"https:\/\/super-news.info\/de\/?s={search_term_string}"},"query-input":{"@type":"PropertyValueSpecification","valueRequired":true,"valueName":"search_term_string"}}],"inLanguage":"de"},{"@type":"Person","@id":"https:\/\/super-news.info\/de\/#\/schema\/person\/2b9ff946d06444e803cb306ffcfd1045","name":"super news","image":{"@type":"ImageObject","inLanguage":"de","@id":"https:\/\/secure.gravatar.com\/avatar\/98e0b303f300d45b2a94684c5e4dda8baa4a5e9710b579f7493c8612061d08bf?s=96&d=mm&r=g","url":"https:\/\/secure.gravatar.com\/avatar\/98e0b303f300d45b2a94684c5e4dda8baa4a5e9710b579f7493c8612061d08bf?s=96&d=mm&r=g","contentUrl":"https:\/\/secure.gravatar.com\/avatar\/98e0b303f300d45b2a94684c5e4dda8baa4a5e9710b579f7493c8612061d08bf?s=96&d=mm&r=g","caption":"super news"},"url":"https:\/\/super-news.info\/de\/author\/manuel\/"}]}},"_links":{"self":[{"href":"https:\/\/super-news.info\/de\/wp-json\/wp\/v2\/posts\/1369","targetHints":{"allow":["GET"]}}],"collection":[{"href":"https:\/\/super-news.info\/de\/wp-json\/wp\/v2\/posts"}],"about":[{"href":"https:\/\/super-news.info\/de\/wp-json\/wp\/v2\/types\/post"}],"author":[{"embeddable":true,"href":"https:\/\/super-news.info\/de\/wp-json\/wp\/v2\/users\/1"}],"replies":[{"embeddable":true,"href":"https:\/\/super-news.info\/de\/wp-json\/wp\/v2\/comments?post=1369"}],"version-history":[{"count":1,"href":"https:\/\/super-news.info\/de\/wp-json\/wp\/v2\/posts\/1369\/revisions"}],"predecessor-version":[{"id":1371,"href":"https:\/\/super-news.info\/de\/wp-json\/wp\/v2\/posts\/1369\/revisions\/1371"}],"wp:featuredmedia":[{"embeddable":true,"href":"https:\/\/super-news.info\/de\/wp-json\/wp\/v2\/media\/1370"}],"wp:attachment":[{"href":"https:\/\/super-news.info\/de\/wp-json\/wp\/v2\/media?parent=1369"}],"wp:term":[{"taxonomy":"category","embeddable":true,"href":"https:\/\/super-news.info\/de\/wp-json\/wp\/v2\/categories?post=1369"},{"taxonomy":"post_tag","embeddable":true,"href":"https:\/\/super-news.info\/de\/wp-json\/wp\/v2\/tags?post=1369"}],"curies":[{"name":"wp","href":"https:\/\/api.w.org\/{rel}","templated":true}]}}