{"id":1345,"date":"2021-03-28T02:07:04","date_gmt":"2021-03-28T02:07:04","guid":{"rendered":"https:\/\/super-news.info\/de\/erste-frau-an-der-spitze-des-modekonzerns-gerry-weber-absatzwirtschaft\/"},"modified":"2021-03-28T02:07:05","modified_gmt":"2021-03-28T02:07:05","slug":"erste-frau-an-der-spitze-des-modekonzerns-gerry-weber-absatzwirtschaft","status":"publish","type":"post","link":"https:\/\/super-news.info\/de\/erste-frau-an-der-spitze-des-modekonzerns-gerry-weber-absatzwirtschaft\/","title":{"rendered":"Erste Frau an der Spitze des Modekonzerns Gerry Weber \u203a absatzwirtschaft"},"content":{"rendered":"<p>\t  \t\t\t\t\t\t\t  \t\t\t\t\t\t\t\tAngelika Schindler-Obenhaus \u00fcbernimmt die Leitung von Gerry Weber in einer mehr als anspruchsvollen Zeit.<br \/>\n\t  \t\t\t\t\t\t\t\t  \t\t\t\t\t\t\t  \t\t\t\t\t\t\t\t\t \u00a9 Gerry Weber<\/p>\n<p>\t\t\t\t\t\tAngelika Schindler-Obenhaus wird neue Vorstandschefin des Modeunternehmens Gerry Weber. Mit ihrer Berufung setzen die Westfalen auf eine interne L\u00f6sung. Die Stelle war seit gut einem Jahr nur \u00fcbergangsweise besetzt.<\/p>\n<p>\t\t\t\t\t\tAnzeige<\/p>\n<p>\t\t\t\t\tVon Thomas Thieme<br \/>\n\t\t\t\t\tZum ersten Mal in<br \/>\nder knapp 50-j\u00e4hrigen Firmengeschichte steht eine Frau an der Spitze des<br \/>\nDamenmodeherstellers Gerry Weber. Der Aufsichtsrat des Unternehmens hat<br \/>\nAngelika Schindler-Obenhaus f\u00fcr die kommenden drei Jahre zur<br \/>\nVorstandsvorsitzenden bestellt. Sie soll die Position zur Hauptversammlung am<br \/>\n10. Juni von Alexander Gedat \u00fcbernehmen. Gedat f\u00fchrt den Konzern seit Februar<br \/>\n2020 als Interimschef und strebe nun zur\u00fcck in den Aufsichtsrat, wo er bereit<br \/>\nsei, den Posten des Aufsichtsratsvorsitzenden zu \u00fcbernehmen, hei\u00dft es in einer<br \/>\nMitteilung des Unternehmens.<\/p>\n<p>Mit Schindler-Obenhaus hat sich der Aufsichtsrat f\u00fcr eine interne L\u00f6sung entschieden: Die geb\u00fcrtige Flensburgerin geh\u00f6rt dem Vorstand von Gerry Weber seit August letzten Jahres an und verantwortet als Chief Operating Officer das Tagesgesch\u00e4ft mit den Bereichen Design, Produktion, Beschaffung und Marketing\/Kommunikation. Von Alexander Gedat \u00fcbernimmt sie nun zus\u00e4tzlich den Vertrieb.<\/p>\n<p>Karrierestart<br \/>\nbeim Horten-Kaufhaus<\/p>\n<p>Die 58-J\u00e4hrige<br \/>\nist der Mitteilung zufolge seit fast 40 Jahren in der Modebranche. Ihre<br \/>\nLaufbahn startete sie beim Kaufhauskonzern Horten. Zu Gerry Weber war sie bei<br \/>\nder Bielefelder Katag AG, einem Verbund von Mode- und Bekleidungsfachh\u00e4ndlern,<br \/>\ngewechselt. Dort war sie seit 2010 im Vorstand f\u00fcr die Bereiche Einkauf, IT und<br \/>\nMarketing verantwortlich.<\/p>\n<p>Der Gerry-Weber Vorstand besteht k\u00fcnftig aus Angelika Schindler-Obenhaus und Finanzchef Florian Frank. F\u00fcr die Vorstandsvorsitzende stellt die neue Aufgabe nicht erst durch die Auswirkungen der Corona-Krise eine gro\u00dfe Herausforderung dar. Gerry Weber hatte bereits 2019 Insolvenz angemeldet. In der Folge wurde ein drastisches Sparprogramm gefahren, in dessen Rahmen bis Ende 2021 insgesamt 120 eigene Filialen geschlossen werden. Das M\u00fcnchener Bekleidungshaus Hallhuber, seit 2015 Tochterunternehmen von Gerry Weber, wurde im Sommer 2019 verkauft.<\/p>\n<p>Heute besch\u00e4ftigt die Aktiengesellschaft mit Sitz in Halle\/Westfalen nach eigenen Angaben rund 2600 Mitarbeiter und vertreibt Mode in mehr als 60 L\u00e4ndern. Zuletzt schrieb das 1973 von Gerhard Weber und Udo Hardieck gegr\u00fcndete Unternehmen wieder schwarze Jahren.<\/p>\n<p>absatzwirtschaft+<\/p>\n<p>Sie wollen weitere relevante Informationen und spannende Hintergr\u00fcnde f\u00fcr Ihre t\u00e4gliche Arbeit im Marketing? Dann\u00a0abonnieren Sie jetzt hier\u00a0unseren kostenfreien Newsletter.<\/p>\n<p>\n<!--noindex--><br \/>\n<a href=\"https:\/\/www.absatzwirtschaft.de\/erste-frau-an-der-spitze-des-modekonzerns-gerry-weber-178602\/\" rel=\"nofollow\">Source link <\/a><br \/>\n<!--\/noindex--><\/p>\n","protected":false},"excerpt":{"rendered":"<p>Angelika Schindler-Obenhaus \u00fcbernimmt die Leitung von Gerry Weber in einer mehr als anspruchsvollen Zeit. \u00a9 Gerry Weber Angelika Schindler-Obenhaus wird neue Vorstandschefin des Modeunternehmens Gerry Weber. Mit ihrer Berufung setzen die Westfalen auf eine interne L\u00f6sung. Die Stelle war seit gut einem Jahr nur \u00fcbergangsweise besetzt. Anzeige Von Thomas Thieme Zum ersten Mal in der [&hellip;]<\/p>\n","protected":false},"author":1,"featured_media":1346,"comment_status":"open","ping_status":"open","sticky":false,"template":"","format":"standard","meta":{"footnotes":""},"categories":[5],"tags":[],"class_list":["post-1345","post","type-post","status-publish","format-standard","has-post-thumbnail","hentry","category-marketing-news"],"yoast_head":"<!-- This site is optimized with the Yoast SEO plugin v27.4 - https:\/\/yoast.com\/product\/yoast-seo-wordpress\/ -->\n<title>Erste Frau an der Spitze des Modekonzerns Gerry Weber \u203a absatzwirtschaft - Super News<\/title>\n<meta name=\"robots\" content=\"index, follow, max-snippet:-1, max-image-preview:large, max-video-preview:-1\" \/>\n<link rel=\"canonical\" href=\"https:\/\/super-news.info\/de\/erste-frau-an-der-spitze-des-modekonzerns-gerry-weber-absatzwirtschaft\/\" \/>\n<meta property=\"og:locale\" content=\"de_DE\" \/>\n<meta property=\"og:type\" content=\"article\" \/>\n<meta property=\"og:title\" content=\"Erste Frau an der Spitze des Modekonzerns Gerry Weber \u203a absatzwirtschaft - Super News\" \/>\n<meta property=\"og:description\" content=\"Angelika Schindler-Obenhaus \u00fcbernimmt die Leitung von Gerry Weber in einer mehr als anspruchsvollen Zeit. \u00a9 Gerry Weber Angelika Schindler-Obenhaus wird neue Vorstandschefin des Modeunternehmens Gerry Weber. Mit ihrer Berufung setzen die Westfalen auf eine interne L\u00f6sung. Die Stelle war seit gut einem Jahr nur \u00fcbergangsweise besetzt. Anzeige Von Thomas Thieme Zum ersten Mal in der [&hellip;]\" \/>\n<meta property=\"og:url\" content=\"https:\/\/super-news.info\/de\/erste-frau-an-der-spitze-des-modekonzerns-gerry-weber-absatzwirtschaft\/\" \/>\n<meta property=\"og:site_name\" content=\"Super News\" \/>\n<meta property=\"article:published_time\" content=\"2021-03-28T02:07:04+00:00\" \/>\n<meta property=\"article:modified_time\" content=\"2021-03-28T02:07:05+00:00\" \/>\n<meta property=\"og:image\" content=\"https:\/\/super-news.info\/de\/wp-content\/uploads\/sites\/13\/2021\/03\/Erste-Frau-an-der-Spitze-des-Modekonzerns-Gerry-Weber.jpg\" \/>\n\t<meta property=\"og:image:width\" content=\"630\" \/>\n\t<meta property=\"og:image:height\" content=\"354\" \/>\n\t<meta property=\"og:image:type\" content=\"image\/jpeg\" \/>\n<meta name=\"author\" content=\"super news\" \/>\n<meta name=\"twitter:card\" content=\"summary_large_image\" \/>\n<meta name=\"twitter:label1\" content=\"Verfasst von\" \/>\n\t<meta name=\"twitter:data1\" content=\"super news\" \/>\n\t<meta name=\"twitter:label2\" content=\"Gesch\u00e4tzte Lesezeit\" \/>\n\t<meta name=\"twitter:data2\" content=\"2\u00a0Minuten\" \/>\n<script type=\"application\/ld+json\" class=\"yoast-schema-graph\">{\"@context\":\"https:\\\/\\\/schema.org\",\"@graph\":[{\"@type\":\"Article\",\"@id\":\"https:\\\/\\\/super-news.info\\\/de\\\/erste-frau-an-der-spitze-des-modekonzerns-gerry-weber-absatzwirtschaft\\\/#article\",\"isPartOf\":{\"@id\":\"https:\\\/\\\/super-news.info\\\/de\\\/erste-frau-an-der-spitze-des-modekonzerns-gerry-weber-absatzwirtschaft\\\/\"},\"author\":{\"name\":\"super news\",\"@id\":\"https:\\\/\\\/super-news.info\\\/de\\\/#\\\/schema\\\/person\\\/2b9ff946d06444e803cb306ffcfd1045\"},\"headline\":\"Erste Frau an der Spitze des Modekonzerns Gerry Weber \u203a absatzwirtschaft\",\"datePublished\":\"2021-03-28T02:07:04+00:00\",\"dateModified\":\"2021-03-28T02:07:05+00:00\",\"mainEntityOfPage\":{\"@id\":\"https:\\\/\\\/super-news.info\\\/de\\\/erste-frau-an-der-spitze-des-modekonzerns-gerry-weber-absatzwirtschaft\\\/\"},\"wordCount\":392,\"commentCount\":0,\"image\":{\"@id\":\"https:\\\/\\\/super-news.info\\\/de\\\/erste-frau-an-der-spitze-des-modekonzerns-gerry-weber-absatzwirtschaft\\\/#primaryimage\"},\"thumbnailUrl\":\"https:\\\/\\\/super-news.info\\\/de\\\/wp-content\\\/uploads\\\/sites\\\/13\\\/2021\\\/03\\\/Erste-Frau-an-der-Spitze-des-Modekonzerns-Gerry-Weber.jpg\",\"articleSection\":[\"MARKETING NEWS\"],\"inLanguage\":\"de\",\"potentialAction\":[{\"@type\":\"CommentAction\",\"name\":\"Comment\",\"target\":[\"https:\\\/\\\/super-news.info\\\/de\\\/erste-frau-an-der-spitze-des-modekonzerns-gerry-weber-absatzwirtschaft\\\/#respond\"]}]},{\"@type\":\"WebPage\",\"@id\":\"https:\\\/\\\/super-news.info\\\/de\\\/erste-frau-an-der-spitze-des-modekonzerns-gerry-weber-absatzwirtschaft\\\/\",\"url\":\"https:\\\/\\\/super-news.info\\\/de\\\/erste-frau-an-der-spitze-des-modekonzerns-gerry-weber-absatzwirtschaft\\\/\",\"name\":\"Erste Frau an der Spitze des Modekonzerns Gerry Weber \u203a absatzwirtschaft - Super News\",\"isPartOf\":{\"@id\":\"https:\\\/\\\/super-news.info\\\/de\\\/#website\"},\"primaryImageOfPage\":{\"@id\":\"https:\\\/\\\/super-news.info\\\/de\\\/erste-frau-an-der-spitze-des-modekonzerns-gerry-weber-absatzwirtschaft\\\/#primaryimage\"},\"image\":{\"@id\":\"https:\\\/\\\/super-news.info\\\/de\\\/erste-frau-an-der-spitze-des-modekonzerns-gerry-weber-absatzwirtschaft\\\/#primaryimage\"},\"thumbnailUrl\":\"https:\\\/\\\/super-news.info\\\/de\\\/wp-content\\\/uploads\\\/sites\\\/13\\\/2021\\\/03\\\/Erste-Frau-an-der-Spitze-des-Modekonzerns-Gerry-Weber.jpg\",\"datePublished\":\"2021-03-28T02:07:04+00:00\",\"dateModified\":\"2021-03-28T02:07:05+00:00\",\"author\":{\"@id\":\"https:\\\/\\\/super-news.info\\\/de\\\/#\\\/schema\\\/person\\\/2b9ff946d06444e803cb306ffcfd1045\"},\"breadcrumb\":{\"@id\":\"https:\\\/\\\/super-news.info\\\/de\\\/erste-frau-an-der-spitze-des-modekonzerns-gerry-weber-absatzwirtschaft\\\/#breadcrumb\"},\"inLanguage\":\"de\",\"potentialAction\":[{\"@type\":\"ReadAction\",\"target\":[\"https:\\\/\\\/super-news.info\\\/de\\\/erste-frau-an-der-spitze-des-modekonzerns-gerry-weber-absatzwirtschaft\\\/\"]}]},{\"@type\":\"ImageObject\",\"inLanguage\":\"de\",\"@id\":\"https:\\\/\\\/super-news.info\\\/de\\\/erste-frau-an-der-spitze-des-modekonzerns-gerry-weber-absatzwirtschaft\\\/#primaryimage\",\"url\":\"https:\\\/\\\/super-news.info\\\/de\\\/wp-content\\\/uploads\\\/sites\\\/13\\\/2021\\\/03\\\/Erste-Frau-an-der-Spitze-des-Modekonzerns-Gerry-Weber.jpg\",\"contentUrl\":\"https:\\\/\\\/super-news.info\\\/de\\\/wp-content\\\/uploads\\\/sites\\\/13\\\/2021\\\/03\\\/Erste-Frau-an-der-Spitze-des-Modekonzerns-Gerry-Weber.jpg\",\"width\":630,\"height\":354,\"caption\":\"Angelika Schindler-Obenhaus\"},{\"@type\":\"BreadcrumbList\",\"@id\":\"https:\\\/\\\/super-news.info\\\/de\\\/erste-frau-an-der-spitze-des-modekonzerns-gerry-weber-absatzwirtschaft\\\/#breadcrumb\",\"itemListElement\":[{\"@type\":\"ListItem\",\"position\":1,\"name\":\"Home\",\"item\":\"https:\\\/\\\/super-news.info\\\/de\\\/\"},{\"@type\":\"ListItem\",\"position\":2,\"name\":\"Erste Frau an der Spitze des Modekonzerns Gerry Weber \u203a absatzwirtschaft\"}]},{\"@type\":\"WebSite\",\"@id\":\"https:\\\/\\\/super-news.info\\\/de\\\/#website\",\"url\":\"https:\\\/\\\/super-news.info\\\/de\\\/\",\"name\":\"Super News\",\"description\":\"Super News Germany\",\"potentialAction\":[{\"@type\":\"SearchAction\",\"target\":{\"@type\":\"EntryPoint\",\"urlTemplate\":\"https:\\\/\\\/super-news.info\\\/de\\\/?s={search_term_string}\"},\"query-input\":{\"@type\":\"PropertyValueSpecification\",\"valueRequired\":true,\"valueName\":\"search_term_string\"}}],\"inLanguage\":\"de\"},{\"@type\":\"Person\",\"@id\":\"https:\\\/\\\/super-news.info\\\/de\\\/#\\\/schema\\\/person\\\/2b9ff946d06444e803cb306ffcfd1045\",\"name\":\"super news\",\"image\":{\"@type\":\"ImageObject\",\"inLanguage\":\"de\",\"@id\":\"https:\\\/\\\/secure.gravatar.com\\\/avatar\\\/98e0b303f300d45b2a94684c5e4dda8baa4a5e9710b579f7493c8612061d08bf?s=96&d=mm&r=g\",\"url\":\"https:\\\/\\\/secure.gravatar.com\\\/avatar\\\/98e0b303f300d45b2a94684c5e4dda8baa4a5e9710b579f7493c8612061d08bf?s=96&d=mm&r=g\",\"contentUrl\":\"https:\\\/\\\/secure.gravatar.com\\\/avatar\\\/98e0b303f300d45b2a94684c5e4dda8baa4a5e9710b579f7493c8612061d08bf?s=96&d=mm&r=g\",\"caption\":\"super news\"},\"url\":\"https:\\\/\\\/super-news.info\\\/de\\\/author\\\/manuel\\\/\"}]}<\/script>\n<!-- \/ Yoast SEO plugin. -->","yoast_head_json":{"title":"Erste Frau an der Spitze des Modekonzerns Gerry Weber \u203a absatzwirtschaft - Super News","robots":{"index":"index","follow":"follow","max-snippet":"max-snippet:-1","max-image-preview":"max-image-preview:large","max-video-preview":"max-video-preview:-1"},"canonical":"https:\/\/super-news.info\/de\/erste-frau-an-der-spitze-des-modekonzerns-gerry-weber-absatzwirtschaft\/","og_locale":"de_DE","og_type":"article","og_title":"Erste Frau an der Spitze des Modekonzerns Gerry Weber \u203a absatzwirtschaft - Super News","og_description":"Angelika Schindler-Obenhaus \u00fcbernimmt die Leitung von Gerry Weber in einer mehr als anspruchsvollen Zeit. \u00a9 Gerry Weber Angelika Schindler-Obenhaus wird neue Vorstandschefin des Modeunternehmens Gerry Weber. Mit ihrer Berufung setzen die Westfalen auf eine interne L\u00f6sung. Die Stelle war seit gut einem Jahr nur \u00fcbergangsweise besetzt. Anzeige Von Thomas Thieme Zum ersten Mal in der [&hellip;]","og_url":"https:\/\/super-news.info\/de\/erste-frau-an-der-spitze-des-modekonzerns-gerry-weber-absatzwirtschaft\/","og_site_name":"Super News","article_published_time":"2021-03-28T02:07:04+00:00","article_modified_time":"2021-03-28T02:07:05+00:00","og_image":[{"width":630,"height":354,"url":"https:\/\/super-news.info\/de\/wp-content\/uploads\/sites\/13\/2021\/03\/Erste-Frau-an-der-Spitze-des-Modekonzerns-Gerry-Weber.jpg","type":"image\/jpeg"}],"author":"super news","twitter_card":"summary_large_image","twitter_misc":{"Verfasst von":"super news","Gesch\u00e4tzte Lesezeit":"2\u00a0Minuten"},"schema":{"@context":"https:\/\/schema.org","@graph":[{"@type":"Article","@id":"https:\/\/super-news.info\/de\/erste-frau-an-der-spitze-des-modekonzerns-gerry-weber-absatzwirtschaft\/#article","isPartOf":{"@id":"https:\/\/super-news.info\/de\/erste-frau-an-der-spitze-des-modekonzerns-gerry-weber-absatzwirtschaft\/"},"author":{"name":"super news","@id":"https:\/\/super-news.info\/de\/#\/schema\/person\/2b9ff946d06444e803cb306ffcfd1045"},"headline":"Erste Frau an der Spitze des Modekonzerns Gerry Weber \u203a absatzwirtschaft","datePublished":"2021-03-28T02:07:04+00:00","dateModified":"2021-03-28T02:07:05+00:00","mainEntityOfPage":{"@id":"https:\/\/super-news.info\/de\/erste-frau-an-der-spitze-des-modekonzerns-gerry-weber-absatzwirtschaft\/"},"wordCount":392,"commentCount":0,"image":{"@id":"https:\/\/super-news.info\/de\/erste-frau-an-der-spitze-des-modekonzerns-gerry-weber-absatzwirtschaft\/#primaryimage"},"thumbnailUrl":"https:\/\/super-news.info\/de\/wp-content\/uploads\/sites\/13\/2021\/03\/Erste-Frau-an-der-Spitze-des-Modekonzerns-Gerry-Weber.jpg","articleSection":["MARKETING NEWS"],"inLanguage":"de","potentialAction":[{"@type":"CommentAction","name":"Comment","target":["https:\/\/super-news.info\/de\/erste-frau-an-der-spitze-des-modekonzerns-gerry-weber-absatzwirtschaft\/#respond"]}]},{"@type":"WebPage","@id":"https:\/\/super-news.info\/de\/erste-frau-an-der-spitze-des-modekonzerns-gerry-weber-absatzwirtschaft\/","url":"https:\/\/super-news.info\/de\/erste-frau-an-der-spitze-des-modekonzerns-gerry-weber-absatzwirtschaft\/","name":"Erste Frau an der Spitze des Modekonzerns Gerry Weber \u203a absatzwirtschaft - Super News","isPartOf":{"@id":"https:\/\/super-news.info\/de\/#website"},"primaryImageOfPage":{"@id":"https:\/\/super-news.info\/de\/erste-frau-an-der-spitze-des-modekonzerns-gerry-weber-absatzwirtschaft\/#primaryimage"},"image":{"@id":"https:\/\/super-news.info\/de\/erste-frau-an-der-spitze-des-modekonzerns-gerry-weber-absatzwirtschaft\/#primaryimage"},"thumbnailUrl":"https:\/\/super-news.info\/de\/wp-content\/uploads\/sites\/13\/2021\/03\/Erste-Frau-an-der-Spitze-des-Modekonzerns-Gerry-Weber.jpg","datePublished":"2021-03-28T02:07:04+00:00","dateModified":"2021-03-28T02:07:05+00:00","author":{"@id":"https:\/\/super-news.info\/de\/#\/schema\/person\/2b9ff946d06444e803cb306ffcfd1045"},"breadcrumb":{"@id":"https:\/\/super-news.info\/de\/erste-frau-an-der-spitze-des-modekonzerns-gerry-weber-absatzwirtschaft\/#breadcrumb"},"inLanguage":"de","potentialAction":[{"@type":"ReadAction","target":["https:\/\/super-news.info\/de\/erste-frau-an-der-spitze-des-modekonzerns-gerry-weber-absatzwirtschaft\/"]}]},{"@type":"ImageObject","inLanguage":"de","@id":"https:\/\/super-news.info\/de\/erste-frau-an-der-spitze-des-modekonzerns-gerry-weber-absatzwirtschaft\/#primaryimage","url":"https:\/\/super-news.info\/de\/wp-content\/uploads\/sites\/13\/2021\/03\/Erste-Frau-an-der-Spitze-des-Modekonzerns-Gerry-Weber.jpg","contentUrl":"https:\/\/super-news.info\/de\/wp-content\/uploads\/sites\/13\/2021\/03\/Erste-Frau-an-der-Spitze-des-Modekonzerns-Gerry-Weber.jpg","width":630,"height":354,"caption":"Angelika Schindler-Obenhaus"},{"@type":"BreadcrumbList","@id":"https:\/\/super-news.info\/de\/erste-frau-an-der-spitze-des-modekonzerns-gerry-weber-absatzwirtschaft\/#breadcrumb","itemListElement":[{"@type":"ListItem","position":1,"name":"Home","item":"https:\/\/super-news.info\/de\/"},{"@type":"ListItem","position":2,"name":"Erste Frau an der Spitze des Modekonzerns Gerry Weber \u203a absatzwirtschaft"}]},{"@type":"WebSite","@id":"https:\/\/super-news.info\/de\/#website","url":"https:\/\/super-news.info\/de\/","name":"Super News","description":"Super News Germany","potentialAction":[{"@type":"SearchAction","target":{"@type":"EntryPoint","urlTemplate":"https:\/\/super-news.info\/de\/?s={search_term_string}"},"query-input":{"@type":"PropertyValueSpecification","valueRequired":true,"valueName":"search_term_string"}}],"inLanguage":"de"},{"@type":"Person","@id":"https:\/\/super-news.info\/de\/#\/schema\/person\/2b9ff946d06444e803cb306ffcfd1045","name":"super news","image":{"@type":"ImageObject","inLanguage":"de","@id":"https:\/\/secure.gravatar.com\/avatar\/98e0b303f300d45b2a94684c5e4dda8baa4a5e9710b579f7493c8612061d08bf?s=96&d=mm&r=g","url":"https:\/\/secure.gravatar.com\/avatar\/98e0b303f300d45b2a94684c5e4dda8baa4a5e9710b579f7493c8612061d08bf?s=96&d=mm&r=g","contentUrl":"https:\/\/secure.gravatar.com\/avatar\/98e0b303f300d45b2a94684c5e4dda8baa4a5e9710b579f7493c8612061d08bf?s=96&d=mm&r=g","caption":"super news"},"url":"https:\/\/super-news.info\/de\/author\/manuel\/"}]}},"_links":{"self":[{"href":"https:\/\/super-news.info\/de\/wp-json\/wp\/v2\/posts\/1345","targetHints":{"allow":["GET"]}}],"collection":[{"href":"https:\/\/super-news.info\/de\/wp-json\/wp\/v2\/posts"}],"about":[{"href":"https:\/\/super-news.info\/de\/wp-json\/wp\/v2\/types\/post"}],"author":[{"embeddable":true,"href":"https:\/\/super-news.info\/de\/wp-json\/wp\/v2\/users\/1"}],"replies":[{"embeddable":true,"href":"https:\/\/super-news.info\/de\/wp-json\/wp\/v2\/comments?post=1345"}],"version-history":[{"count":1,"href":"https:\/\/super-news.info\/de\/wp-json\/wp\/v2\/posts\/1345\/revisions"}],"predecessor-version":[{"id":1347,"href":"https:\/\/super-news.info\/de\/wp-json\/wp\/v2\/posts\/1345\/revisions\/1347"}],"wp:featuredmedia":[{"embeddable":true,"href":"https:\/\/super-news.info\/de\/wp-json\/wp\/v2\/media\/1346"}],"wp:attachment":[{"href":"https:\/\/super-news.info\/de\/wp-json\/wp\/v2\/media?parent=1345"}],"wp:term":[{"taxonomy":"category","embeddable":true,"href":"https:\/\/super-news.info\/de\/wp-json\/wp\/v2\/categories?post=1345"},{"taxonomy":"post_tag","embeddable":true,"href":"https:\/\/super-news.info\/de\/wp-json\/wp\/v2\/tags?post=1345"}],"curies":[{"name":"wp","href":"https:\/\/api.w.org\/{rel}","templated":true}]}}