{"id":1327,"date":"2021-03-25T01:12:57","date_gmt":"2021-03-25T01:12:57","guid":{"rendered":"https:\/\/super-news.info\/de\/der-werberat-zieht-beschwerde-bilanz-absatzwirtschaft\/"},"modified":"2021-03-25T01:12:59","modified_gmt":"2021-03-25T01:12:59","slug":"der-werberat-zieht-beschwerde-bilanz-absatzwirtschaft","status":"publish","type":"post","link":"https:\/\/super-news.info\/de\/der-werberat-zieht-beschwerde-bilanz-absatzwirtschaft\/","title":{"rendered":"der Werberat zieht Beschwerde-Bilanz \u203a absatzwirtschaft"},"content":{"rendered":"<p>\t\t\t\t\t\tKonstante Fallzahlen und keine &#8222;Corona-Delle&#8220; beim Deutschen Werberat: Auch 2020 blieben die B\u00fcrger im Dialog mit der Werbewirtschaft. Ein Streifzug durch die Beschwerdef\u00e4lle in der Werbung des vergangenen Jahres.<\/p>\n<p>\t\t\t\t\tVon Henning Eberhardt<br \/>\n\t\t\t\t\tDer Deutsche Werberat<br \/>\nist die Anlaufstelle f\u00fcr Beschwerden und fungiert als Mittler zwischen<br \/>\nWerbenden und Umworbenen. Die B\u00fcrgerinnen und B\u00fcrger wenden sich an die Instanz,<br \/>\nwenn sie Werbung als unangemessen empfinden. Heute ver\u00f6ffentlichte der Deutsche<br \/>\nWerberat seine Beschwerde-Bilanz f\u00fcr das Jahr 2020 \u2013 dazu zun\u00e4chst einige<br \/>\nFakten:<\/p>\n<p>Der Deutsche Werberat entschied im vergangenen Jahr \u00fcber 498 F\u00e4lle, fast ebenso viele wie 2019.Insgesamt beschwerten sich 1343 Personen oder Institutionen bei der Selbstkontrolleinrichtung.In den eingeleiteten Verfahren folgten rund 90 Prozent aller Unternehmen dem Votum des Gremiums und stoppten oder \u00e4nderten ihre Werbung, wenn der Werberat sie beanstandet hatte.<\/p>\n<p>\u00dcber welche Art<br \/>\nder Werbung wurde sich beschwert?<\/p>\n<p>Im Jahr 2020 wandte sich die Bev\u00f6lkerung wieder mit den unterschiedlichsten Anliegen an den Deutschen Werberat: Sie sahen allgemein geltende Moralvorstellungen verletzt, Kinder in ihrer Entwicklung beeintr\u00e4chtigt, machten Geschlechterdiskriminierung geltend, empfanden ihre Religion als verunglimpft oder kritisierten Werbung als rassistisch.<\/p>\n<p>Von den 660 gepr\u00fcften F\u00e4llen fielen 162 F\u00e4lle nicht in die Zust\u00e4ndigkeit der Selbstkontrolleinrichtung, etwa weil es sich nicht um Wirtschaftswerbung handelte, sondern um Werbung von Beh\u00f6rden oder Parteien. Auch f\u00fcr Verst\u00f6\u00dfe gegen gesetzliche Werbeverbote ist der Werberat nicht zust\u00e4ndig. Beschwerden richten sich zudem h\u00e4ufiger als in der Vergangenheit gegen die beworbenen Produkte oder Dienstleistungen selbst und nicht gegen ihre Bewerbung.<\/p>\n<p>Den Werberat<br \/>\nerreichen verst\u00e4rkt \u00c4u\u00dferungen, die anl\u00e4sslich der Marktkommunikation von<br \/>\nUnternehmen erfolgen, die aber grunds\u00e4tzlich Stellung nehmen. Das Spektrum ist<br \/>\nweit: Meinungen zur zukunftsgerechten Mobilit\u00e4t, zu Ern\u00e4hrungsfragen und zur<br \/>\nSexualmoral werden anl\u00e4sslich der Bewerbung von Fahrzeugen, Lebensmitteln,<br \/>\nErotikspielzeug oder Dating-Portalen an die Werbeselbstkontrolle adressiert \u2013<br \/>\nallerdings nicht nur von B\u00fcrgern, sondern verst\u00e4rkt von Kampagnenorganisationen<br \/>\noder zivilgesellschaftlichen Gruppierungen.\u00a0<\/p>\n<p>114-mal wurde Werbung zur\u00fcckgezogen<\/p>\n<p>Weitere Fakten zu Beschwerden \u00fcber Werbung<br \/>\nim Jahr 2020:<\/p>\n<p>Der Werberat entschied \u00fcber 498 einzelne Werbesujets,<br \/>\nein Minus von drei Prozent gegen\u00fcber dem Vorjahr.In 126 F\u00e4llen teilte der Werberat die Kritik der<br \/>\nBeschwerdef\u00fchrer und informierte die betreffenden Unternehmen \u00fcber den Versto\u00df<br \/>\ngegen den Werbekodex.In 114 F\u00e4llen zogen die betroffenen Unternehmen ihre<br \/>\nWerbung zur\u00fcck oder \u00e4nderten sie.Von Kritik freigesprochen wurden 372 Werbemotive, da<br \/>\nkein Versto\u00df gegen den Werbekodex vorlag.Nur in zw\u00f6lf F\u00e4llen reagierten die Unternehmen nicht<br \/>\nunmittelbar auf die Beanstandung und erhielten deshalb eine \u00d6ffentliche R\u00fcge<br \/>\n(2019: 13 R\u00fcgen).11 von 12 ger\u00fcgten F\u00e4lle f\u00fcr 2020 betrafen sexistische<br \/>\nWerbung und gingen an kleine oder mittlere Unternehmen, deren Kommunikation<br \/>\nnicht von professioneller Seite begleitet wurde.<\/p>\n<p>\u201cAuch wenn 2020 ein besonderes Jahr war und die Menschen wegen des Lockdowns und der damit verbundenen Einschr\u00e4nkungen weniger mobil waren, blieb die Bev\u00f6lkerung engagiert und nahm den Werberat als zentrale Anlaufstelle f\u00fcr ihre Beschwerden in Anspruch, wie die fast unver\u00e4nderte Fallzahl in 2020 zeigt\u201d, sagt Katja Heintschel von Heinegg, Gesch\u00e4ftsf\u00fchrerin des Deutschen Werberats, zur aktuellen Beschwerdebilanz.<\/p>\n<p>Inhalte der Werbekritik 2020 im \u00dcberblick:<\/p>\n<p>Geschlechterdiskriminierende Werbung, also sexistische Werbung, Frauen- und\/oder M\u00e4nnerdiskriminierung, steht nach wie vor an der Spitze der Gr\u00fcnde, warum sich die Bev\u00f6lkerung mit Protesten an den Werberat wendet. 2020 waren es 224 Beschwerdef\u00e4lle (fast die H\u00e4lfte aller F\u00e4lle). Dies waren weniger F\u00e4lle als im Vorjahr (259). In fast einem Drittel der F\u00e4lle folgte der Werberat der Kritik: Er beanstandete insgesamt 71 Werbema\u00dfnahmen wegen geschlechterdiskriminierender Inhalte. Mehr als zwei Drittel der Beschwerdef\u00e4lle zu diesem Thema wurden freigesprochen (153 F\u00e4lle). Es lag laut Werberat kein Versto\u00df gegen den Kodex der Werbebranche vor.<\/p>\n<p>An zweiter Stelle der Beschwerdegr\u00fcnde standen Verst\u00f6\u00dfe der Kategorie Diskriminierung von Personengruppen (66 F\u00e4lle). Beschwerden in dieser Kategorie hatten 2020 deutlich zugenommen. Hier spiegelte sich laut Werberat die Debatte im Zuge der \u201eBlack Lives Matter\u201c-Bewegung wider, mit der eine h\u00f6here Aufmerksamkeit und Sensibilisierung f\u00fcr Werbesujets, die verschiedene Ethnien abbilden, einherging. So kritisierte ein Beschwerdef\u00fchrer die Darstellung eines schwarzen Mannes mit Warnweste neben einer wei\u00dfen Frau als grunds\u00e4tzlich diskriminierend. Der Deutsche Werberat sah von einer Beanstandung ab.<\/p>\n<p>An dritter Stelle der Beschwerdegr\u00fcnde standen Verst\u00f6\u00dfe gegen Ethische und moralische Mindestanforderungen mit 62 F\u00e4llen, die der Werberat anhand seiner\u00a0Grundregeln zur kommerziellen Kommunikation\u00a0beurteilte. Weitere Beschwerdeinhalte betrafen die Nachahmungsgefahr gef\u00e4hrlichen oder unsozialen Verhaltens (26 F\u00e4lle), sexuell anst\u00f6\u00dfige Werbung (19) sowie die Entwicklungsbeeintr\u00e4chtigung von Kindern und Jugendlichen (17). Zugenommen haben 2020 Beschwerden in der Kategorie Werbung mit der Angst (14, Vorjahr: 3). Darin spiegelt sich laut Werberat eine durch die Corona-Pandemie bedingte h\u00f6here Sensibilit\u00e4t wider.<\/p>\n<p>Kritisierte Werbung nach Werbemitteln<\/p>\n<p>Am h\u00e4ufigsten wurde sich beim Werberat \u00fcber Online-Werbung beschwert. Hier entschied die Selbstkontrolleinrichtung \u00fcber 129 F\u00e4lle; mit 102 F\u00e4llen folgte die Plakatwerbung vor der TV-Werbung mit 90 F\u00e4llen.\u00a0<\/p>\n<p>Sie wollen weitere relevante Informationen und spannende Hintergr\u00fcnde f\u00fcr Ihre t\u00e4gliche Arbeit im Marketing? Dann\u00a0abonnieren Sie jetzt hier\u00a0unseren kostenfreien Newsletter.<\/p>\n<p>\n<!--noindex--><br \/>\n<a href=\"https:\/\/www.absatzwirtschaft.de\/178547-178547\/\" rel=\"nofollow\">Source link <\/a><br \/>\n<!--\/noindex--><\/p>\n","protected":false},"excerpt":{"rendered":"<p>Konstante Fallzahlen und keine &#8222;Corona-Delle&#8220; beim Deutschen Werberat: Auch 2020 blieben die B\u00fcrger im Dialog mit der Werbewirtschaft. Ein Streifzug durch die Beschwerdef\u00e4lle in der Werbung des vergangenen Jahres. Von Henning Eberhardt Der Deutsche Werberat ist die Anlaufstelle f\u00fcr Beschwerden und fungiert als Mittler zwischen Werbenden und Umworbenen. Die B\u00fcrgerinnen und B\u00fcrger wenden sich an [&hellip;]<\/p>\n","protected":false},"author":1,"featured_media":1328,"comment_status":"open","ping_status":"open","sticky":false,"template":"","format":"standard","meta":{"footnotes":""},"categories":[5],"tags":[],"class_list":["post-1327","post","type-post","status-publish","format-standard","has-post-thumbnail","hentry","category-marketing-news"],"yoast_head":"<!-- This site is optimized with the Yoast SEO plugin v27.4 - https:\/\/yoast.com\/product\/yoast-seo-wordpress\/ -->\n<title>der Werberat zieht Beschwerde-Bilanz \u203a absatzwirtschaft - Super News<\/title>\n<meta name=\"robots\" content=\"index, follow, max-snippet:-1, max-image-preview:large, max-video-preview:-1\" \/>\n<link rel=\"canonical\" href=\"https:\/\/super-news.info\/de\/der-werberat-zieht-beschwerde-bilanz-absatzwirtschaft\/\" \/>\n<meta property=\"og:locale\" content=\"de_DE\" \/>\n<meta property=\"og:type\" content=\"article\" \/>\n<meta property=\"og:title\" content=\"der Werberat zieht Beschwerde-Bilanz \u203a absatzwirtschaft - Super News\" \/>\n<meta property=\"og:description\" content=\"Konstante Fallzahlen und keine &#8222;Corona-Delle&#8220; beim Deutschen Werberat: Auch 2020 blieben die B\u00fcrger im Dialog mit der Werbewirtschaft. Ein Streifzug durch die Beschwerdef\u00e4lle in der Werbung des vergangenen Jahres. Von Henning Eberhardt Der Deutsche Werberat ist die Anlaufstelle f\u00fcr Beschwerden und fungiert als Mittler zwischen Werbenden und Umworbenen. Die B\u00fcrgerinnen und B\u00fcrger wenden sich an [&hellip;]\" \/>\n<meta property=\"og:url\" content=\"https:\/\/super-news.info\/de\/der-werberat-zieht-beschwerde-bilanz-absatzwirtschaft\/\" \/>\n<meta property=\"og:site_name\" content=\"Super News\" \/>\n<meta property=\"article:published_time\" content=\"2021-03-25T01:12:57+00:00\" \/>\n<meta property=\"article:modified_time\" content=\"2021-03-25T01:12:59+00:00\" \/>\n<meta property=\"og:image\" content=\"https:\/\/super-news.info\/de\/wp-content\/uploads\/sites\/13\/2021\/03\/der-Werberat-zieht-Beschwerde-Bilanz-absatzwirtschaft.jpg\" \/>\n\t<meta property=\"og:image:width\" content=\"630\" \/>\n\t<meta property=\"og:image:height\" content=\"354\" \/>\n\t<meta property=\"og:image:type\" content=\"image\/jpeg\" \/>\n<meta name=\"author\" content=\"super news\" \/>\n<meta name=\"twitter:card\" content=\"summary_large_image\" \/>\n<meta name=\"twitter:label1\" content=\"Verfasst von\" \/>\n\t<meta name=\"twitter:data1\" content=\"super news\" \/>\n\t<meta name=\"twitter:label2\" content=\"Gesch\u00e4tzte Lesezeit\" \/>\n\t<meta name=\"twitter:data2\" content=\"4\u00a0Minuten\" \/>\n<script type=\"application\/ld+json\" class=\"yoast-schema-graph\">{\"@context\":\"https:\\\/\\\/schema.org\",\"@graph\":[{\"@type\":\"Article\",\"@id\":\"https:\\\/\\\/super-news.info\\\/de\\\/der-werberat-zieht-beschwerde-bilanz-absatzwirtschaft\\\/#article\",\"isPartOf\":{\"@id\":\"https:\\\/\\\/super-news.info\\\/de\\\/der-werberat-zieht-beschwerde-bilanz-absatzwirtschaft\\\/\"},\"author\":{\"name\":\"super news\",\"@id\":\"https:\\\/\\\/super-news.info\\\/de\\\/#\\\/schema\\\/person\\\/2b9ff946d06444e803cb306ffcfd1045\"},\"headline\":\"der Werberat zieht Beschwerde-Bilanz \u203a absatzwirtschaft\",\"datePublished\":\"2021-03-25T01:12:57+00:00\",\"dateModified\":\"2021-03-25T01:12:59+00:00\",\"mainEntityOfPage\":{\"@id\":\"https:\\\/\\\/super-news.info\\\/de\\\/der-werberat-zieht-beschwerde-bilanz-absatzwirtschaft\\\/\"},\"wordCount\":825,\"commentCount\":0,\"image\":{\"@id\":\"https:\\\/\\\/super-news.info\\\/de\\\/der-werberat-zieht-beschwerde-bilanz-absatzwirtschaft\\\/#primaryimage\"},\"thumbnailUrl\":\"https:\\\/\\\/super-news.info\\\/de\\\/wp-content\\\/uploads\\\/sites\\\/13\\\/2021\\\/03\\\/der-Werberat-zieht-Beschwerde-Bilanz-absatzwirtschaft.jpg\",\"articleSection\":[\"MARKETING NEWS\"],\"inLanguage\":\"de\",\"potentialAction\":[{\"@type\":\"CommentAction\",\"name\":\"Comment\",\"target\":[\"https:\\\/\\\/super-news.info\\\/de\\\/der-werberat-zieht-beschwerde-bilanz-absatzwirtschaft\\\/#respond\"]}]},{\"@type\":\"WebPage\",\"@id\":\"https:\\\/\\\/super-news.info\\\/de\\\/der-werberat-zieht-beschwerde-bilanz-absatzwirtschaft\\\/\",\"url\":\"https:\\\/\\\/super-news.info\\\/de\\\/der-werberat-zieht-beschwerde-bilanz-absatzwirtschaft\\\/\",\"name\":\"der Werberat zieht Beschwerde-Bilanz \u203a absatzwirtschaft - Super News\",\"isPartOf\":{\"@id\":\"https:\\\/\\\/super-news.info\\\/de\\\/#website\"},\"primaryImageOfPage\":{\"@id\":\"https:\\\/\\\/super-news.info\\\/de\\\/der-werberat-zieht-beschwerde-bilanz-absatzwirtschaft\\\/#primaryimage\"},\"image\":{\"@id\":\"https:\\\/\\\/super-news.info\\\/de\\\/der-werberat-zieht-beschwerde-bilanz-absatzwirtschaft\\\/#primaryimage\"},\"thumbnailUrl\":\"https:\\\/\\\/super-news.info\\\/de\\\/wp-content\\\/uploads\\\/sites\\\/13\\\/2021\\\/03\\\/der-Werberat-zieht-Beschwerde-Bilanz-absatzwirtschaft.jpg\",\"datePublished\":\"2021-03-25T01:12:57+00:00\",\"dateModified\":\"2021-03-25T01:12:59+00:00\",\"author\":{\"@id\":\"https:\\\/\\\/super-news.info\\\/de\\\/#\\\/schema\\\/person\\\/2b9ff946d06444e803cb306ffcfd1045\"},\"breadcrumb\":{\"@id\":\"https:\\\/\\\/super-news.info\\\/de\\\/der-werberat-zieht-beschwerde-bilanz-absatzwirtschaft\\\/#breadcrumb\"},\"inLanguage\":\"de\",\"potentialAction\":[{\"@type\":\"ReadAction\",\"target\":[\"https:\\\/\\\/super-news.info\\\/de\\\/der-werberat-zieht-beschwerde-bilanz-absatzwirtschaft\\\/\"]}]},{\"@type\":\"ImageObject\",\"inLanguage\":\"de\",\"@id\":\"https:\\\/\\\/super-news.info\\\/de\\\/der-werberat-zieht-beschwerde-bilanz-absatzwirtschaft\\\/#primaryimage\",\"url\":\"https:\\\/\\\/super-news.info\\\/de\\\/wp-content\\\/uploads\\\/sites\\\/13\\\/2021\\\/03\\\/der-Werberat-zieht-Beschwerde-Bilanz-absatzwirtschaft.jpg\",\"contentUrl\":\"https:\\\/\\\/super-news.info\\\/de\\\/wp-content\\\/uploads\\\/sites\\\/13\\\/2021\\\/03\\\/der-Werberat-zieht-Beschwerde-Bilanz-absatzwirtschaft.jpg\",\"width\":630,\"height\":354,\"caption\":\"der Werberat zieht Beschwerde-Bilanz \u203a absatzwirtschaft\"},{\"@type\":\"BreadcrumbList\",\"@id\":\"https:\\\/\\\/super-news.info\\\/de\\\/der-werberat-zieht-beschwerde-bilanz-absatzwirtschaft\\\/#breadcrumb\",\"itemListElement\":[{\"@type\":\"ListItem\",\"position\":1,\"name\":\"Home\",\"item\":\"https:\\\/\\\/super-news.info\\\/de\\\/\"},{\"@type\":\"ListItem\",\"position\":2,\"name\":\"der Werberat zieht Beschwerde-Bilanz \u203a absatzwirtschaft\"}]},{\"@type\":\"WebSite\",\"@id\":\"https:\\\/\\\/super-news.info\\\/de\\\/#website\",\"url\":\"https:\\\/\\\/super-news.info\\\/de\\\/\",\"name\":\"Super News\",\"description\":\"Super News Germany\",\"potentialAction\":[{\"@type\":\"SearchAction\",\"target\":{\"@type\":\"EntryPoint\",\"urlTemplate\":\"https:\\\/\\\/super-news.info\\\/de\\\/?s={search_term_string}\"},\"query-input\":{\"@type\":\"PropertyValueSpecification\",\"valueRequired\":true,\"valueName\":\"search_term_string\"}}],\"inLanguage\":\"de\"},{\"@type\":\"Person\",\"@id\":\"https:\\\/\\\/super-news.info\\\/de\\\/#\\\/schema\\\/person\\\/2b9ff946d06444e803cb306ffcfd1045\",\"name\":\"super news\",\"image\":{\"@type\":\"ImageObject\",\"inLanguage\":\"de\",\"@id\":\"https:\\\/\\\/secure.gravatar.com\\\/avatar\\\/98e0b303f300d45b2a94684c5e4dda8baa4a5e9710b579f7493c8612061d08bf?s=96&d=mm&r=g\",\"url\":\"https:\\\/\\\/secure.gravatar.com\\\/avatar\\\/98e0b303f300d45b2a94684c5e4dda8baa4a5e9710b579f7493c8612061d08bf?s=96&d=mm&r=g\",\"contentUrl\":\"https:\\\/\\\/secure.gravatar.com\\\/avatar\\\/98e0b303f300d45b2a94684c5e4dda8baa4a5e9710b579f7493c8612061d08bf?s=96&d=mm&r=g\",\"caption\":\"super news\"},\"url\":\"https:\\\/\\\/super-news.info\\\/de\\\/author\\\/manuel\\\/\"}]}<\/script>\n<!-- \/ Yoast SEO plugin. -->","yoast_head_json":{"title":"der Werberat zieht Beschwerde-Bilanz \u203a absatzwirtschaft - Super News","robots":{"index":"index","follow":"follow","max-snippet":"max-snippet:-1","max-image-preview":"max-image-preview:large","max-video-preview":"max-video-preview:-1"},"canonical":"https:\/\/super-news.info\/de\/der-werberat-zieht-beschwerde-bilanz-absatzwirtschaft\/","og_locale":"de_DE","og_type":"article","og_title":"der Werberat zieht Beschwerde-Bilanz \u203a absatzwirtschaft - Super News","og_description":"Konstante Fallzahlen und keine &#8222;Corona-Delle&#8220; beim Deutschen Werberat: Auch 2020 blieben die B\u00fcrger im Dialog mit der Werbewirtschaft. Ein Streifzug durch die Beschwerdef\u00e4lle in der Werbung des vergangenen Jahres. Von Henning Eberhardt Der Deutsche Werberat ist die Anlaufstelle f\u00fcr Beschwerden und fungiert als Mittler zwischen Werbenden und Umworbenen. Die B\u00fcrgerinnen und B\u00fcrger wenden sich an [&hellip;]","og_url":"https:\/\/super-news.info\/de\/der-werberat-zieht-beschwerde-bilanz-absatzwirtschaft\/","og_site_name":"Super News","article_published_time":"2021-03-25T01:12:57+00:00","article_modified_time":"2021-03-25T01:12:59+00:00","og_image":[{"width":630,"height":354,"url":"https:\/\/super-news.info\/de\/wp-content\/uploads\/sites\/13\/2021\/03\/der-Werberat-zieht-Beschwerde-Bilanz-absatzwirtschaft.jpg","type":"image\/jpeg"}],"author":"super news","twitter_card":"summary_large_image","twitter_misc":{"Verfasst von":"super news","Gesch\u00e4tzte Lesezeit":"4\u00a0Minuten"},"schema":{"@context":"https:\/\/schema.org","@graph":[{"@type":"Article","@id":"https:\/\/super-news.info\/de\/der-werberat-zieht-beschwerde-bilanz-absatzwirtschaft\/#article","isPartOf":{"@id":"https:\/\/super-news.info\/de\/der-werberat-zieht-beschwerde-bilanz-absatzwirtschaft\/"},"author":{"name":"super news","@id":"https:\/\/super-news.info\/de\/#\/schema\/person\/2b9ff946d06444e803cb306ffcfd1045"},"headline":"der Werberat zieht Beschwerde-Bilanz \u203a absatzwirtschaft","datePublished":"2021-03-25T01:12:57+00:00","dateModified":"2021-03-25T01:12:59+00:00","mainEntityOfPage":{"@id":"https:\/\/super-news.info\/de\/der-werberat-zieht-beschwerde-bilanz-absatzwirtschaft\/"},"wordCount":825,"commentCount":0,"image":{"@id":"https:\/\/super-news.info\/de\/der-werberat-zieht-beschwerde-bilanz-absatzwirtschaft\/#primaryimage"},"thumbnailUrl":"https:\/\/super-news.info\/de\/wp-content\/uploads\/sites\/13\/2021\/03\/der-Werberat-zieht-Beschwerde-Bilanz-absatzwirtschaft.jpg","articleSection":["MARKETING NEWS"],"inLanguage":"de","potentialAction":[{"@type":"CommentAction","name":"Comment","target":["https:\/\/super-news.info\/de\/der-werberat-zieht-beschwerde-bilanz-absatzwirtschaft\/#respond"]}]},{"@type":"WebPage","@id":"https:\/\/super-news.info\/de\/der-werberat-zieht-beschwerde-bilanz-absatzwirtschaft\/","url":"https:\/\/super-news.info\/de\/der-werberat-zieht-beschwerde-bilanz-absatzwirtschaft\/","name":"der Werberat zieht Beschwerde-Bilanz \u203a absatzwirtschaft - Super News","isPartOf":{"@id":"https:\/\/super-news.info\/de\/#website"},"primaryImageOfPage":{"@id":"https:\/\/super-news.info\/de\/der-werberat-zieht-beschwerde-bilanz-absatzwirtschaft\/#primaryimage"},"image":{"@id":"https:\/\/super-news.info\/de\/der-werberat-zieht-beschwerde-bilanz-absatzwirtschaft\/#primaryimage"},"thumbnailUrl":"https:\/\/super-news.info\/de\/wp-content\/uploads\/sites\/13\/2021\/03\/der-Werberat-zieht-Beschwerde-Bilanz-absatzwirtschaft.jpg","datePublished":"2021-03-25T01:12:57+00:00","dateModified":"2021-03-25T01:12:59+00:00","author":{"@id":"https:\/\/super-news.info\/de\/#\/schema\/person\/2b9ff946d06444e803cb306ffcfd1045"},"breadcrumb":{"@id":"https:\/\/super-news.info\/de\/der-werberat-zieht-beschwerde-bilanz-absatzwirtschaft\/#breadcrumb"},"inLanguage":"de","potentialAction":[{"@type":"ReadAction","target":["https:\/\/super-news.info\/de\/der-werberat-zieht-beschwerde-bilanz-absatzwirtschaft\/"]}]},{"@type":"ImageObject","inLanguage":"de","@id":"https:\/\/super-news.info\/de\/der-werberat-zieht-beschwerde-bilanz-absatzwirtschaft\/#primaryimage","url":"https:\/\/super-news.info\/de\/wp-content\/uploads\/sites\/13\/2021\/03\/der-Werberat-zieht-Beschwerde-Bilanz-absatzwirtschaft.jpg","contentUrl":"https:\/\/super-news.info\/de\/wp-content\/uploads\/sites\/13\/2021\/03\/der-Werberat-zieht-Beschwerde-Bilanz-absatzwirtschaft.jpg","width":630,"height":354,"caption":"der Werberat zieht Beschwerde-Bilanz \u203a absatzwirtschaft"},{"@type":"BreadcrumbList","@id":"https:\/\/super-news.info\/de\/der-werberat-zieht-beschwerde-bilanz-absatzwirtschaft\/#breadcrumb","itemListElement":[{"@type":"ListItem","position":1,"name":"Home","item":"https:\/\/super-news.info\/de\/"},{"@type":"ListItem","position":2,"name":"der Werberat zieht Beschwerde-Bilanz \u203a absatzwirtschaft"}]},{"@type":"WebSite","@id":"https:\/\/super-news.info\/de\/#website","url":"https:\/\/super-news.info\/de\/","name":"Super News","description":"Super News Germany","potentialAction":[{"@type":"SearchAction","target":{"@type":"EntryPoint","urlTemplate":"https:\/\/super-news.info\/de\/?s={search_term_string}"},"query-input":{"@type":"PropertyValueSpecification","valueRequired":true,"valueName":"search_term_string"}}],"inLanguage":"de"},{"@type":"Person","@id":"https:\/\/super-news.info\/de\/#\/schema\/person\/2b9ff946d06444e803cb306ffcfd1045","name":"super news","image":{"@type":"ImageObject","inLanguage":"de","@id":"https:\/\/secure.gravatar.com\/avatar\/98e0b303f300d45b2a94684c5e4dda8baa4a5e9710b579f7493c8612061d08bf?s=96&d=mm&r=g","url":"https:\/\/secure.gravatar.com\/avatar\/98e0b303f300d45b2a94684c5e4dda8baa4a5e9710b579f7493c8612061d08bf?s=96&d=mm&r=g","contentUrl":"https:\/\/secure.gravatar.com\/avatar\/98e0b303f300d45b2a94684c5e4dda8baa4a5e9710b579f7493c8612061d08bf?s=96&d=mm&r=g","caption":"super news"},"url":"https:\/\/super-news.info\/de\/author\/manuel\/"}]}},"_links":{"self":[{"href":"https:\/\/super-news.info\/de\/wp-json\/wp\/v2\/posts\/1327","targetHints":{"allow":["GET"]}}],"collection":[{"href":"https:\/\/super-news.info\/de\/wp-json\/wp\/v2\/posts"}],"about":[{"href":"https:\/\/super-news.info\/de\/wp-json\/wp\/v2\/types\/post"}],"author":[{"embeddable":true,"href":"https:\/\/super-news.info\/de\/wp-json\/wp\/v2\/users\/1"}],"replies":[{"embeddable":true,"href":"https:\/\/super-news.info\/de\/wp-json\/wp\/v2\/comments?post=1327"}],"version-history":[{"count":1,"href":"https:\/\/super-news.info\/de\/wp-json\/wp\/v2\/posts\/1327\/revisions"}],"predecessor-version":[{"id":1329,"href":"https:\/\/super-news.info\/de\/wp-json\/wp\/v2\/posts\/1327\/revisions\/1329"}],"wp:featuredmedia":[{"embeddable":true,"href":"https:\/\/super-news.info\/de\/wp-json\/wp\/v2\/media\/1328"}],"wp:attachment":[{"href":"https:\/\/super-news.info\/de\/wp-json\/wp\/v2\/media?parent=1327"}],"wp:term":[{"taxonomy":"category","embeddable":true,"href":"https:\/\/super-news.info\/de\/wp-json\/wp\/v2\/categories?post=1327"},{"taxonomy":"post_tag","embeddable":true,"href":"https:\/\/super-news.info\/de\/wp-json\/wp\/v2\/tags?post=1327"}],"curies":[{"name":"wp","href":"https:\/\/api.w.org\/{rel}","templated":true}]}}