{"id":1320,"date":"2021-03-24T01:08:14","date_gmt":"2021-03-24T01:08:14","guid":{"rendered":"https:\/\/super-news.info\/de\/walingen-wird-chief-strategy-officer-von-volkswagen-pkw-absatzwirtschaft\/"},"modified":"2021-03-24T01:08:16","modified_gmt":"2021-03-24T01:08:16","slug":"walingen-wird-chief-strategy-officer-von-volkswagen-pkw-absatzwirtschaft","status":"publish","type":"post","link":"https:\/\/super-news.info\/de\/walingen-wird-chief-strategy-officer-von-volkswagen-pkw-absatzwirtschaft\/","title":{"rendered":"Walingen wird Chief Strategy Officer von Volkswagen Pkw \u203a absatzwirtschaft"},"content":{"rendered":"<p>\t  \t\t\t\t\t\t\t  \t\t\t\t\t\t\t\tAndreas Walingen ist neuer Chief Strategy Officer der Marke Volkswagen Pkw.<br \/>\n\t  \t\t\t\t\t\t\t\t  \t\t\t\t\t\t\t  \t\t\t\t\t\t\t\t\t \u00a9 Volkswagen<\/p>\n<p>\t\t\t\t\t\tAndreas Walingen, aktuell Leiter Konzern Produktstrategie, wird zum 1. Mai Chief Strategy Officer der Marke Volkswagen Pkw. Von Porsche wechselt zudem Gernot D\u00f6llner in die Strategie des Wolfsburger Automobilkonzerns.<\/p>\n<p>\t\t\t\t\t\tAnzeige<\/p>\n<p>\t\t\t\t\tVon Henning Eberhardt<br \/>\n\t\t\t\t\tAndreas Walingen ist neuer Chief Strategy Officer der Marke<br \/>\nVolkswagen Pkw. Walingen startete seine berufliche Karriere 2001 bei Porsche im<br \/>\nProjekteinkauf Sportwagen und wurde 2003 Leiter Beschaffung Elektronik. 2007<br \/>\nwechselte er als Projektleiter in die Unternehmensstrategie von Porsche und<br \/>\nsp\u00e4ter in die Porsche Automobil Holding SE mit einem Schwerpunkt auf Synergien<br \/>\nzwischen Porsche und Volkswagen.<\/p>\n<p>Zwischen 2012 und 2018 hatte Walingen bei Porsche Leitungsfunktionen<br \/>\nf\u00fcr die Strategie und Organisationsentwicklung, das Produktmanagement sowie die<br \/>\nEnd-to-End-Elektronik-Architektur E3 inne. 2019 wechselte er zu Volkswagen als<br \/>\nLeiter Konzern Produktstrategie und hat dort unter anderem die<br \/>\nPortfoliotransformation zur Elektromobilit\u00e4t vorangetrieben.<\/p>\n<p>Walingen folgt auf Michael Jost<\/p>\n<p>Walingen folgt als Chief Strategy Officer von Volkswagen Pkw<br \/>\nauf Michael Jost, der 2015 die Strategieleitung f\u00fcr die Marke Volkswagen<br \/>\n\u00fcbernahm und ab 2018 zus\u00e4tzlich Leiter Konzern Strategie Produkt war. Jost<br \/>\nstartete seine Karriere 1987 bei BMW. 1996 \u00fcbernahm er die Gesch\u00e4ftsf\u00fchrung der<br \/>\nBMW-Handelsgruppe. 2005 wechselte er in die Gesch\u00e4ftsf\u00fchrung der Jost<br \/>\nConsulting. Im Volkswagen-Konzern war er ab 2010 zun\u00e4chst Chefproduktstratege und<br \/>\n-manager von \u0160koda.<\/p>\n<p>Laut Ralf Brandst\u00e4tter, CEO der Marke Volkswagen, ist Jost \u201ceiner der wichtigsten Wegbereiter unserer E-Offensive\u201d. Mit seinen \u201cAnalysen und mutigen Visionen\u201d habe er \u201cdie Transformation unseres Unternehmens beschleunigt und wesentlich zum Erfolg dieses Wandels beigetragen\u201d.<\/p>\n<p>D\u00f6llner \u00fcbernimmt Konzernstrategie bei Volkswagen<\/p>\n<p>W\u00e4hrend Walingen die Rolle des Chief Strategy Officers der Marke Volkswagen Pkw von Jost \u00fcbernimmt, wird Gernot D\u00f6llner zum 1. Mai Josts zweite Rolle als Leiter Konzern Strategie Produkt bekleiden. D\u00f6llner wird zus\u00e4tzlich auch Leiter Konzernstrategie und Leiter des Generalsekretariats der Volkswagen AG. In den beiden letztgenannten Funktionen folgt er auf J\u00fcrgen Rittersberger, der ab April das Ressort Finanz und Recht im Vorstand von Audi \u00fcbernimmt.<\/p>\n<p>D\u00f6llner berichtet in seinen neuen Funktionen direkt an Herbert Diess, den Vorstandsvorsitzenden des Volkswagen Konzerns. Aktuell ist D\u00f6llner noch Leiter Produkt und Konzept bei Porsche.<\/p>\n<p>absatzwirtschaft+<\/p>\n<p>Sie wollen weitere relevante Informationen und spannende Hintergr\u00fcnde f\u00fcr Ihre t\u00e4gliche Arbeit im Marketing? Dann\u00a0abonnieren Sie jetzt hier\u00a0unseren kostenfreien Newsletter.<\/p>\n<p>\n<!--noindex--><br \/>\n<a href=\"https:\/\/www.absatzwirtschaft.de\/walingen-wird-chief-strategy-officer-von-volkswagen-pkw-178521\/\" rel=\"nofollow\">Source link <\/a><br \/>\n<!--\/noindex--><\/p>\n","protected":false},"excerpt":{"rendered":"<p>Andreas Walingen ist neuer Chief Strategy Officer der Marke Volkswagen Pkw. \u00a9 Volkswagen Andreas Walingen, aktuell Leiter Konzern Produktstrategie, wird zum 1. Mai Chief Strategy Officer der Marke Volkswagen Pkw. Von Porsche wechselt zudem Gernot D\u00f6llner in die Strategie des Wolfsburger Automobilkonzerns. Anzeige Von Henning Eberhardt Andreas Walingen ist neuer Chief Strategy Officer der Marke [&hellip;]<\/p>\n","protected":false},"author":1,"featured_media":1321,"comment_status":"open","ping_status":"open","sticky":false,"template":"","format":"standard","meta":{"footnotes":""},"categories":[5],"tags":[],"class_list":["post-1320","post","type-post","status-publish","format-standard","has-post-thumbnail","hentry","category-marketing-news"],"yoast_head":"<!-- This site is optimized with the Yoast SEO plugin v27.4 - https:\/\/yoast.com\/product\/yoast-seo-wordpress\/ -->\n<title>Walingen wird Chief Strategy Officer von Volkswagen Pkw \u203a absatzwirtschaft - Super News<\/title>\n<meta name=\"robots\" content=\"index, follow, max-snippet:-1, max-image-preview:large, max-video-preview:-1\" \/>\n<link rel=\"canonical\" href=\"https:\/\/super-news.info\/de\/walingen-wird-chief-strategy-officer-von-volkswagen-pkw-absatzwirtschaft\/\" \/>\n<meta property=\"og:locale\" content=\"de_DE\" \/>\n<meta property=\"og:type\" content=\"article\" \/>\n<meta property=\"og:title\" content=\"Walingen wird Chief Strategy Officer von Volkswagen Pkw \u203a absatzwirtschaft - Super News\" \/>\n<meta property=\"og:description\" content=\"Andreas Walingen ist neuer Chief Strategy Officer der Marke Volkswagen Pkw. \u00a9 Volkswagen Andreas Walingen, aktuell Leiter Konzern Produktstrategie, wird zum 1. Mai Chief Strategy Officer der Marke Volkswagen Pkw. Von Porsche wechselt zudem Gernot D\u00f6llner in die Strategie des Wolfsburger Automobilkonzerns. Anzeige Von Henning Eberhardt Andreas Walingen ist neuer Chief Strategy Officer der Marke [&hellip;]\" \/>\n<meta property=\"og:url\" content=\"https:\/\/super-news.info\/de\/walingen-wird-chief-strategy-officer-von-volkswagen-pkw-absatzwirtschaft\/\" \/>\n<meta property=\"og:site_name\" content=\"Super News\" \/>\n<meta property=\"article:published_time\" content=\"2021-03-24T01:08:14+00:00\" \/>\n<meta property=\"article:modified_time\" content=\"2021-03-24T01:08:16+00:00\" \/>\n<meta property=\"og:image\" content=\"https:\/\/super-news.info\/de\/wp-content\/uploads\/sites\/13\/2021\/03\/Walingen-wird-Chief-Strategy-Officer-von-Volkswagen-Pkw-absatzwirtschaft.jpg\" \/>\n\t<meta property=\"og:image:width\" content=\"630\" \/>\n\t<meta property=\"og:image:height\" content=\"354\" \/>\n\t<meta property=\"og:image:type\" content=\"image\/jpeg\" \/>\n<meta name=\"author\" content=\"super news\" \/>\n<meta name=\"twitter:card\" content=\"summary_large_image\" \/>\n<meta name=\"twitter:label1\" content=\"Verfasst von\" \/>\n\t<meta name=\"twitter:data1\" content=\"super news\" \/>\n\t<meta name=\"twitter:label2\" content=\"Gesch\u00e4tzte Lesezeit\" \/>\n\t<meta name=\"twitter:data2\" content=\"2\u00a0Minuten\" \/>\n<script type=\"application\/ld+json\" class=\"yoast-schema-graph\">{\"@context\":\"https:\\\/\\\/schema.org\",\"@graph\":[{\"@type\":\"Article\",\"@id\":\"https:\\\/\\\/super-news.info\\\/de\\\/walingen-wird-chief-strategy-officer-von-volkswagen-pkw-absatzwirtschaft\\\/#article\",\"isPartOf\":{\"@id\":\"https:\\\/\\\/super-news.info\\\/de\\\/walingen-wird-chief-strategy-officer-von-volkswagen-pkw-absatzwirtschaft\\\/\"},\"author\":{\"name\":\"super news\",\"@id\":\"https:\\\/\\\/super-news.info\\\/de\\\/#\\\/schema\\\/person\\\/2b9ff946d06444e803cb306ffcfd1045\"},\"headline\":\"Walingen wird Chief Strategy Officer von Volkswagen Pkw \u203a absatzwirtschaft\",\"datePublished\":\"2021-03-24T01:08:14+00:00\",\"dateModified\":\"2021-03-24T01:08:16+00:00\",\"mainEntityOfPage\":{\"@id\":\"https:\\\/\\\/super-news.info\\\/de\\\/walingen-wird-chief-strategy-officer-von-volkswagen-pkw-absatzwirtschaft\\\/\"},\"wordCount\":384,\"commentCount\":0,\"image\":{\"@id\":\"https:\\\/\\\/super-news.info\\\/de\\\/walingen-wird-chief-strategy-officer-von-volkswagen-pkw-absatzwirtschaft\\\/#primaryimage\"},\"thumbnailUrl\":\"https:\\\/\\\/super-news.info\\\/de\\\/wp-content\\\/uploads\\\/sites\\\/13\\\/2021\\\/03\\\/Walingen-wird-Chief-Strategy-Officer-von-Volkswagen-Pkw-absatzwirtschaft.jpg\",\"articleSection\":[\"MARKETING NEWS\"],\"inLanguage\":\"de\",\"potentialAction\":[{\"@type\":\"CommentAction\",\"name\":\"Comment\",\"target\":[\"https:\\\/\\\/super-news.info\\\/de\\\/walingen-wird-chief-strategy-officer-von-volkswagen-pkw-absatzwirtschaft\\\/#respond\"]}]},{\"@type\":\"WebPage\",\"@id\":\"https:\\\/\\\/super-news.info\\\/de\\\/walingen-wird-chief-strategy-officer-von-volkswagen-pkw-absatzwirtschaft\\\/\",\"url\":\"https:\\\/\\\/super-news.info\\\/de\\\/walingen-wird-chief-strategy-officer-von-volkswagen-pkw-absatzwirtschaft\\\/\",\"name\":\"Walingen wird Chief Strategy Officer von Volkswagen Pkw \u203a absatzwirtschaft - Super News\",\"isPartOf\":{\"@id\":\"https:\\\/\\\/super-news.info\\\/de\\\/#website\"},\"primaryImageOfPage\":{\"@id\":\"https:\\\/\\\/super-news.info\\\/de\\\/walingen-wird-chief-strategy-officer-von-volkswagen-pkw-absatzwirtschaft\\\/#primaryimage\"},\"image\":{\"@id\":\"https:\\\/\\\/super-news.info\\\/de\\\/walingen-wird-chief-strategy-officer-von-volkswagen-pkw-absatzwirtschaft\\\/#primaryimage\"},\"thumbnailUrl\":\"https:\\\/\\\/super-news.info\\\/de\\\/wp-content\\\/uploads\\\/sites\\\/13\\\/2021\\\/03\\\/Walingen-wird-Chief-Strategy-Officer-von-Volkswagen-Pkw-absatzwirtschaft.jpg\",\"datePublished\":\"2021-03-24T01:08:14+00:00\",\"dateModified\":\"2021-03-24T01:08:16+00:00\",\"author\":{\"@id\":\"https:\\\/\\\/super-news.info\\\/de\\\/#\\\/schema\\\/person\\\/2b9ff946d06444e803cb306ffcfd1045\"},\"breadcrumb\":{\"@id\":\"https:\\\/\\\/super-news.info\\\/de\\\/walingen-wird-chief-strategy-officer-von-volkswagen-pkw-absatzwirtschaft\\\/#breadcrumb\"},\"inLanguage\":\"de\",\"potentialAction\":[{\"@type\":\"ReadAction\",\"target\":[\"https:\\\/\\\/super-news.info\\\/de\\\/walingen-wird-chief-strategy-officer-von-volkswagen-pkw-absatzwirtschaft\\\/\"]}]},{\"@type\":\"ImageObject\",\"inLanguage\":\"de\",\"@id\":\"https:\\\/\\\/super-news.info\\\/de\\\/walingen-wird-chief-strategy-officer-von-volkswagen-pkw-absatzwirtschaft\\\/#primaryimage\",\"url\":\"https:\\\/\\\/super-news.info\\\/de\\\/wp-content\\\/uploads\\\/sites\\\/13\\\/2021\\\/03\\\/Walingen-wird-Chief-Strategy-Officer-von-Volkswagen-Pkw-absatzwirtschaft.jpg\",\"contentUrl\":\"https:\\\/\\\/super-news.info\\\/de\\\/wp-content\\\/uploads\\\/sites\\\/13\\\/2021\\\/03\\\/Walingen-wird-Chief-Strategy-Officer-von-Volkswagen-Pkw-absatzwirtschaft.jpg\",\"width\":630,\"height\":354,\"caption\":\"Walingen wird Chief Strategy Officer von Volkswagen Pkw \u203a absatzwirtschaft\"},{\"@type\":\"BreadcrumbList\",\"@id\":\"https:\\\/\\\/super-news.info\\\/de\\\/walingen-wird-chief-strategy-officer-von-volkswagen-pkw-absatzwirtschaft\\\/#breadcrumb\",\"itemListElement\":[{\"@type\":\"ListItem\",\"position\":1,\"name\":\"Home\",\"item\":\"https:\\\/\\\/super-news.info\\\/de\\\/\"},{\"@type\":\"ListItem\",\"position\":2,\"name\":\"Walingen wird Chief Strategy Officer von Volkswagen Pkw \u203a absatzwirtschaft\"}]},{\"@type\":\"WebSite\",\"@id\":\"https:\\\/\\\/super-news.info\\\/de\\\/#website\",\"url\":\"https:\\\/\\\/super-news.info\\\/de\\\/\",\"name\":\"Super News\",\"description\":\"Super News Germany\",\"potentialAction\":[{\"@type\":\"SearchAction\",\"target\":{\"@type\":\"EntryPoint\",\"urlTemplate\":\"https:\\\/\\\/super-news.info\\\/de\\\/?s={search_term_string}\"},\"query-input\":{\"@type\":\"PropertyValueSpecification\",\"valueRequired\":true,\"valueName\":\"search_term_string\"}}],\"inLanguage\":\"de\"},{\"@type\":\"Person\",\"@id\":\"https:\\\/\\\/super-news.info\\\/de\\\/#\\\/schema\\\/person\\\/2b9ff946d06444e803cb306ffcfd1045\",\"name\":\"super news\",\"image\":{\"@type\":\"ImageObject\",\"inLanguage\":\"de\",\"@id\":\"https:\\\/\\\/secure.gravatar.com\\\/avatar\\\/98e0b303f300d45b2a94684c5e4dda8baa4a5e9710b579f7493c8612061d08bf?s=96&d=mm&r=g\",\"url\":\"https:\\\/\\\/secure.gravatar.com\\\/avatar\\\/98e0b303f300d45b2a94684c5e4dda8baa4a5e9710b579f7493c8612061d08bf?s=96&d=mm&r=g\",\"contentUrl\":\"https:\\\/\\\/secure.gravatar.com\\\/avatar\\\/98e0b303f300d45b2a94684c5e4dda8baa4a5e9710b579f7493c8612061d08bf?s=96&d=mm&r=g\",\"caption\":\"super news\"},\"url\":\"https:\\\/\\\/super-news.info\\\/de\\\/author\\\/manuel\\\/\"}]}<\/script>\n<!-- \/ Yoast SEO plugin. -->","yoast_head_json":{"title":"Walingen wird Chief Strategy Officer von Volkswagen Pkw \u203a absatzwirtschaft - Super News","robots":{"index":"index","follow":"follow","max-snippet":"max-snippet:-1","max-image-preview":"max-image-preview:large","max-video-preview":"max-video-preview:-1"},"canonical":"https:\/\/super-news.info\/de\/walingen-wird-chief-strategy-officer-von-volkswagen-pkw-absatzwirtschaft\/","og_locale":"de_DE","og_type":"article","og_title":"Walingen wird Chief Strategy Officer von Volkswagen Pkw \u203a absatzwirtschaft - Super News","og_description":"Andreas Walingen ist neuer Chief Strategy Officer der Marke Volkswagen Pkw. \u00a9 Volkswagen Andreas Walingen, aktuell Leiter Konzern Produktstrategie, wird zum 1. Mai Chief Strategy Officer der Marke Volkswagen Pkw. Von Porsche wechselt zudem Gernot D\u00f6llner in die Strategie des Wolfsburger Automobilkonzerns. Anzeige Von Henning Eberhardt Andreas Walingen ist neuer Chief Strategy Officer der Marke [&hellip;]","og_url":"https:\/\/super-news.info\/de\/walingen-wird-chief-strategy-officer-von-volkswagen-pkw-absatzwirtschaft\/","og_site_name":"Super News","article_published_time":"2021-03-24T01:08:14+00:00","article_modified_time":"2021-03-24T01:08:16+00:00","og_image":[{"width":630,"height":354,"url":"https:\/\/super-news.info\/de\/wp-content\/uploads\/sites\/13\/2021\/03\/Walingen-wird-Chief-Strategy-Officer-von-Volkswagen-Pkw-absatzwirtschaft.jpg","type":"image\/jpeg"}],"author":"super news","twitter_card":"summary_large_image","twitter_misc":{"Verfasst von":"super news","Gesch\u00e4tzte Lesezeit":"2\u00a0Minuten"},"schema":{"@context":"https:\/\/schema.org","@graph":[{"@type":"Article","@id":"https:\/\/super-news.info\/de\/walingen-wird-chief-strategy-officer-von-volkswagen-pkw-absatzwirtschaft\/#article","isPartOf":{"@id":"https:\/\/super-news.info\/de\/walingen-wird-chief-strategy-officer-von-volkswagen-pkw-absatzwirtschaft\/"},"author":{"name":"super news","@id":"https:\/\/super-news.info\/de\/#\/schema\/person\/2b9ff946d06444e803cb306ffcfd1045"},"headline":"Walingen wird Chief Strategy Officer von Volkswagen Pkw \u203a absatzwirtschaft","datePublished":"2021-03-24T01:08:14+00:00","dateModified":"2021-03-24T01:08:16+00:00","mainEntityOfPage":{"@id":"https:\/\/super-news.info\/de\/walingen-wird-chief-strategy-officer-von-volkswagen-pkw-absatzwirtschaft\/"},"wordCount":384,"commentCount":0,"image":{"@id":"https:\/\/super-news.info\/de\/walingen-wird-chief-strategy-officer-von-volkswagen-pkw-absatzwirtschaft\/#primaryimage"},"thumbnailUrl":"https:\/\/super-news.info\/de\/wp-content\/uploads\/sites\/13\/2021\/03\/Walingen-wird-Chief-Strategy-Officer-von-Volkswagen-Pkw-absatzwirtschaft.jpg","articleSection":["MARKETING NEWS"],"inLanguage":"de","potentialAction":[{"@type":"CommentAction","name":"Comment","target":["https:\/\/super-news.info\/de\/walingen-wird-chief-strategy-officer-von-volkswagen-pkw-absatzwirtschaft\/#respond"]}]},{"@type":"WebPage","@id":"https:\/\/super-news.info\/de\/walingen-wird-chief-strategy-officer-von-volkswagen-pkw-absatzwirtschaft\/","url":"https:\/\/super-news.info\/de\/walingen-wird-chief-strategy-officer-von-volkswagen-pkw-absatzwirtschaft\/","name":"Walingen wird Chief Strategy Officer von Volkswagen Pkw \u203a absatzwirtschaft - Super News","isPartOf":{"@id":"https:\/\/super-news.info\/de\/#website"},"primaryImageOfPage":{"@id":"https:\/\/super-news.info\/de\/walingen-wird-chief-strategy-officer-von-volkswagen-pkw-absatzwirtschaft\/#primaryimage"},"image":{"@id":"https:\/\/super-news.info\/de\/walingen-wird-chief-strategy-officer-von-volkswagen-pkw-absatzwirtschaft\/#primaryimage"},"thumbnailUrl":"https:\/\/super-news.info\/de\/wp-content\/uploads\/sites\/13\/2021\/03\/Walingen-wird-Chief-Strategy-Officer-von-Volkswagen-Pkw-absatzwirtschaft.jpg","datePublished":"2021-03-24T01:08:14+00:00","dateModified":"2021-03-24T01:08:16+00:00","author":{"@id":"https:\/\/super-news.info\/de\/#\/schema\/person\/2b9ff946d06444e803cb306ffcfd1045"},"breadcrumb":{"@id":"https:\/\/super-news.info\/de\/walingen-wird-chief-strategy-officer-von-volkswagen-pkw-absatzwirtschaft\/#breadcrumb"},"inLanguage":"de","potentialAction":[{"@type":"ReadAction","target":["https:\/\/super-news.info\/de\/walingen-wird-chief-strategy-officer-von-volkswagen-pkw-absatzwirtschaft\/"]}]},{"@type":"ImageObject","inLanguage":"de","@id":"https:\/\/super-news.info\/de\/walingen-wird-chief-strategy-officer-von-volkswagen-pkw-absatzwirtschaft\/#primaryimage","url":"https:\/\/super-news.info\/de\/wp-content\/uploads\/sites\/13\/2021\/03\/Walingen-wird-Chief-Strategy-Officer-von-Volkswagen-Pkw-absatzwirtschaft.jpg","contentUrl":"https:\/\/super-news.info\/de\/wp-content\/uploads\/sites\/13\/2021\/03\/Walingen-wird-Chief-Strategy-Officer-von-Volkswagen-Pkw-absatzwirtschaft.jpg","width":630,"height":354,"caption":"Walingen wird Chief Strategy Officer von Volkswagen Pkw \u203a absatzwirtschaft"},{"@type":"BreadcrumbList","@id":"https:\/\/super-news.info\/de\/walingen-wird-chief-strategy-officer-von-volkswagen-pkw-absatzwirtschaft\/#breadcrumb","itemListElement":[{"@type":"ListItem","position":1,"name":"Home","item":"https:\/\/super-news.info\/de\/"},{"@type":"ListItem","position":2,"name":"Walingen wird Chief Strategy Officer von Volkswagen Pkw \u203a absatzwirtschaft"}]},{"@type":"WebSite","@id":"https:\/\/super-news.info\/de\/#website","url":"https:\/\/super-news.info\/de\/","name":"Super News","description":"Super News Germany","potentialAction":[{"@type":"SearchAction","target":{"@type":"EntryPoint","urlTemplate":"https:\/\/super-news.info\/de\/?s={search_term_string}"},"query-input":{"@type":"PropertyValueSpecification","valueRequired":true,"valueName":"search_term_string"}}],"inLanguage":"de"},{"@type":"Person","@id":"https:\/\/super-news.info\/de\/#\/schema\/person\/2b9ff946d06444e803cb306ffcfd1045","name":"super news","image":{"@type":"ImageObject","inLanguage":"de","@id":"https:\/\/secure.gravatar.com\/avatar\/98e0b303f300d45b2a94684c5e4dda8baa4a5e9710b579f7493c8612061d08bf?s=96&d=mm&r=g","url":"https:\/\/secure.gravatar.com\/avatar\/98e0b303f300d45b2a94684c5e4dda8baa4a5e9710b579f7493c8612061d08bf?s=96&d=mm&r=g","contentUrl":"https:\/\/secure.gravatar.com\/avatar\/98e0b303f300d45b2a94684c5e4dda8baa4a5e9710b579f7493c8612061d08bf?s=96&d=mm&r=g","caption":"super news"},"url":"https:\/\/super-news.info\/de\/author\/manuel\/"}]}},"_links":{"self":[{"href":"https:\/\/super-news.info\/de\/wp-json\/wp\/v2\/posts\/1320","targetHints":{"allow":["GET"]}}],"collection":[{"href":"https:\/\/super-news.info\/de\/wp-json\/wp\/v2\/posts"}],"about":[{"href":"https:\/\/super-news.info\/de\/wp-json\/wp\/v2\/types\/post"}],"author":[{"embeddable":true,"href":"https:\/\/super-news.info\/de\/wp-json\/wp\/v2\/users\/1"}],"replies":[{"embeddable":true,"href":"https:\/\/super-news.info\/de\/wp-json\/wp\/v2\/comments?post=1320"}],"version-history":[{"count":1,"href":"https:\/\/super-news.info\/de\/wp-json\/wp\/v2\/posts\/1320\/revisions"}],"predecessor-version":[{"id":1322,"href":"https:\/\/super-news.info\/de\/wp-json\/wp\/v2\/posts\/1320\/revisions\/1322"}],"wp:featuredmedia":[{"embeddable":true,"href":"https:\/\/super-news.info\/de\/wp-json\/wp\/v2\/media\/1321"}],"wp:attachment":[{"href":"https:\/\/super-news.info\/de\/wp-json\/wp\/v2\/media?parent=1320"}],"wp:term":[{"taxonomy":"category","embeddable":true,"href":"https:\/\/super-news.info\/de\/wp-json\/wp\/v2\/categories?post=1320"},{"taxonomy":"post_tag","embeddable":true,"href":"https:\/\/super-news.info\/de\/wp-json\/wp\/v2\/tags?post=1320"}],"curies":[{"name":"wp","href":"https:\/\/api.w.org\/{rel}","templated":true}]}}