{"id":128,"date":"2020-08-17T13:58:47","date_gmt":"2020-08-17T13:58:47","guid":{"rendered":"https:\/\/super-news.info\/de\/viel-mehr-als-nur-duebelkoenig-unternehmer-klaus-fischer-wird-70-absatzwirtschaft\/"},"modified":"2020-08-17T13:58:49","modified_gmt":"2020-08-17T13:58:49","slug":"viel-mehr-als-nur-duebelkoenig-unternehmer-klaus-fischer-wird-70-absatzwirtschaft","status":"publish","type":"post","link":"https:\/\/super-news.info\/de\/viel-mehr-als-nur-duebelkoenig-unternehmer-klaus-fischer-wird-70-absatzwirtschaft\/","title":{"rendered":"Viel mehr als nur D\u00fcbelk\u00f6nig \u2013 Unternehmer Klaus Fischer wird 70 \u203a absatzwirtschaft"},"content":{"rendered":"<p> [ad_1]<br \/>\n<\/p>\n<div itemprop=\"description\">\n<p><span class=\"entry-ressort\"\/><br \/>\n\t\t\t\t\t\tD\u00fcbel und Befestigungen aller Art, Autoteile, Technikbauk\u00e4sten und mehr liefert die Fischer Gruppe aus Waldachtal. Inhaber Klaus Fischer wird 70 Jahre alt und bleibt sich mit Kritik an der Politik treu. Vieles geht ihm viel zu langsam, ob es die Digitalisierung oder die Bildung ist.<\/p>\n<\/p><\/div>\n<div itemprop=\"articleBody\">\n<p>Seit 40 Jahren ist Klaus Fischer unbestrittener Herr der D\u00fcbel und  Befestigungen. Der Unternehmer beschr\u00e4nkt sich aber nicht darauf, die  von seinem Vater Artur gegr\u00fcndeten Fischerwerke auf weltweitem  Expansionskurs zu halten. Regelm\u00e4\u00dfig ermahnt er die Politik, ihre  Anstrengungen vor allem bei Bildung und Digitalisierung zu vergr\u00f6\u00dfern.  \u201cChina \u00fcberholt uns links und rechts\u201d, hatte er bereits im vergangenen Jahr im Gespr\u00e4ch mit der dpa gemahnt. Am 17. August wird Fischer 70 Jahre alt.<\/p>\n<p>Als 25-J\u00e4hriger Ingenieur war Klaus Fischer 1975 in das Unternehmen mit Sitz im Nordschwarzwald eingetreten. 1980 \u00fcbernahm er das Ruder des damals noch \u00fcberschaubaren Werks und vergr\u00f6\u00dferte es durch \u00dcbernahmen, den Aufbau neuer Gesch\u00e4ftsfelder und Internationalisierung. Heute liegt der Jahresumsatz der Unternehmensgruppe Fischer bei gut 887 Millionen  Euro. Die Corona-Pandemie nennt er die gr\u00f6\u00dfte Krise in der  Firmengeschichte. \u201cIn meiner 45-J\u00e4hrigen Laufbahn habe ich so etwas noch  nicht erlebt.\u201d Allerdings komme die Unternehmensgruppe bisher gut damit  zurecht, \u201cund wir haben viel gelernt\u201d.<\/p>\n<h2>Mittelstand und Familienunternehmen st\u00e4rken den Standort<\/h2>\n<p>Deutschland kommt aus Fischers Sicht besser als andere durch die  Pandemie. Er erinnert daran, dass Grundlage f\u00fcr das starke  Gesundheitssystem die starke Wirtschaft sei, vor allem der Mittelstand und die Familienunternehmen.<\/p>\n<p>Allerdings sei der Staat, das habe die Corona-Krise gezeigt, schlecht auf die digitale Zukunft vorbereitet. \u201cEs gibt viele Staaten, auch kleinere, die wesentlich weiter sind als wir. Deutschland ist weit hinten dran.\u201d In den Kinderg\u00e4rten, Schulen und Hochschulen m\u00fcsse sehr viel \u00fcberdacht werden. \u201cWenn wir so weitermachen, werden wir in einigen Jahren die ganz gro\u00dfen Verlierer sein\u201d, ist der Unternehmer \u00fcberzeugt. \u201cWir m\u00fcssen in Aus- und Weiterbildung und in Forschung viel mehr Geld investieren und vor allem innovative Ideen f\u00fcr die Zukunft haben.\u201d<\/p>\n<p>Inzwischen leitet Marc-Sven Mengis die Gesch\u00e4ftsf\u00fchrung, Fischer  k\u00fcmmert sich um Themen, die ihn besonders umtreiben, vor allem die  Ausbildung junger Menschen. So gibt es seit 2015 die Klaus Fischer Stiftung zur F\u00f6rderung der Kinder- und Jugendbildung. \u201cIch bin Optimist\u201d, sagt der Unternehmer. Er sei sich nur nicht sicher, ob die Politik in der Lage sei, Zukunftsprobleme wie etwa den Klimawandel und die Digitalisierung zu l\u00f6sen. \u201cDa mache ich mir gro\u00dfe Sorgen.\u201d<\/p>\n<h2>Zerw\u00fcrfnis zwischen Vater und Sohn<\/h2>\n<p>Dass Fischer \u00fcberhaupt so lange das Ruder des Familienunternehmens in der Hand hielt, ist auch die Folge eines fehlgeschlagenen Versuchs, den Generationswechsel in der Familie hinzubekommen. Im Fr\u00fchjahr 2012  nahm der damals 61-J\u00e4hrige die Gesch\u00e4fte wieder in die eigene Hand und blieb bis 2017 am Ruder. Sein Sohn J\u00f6rg verlie\u00df das Unternehmen nach nur einem Jahr an der Spitze. Man hatte sich nicht \u00fcber die Ausrichtung der Gesch\u00e4ftspolitik einigen k\u00f6nnen.<\/p>\n<p>Bei aller Expansion und dem Blick auf die Wirtschaft der Zukunft ist Fischer aber auch ein echter Firmenpatriarch geblieben. Stets korrekt im Anzug ist er oft in der Zentrale im Schwarzwald\u00f6rtchen Waldachtal unterwegs und ansprechbar f\u00fcr jeden Mitarbeiter. Er freut sich \u00fcber kritische Beitr\u00e4ge, \u00fcber Vorschl\u00e4ge und Beteiligung. \u201cEiner allein kann das nicht schaffen\u201d, ist er \u00fcberzeugt. \u201cDenn das gr\u00f6\u00dfte Kapital und der wichtigste Erfolgsfaktor in unserem Unternehmen sind nicht die Anlagen und Geb\u00e4ude, sondern die Mitarbeiterinnen und  Mitarbeiter\u201d, sagte er in einer aktuellen internen Ver\u00f6ffentlichung.<\/p>\n<h2>Einmal im Monat kocht Harald Wohlfahrt in der Kantine<\/h2>\n<p>Wie ernst Fischer es damit ist, zeigt sich zum Beispiel am Fitnessstudio in der Zentrale, das Mitarbeiter und Pension\u00e4re kostenlos benutzen k\u00f6nnen. Einmal im Monat kommt Deutschlands wohl renommiertester Koch, Harald Wohlfahrt, ins Betriebsrestaurant und tischt ein besonderes Men\u00fc auf. \u201cDie Mitarbeiter haben es verdient, ein sehr gutes Essen bekommen\u201d, sagte Fischer, der sich mittags h\u00e4ufig unter die Belegschaft mischt. Er l\u00e4sst sich solche Extras gerne Geld kosten. Wei\u00df der Unternehmer doch, dass er in dem nicht gerade zentral gelegenen Waldachtal beim Werben um qualifiziertes Personal in Konkurrenz zu Weltkonzernen aus Stuttgart steht.<\/p>\n<p>Der Pr\u00e4sident des Baden-W\u00fcrttembergischen Industrie- und  Handelskammertags, Wolfgang\u00a0Grenke, nannte Fischer ein Vorbild f\u00fcr  Unternehmertum. Er habe das Familienunternehmen in zweiter Generation in beispielloser Weise weiterentwickelt und zu einem Global Player  gemacht. \u201cEine enorme Lebensleistung.\u201d Er k\u00f6nne am 70 Geburtstag auf ein  Lebenswerk zur\u00fcckblicken, \u201cdas seines Gleichen sucht\u201d.<\/p>\n<p>Auch mit 70 Jahren wird Klaus Fischer die Arbeit wohl nicht ganz sein lassen. Um das Tagesgesch\u00e4ft k\u00fcmmert er sich schon l\u00e4nger nicht mehr, sagt er. Weiterhin werde aber die Zukunft sein Thema sein. Und weniger Arbeit soll es sein. \u201cIch habe so viele Dinge, die ich gerne machen w\u00fcrde.\u201d Er m\u00f6chte die Welt anschauen, L\u00e4nder genauer kennen lernen, in denen er bisher nur Flugh\u00e4fen und die Firma gesehen habe. \u201cIch habe jetzt zu wenig Zeit f\u00fcr die Natur, denn ich bin unheimlich gerne drau\u00dfen.\u201d Mit der Familie und Freunden zusammen sein, das Fahren mit seinen Oldtimern und vieles mehr steht auf Fischers Wunschliste.<\/p>\n<p>Den Geburtstag selbst will der dann 70-J\u00e4hrige zu Hause verbringen, am Vormittag in der Firma und sp\u00e4ter im kleinen Kreis.<\/p>\n<p><em>Von S\u00f6nke M\u00f6hl, dpa<\/em><\/p>\n<h2>absatzwirtschaft+<\/h2>\n<p> <em><strong>Sie wollen weitere relevante Informationen und spannende Hintergr\u00fcnde f\u00fcr Ihre t\u00e4gliche Arbeit im Marketing? Dann\u00a0abonnieren Sie jetzt hier\u00a0unseren kostenfreien Newsletter.<\/strong><\/em> <\/p>\n<\/p><\/div>\n<p><script>(function(d, s, id) {\n\t\t \t var js, fjs = d.getElementsByTagName(s)[0];\n\t\t \t if (d.getElementById(id)) return;\n\t\t\t  js = d.createElement(s); js.id = id;\n\t\t\t  js.src = \"http:\/\/connect.facebook.net\/de_DE\/all.js#xfbml=1\";\n\t\t\t  fjs.parentNode.insertBefore(js, fjs);\n\t\t\t  }(document, 'script', 'facebook-jssdk'));<\/script><br \/>\n<br \/>[ad_2]<br \/>\n<br \/><a href=\"https:\/\/www.absatzwirtschaft.de\/viel-mehr-als-nur-duebelkoenig-unternehmer-klaus-fischer-wird-70-174096\/\">Source link <\/a><\/p>\n","protected":false},"excerpt":{"rendered":"<p>[ad_1] D\u00fcbel und Befestigungen aller Art, Autoteile, Technikbauk\u00e4sten und mehr liefert die Fischer Gruppe aus Waldachtal. Inhaber Klaus Fischer wird 70 Jahre alt und bleibt sich mit Kritik an der Politik treu. Vieles geht ihm viel zu langsam, ob es die Digitalisierung oder die Bildung ist. Seit 40 Jahren ist Klaus Fischer unbestrittener Herr der [&hellip;]<\/p>\n","protected":false},"author":1,"featured_media":129,"comment_status":"open","ping_status":"open","sticky":false,"template":"","format":"standard","meta":{"footnotes":""},"categories":[5],"tags":[],"class_list":["post-128","post","type-post","status-publish","format-standard","has-post-thumbnail","hentry","category-marketing-news"],"yoast_head":"<!-- This site is optimized with the Yoast SEO plugin v27.4 - https:\/\/yoast.com\/product\/yoast-seo-wordpress\/ -->\n<title>Viel mehr als nur D\u00fcbelk\u00f6nig \u2013 Unternehmer Klaus Fischer wird 70 \u203a absatzwirtschaft - Super News<\/title>\n<meta name=\"robots\" content=\"index, follow, max-snippet:-1, max-image-preview:large, max-video-preview:-1\" \/>\n<link rel=\"canonical\" href=\"https:\/\/super-news.info\/de\/viel-mehr-als-nur-duebelkoenig-unternehmer-klaus-fischer-wird-70-absatzwirtschaft\/\" \/>\n<meta property=\"og:locale\" content=\"de_DE\" \/>\n<meta property=\"og:type\" content=\"article\" \/>\n<meta property=\"og:title\" content=\"Viel mehr als nur D\u00fcbelk\u00f6nig \u2013 Unternehmer Klaus Fischer wird 70 \u203a absatzwirtschaft - Super News\" \/>\n<meta property=\"og:description\" content=\"[ad_1] D\u00fcbel und Befestigungen aller Art, Autoteile, Technikbauk\u00e4sten und mehr liefert die Fischer Gruppe aus Waldachtal. Inhaber Klaus Fischer wird 70 Jahre alt und bleibt sich mit Kritik an der Politik treu. Vieles geht ihm viel zu langsam, ob es die Digitalisierung oder die Bildung ist. Seit 40 Jahren ist Klaus Fischer unbestrittener Herr der [&hellip;]\" \/>\n<meta property=\"og:url\" content=\"https:\/\/super-news.info\/de\/viel-mehr-als-nur-duebelkoenig-unternehmer-klaus-fischer-wird-70-absatzwirtschaft\/\" \/>\n<meta property=\"og:site_name\" content=\"Super News\" \/>\n<meta property=\"article:published_time\" content=\"2020-08-17T13:58:47+00:00\" \/>\n<meta property=\"article:modified_time\" content=\"2020-08-17T13:58:49+00:00\" \/>\n<meta property=\"og:image\" content=\"https:\/\/super-news.info\/de\/wp-content\/uploads\/sites\/13\/2020\/08\/Viel-mehr-als-nur-D-belk-nig-Unternehmer-Klaus-Fischer-wird.jpg\" \/>\n\t<meta property=\"og:image:width\" content=\"630\" \/>\n\t<meta property=\"og:image:height\" content=\"354\" \/>\n\t<meta property=\"og:image:type\" content=\"image\/jpeg\" \/>\n<meta name=\"author\" content=\"super news\" \/>\n<meta name=\"twitter:card\" content=\"summary_large_image\" \/>\n<meta name=\"twitter:label1\" content=\"Verfasst von\" \/>\n\t<meta name=\"twitter:data1\" content=\"super news\" \/>\n\t<meta name=\"twitter:label2\" content=\"Gesch\u00e4tzte Lesezeit\" \/>\n\t<meta name=\"twitter:data2\" content=\"5\u00a0Minuten\" \/>\n<script type=\"application\/ld+json\" class=\"yoast-schema-graph\">{\"@context\":\"https:\\\/\\\/schema.org\",\"@graph\":[{\"@type\":\"Article\",\"@id\":\"https:\\\/\\\/super-news.info\\\/de\\\/viel-mehr-als-nur-duebelkoenig-unternehmer-klaus-fischer-wird-70-absatzwirtschaft\\\/#article\",\"isPartOf\":{\"@id\":\"https:\\\/\\\/super-news.info\\\/de\\\/viel-mehr-als-nur-duebelkoenig-unternehmer-klaus-fischer-wird-70-absatzwirtschaft\\\/\"},\"author\":{\"name\":\"super news\",\"@id\":\"https:\\\/\\\/super-news.info\\\/de\\\/#\\\/schema\\\/person\\\/2b9ff946d06444e803cb306ffcfd1045\"},\"headline\":\"Viel mehr als nur D\u00fcbelk\u00f6nig \u2013 Unternehmer Klaus Fischer wird 70 \u203a absatzwirtschaft\",\"datePublished\":\"2020-08-17T13:58:47+00:00\",\"dateModified\":\"2020-08-17T13:58:49+00:00\",\"mainEntityOfPage\":{\"@id\":\"https:\\\/\\\/super-news.info\\\/de\\\/viel-mehr-als-nur-duebelkoenig-unternehmer-klaus-fischer-wird-70-absatzwirtschaft\\\/\"},\"wordCount\":921,\"commentCount\":0,\"image\":{\"@id\":\"https:\\\/\\\/super-news.info\\\/de\\\/viel-mehr-als-nur-duebelkoenig-unternehmer-klaus-fischer-wird-70-absatzwirtschaft\\\/#primaryimage\"},\"thumbnailUrl\":\"https:\\\/\\\/super-news.info\\\/de\\\/wp-content\\\/uploads\\\/sites\\\/13\\\/2020\\\/08\\\/Viel-mehr-als-nur-D-belk-nig-Unternehmer-Klaus-Fischer-wird.jpg\",\"articleSection\":[\"MARKETING NEWS\"],\"inLanguage\":\"de\",\"potentialAction\":[{\"@type\":\"CommentAction\",\"name\":\"Comment\",\"target\":[\"https:\\\/\\\/super-news.info\\\/de\\\/viel-mehr-als-nur-duebelkoenig-unternehmer-klaus-fischer-wird-70-absatzwirtschaft\\\/#respond\"]}]},{\"@type\":\"WebPage\",\"@id\":\"https:\\\/\\\/super-news.info\\\/de\\\/viel-mehr-als-nur-duebelkoenig-unternehmer-klaus-fischer-wird-70-absatzwirtschaft\\\/\",\"url\":\"https:\\\/\\\/super-news.info\\\/de\\\/viel-mehr-als-nur-duebelkoenig-unternehmer-klaus-fischer-wird-70-absatzwirtschaft\\\/\",\"name\":\"Viel mehr als nur D\u00fcbelk\u00f6nig \u2013 Unternehmer Klaus Fischer wird 70 \u203a absatzwirtschaft - Super News\",\"isPartOf\":{\"@id\":\"https:\\\/\\\/super-news.info\\\/de\\\/#website\"},\"primaryImageOfPage\":{\"@id\":\"https:\\\/\\\/super-news.info\\\/de\\\/viel-mehr-als-nur-duebelkoenig-unternehmer-klaus-fischer-wird-70-absatzwirtschaft\\\/#primaryimage\"},\"image\":{\"@id\":\"https:\\\/\\\/super-news.info\\\/de\\\/viel-mehr-als-nur-duebelkoenig-unternehmer-klaus-fischer-wird-70-absatzwirtschaft\\\/#primaryimage\"},\"thumbnailUrl\":\"https:\\\/\\\/super-news.info\\\/de\\\/wp-content\\\/uploads\\\/sites\\\/13\\\/2020\\\/08\\\/Viel-mehr-als-nur-D-belk-nig-Unternehmer-Klaus-Fischer-wird.jpg\",\"datePublished\":\"2020-08-17T13:58:47+00:00\",\"dateModified\":\"2020-08-17T13:58:49+00:00\",\"author\":{\"@id\":\"https:\\\/\\\/super-news.info\\\/de\\\/#\\\/schema\\\/person\\\/2b9ff946d06444e803cb306ffcfd1045\"},\"breadcrumb\":{\"@id\":\"https:\\\/\\\/super-news.info\\\/de\\\/viel-mehr-als-nur-duebelkoenig-unternehmer-klaus-fischer-wird-70-absatzwirtschaft\\\/#breadcrumb\"},\"inLanguage\":\"de\",\"potentialAction\":[{\"@type\":\"ReadAction\",\"target\":[\"https:\\\/\\\/super-news.info\\\/de\\\/viel-mehr-als-nur-duebelkoenig-unternehmer-klaus-fischer-wird-70-absatzwirtschaft\\\/\"]}]},{\"@type\":\"ImageObject\",\"inLanguage\":\"de\",\"@id\":\"https:\\\/\\\/super-news.info\\\/de\\\/viel-mehr-als-nur-duebelkoenig-unternehmer-klaus-fischer-wird-70-absatzwirtschaft\\\/#primaryimage\",\"url\":\"https:\\\/\\\/super-news.info\\\/de\\\/wp-content\\\/uploads\\\/sites\\\/13\\\/2020\\\/08\\\/Viel-mehr-als-nur-D-belk-nig-Unternehmer-Klaus-Fischer-wird.jpg\",\"contentUrl\":\"https:\\\/\\\/super-news.info\\\/de\\\/wp-content\\\/uploads\\\/sites\\\/13\\\/2020\\\/08\\\/Viel-mehr-als-nur-D-belk-nig-Unternehmer-Klaus-Fischer-wird.jpg\",\"width\":630,\"height\":354,\"caption\":\"Viel mehr als nur D\u00fcbelk\u00f6nig \u2013 Unternehmer Klaus Fischer wird 70 \u203a absatzwirtschaft\"},{\"@type\":\"BreadcrumbList\",\"@id\":\"https:\\\/\\\/super-news.info\\\/de\\\/viel-mehr-als-nur-duebelkoenig-unternehmer-klaus-fischer-wird-70-absatzwirtschaft\\\/#breadcrumb\",\"itemListElement\":[{\"@type\":\"ListItem\",\"position\":1,\"name\":\"Home\",\"item\":\"https:\\\/\\\/super-news.info\\\/de\\\/\"},{\"@type\":\"ListItem\",\"position\":2,\"name\":\"Viel mehr als nur D\u00fcbelk\u00f6nig \u2013 Unternehmer Klaus Fischer wird 70 \u203a absatzwirtschaft\"}]},{\"@type\":\"WebSite\",\"@id\":\"https:\\\/\\\/super-news.info\\\/de\\\/#website\",\"url\":\"https:\\\/\\\/super-news.info\\\/de\\\/\",\"name\":\"Super News\",\"description\":\"Super News Germany\",\"potentialAction\":[{\"@type\":\"SearchAction\",\"target\":{\"@type\":\"EntryPoint\",\"urlTemplate\":\"https:\\\/\\\/super-news.info\\\/de\\\/?s={search_term_string}\"},\"query-input\":{\"@type\":\"PropertyValueSpecification\",\"valueRequired\":true,\"valueName\":\"search_term_string\"}}],\"inLanguage\":\"de\"},{\"@type\":\"Person\",\"@id\":\"https:\\\/\\\/super-news.info\\\/de\\\/#\\\/schema\\\/person\\\/2b9ff946d06444e803cb306ffcfd1045\",\"name\":\"super news\",\"image\":{\"@type\":\"ImageObject\",\"inLanguage\":\"de\",\"@id\":\"https:\\\/\\\/secure.gravatar.com\\\/avatar\\\/98e0b303f300d45b2a94684c5e4dda8baa4a5e9710b579f7493c8612061d08bf?s=96&d=mm&r=g\",\"url\":\"https:\\\/\\\/secure.gravatar.com\\\/avatar\\\/98e0b303f300d45b2a94684c5e4dda8baa4a5e9710b579f7493c8612061d08bf?s=96&d=mm&r=g\",\"contentUrl\":\"https:\\\/\\\/secure.gravatar.com\\\/avatar\\\/98e0b303f300d45b2a94684c5e4dda8baa4a5e9710b579f7493c8612061d08bf?s=96&d=mm&r=g\",\"caption\":\"super news\"},\"url\":\"https:\\\/\\\/super-news.info\\\/de\\\/author\\\/manuel\\\/\"}]}<\/script>\n<!-- \/ Yoast SEO plugin. -->","yoast_head_json":{"title":"Viel mehr als nur D\u00fcbelk\u00f6nig \u2013 Unternehmer Klaus Fischer wird 70 \u203a absatzwirtschaft - Super News","robots":{"index":"index","follow":"follow","max-snippet":"max-snippet:-1","max-image-preview":"max-image-preview:large","max-video-preview":"max-video-preview:-1"},"canonical":"https:\/\/super-news.info\/de\/viel-mehr-als-nur-duebelkoenig-unternehmer-klaus-fischer-wird-70-absatzwirtschaft\/","og_locale":"de_DE","og_type":"article","og_title":"Viel mehr als nur D\u00fcbelk\u00f6nig \u2013 Unternehmer Klaus Fischer wird 70 \u203a absatzwirtschaft - Super News","og_description":"[ad_1] D\u00fcbel und Befestigungen aller Art, Autoteile, Technikbauk\u00e4sten und mehr liefert die Fischer Gruppe aus Waldachtal. Inhaber Klaus Fischer wird 70 Jahre alt und bleibt sich mit Kritik an der Politik treu. Vieles geht ihm viel zu langsam, ob es die Digitalisierung oder die Bildung ist. Seit 40 Jahren ist Klaus Fischer unbestrittener Herr der [&hellip;]","og_url":"https:\/\/super-news.info\/de\/viel-mehr-als-nur-duebelkoenig-unternehmer-klaus-fischer-wird-70-absatzwirtschaft\/","og_site_name":"Super News","article_published_time":"2020-08-17T13:58:47+00:00","article_modified_time":"2020-08-17T13:58:49+00:00","og_image":[{"width":630,"height":354,"url":"https:\/\/super-news.info\/de\/wp-content\/uploads\/sites\/13\/2020\/08\/Viel-mehr-als-nur-D-belk-nig-Unternehmer-Klaus-Fischer-wird.jpg","type":"image\/jpeg"}],"author":"super news","twitter_card":"summary_large_image","twitter_misc":{"Verfasst von":"super news","Gesch\u00e4tzte Lesezeit":"5\u00a0Minuten"},"schema":{"@context":"https:\/\/schema.org","@graph":[{"@type":"Article","@id":"https:\/\/super-news.info\/de\/viel-mehr-als-nur-duebelkoenig-unternehmer-klaus-fischer-wird-70-absatzwirtschaft\/#article","isPartOf":{"@id":"https:\/\/super-news.info\/de\/viel-mehr-als-nur-duebelkoenig-unternehmer-klaus-fischer-wird-70-absatzwirtschaft\/"},"author":{"name":"super news","@id":"https:\/\/super-news.info\/de\/#\/schema\/person\/2b9ff946d06444e803cb306ffcfd1045"},"headline":"Viel mehr als nur D\u00fcbelk\u00f6nig \u2013 Unternehmer Klaus Fischer wird 70 \u203a absatzwirtschaft","datePublished":"2020-08-17T13:58:47+00:00","dateModified":"2020-08-17T13:58:49+00:00","mainEntityOfPage":{"@id":"https:\/\/super-news.info\/de\/viel-mehr-als-nur-duebelkoenig-unternehmer-klaus-fischer-wird-70-absatzwirtschaft\/"},"wordCount":921,"commentCount":0,"image":{"@id":"https:\/\/super-news.info\/de\/viel-mehr-als-nur-duebelkoenig-unternehmer-klaus-fischer-wird-70-absatzwirtschaft\/#primaryimage"},"thumbnailUrl":"https:\/\/super-news.info\/de\/wp-content\/uploads\/sites\/13\/2020\/08\/Viel-mehr-als-nur-D-belk-nig-Unternehmer-Klaus-Fischer-wird.jpg","articleSection":["MARKETING NEWS"],"inLanguage":"de","potentialAction":[{"@type":"CommentAction","name":"Comment","target":["https:\/\/super-news.info\/de\/viel-mehr-als-nur-duebelkoenig-unternehmer-klaus-fischer-wird-70-absatzwirtschaft\/#respond"]}]},{"@type":"WebPage","@id":"https:\/\/super-news.info\/de\/viel-mehr-als-nur-duebelkoenig-unternehmer-klaus-fischer-wird-70-absatzwirtschaft\/","url":"https:\/\/super-news.info\/de\/viel-mehr-als-nur-duebelkoenig-unternehmer-klaus-fischer-wird-70-absatzwirtschaft\/","name":"Viel mehr als nur D\u00fcbelk\u00f6nig \u2013 Unternehmer Klaus Fischer wird 70 \u203a absatzwirtschaft - Super News","isPartOf":{"@id":"https:\/\/super-news.info\/de\/#website"},"primaryImageOfPage":{"@id":"https:\/\/super-news.info\/de\/viel-mehr-als-nur-duebelkoenig-unternehmer-klaus-fischer-wird-70-absatzwirtschaft\/#primaryimage"},"image":{"@id":"https:\/\/super-news.info\/de\/viel-mehr-als-nur-duebelkoenig-unternehmer-klaus-fischer-wird-70-absatzwirtschaft\/#primaryimage"},"thumbnailUrl":"https:\/\/super-news.info\/de\/wp-content\/uploads\/sites\/13\/2020\/08\/Viel-mehr-als-nur-D-belk-nig-Unternehmer-Klaus-Fischer-wird.jpg","datePublished":"2020-08-17T13:58:47+00:00","dateModified":"2020-08-17T13:58:49+00:00","author":{"@id":"https:\/\/super-news.info\/de\/#\/schema\/person\/2b9ff946d06444e803cb306ffcfd1045"},"breadcrumb":{"@id":"https:\/\/super-news.info\/de\/viel-mehr-als-nur-duebelkoenig-unternehmer-klaus-fischer-wird-70-absatzwirtschaft\/#breadcrumb"},"inLanguage":"de","potentialAction":[{"@type":"ReadAction","target":["https:\/\/super-news.info\/de\/viel-mehr-als-nur-duebelkoenig-unternehmer-klaus-fischer-wird-70-absatzwirtschaft\/"]}]},{"@type":"ImageObject","inLanguage":"de","@id":"https:\/\/super-news.info\/de\/viel-mehr-als-nur-duebelkoenig-unternehmer-klaus-fischer-wird-70-absatzwirtschaft\/#primaryimage","url":"https:\/\/super-news.info\/de\/wp-content\/uploads\/sites\/13\/2020\/08\/Viel-mehr-als-nur-D-belk-nig-Unternehmer-Klaus-Fischer-wird.jpg","contentUrl":"https:\/\/super-news.info\/de\/wp-content\/uploads\/sites\/13\/2020\/08\/Viel-mehr-als-nur-D-belk-nig-Unternehmer-Klaus-Fischer-wird.jpg","width":630,"height":354,"caption":"Viel mehr als nur D\u00fcbelk\u00f6nig \u2013 Unternehmer Klaus Fischer wird 70 \u203a absatzwirtschaft"},{"@type":"BreadcrumbList","@id":"https:\/\/super-news.info\/de\/viel-mehr-als-nur-duebelkoenig-unternehmer-klaus-fischer-wird-70-absatzwirtschaft\/#breadcrumb","itemListElement":[{"@type":"ListItem","position":1,"name":"Home","item":"https:\/\/super-news.info\/de\/"},{"@type":"ListItem","position":2,"name":"Viel mehr als nur D\u00fcbelk\u00f6nig \u2013 Unternehmer Klaus Fischer wird 70 \u203a absatzwirtschaft"}]},{"@type":"WebSite","@id":"https:\/\/super-news.info\/de\/#website","url":"https:\/\/super-news.info\/de\/","name":"Super News","description":"Super News Germany","potentialAction":[{"@type":"SearchAction","target":{"@type":"EntryPoint","urlTemplate":"https:\/\/super-news.info\/de\/?s={search_term_string}"},"query-input":{"@type":"PropertyValueSpecification","valueRequired":true,"valueName":"search_term_string"}}],"inLanguage":"de"},{"@type":"Person","@id":"https:\/\/super-news.info\/de\/#\/schema\/person\/2b9ff946d06444e803cb306ffcfd1045","name":"super news","image":{"@type":"ImageObject","inLanguage":"de","@id":"https:\/\/secure.gravatar.com\/avatar\/98e0b303f300d45b2a94684c5e4dda8baa4a5e9710b579f7493c8612061d08bf?s=96&d=mm&r=g","url":"https:\/\/secure.gravatar.com\/avatar\/98e0b303f300d45b2a94684c5e4dda8baa4a5e9710b579f7493c8612061d08bf?s=96&d=mm&r=g","contentUrl":"https:\/\/secure.gravatar.com\/avatar\/98e0b303f300d45b2a94684c5e4dda8baa4a5e9710b579f7493c8612061d08bf?s=96&d=mm&r=g","caption":"super news"},"url":"https:\/\/super-news.info\/de\/author\/manuel\/"}]}},"_links":{"self":[{"href":"https:\/\/super-news.info\/de\/wp-json\/wp\/v2\/posts\/128","targetHints":{"allow":["GET"]}}],"collection":[{"href":"https:\/\/super-news.info\/de\/wp-json\/wp\/v2\/posts"}],"about":[{"href":"https:\/\/super-news.info\/de\/wp-json\/wp\/v2\/types\/post"}],"author":[{"embeddable":true,"href":"https:\/\/super-news.info\/de\/wp-json\/wp\/v2\/users\/1"}],"replies":[{"embeddable":true,"href":"https:\/\/super-news.info\/de\/wp-json\/wp\/v2\/comments?post=128"}],"version-history":[{"count":1,"href":"https:\/\/super-news.info\/de\/wp-json\/wp\/v2\/posts\/128\/revisions"}],"predecessor-version":[{"id":130,"href":"https:\/\/super-news.info\/de\/wp-json\/wp\/v2\/posts\/128\/revisions\/130"}],"wp:featuredmedia":[{"embeddable":true,"href":"https:\/\/super-news.info\/de\/wp-json\/wp\/v2\/media\/129"}],"wp:attachment":[{"href":"https:\/\/super-news.info\/de\/wp-json\/wp\/v2\/media?parent=128"}],"wp:term":[{"taxonomy":"category","embeddable":true,"href":"https:\/\/super-news.info\/de\/wp-json\/wp\/v2\/categories?post=128"},{"taxonomy":"post_tag","embeddable":true,"href":"https:\/\/super-news.info\/de\/wp-json\/wp\/v2\/tags?post=128"}],"curies":[{"name":"wp","href":"https:\/\/api.w.org\/{rel}","templated":true}]}}