{"id":115,"date":"2020-08-11T13:56:15","date_gmt":"2020-08-11T13:56:15","guid":{"rendered":"https:\/\/super-news.info\/de\/tiktok-wirbt-seinen-ersten-deutschlandchef-von-springer-ab-absatzwirtschaft\/"},"modified":"2020-08-12T15:19:34","modified_gmt":"2020-08-12T15:19:34","slug":"tiktok-wirbt-seinen-ersten-deutschlandchef-von-springer-ab-absatzwirtschaft","status":"publish","type":"post","link":"https:\/\/super-news.info\/de\/tiktok-wirbt-seinen-ersten-deutschlandchef-von-springer-ab-absatzwirtschaft\/","title":{"rendered":"TikTok wirbt seinen ersten Deutschlandchef von Springer ab \u203a absatzwirtschaft"},"content":{"rendered":"\n<p>[ad_1]<\/p>\n<div id=\"post-174038\"><!-- .entry-header -->\n<p>\u00a0<\/p>\n<figure>\n<figcaption><strong>Tobias Henning ist seit 2011 bei Axel Springer. Nun verl\u00e4sst er den Medienkonzern und heuert bei der Videoplattform TikTok an.<\/strong><br \/><cite>\u00a9 TikTok<\/cite>\n<p>\u00a0<\/p>\n<p>\u00a0<\/p>\n<\/figcaption>\n<\/figure>\n<p>\u00a0<\/p>\n<div class=\"entry-excerpt\">\n<p><span class=\"entry-ressort\"><br \/>W\u00e4hrend zwischen China und den USA ein erbitterter Streit um den Verkauf von Teilen der Videoplattform TikTok tobt, hat das Unternehmen seinen ersten Deutschlandchef eingestellt: Tobias Henning kommt von Axel Springer und bringt Erfahrung bei der Entwicklung digitaler Content-Modelle mit.<\/span><\/p>\n<p>\u00a0<\/p>\n<\/div>\n<p><!-- Advertisement --><\/p>\n<p>\u00a0<\/p>\n<div class=\"abs-ad-content grid-box-advertisement\">\n<p>\u00a0<\/p>\n<div class=\"abs-abs\"><!-- debug pluginarray(6) {\n  [0]=>\n  int(1895)\n  [1]=>\n  int(763)\n  [2]=>\n  int(3937)\n  [3]=>\n  int(15584)\n  [4]=>\n  int(16807)\n  [5]=>\n  int(1417)\n}\n--><header class=\"ad-info-title adf-24238\">\n<p>Anzeige<\/p>\n<\/header>\n<p><noscript><br \/>\n\t\t\t\t<br \/>\n\t\t\t\t\t<img decoding=\"async\" src=\"http:\/\/super-news.info\/de\/wp-content\/uploads\/sites\/13\/2020\/08\/TikTok-wirbt-seinen-ersten-Deutschlandchef-von-Springer-ab-absatzwirtschaft.gif\" border=\"0\" alt=\"\"\/><\/a><br \/>\n\t\t\t\t<\/noscript><\/p>\n<\/div>\n<p>\u00a0<\/p>\n<\/div>\n<p><!-- END Advertisement --><\/p>\n<p>\u00a0<\/p>\n<div class=\"entry-content\">\n<p class=\"entry-author\"><em>Von <span class=\"vcard author\"><span class=\"fn\">Thomas Thieme<\/span><\/span><\/em><\/p>\n<p>Die Videoplattform TikTok macht Tobias Henning zu ihrem ersten Deutschlandchef. Der 41-J\u00e4hrige soll seinen neuen Job zum 1. Oktober antreten, teilte das Unternehmen am Dienstag mit. Bisher war Henning daf\u00fcr verantwortlich, die Reichweiten der digialen Springer-Angebote \u201cWelt-Plus\u201d und \u201cBild-Plus\u201d zu steigern.<\/p>\n<p>Nun soll der Manager TikTok Deutschland in die n\u00e4chste Wachstumsphase f\u00fchren. \u201cDeutschland ist einer unserer wichtigsten M\u00e4rkte. Wir investieren viel in den Aufbau des Teams und wir freuen uns sehr, dass Tobias unser Wachstum und unsere Lokalisierungsstrategie weiter voranbringen wird\u201d, wird TikTok-Europachef Rich Waterworth in einer Mitteilung zitiert.<\/p>\n<h2>App hat 800 Millionen Nutzer weltweit<\/h2>\n<p>Bevor er 2011 bei Springer begonnen hat, war der Jurist unter anderem bei der internationalen Anwaltssoziet\u00e4t Hengeler Mueller t\u00e4tig. Au\u00dferdem absolvierte er einen MBA an der ESCP Business School in Paris. \u201cTikTok ist f\u00fcr mich eine einzigartige, innovative Content-Plattform. Die unglaublich unterhaltsamen Ideen der vielf\u00e4ltigen Nutzer*innen beeindrucken mich immer wieder aufs Neue\u201d, wird Henning zitiert.<\/p>\n<p>TikTok ist mit seinen kurzen Videoclips besonders bei jungen Menschen popul\u00e4r. Weltweit hat die App mehr als 800 Millionen Nutzer. Aktueller Zahlen f\u00fcr Deutschland nennt das Unternehmen nicht. Fr\u00fcheren Presseberichten zufolge nutzten Ende 2019 hierzulande 5,5 Millionen Menschen die Videoplattform.<\/p>\n<h2>Streit um die \u00dcbernahme des US-Gesch\u00e4fts<\/h2>\n<p>Der chinesische Mutterkonzern Bytedance steht derzeit in Verhandlungen mit Microsoft um eine \u00dcbernahme des Gesch\u00e4fts in den USA, Kanada, Australien und Neuseeland. Ein weiterer m\u00f6glicher Interessent soll Medienberichten zufolge der Kurznachrichtendienst Twitter sein.<\/p>\n<p>Hinter den Kulissen macht die US-Regierung dem Unternehmen Druck, um den Verkauf zu beschleunigen. US-Pr\u00e4sident Trump sieht in der Plattform eine Bedrohung f\u00fcr die nationale Sicherheit der Vereinigten Staaten, weil China damit Zugriff auf Daten von Amerikanern erlange. China bestreitet den Vorwurf. Sollte der Verkauf an ein US-Unternehmen scheitern, hat Trump bereits ein Verbot der App angek\u00fcndigt.<\/p>\n<h2>absatzwirtschaft+<\/h2>\n<p><em><strong>Sie wollen weitere relevante Informationen und spannende Hintergr\u00fcnde f\u00fcr Ihre t\u00e4gliche Arbeit im Marketing? Dann\u00a0abonnieren Sie jetzt hier\u00a0unseren kostenfreien Newsletter.<\/strong><\/em><\/p>\n<p>\u00a0<\/p>\n<\/div>\n<p><!-- .entry-content --><\/p>\n<\/div>\n<p><script>(function(d, s, id) {<br \/>\n\t\t \t var js, fjs = d.getElementsByTagName(s)[0];<br \/>\n\t\t \t if (d.getElementById(id)) return;<br \/>\n\t\t\t  js = d.createElement(s); js.id = id;<br \/>\n\t\t\t  js.src = \"http:\/\/connect.facebook.net\/de_DE\/all.js#xfbml=1\";<br \/>\n\t\t\t  fjs.parentNode.insertBefore(js, fjs);<br \/>\n\t\t\t  }(document, 'script', 'facebook-jssdk'));<\/script><br \/><br \/>[ad_2]<br \/><br \/><a href=\"https:\/\/www.absatzwirtschaft.de\/tiktok-wirbt-seinen-ersten-deutschlandchef-von-springer-ab-174038\/\">Source link <\/a><\/p>\n","protected":false},"excerpt":{"rendered":"<p>[ad_1] \u00a0 Tobias Henning ist seit 2011 bei Axel Springer. Nun verl\u00e4sst er den Medienkonzern und heuert bei der Videoplattform TikTok an.\u00a9 TikTok \u00a0 \u00a0 \u00a0 W\u00e4hrend zwischen China und den USA ein erbitterter Streit um den Verkauf von Teilen der Videoplattform TikTok tobt, hat das Unternehmen seinen ersten Deutschlandchef eingestellt: Tobias Henning kommt von [&hellip;]<\/p>\n","protected":false},"author":1,"featured_media":116,"comment_status":"open","ping_status":"open","sticky":false,"template":"","format":"standard","meta":{"footnotes":""},"categories":[5],"tags":[],"class_list":["post-115","post","type-post","status-publish","format-standard","has-post-thumbnail","hentry","category-marketing-news"],"yoast_head":"<!-- This site is optimized with the Yoast SEO plugin v27.4 - https:\/\/yoast.com\/product\/yoast-seo-wordpress\/ -->\n<title>TikTok wirbt seinen ersten Deutschlandchef von Springer ab \u203a absatzwirtschaft - Super News<\/title>\n<meta name=\"robots\" content=\"index, follow, max-snippet:-1, max-image-preview:large, max-video-preview:-1\" \/>\n<link rel=\"canonical\" href=\"https:\/\/super-news.info\/de\/tiktok-wirbt-seinen-ersten-deutschlandchef-von-springer-ab-absatzwirtschaft\/\" \/>\n<meta property=\"og:locale\" content=\"de_DE\" \/>\n<meta property=\"og:type\" content=\"article\" \/>\n<meta property=\"og:title\" content=\"TikTok wirbt seinen ersten Deutschlandchef von Springer ab \u203a absatzwirtschaft - Super News\" \/>\n<meta property=\"og:description\" content=\"[ad_1] \u00a0 Tobias Henning ist seit 2011 bei Axel Springer. Nun verl\u00e4sst er den Medienkonzern und heuert bei der Videoplattform TikTok an.\u00a9 TikTok \u00a0 \u00a0 \u00a0 W\u00e4hrend zwischen China und den USA ein erbitterter Streit um den Verkauf von Teilen der Videoplattform TikTok tobt, hat das Unternehmen seinen ersten Deutschlandchef eingestellt: Tobias Henning kommt von [&hellip;]\" \/>\n<meta property=\"og:url\" content=\"https:\/\/super-news.info\/de\/tiktok-wirbt-seinen-ersten-deutschlandchef-von-springer-ab-absatzwirtschaft\/\" \/>\n<meta property=\"og:site_name\" content=\"Super News\" \/>\n<meta property=\"article:published_time\" content=\"2020-08-11T13:56:15+00:00\" \/>\n<meta property=\"article:modified_time\" content=\"2020-08-12T15:19:34+00:00\" \/>\n<meta property=\"og:image\" content=\"https:\/\/super-news.info\/de\/wp-content\/uploads\/sites\/13\/2020\/08\/1597154176_TikTok-wirbt-seinen-ersten-Deutschlandchef-von-Springer-ab-absatzwirtschaft.jpg\" \/>\n\t<meta property=\"og:image:width\" content=\"630\" \/>\n\t<meta property=\"og:image:height\" content=\"354\" \/>\n\t<meta property=\"og:image:type\" content=\"image\/jpeg\" \/>\n<meta name=\"author\" content=\"super news\" \/>\n<meta name=\"twitter:card\" content=\"summary_large_image\" \/>\n<meta name=\"twitter:label1\" content=\"Verfasst von\" \/>\n\t<meta name=\"twitter:data1\" content=\"super news\" \/>\n\t<meta name=\"twitter:label2\" content=\"Gesch\u00e4tzte Lesezeit\" \/>\n\t<meta name=\"twitter:data2\" content=\"2\u00a0Minuten\" \/>\n<script type=\"application\/ld+json\" class=\"yoast-schema-graph\">{\"@context\":\"https:\\\/\\\/schema.org\",\"@graph\":[{\"@type\":\"Article\",\"@id\":\"https:\\\/\\\/super-news.info\\\/de\\\/tiktok-wirbt-seinen-ersten-deutschlandchef-von-springer-ab-absatzwirtschaft\\\/#article\",\"isPartOf\":{\"@id\":\"https:\\\/\\\/super-news.info\\\/de\\\/tiktok-wirbt-seinen-ersten-deutschlandchef-von-springer-ab-absatzwirtschaft\\\/\"},\"author\":{\"name\":\"super news\",\"@id\":\"https:\\\/\\\/super-news.info\\\/de\\\/#\\\/schema\\\/person\\\/2b9ff946d06444e803cb306ffcfd1045\"},\"headline\":\"TikTok wirbt seinen ersten Deutschlandchef von Springer ab \u203a absatzwirtschaft\",\"datePublished\":\"2020-08-11T13:56:15+00:00\",\"dateModified\":\"2020-08-12T15:19:34+00:00\",\"mainEntityOfPage\":{\"@id\":\"https:\\\/\\\/super-news.info\\\/de\\\/tiktok-wirbt-seinen-ersten-deutschlandchef-von-springer-ab-absatzwirtschaft\\\/\"},\"wordCount\":405,\"commentCount\":0,\"image\":{\"@id\":\"https:\\\/\\\/super-news.info\\\/de\\\/tiktok-wirbt-seinen-ersten-deutschlandchef-von-springer-ab-absatzwirtschaft\\\/#primaryimage\"},\"thumbnailUrl\":\"https:\\\/\\\/super-news.info\\\/de\\\/wp-content\\\/uploads\\\/sites\\\/13\\\/2020\\\/08\\\/1597154176_TikTok-wirbt-seinen-ersten-Deutschlandchef-von-Springer-ab-absatzwirtschaft.jpg\",\"articleSection\":[\"MARKETING NEWS\"],\"inLanguage\":\"de\",\"potentialAction\":[{\"@type\":\"CommentAction\",\"name\":\"Comment\",\"target\":[\"https:\\\/\\\/super-news.info\\\/de\\\/tiktok-wirbt-seinen-ersten-deutschlandchef-von-springer-ab-absatzwirtschaft\\\/#respond\"]}]},{\"@type\":\"WebPage\",\"@id\":\"https:\\\/\\\/super-news.info\\\/de\\\/tiktok-wirbt-seinen-ersten-deutschlandchef-von-springer-ab-absatzwirtschaft\\\/\",\"url\":\"https:\\\/\\\/super-news.info\\\/de\\\/tiktok-wirbt-seinen-ersten-deutschlandchef-von-springer-ab-absatzwirtschaft\\\/\",\"name\":\"TikTok wirbt seinen ersten Deutschlandchef von Springer ab \u203a absatzwirtschaft - Super News\",\"isPartOf\":{\"@id\":\"https:\\\/\\\/super-news.info\\\/de\\\/#website\"},\"primaryImageOfPage\":{\"@id\":\"https:\\\/\\\/super-news.info\\\/de\\\/tiktok-wirbt-seinen-ersten-deutschlandchef-von-springer-ab-absatzwirtschaft\\\/#primaryimage\"},\"image\":{\"@id\":\"https:\\\/\\\/super-news.info\\\/de\\\/tiktok-wirbt-seinen-ersten-deutschlandchef-von-springer-ab-absatzwirtschaft\\\/#primaryimage\"},\"thumbnailUrl\":\"https:\\\/\\\/super-news.info\\\/de\\\/wp-content\\\/uploads\\\/sites\\\/13\\\/2020\\\/08\\\/1597154176_TikTok-wirbt-seinen-ersten-Deutschlandchef-von-Springer-ab-absatzwirtschaft.jpg\",\"datePublished\":\"2020-08-11T13:56:15+00:00\",\"dateModified\":\"2020-08-12T15:19:34+00:00\",\"author\":{\"@id\":\"https:\\\/\\\/super-news.info\\\/de\\\/#\\\/schema\\\/person\\\/2b9ff946d06444e803cb306ffcfd1045\"},\"breadcrumb\":{\"@id\":\"https:\\\/\\\/super-news.info\\\/de\\\/tiktok-wirbt-seinen-ersten-deutschlandchef-von-springer-ab-absatzwirtschaft\\\/#breadcrumb\"},\"inLanguage\":\"de\",\"potentialAction\":[{\"@type\":\"ReadAction\",\"target\":[\"https:\\\/\\\/super-news.info\\\/de\\\/tiktok-wirbt-seinen-ersten-deutschlandchef-von-springer-ab-absatzwirtschaft\\\/\"]}]},{\"@type\":\"ImageObject\",\"inLanguage\":\"de\",\"@id\":\"https:\\\/\\\/super-news.info\\\/de\\\/tiktok-wirbt-seinen-ersten-deutschlandchef-von-springer-ab-absatzwirtschaft\\\/#primaryimage\",\"url\":\"https:\\\/\\\/super-news.info\\\/de\\\/wp-content\\\/uploads\\\/sites\\\/13\\\/2020\\\/08\\\/1597154176_TikTok-wirbt-seinen-ersten-Deutschlandchef-von-Springer-ab-absatzwirtschaft.jpg\",\"contentUrl\":\"https:\\\/\\\/super-news.info\\\/de\\\/wp-content\\\/uploads\\\/sites\\\/13\\\/2020\\\/08\\\/1597154176_TikTok-wirbt-seinen-ersten-Deutschlandchef-von-Springer-ab-absatzwirtschaft.jpg\",\"width\":630,\"height\":354,\"caption\":\"TikTok wirbt seinen ersten Deutschlandchef von Springer ab \u203a absatzwirtschaft\"},{\"@type\":\"BreadcrumbList\",\"@id\":\"https:\\\/\\\/super-news.info\\\/de\\\/tiktok-wirbt-seinen-ersten-deutschlandchef-von-springer-ab-absatzwirtschaft\\\/#breadcrumb\",\"itemListElement\":[{\"@type\":\"ListItem\",\"position\":1,\"name\":\"Home\",\"item\":\"https:\\\/\\\/super-news.info\\\/de\\\/\"},{\"@type\":\"ListItem\",\"position\":2,\"name\":\"TikTok wirbt seinen ersten Deutschlandchef von Springer ab \u203a absatzwirtschaft\"}]},{\"@type\":\"WebSite\",\"@id\":\"https:\\\/\\\/super-news.info\\\/de\\\/#website\",\"url\":\"https:\\\/\\\/super-news.info\\\/de\\\/\",\"name\":\"Super News\",\"description\":\"Super News Germany\",\"potentialAction\":[{\"@type\":\"SearchAction\",\"target\":{\"@type\":\"EntryPoint\",\"urlTemplate\":\"https:\\\/\\\/super-news.info\\\/de\\\/?s={search_term_string}\"},\"query-input\":{\"@type\":\"PropertyValueSpecification\",\"valueRequired\":true,\"valueName\":\"search_term_string\"}}],\"inLanguage\":\"de\"},{\"@type\":\"Person\",\"@id\":\"https:\\\/\\\/super-news.info\\\/de\\\/#\\\/schema\\\/person\\\/2b9ff946d06444e803cb306ffcfd1045\",\"name\":\"super news\",\"image\":{\"@type\":\"ImageObject\",\"inLanguage\":\"de\",\"@id\":\"https:\\\/\\\/secure.gravatar.com\\\/avatar\\\/98e0b303f300d45b2a94684c5e4dda8baa4a5e9710b579f7493c8612061d08bf?s=96&d=mm&r=g\",\"url\":\"https:\\\/\\\/secure.gravatar.com\\\/avatar\\\/98e0b303f300d45b2a94684c5e4dda8baa4a5e9710b579f7493c8612061d08bf?s=96&d=mm&r=g\",\"contentUrl\":\"https:\\\/\\\/secure.gravatar.com\\\/avatar\\\/98e0b303f300d45b2a94684c5e4dda8baa4a5e9710b579f7493c8612061d08bf?s=96&d=mm&r=g\",\"caption\":\"super news\"},\"url\":\"https:\\\/\\\/super-news.info\\\/de\\\/author\\\/manuel\\\/\"}]}<\/script>\n<!-- \/ Yoast SEO plugin. -->","yoast_head_json":{"title":"TikTok wirbt seinen ersten Deutschlandchef von Springer ab \u203a absatzwirtschaft - Super News","robots":{"index":"index","follow":"follow","max-snippet":"max-snippet:-1","max-image-preview":"max-image-preview:large","max-video-preview":"max-video-preview:-1"},"canonical":"https:\/\/super-news.info\/de\/tiktok-wirbt-seinen-ersten-deutschlandchef-von-springer-ab-absatzwirtschaft\/","og_locale":"de_DE","og_type":"article","og_title":"TikTok wirbt seinen ersten Deutschlandchef von Springer ab \u203a absatzwirtschaft - Super News","og_description":"[ad_1] \u00a0 Tobias Henning ist seit 2011 bei Axel Springer. Nun verl\u00e4sst er den Medienkonzern und heuert bei der Videoplattform TikTok an.\u00a9 TikTok \u00a0 \u00a0 \u00a0 W\u00e4hrend zwischen China und den USA ein erbitterter Streit um den Verkauf von Teilen der Videoplattform TikTok tobt, hat das Unternehmen seinen ersten Deutschlandchef eingestellt: Tobias Henning kommt von [&hellip;]","og_url":"https:\/\/super-news.info\/de\/tiktok-wirbt-seinen-ersten-deutschlandchef-von-springer-ab-absatzwirtschaft\/","og_site_name":"Super News","article_published_time":"2020-08-11T13:56:15+00:00","article_modified_time":"2020-08-12T15:19:34+00:00","og_image":[{"width":630,"height":354,"url":"https:\/\/super-news.info\/de\/wp-content\/uploads\/sites\/13\/2020\/08\/1597154176_TikTok-wirbt-seinen-ersten-Deutschlandchef-von-Springer-ab-absatzwirtschaft.jpg","type":"image\/jpeg"}],"author":"super news","twitter_card":"summary_large_image","twitter_misc":{"Verfasst von":"super news","Gesch\u00e4tzte Lesezeit":"2\u00a0Minuten"},"schema":{"@context":"https:\/\/schema.org","@graph":[{"@type":"Article","@id":"https:\/\/super-news.info\/de\/tiktok-wirbt-seinen-ersten-deutschlandchef-von-springer-ab-absatzwirtschaft\/#article","isPartOf":{"@id":"https:\/\/super-news.info\/de\/tiktok-wirbt-seinen-ersten-deutschlandchef-von-springer-ab-absatzwirtschaft\/"},"author":{"name":"super news","@id":"https:\/\/super-news.info\/de\/#\/schema\/person\/2b9ff946d06444e803cb306ffcfd1045"},"headline":"TikTok wirbt seinen ersten Deutschlandchef von Springer ab \u203a absatzwirtschaft","datePublished":"2020-08-11T13:56:15+00:00","dateModified":"2020-08-12T15:19:34+00:00","mainEntityOfPage":{"@id":"https:\/\/super-news.info\/de\/tiktok-wirbt-seinen-ersten-deutschlandchef-von-springer-ab-absatzwirtschaft\/"},"wordCount":405,"commentCount":0,"image":{"@id":"https:\/\/super-news.info\/de\/tiktok-wirbt-seinen-ersten-deutschlandchef-von-springer-ab-absatzwirtschaft\/#primaryimage"},"thumbnailUrl":"https:\/\/super-news.info\/de\/wp-content\/uploads\/sites\/13\/2020\/08\/1597154176_TikTok-wirbt-seinen-ersten-Deutschlandchef-von-Springer-ab-absatzwirtschaft.jpg","articleSection":["MARKETING NEWS"],"inLanguage":"de","potentialAction":[{"@type":"CommentAction","name":"Comment","target":["https:\/\/super-news.info\/de\/tiktok-wirbt-seinen-ersten-deutschlandchef-von-springer-ab-absatzwirtschaft\/#respond"]}]},{"@type":"WebPage","@id":"https:\/\/super-news.info\/de\/tiktok-wirbt-seinen-ersten-deutschlandchef-von-springer-ab-absatzwirtschaft\/","url":"https:\/\/super-news.info\/de\/tiktok-wirbt-seinen-ersten-deutschlandchef-von-springer-ab-absatzwirtschaft\/","name":"TikTok wirbt seinen ersten Deutschlandchef von Springer ab \u203a absatzwirtschaft - Super News","isPartOf":{"@id":"https:\/\/super-news.info\/de\/#website"},"primaryImageOfPage":{"@id":"https:\/\/super-news.info\/de\/tiktok-wirbt-seinen-ersten-deutschlandchef-von-springer-ab-absatzwirtschaft\/#primaryimage"},"image":{"@id":"https:\/\/super-news.info\/de\/tiktok-wirbt-seinen-ersten-deutschlandchef-von-springer-ab-absatzwirtschaft\/#primaryimage"},"thumbnailUrl":"https:\/\/super-news.info\/de\/wp-content\/uploads\/sites\/13\/2020\/08\/1597154176_TikTok-wirbt-seinen-ersten-Deutschlandchef-von-Springer-ab-absatzwirtschaft.jpg","datePublished":"2020-08-11T13:56:15+00:00","dateModified":"2020-08-12T15:19:34+00:00","author":{"@id":"https:\/\/super-news.info\/de\/#\/schema\/person\/2b9ff946d06444e803cb306ffcfd1045"},"breadcrumb":{"@id":"https:\/\/super-news.info\/de\/tiktok-wirbt-seinen-ersten-deutschlandchef-von-springer-ab-absatzwirtschaft\/#breadcrumb"},"inLanguage":"de","potentialAction":[{"@type":"ReadAction","target":["https:\/\/super-news.info\/de\/tiktok-wirbt-seinen-ersten-deutschlandchef-von-springer-ab-absatzwirtschaft\/"]}]},{"@type":"ImageObject","inLanguage":"de","@id":"https:\/\/super-news.info\/de\/tiktok-wirbt-seinen-ersten-deutschlandchef-von-springer-ab-absatzwirtschaft\/#primaryimage","url":"https:\/\/super-news.info\/de\/wp-content\/uploads\/sites\/13\/2020\/08\/1597154176_TikTok-wirbt-seinen-ersten-Deutschlandchef-von-Springer-ab-absatzwirtschaft.jpg","contentUrl":"https:\/\/super-news.info\/de\/wp-content\/uploads\/sites\/13\/2020\/08\/1597154176_TikTok-wirbt-seinen-ersten-Deutschlandchef-von-Springer-ab-absatzwirtschaft.jpg","width":630,"height":354,"caption":"TikTok wirbt seinen ersten Deutschlandchef von Springer ab \u203a absatzwirtschaft"},{"@type":"BreadcrumbList","@id":"https:\/\/super-news.info\/de\/tiktok-wirbt-seinen-ersten-deutschlandchef-von-springer-ab-absatzwirtschaft\/#breadcrumb","itemListElement":[{"@type":"ListItem","position":1,"name":"Home","item":"https:\/\/super-news.info\/de\/"},{"@type":"ListItem","position":2,"name":"TikTok wirbt seinen ersten Deutschlandchef von Springer ab \u203a absatzwirtschaft"}]},{"@type":"WebSite","@id":"https:\/\/super-news.info\/de\/#website","url":"https:\/\/super-news.info\/de\/","name":"Super News","description":"Super News Germany","potentialAction":[{"@type":"SearchAction","target":{"@type":"EntryPoint","urlTemplate":"https:\/\/super-news.info\/de\/?s={search_term_string}"},"query-input":{"@type":"PropertyValueSpecification","valueRequired":true,"valueName":"search_term_string"}}],"inLanguage":"de"},{"@type":"Person","@id":"https:\/\/super-news.info\/de\/#\/schema\/person\/2b9ff946d06444e803cb306ffcfd1045","name":"super news","image":{"@type":"ImageObject","inLanguage":"de","@id":"https:\/\/secure.gravatar.com\/avatar\/98e0b303f300d45b2a94684c5e4dda8baa4a5e9710b579f7493c8612061d08bf?s=96&d=mm&r=g","url":"https:\/\/secure.gravatar.com\/avatar\/98e0b303f300d45b2a94684c5e4dda8baa4a5e9710b579f7493c8612061d08bf?s=96&d=mm&r=g","contentUrl":"https:\/\/secure.gravatar.com\/avatar\/98e0b303f300d45b2a94684c5e4dda8baa4a5e9710b579f7493c8612061d08bf?s=96&d=mm&r=g","caption":"super news"},"url":"https:\/\/super-news.info\/de\/author\/manuel\/"}]}},"_links":{"self":[{"href":"https:\/\/super-news.info\/de\/wp-json\/wp\/v2\/posts\/115","targetHints":{"allow":["GET"]}}],"collection":[{"href":"https:\/\/super-news.info\/de\/wp-json\/wp\/v2\/posts"}],"about":[{"href":"https:\/\/super-news.info\/de\/wp-json\/wp\/v2\/types\/post"}],"author":[{"embeddable":true,"href":"https:\/\/super-news.info\/de\/wp-json\/wp\/v2\/users\/1"}],"replies":[{"embeddable":true,"href":"https:\/\/super-news.info\/de\/wp-json\/wp\/v2\/comments?post=115"}],"version-history":[{"count":2,"href":"https:\/\/super-news.info\/de\/wp-json\/wp\/v2\/posts\/115\/revisions"}],"predecessor-version":[{"id":121,"href":"https:\/\/super-news.info\/de\/wp-json\/wp\/v2\/posts\/115\/revisions\/121"}],"wp:featuredmedia":[{"embeddable":true,"href":"https:\/\/super-news.info\/de\/wp-json\/wp\/v2\/media\/116"}],"wp:attachment":[{"href":"https:\/\/super-news.info\/de\/wp-json\/wp\/v2\/media?parent=115"}],"wp:term":[{"taxonomy":"category","embeddable":true,"href":"https:\/\/super-news.info\/de\/wp-json\/wp\/v2\/categories?post=115"},{"taxonomy":"post_tag","embeddable":true,"href":"https:\/\/super-news.info\/de\/wp-json\/wp\/v2\/tags?post=115"}],"curies":[{"name":"wp","href":"https:\/\/api.w.org\/{rel}","templated":true}]}}